{"id":5193,"date":"2018-09-16T19:56:57","date_gmt":"2018-09-16T17:56:57","guid":{"rendered":"http:\/\/blog.inmontanis.info\/?p=5193"},"modified":"2023-07-01T20:57:37","modified_gmt":"2023-07-01T18:57:37","slug":"hintertuxer-gletscher-15-16-9-2018","status":"publish","type":"post","link":"http:\/\/blog.inmontanis.info\/?p=5193","title":{"rendered":"Hintertuxer Gletscher, 15.+16.9.2018"},"content":{"rendered":"<p><strong>Sa, 15.9.2018<\/strong><\/p>\n<p>Die letzten 2 Wochenenden war ich ja in Gro\u00dfbritannien bzw. auf der Isle of Man. Es hatte in der Zeit am Hintertuxer wohl mal etwas mehr geschneit, ist aber nicht mehr viel davon zu sehen. Auch vergangene Nacht gab es minimal etwas Neuschnee ganz oben &#8211; ansonsten etwas Regen. Die Pistenverh\u00e4ltnissse waren recht nervig, schwer aufgefahrener Schnee wegen und mit Cruncheis, etwas Papp im Neuschneebereich oben am Olperer, viel Rennfahrer (zumeist Kids und von der nervigeren Sorte) und auch der Funpark hat mittlerweile wieder offen, letzteres f\u00fchrte leider zu vermehrten Zigarettenger\u00fcchen in Gondeln und Grasger\u00fcchen im Skigebiet.<\/p>\n<p>Das geringste \u00dcbel war die Abfahrt an der DSB (und der unterste TFH-Hang), aber keine war auch nur ann\u00e4hernd so gut wie das beste Mattenpistenst\u00fcck vergangenen Montag in Schottland. Die Sonne zeigte sich auch nur abschnittsweise und vermischte sich mit Nebel am TFH ab Mittag. Immerhin ist das Salatbuffet im TFH wieder gr\u00f6\u00dfer ;-)<\/p>\n<p>Um 12.30 machte ich meine letzte Bergfahrt mit der DSB.<\/p>\n<p><strong>So, 16.9.2018<\/strong><\/p>\n<p>Hui, der Sonntagsfluch ist gebrochen! Sowohl wetter- wie auch pistenm\u00e4\u00dfig war es heute der bessere Tag an diesem WE! Morgens sch\u00f6n hart, am Olperer war die rechte Abfahrt quasi f\u00fcr mich reserviert, es wollte keiner fahren, obwohl es oben und unten genial ging (und auch das Mittelst\u00fcck war angenehmer als die Cruncheispisten), so dass ich etliche Male gefahren bin. Um 11 Uhr wurde der linke Olperer-SL eingestellt, so dass ich mal runter zum TFH gefahren bin, was abgesehen vom Mittelst\u00fcck, auch ganz gut ging. Als ich sp\u00e4ter wieder am Olperer war, hat man die Meinung wohl ge\u00e4ndert und der linke lief statt des rechten.<\/p>\n<p>Es war \u00fcberwiegend sonnig und um 14 Uhr nahm ich zum Abschluss (und zum ersten Mal an diesem WE) den GB3 .. ach, und nochmal die DSB, wer wei\u00df, wie&#8217;s n\u00e4chstes WE werden wird. Da derzeit leider kein gr\u00f6\u00dferer Schneefall gemeldet wird, darf au\u00dferdem leider bezweifelt werden, dass ich an meinem letzten WE nochmal zum Kaserer kommen werde, denn ich glaub kaum, dass der Kasererbereich ge\u00f6ffnet wird, sobald es nicht einige Tage vorher mindestens 30cm geschneit hat.<\/p>\n<p>Fotos vom Samstag:<\/p>\n<p><a href='http:\/\/ski.inmontanis.info\/d\/249914-2\/DSC05737.jpg'><img src=http:\/\/ski.inmontanis.info\/d\/249913-3\/DSC05737.jpg \/><\/a><br \/>\n^ Das Eisloch unter der 10EUB<\/p>\n<p><a href='http:\/\/ski.inmontanis.info\/d\/249918-2\/DSC05738.jpg'><img src=http:\/\/ski.inmontanis.info\/d\/249917-3\/DSC05738.jpg \/><\/a><br \/>\n^ Der Restgletscher zwischen den Gondeln, sogar noch etwas Altschnee da. Der Hintertuxer Gletscherschmetterling ;-)<\/p>\n<p><a href='http:\/\/ski.inmontanis.info\/d\/249922-2\/DSC05744.jpg'><img src=http:\/\/ski.inmontanis.info\/d\/249921-3\/DSC05744.jpg \/><\/a><br \/>\n^ Die Zufahrt zur DSB<\/p>\n<p><a href='http:\/\/ski.inmontanis.info\/d\/249926-2\/DSC05750.jpg'><img src=http:\/\/ski.inmontanis.info\/d\/249925-3\/DSC05750.jpg \/><\/a><br \/>\n^ Die grausliche Cruncheis-Piste an der GW<\/p>\n<p><a href='http:\/\/ski.inmontanis.info\/d\/249930-2\/DSC05753.jpg'><img src=http:\/\/ski.inmontanis.info\/d\/249929-3\/DSC05753.jpg \/><\/a><br \/>\n^ Die zwei gr\u00fcnen Schneekanonen auf dem Gletscherplateau kamen mir auch neu vor, ob die wohl hier bleiben oder wo die hinkommen&#8230;<\/p>\n<p><a href='http:\/\/ski.inmontanis.info\/d\/249934-2\/DSC05756.jpg'><img src=http:\/\/ski.inmontanis.info\/d\/249933-3\/DSC05756.jpg \/><\/a><br \/>\n^ Die abschmelzende Wand zwischen SL Olperer und Kaserer<\/p>\n<p><a href='http:\/\/ski.inmontanis.info\/d\/249938-2\/DSC05763.jpg'><img src=http:\/\/ski.inmontanis.info\/d\/249937-3\/DSC05763.jpg \/><\/a><br \/>\n^ Der Bagger r\u00e4umt ein paar Steine weg<\/p>\n<p>Fotos vom Sonntag:<\/p>\n<p><a href='http:\/\/ski.inmontanis.info\/d\/249942-2\/DSC05779.jpg'><img src=http:\/\/ski.inmontanis.info\/d\/249941-3\/DSC05779.jpg \/><\/a><br \/>\n^ Der linke TFH-Hang \/ Offpiste-Bereich im Zoom von der Mittelstation Sommerbergalm<\/p>\n<p><a href='http:\/\/ski.inmontanis.info\/d\/249946-2\/DSC05780.jpg'><img src=http:\/\/ski.inmontanis.info\/d\/249945-3\/DSC05780.jpg \/><\/a><br \/>\n^ Das Gletscherende links der L\u00e4rmstange2-KSB<\/p>\n<p><a href='http:\/\/ski.inmontanis.info\/d\/249950-2\/DSC05781.jpg'><img src=http:\/\/ski.inmontanis.info\/d\/249949-3\/DSC05781.jpg \/><\/a><br \/>\n^ Der linke Kasererbereich im Zoom von der Sommerbergalm<\/p>\n<p><a href='http:\/\/ski.inmontanis.info\/d\/249954-2\/DSC05782.jpg'><img src=http:\/\/ski.inmontanis.info\/d\/249953-3\/DSC05782.jpg \/><\/a><br \/>\n^ Der rechte Kasererbereich im Zoom von der Sommerbergalm<\/p>\n<p><a href='http:\/\/ski.inmontanis.info\/d\/249958-2\/DSC05788.jpg'><img src=http:\/\/ski.inmontanis.info\/d\/249957-3\/DSC05788.jpg \/><\/a><br \/>\n^ Die Abfahrt rechts des SL Olperer war quasi f\u00fcr mich reserviert, ging super zu fahren, ich hab keinen einzigen anderen fahren sehen.<\/p>\n<p><a href='http:\/\/ski.inmontanis.info\/d\/249962-2\/DSC05789.jpg'><img src=http:\/\/ski.inmontanis.info\/d\/249961-3\/DSC05789.jpg \/><\/a><br \/>\n^ Der Funpark am Olperer-SL ist auch wieder offen<\/p>\n<p><a href='http:\/\/ski.inmontanis.info\/d\/249966-2\/DSC05791.jpg'><img src=http:\/\/ski.inmontanis.info\/d\/249965-3\/DSC05791.jpg \/><\/a><br \/>\n^ Das Ende der Abfahrt am TFH<\/p>\n<p><a href='http:\/\/ski.inmontanis.info\/d\/249970-2\/DSC05793.jpg'><img src=http:\/\/ski.inmontanis.info\/d\/249969-3\/DSC05793.jpg \/><\/a><br \/>\n^ Die Matten am TFH-Hang wurden alle entfernt<\/p>\n<p><a href='http:\/\/ski.inmontanis.info\/d\/249974-2\/DSC05794.jpg'><img src=http:\/\/ski.inmontanis.info\/d\/249973-3\/DSC05794.jpg \/><\/a><br \/>\n^ Die DSB-Abfahrt blieb bis hier hin gut zu fahren<\/p>\n<p><a href='http:\/\/ski.inmontanis.info\/d\/249978-2\/DSC05797_001.jpg'><img src=http:\/\/ski.inmontanis.info\/d\/249977-3\/DSC05797_001.jpg \/><\/a><br \/>\n^ Die Ausfahrt an der DSB wurde heuer durchgehend mit Schnee bef\u00fcllt und war befahrbar, obwohl es schon etwas fraglich ist, so wenig wie hier immer fahren.<\/p>\n<p><a href='http:\/\/ski.inmontanis.info\/d\/249982-2\/DSC05799.jpg'><img src=http:\/\/ski.inmontanis.info\/d\/249981-3\/DSC05799.jpg \/><\/a><br \/>\n^ Der Standardblick von der GW zum Olperer. Richtung Dolomiten waren immer tiefe Wolken.<\/p>\n<p><a href='http:\/\/ski.inmontanis.info\/d\/249986-2\/DSC05800.jpg'><img src=http:\/\/ski.inmontanis.info\/d\/249985-3\/DSC05800.jpg \/><\/a><br \/>\n^ Der obere Kasererweg im Zoom<\/p>\n<p><a href='http:\/\/ski.inmontanis.info\/d\/249990-2\/DSC05801.jpg'><img src=http:\/\/ski.inmontanis.info\/d\/249989-3\/DSC05801.jpg \/><\/a><br \/>\n^ Das neu gebaggerte Wegst\u00fcck<\/p>\n<p><a href='http:\/\/ski.inmontanis.info\/d\/249994-2\/DSC05804.jpg'><img src=http:\/\/ski.inmontanis.info\/d\/249993-3\/DSC05804.jpg \/><\/a><br \/>\n^ Die Verbindungswege von und zum SL Kaserer, der untere Weg wird wohl noch etwas abschmelzen, bis endlich vern\u00fcnftig Schnee kommt..<\/p>\n<p><a href='http:\/\/ski.inmontanis.info\/d\/249998-2\/DSC05805.jpg'><img src=http:\/\/ski.inmontanis.info\/d\/249997-3\/DSC05805.jpg \/><\/a><br \/>\n^ Die Felsen an der GW<\/p>\n<p><a href='http:\/\/ski.inmontanis.info\/d\/250002-2\/DSC05808.jpg'><img src=http:\/\/ski.inmontanis.info\/d\/250001-3\/DSC05808.jpg \/><\/a><br \/>\n^ Die neuen Ausaperungen links vom GW-SL, interessant ist das Teil da rechts unten &#8230;<\/p>\n<p><a href='http:\/\/ski.inmontanis.info\/d\/250006-2\/DSC05811.jpg'><img src=http:\/\/ski.inmontanis.info\/d\/250005-3\/DSC05811.jpg \/><\/a><br \/>\n^ Das scheint wohl eine alte Verankerung f\u00fcr die Windenpr\u00e4parierung zu sein? Aber gibt&#8217;s die schon so lang, dass das nun so lange unter Eis gelegen haben k\u00f6nnte?! Und wie hoch war die fr\u00fcher, am Start der Abfahrt? Dann w\u00e4re sie ordentlich abgerutscht..<\/p>\n<p><a href='http:\/\/ski.inmontanis.info\/d\/250014-2\/DSC05821.jpg'><img src=http:\/\/ski.inmontanis.info\/d\/250013-3\/DSC05821.jpg \/><\/a><br \/>\n^ Der rechte TFH-Hang-Bereich<\/p>\n<p><a href='http:\/\/ski.inmontanis.info\/d\/250010-2\/DSC05823_001.jpg'><img src=http:\/\/ski.inmontanis.info\/d\/250009-3\/DSC05823_001.jpg \/><\/a><br \/>\n^ Der linke TFH-Hang-Bereich<\/p>\n<p><a href='http:\/\/ski.inmontanis.info\/d\/250018-2\/DSC05824.jpg'><img src=http:\/\/ski.inmontanis.info\/d\/250017-3\/DSC05824.jpg \/><\/a><br \/>\n^ Der Ausstieg am GB3. Dass es hier etwas bergab geht, liegt nat\u00fcrlich auch daran, dass der Schnee zum DSB-Ausstieg gefahren wird, zudem an der Schneeschmelze und vielleicht auch am abrutschenden Gletscher, keine Ahnung in welchem Verh\u00e4ltnis. Aber es ging schon mal steiler abw\u00e4rts, meine ich.<\/p>\n<p><a href='http:\/\/ski.inmontanis.info\/d\/250022-2\/DSC05825.jpg'><img src=http:\/\/ski.inmontanis.info\/d\/250021-3\/DSC05825.jpg \/><\/a><br \/>\n^ Das wird nun mein letztes Bild f\u00fcr heuer von dieser Randkluft am GB3 sein ;-) Da wird n\u00e4chsten Winter viel Schnee reinpassen..<\/p>\n<p><a href='http:\/\/ski.inmontanis.info\/d\/250026-2\/DSC05829_001.jpg'><img src=http:\/\/ski.inmontanis.info\/d\/250025-3\/DSC05829_001.jpg \/><\/a><br \/>\n^ Die Steilrinne an der 10EUB wird hoffentlich n\u00e4chsten Fr\u00fchling wieder befahrbar sein. Und die Beschneiungsleitung scheint hier eh schon auf Fels zu liegen.<\/p>\n<p>(Fortsetzung folgt, noch 2 Wochenenden bis zum Ende meiner Sommersaisonkarte.)<\/p>\n","protected":false},"excerpt":{"rendered":"<p>Sa, 15.9.2018<\/p>\n<p>Die letzten 2 Wochenenden war ich ja in Gro\u00dfbritannien bzw. auf der Isle of Man. Es hatte in der Zeit am Hintertuxer wohl mal etwas mehr geschneit, ist aber nicht mehr viel davon zu sehen. Auch vergangene Nacht gab es minimal etwas Neuschnee ganz oben &#8211; ansonsten etwas Regen. Die Pistenverh\u00e4ltnissse waren recht <a href=\"http:\/\/blog.inmontanis.info\/?p=5193\">[&#8230;]<\/a><\/p>\n","protected":false},"author":1,"featured_media":0,"comment_status":"closed","ping_status":"closed","sticky":false,"template":"","format":"standard","meta":{"footnotes":""},"categories":[246,25,13,28],"tags":[],"class_list":["post-5193","post","type-post","status-publish","format-standard","hentry","category-hintertux","category-noreport","category-austria","category-skifahren-sommer","odd"],"_links":{"self":[{"href":"http:\/\/blog.inmontanis.info\/index.php?rest_route=\/wp\/v2\/posts\/5193","targetHints":{"allow":["GET"]}}],"collection":[{"href":"http:\/\/blog.inmontanis.info\/index.php?rest_route=\/wp\/v2\/posts"}],"about":[{"href":"http:\/\/blog.inmontanis.info\/index.php?rest_route=\/wp\/v2\/types\/post"}],"author":[{"embeddable":true,"href":"http:\/\/blog.inmontanis.info\/index.php?rest_route=\/wp\/v2\/users\/1"}],"replies":[{"embeddable":true,"href":"http:\/\/blog.inmontanis.info\/index.php?rest_route=%2Fwp%2Fv2%2Fcomments&post=5193"}],"version-history":[{"count":4,"href":"http:\/\/blog.inmontanis.info\/index.php?rest_route=\/wp\/v2\/posts\/5193\/revisions"}],"predecessor-version":[{"id":5197,"href":"http:\/\/blog.inmontanis.info\/index.php?rest_route=\/wp\/v2\/posts\/5193\/revisions\/5197"}],"wp:attachment":[{"href":"http:\/\/blog.inmontanis.info\/index.php?rest_route=%2Fwp%2Fv2%2Fmedia&parent=5193"}],"wp:term":[{"taxonomy":"category","embeddable":true,"href":"http:\/\/blog.inmontanis.info\/index.php?rest_route=%2Fwp%2Fv2%2Fcategories&post=5193"},{"taxonomy":"post_tag","embeddable":true,"href":"http:\/\/blog.inmontanis.info\/index.php?rest_route=%2Fwp%2Fv2%2Ftags&post=5193"}],"curies":[{"name":"wp","href":"https:\/\/api.w.org\/{rel}","templated":true}]}}