{"id":5183,"date":"2018-08-26T20:56:39","date_gmt":"2018-08-26T18:56:39","guid":{"rendered":"http:\/\/blog.inmontanis.info\/?p=5183"},"modified":"2023-07-01T20:57:40","modified_gmt":"2023-07-01T18:57:40","slug":"hintertuxer-gletscher-25-26-8-2018","status":"publish","type":"post","link":"http:\/\/blog.inmontanis.info\/?p=5183","title":{"rendered":"Hintertuxer Gletscher, 25. + 26.8.2018"},"content":{"rendered":"<p><strong>Sa, 25.8.2018<\/strong><\/p>\n<p>Bei den schlechten Wettervorhersagen w\u00e4r ich ja das WE nach Italien gefahren (da mehr Sonne gemeldet), aber da ich n\u00e4chstes WE nicht auf den Hintertuxer kann, wollte ich zumindest einen Tag dieses WE fahren. Nur welcher Tag wird besser? Nach dem Neuschnee am Sonntag? Oder wird der eher m\u00fcllig sein? Aufgrund des mir mittlerweile bekannten &#8220;Sonntagfluchs&#8221; bin ich doch erst mal heute gefahren.<\/p>\n<p>Von dem gemeldeten Neuschnee \u00fcber Nacht blieb so gut wie gar nix, nur in der oberen H\u00e4lfte der SL war sp\u00fcrbar was, ansonsten blieb nur Matsch \u00fcbrig. Und teilweise pappte im Laufe des Vormittags der Neuschnee. Daf\u00fcr war das Wetter um einiges besser als gemeldet, nur auf der TFH-Abfahrt war es nebliger und es regnete, oben war es trocken und hin und wieder spitzte die Sonne und der blaue Himmel. Schneem\u00e4\u00dfig war es aber halt nicht so toll heute, so dass ich nur bis Mittag blieb.<\/p>\n<p><strong>So, 26.8.2018<\/strong><\/p>\n<p>\u00dcber Nacht hatte es doch 20-30cm Neuschnee gegeben. Unten im Tal lag auch ein bisschen. Bis zur GB3-Talstation konnte man problemlos auf Skiern fahren. Abschnittsweise war der Schnee auch ganz gut zu fahren, nur das Wetter war schlechter als gemeldet: dichter Nebel, gefrierender Nieselregen (auch bei den SL), so dass ich, obwohl ich eine Stunde sp\u00e4ter dran war, schon um 11 Uhr zum Salatessen ins TFH ging, in der Hoffnung, dass es um Mittag noch etwas besser werden w\u00fcrde &#8211; bis 15 Uhr h\u00e4tte ich keine Lust auf besseres Wetter zu warten. <\/p>\n<p>Ab Mittag blieb es dann trocken und zumindest der TFH-Hang war ab ca. 13 Uhr Nebel frei. Nachdem die Nebelgrenze aber auch um 14 Uhr recht konstant blieb bzw. er wieder dichter wurde, hab ich&#8217;s gegen 14:30 Uhr gelassen und nicht mehr auf besseres Wetter gewartet.<\/p>\n<p>Ahja, die Tiefgarage war heute nichts, lautes, stinkendes Dieselaggregat als ich kam, das wollte ich mir beim Schuhe umziehen nicht antun und bin wieder raus.<\/p>\n<p>Fotos vom Samstag:<\/p>\n<p><a href='http:\/\/ski.inmontanis.info\/d\/249862-2\/DSC02761.jpg'><img src=http:\/\/ski.inmontanis.info\/d\/249861-3\/DSC02761.jpg \/><\/a><br \/>\n^ Das Wetter ist zwar sch\u00f6ner als gemeldet, aber schneem\u00e4\u00dfig ist das heute ein Matschtag.<\/p>\n<p><a href='http:\/\/ski.inmontanis.info\/d\/249866-2\/DSC02768.jpg'><img src=http:\/\/ski.inmontanis.info\/d\/249865-3\/DSC02768.jpg \/><\/a><br \/>\n^ Immerhin ists hier im Cruncheisbereich matschig etwas angenehmer.<\/p>\n<p><a href='http:\/\/ski.inmontanis.info\/d\/249870-2\/DSC02773.jpg'><img src=http:\/\/ski.inmontanis.info\/d\/249869-3\/DSC02773.jpg \/><\/a><br \/>\n^ Neuschnee und etwas blauer Himmel am SL Olperer<\/p>\n<p><a href='http:\/\/ski.inmontanis.info\/d\/249874-2\/DSC02776.jpg'><img src=http:\/\/ski.inmontanis.info\/d\/249873-3\/DSC02776.jpg \/><\/a><br \/>\n^ GW-H\u00e4nge<\/p>\n<p><a href='http:\/\/ski.inmontanis.info\/d\/249878-2\/DSC02779.jpg'><img src=http:\/\/ski.inmontanis.info\/d\/249877-3\/DSC02779.jpg \/><\/a><br \/>\n^ GB3 Bergstation. An dem komischen Fundament in Bildmitte ist eigenartigerweise links irgendein Metall oder eine Metallklappe?!<\/p>\n<p><a href='http:\/\/ski.inmontanis.info\/d\/249882-2\/DSC02782.jpg'><img src=http:\/\/ski.inmontanis.info\/d\/249881-3\/DSC02782.jpg \/><\/a><br \/>\n^ Keine Zufahrt mehr zu meinem Pinkelplatz seit diesem WE.<\/p>\n<p><a href='http:\/\/ski.inmontanis.info\/d\/249886-2\/DSC02785.jpg'><img src=http:\/\/ski.inmontanis.info\/d\/249885-3\/DSC02785.jpg \/><\/a><br \/>\n^ Einstieg SL Olperer<\/p>\n<p><a href='http:\/\/ski.inmontanis.info\/d\/249890-2\/DSC02788.jpg'><img src=http:\/\/ski.inmontanis.info\/d\/249889-3\/DSC02788.jpg \/><\/a><br \/>\n^ Blick zu den GW-SL mit dem Felsriegel rechts davon<\/p>\n<p>Fotos vom Sonntag:<\/p>\n<p><a href='http:\/\/ski.inmontanis.info\/d\/249894-2\/DSC02812.jpg'><img src=http:\/\/ski.inmontanis.info\/d\/249893-3\/DSC02812.jpg \/><\/a><br \/>\n^ N\u00e4chtlicher Neuschnee bis ins Tal<\/p>\n<p><a href='http:\/\/ski.inmontanis.info\/d\/249898-2\/DSC02815.jpg'><img src=http:\/\/ski.inmontanis.info\/d\/249897-3\/DSC02815.jpg \/><\/a><br \/>\n^ Neuschnee Sommerberg<\/p>\n<p><a href='http:\/\/ski.inmontanis.info\/d\/249902-2\/DSC02821.jpg'><img src=http:\/\/ski.inmontanis.info\/d\/249901-3\/DSC02821.jpg \/><\/a><br \/>\n^ TFH-Hang<\/p>\n<p><a href='http:\/\/ski.inmontanis.info\/d\/249906-2\/DSC02836.jpg'><img src=http:\/\/ski.inmontanis.info\/d\/249905-3\/DSC02836.jpg \/><\/a><br \/>\n^ Zufahrt zum GB3 + Talblick<\/p>\n<p><a href='http:\/\/ski.inmontanis.info\/d\/249910-2\/DSC02842.jpg'><img src=http:\/\/ski.inmontanis.info\/d\/249909-3\/DSC02842.jpg \/><\/a><br \/>\n^ TFH im Neuschnee, wenig sp\u00e4ter wurde es hier und auch weiter unten wieder nebliger.<\/p>\n","protected":false},"excerpt":{"rendered":"<p>Sa, 25.8.2018<\/p>\n<p>Bei den schlechten Wettervorhersagen w\u00e4r ich ja das WE nach Italien gefahren (da mehr Sonne gemeldet), aber da ich n\u00e4chstes WE nicht auf den Hintertuxer kann, wollte ich zumindest einen Tag dieses WE fahren. Nur welcher Tag wird besser? Nach dem Neuschnee am Sonntag? Oder wird der eher m\u00fcllig sein? Aufgrund des mir <a href=\"http:\/\/blog.inmontanis.info\/?p=5183\">[&#8230;]<\/a><\/p>\n","protected":false},"author":1,"featured_media":0,"comment_status":"closed","ping_status":"closed","sticky":false,"template":"","format":"standard","meta":{"footnotes":""},"categories":[246,25,13,28],"tags":[47],"class_list":["post-5183","post","type-post","status-publish","format-standard","hentry","category-hintertux","category-noreport","category-austria","category-skifahren-sommer","tag-sl","odd"],"_links":{"self":[{"href":"http:\/\/blog.inmontanis.info\/index.php?rest_route=\/wp\/v2\/posts\/5183","targetHints":{"allow":["GET"]}}],"collection":[{"href":"http:\/\/blog.inmontanis.info\/index.php?rest_route=\/wp\/v2\/posts"}],"about":[{"href":"http:\/\/blog.inmontanis.info\/index.php?rest_route=\/wp\/v2\/types\/post"}],"author":[{"embeddable":true,"href":"http:\/\/blog.inmontanis.info\/index.php?rest_route=\/wp\/v2\/users\/1"}],"replies":[{"embeddable":true,"href":"http:\/\/blog.inmontanis.info\/index.php?rest_route=%2Fwp%2Fv2%2Fcomments&post=5183"}],"version-history":[{"count":2,"href":"http:\/\/blog.inmontanis.info\/index.php?rest_route=\/wp\/v2\/posts\/5183\/revisions"}],"predecessor-version":[{"id":5185,"href":"http:\/\/blog.inmontanis.info\/index.php?rest_route=\/wp\/v2\/posts\/5183\/revisions\/5185"}],"wp:attachment":[{"href":"http:\/\/blog.inmontanis.info\/index.php?rest_route=%2Fwp%2Fv2%2Fmedia&parent=5183"}],"wp:term":[{"taxonomy":"category","embeddable":true,"href":"http:\/\/blog.inmontanis.info\/index.php?rest_route=%2Fwp%2Fv2%2Fcategories&post=5183"},{"taxonomy":"post_tag","embeddable":true,"href":"http:\/\/blog.inmontanis.info\/index.php?rest_route=%2Fwp%2Fv2%2Ftags&post=5183"}],"curies":[{"name":"wp","href":"https:\/\/api.w.org\/{rel}","templated":true}]}}