{"id":518,"date":"2008-12-24T23:59:02","date_gmt":"2008-12-24T21:59:02","guid":{"rendered":"http:\/\/blog.inmontanis.info\/?p=518"},"modified":"2023-08-03T21:46:54","modified_gmt":"2023-08-03T19:46:54","slug":"xmas-2008-forcella-aurine-monte-avena-24-12-2009","status":"publish","type":"post","link":"http:\/\/blog.inmontanis.info\/?p=518","title":{"rendered":"XMas 2008: Forcella Aurine, Monte Avena, 24.12.2008"},"content":{"rendered":"<p><strong>24.12.2008 &#8211; Die Erf\u00fcllung<\/strong><\/p>\n<p>Nachdem Weihnachten heut am brauchbarsten f\u00e4llt &#8211; 5 Tage frei ohne einen Tag Urlaub &#8211; muss man das ja nutzen!<\/p>\n<p>Auch die 1-3m Schnee in den italienischen Nordalpen sollte man ausn\u00fctzen. Konnte mich nur nicht entscheiden wohin&#8230;<!--more--> Bergamasker? Oder Veneto-Friuli? Beide Gegenden hab ich im Sommer durchgemacht und bin auf jeweils 3-4 Skitage gekommen. Wetterm\u00e4\u00dfig wurde f\u00fcr Veneto-Friuli etwas besser gemeldet, Zimmersuche per Internet &#038; EMail ergab nix g\u00fcnstiges (39,- \u00dcF, andere 60-65,- HP), und f\u00fcr eine zentrale 4-N\u00e4chte-Unterkunft waren au\u00dferdem die Skigebiete zu weit auseinander &#8211; trotzdem noch jeden Tag 0,5-1,5 Stunden Fahrt?<\/p>\n<p>Also wahlfrei irgendwo am Weg nachfragen. Erst mal stand Conca Agordina \/ Frassene am Plan &#8211; oder besser gesagt, Forcella Aurine. Der eine kurze steile SL mit den interessanten Abfahrten hatte es mir im Herbst ja angetan. Anfahrt \u00fcbers Gadertal- Passo Valparolo &#8211; Alleghe. Hatte schon bef\u00fcrchtet, der SL w\u00fcrde heut nicht in Betrieb sein, war er dann aber doch. Der andere quasi-parallele dagegen war noch Geh\u00e4ngelos. Und der omin\u00f6se Dritte, den ich im Sommer verpasst hatte, existiert nicht.<\/p>\n<p>Wobei das etwas eingenartig ist: Die alten Karten, denen ich begegnet bin, sprechen nur von den 2 SL. Und: Die Trasse ist nicht zugewachsen, sondern recht frei. Kurios. Entweder stand der nur sehr kurz und wurde erst vor kurzem stillgelegt und abgebaut &#8211; oder wurde nicht fertiggebaut &#8211; oder wird vielleicht n\u00e4chstes Jahr aufgebaut? W\u00e4r jedenfalls ne sch\u00f6ne Waldabfahrt, etwas l\u00e4nger als die anderen. Eine Antriebsstation liegt ja noch ungen\u00fctzt rum, und die beiden jetzigen SL haben ja bereits recht neue Antriebe. Vielleicht wird da doch n\u00e4chstes Jahr ein Lift aufgestellt? W\u00e4r ja sensationell!<\/p>\n<p><em>[_de]Bilder anklicken zum Vergr\u00f6\u00dfern[\/_de]\u2028[_en]Click photos to enlarge[\/_en]<\/em><\/p>\n<p><a href='http:\/\/ski.inmontanis.info\/d\/89467-1\/P1320548.JPG'><img src=http:\/\/ski.inmontanis.info\/d\/89469-3\/P1320548.JPG \/><\/a><br \/>\n^ Rechte Trasse, leider Liftlos.<\/p>\n<p><a href='http:\/\/ski.inmontanis.info\/d\/89471-1\/P1320549.JPG'><img src=http:\/\/ski.inmontanis.info\/d\/89473-3\/P1320549.JPG \/><\/a><br \/>\n^ Rechte Trasse im Zoom &#8211; schaut so unverwachsen aus, entweder erst vor kurzem stillgelegt oder vor kurzem projektiert und noch nicht gebaut?!<\/p>\n<p>Halbtageskarte kostete 12,- und nach der ersten Fahrt hie\u00df es gleich mal oben am Ausstieg: Rechte Abahrt geschlossen. B\u00e4h. Nach 4 Fahrten bin ich trotzdem gefahren :) Jetzt haben&#8217;s mal haufenweise Schnee und dann habens oben die oberste Kurve nicht geschafft zu pr\u00e4parieren? So ein Schwachsinn&#8230;. der Rest ging aber, und man hat an dem SL wirklich etliche Varianten, so dass es einem nicht so schnell langweilig wird. <\/p>\n<p><a href='http:\/\/ski.inmontanis.info\/d\/89463-1\/ge_forcellaAurine.jpg'><img src=http:\/\/ski.inmontanis.info\/d\/89465-3\/ge_forcellaAurine.jpg \/><\/a><br \/>\n^ GPS-Track<\/p>\n<p><a href='http:\/\/ski.inmontanis.info\/d\/89475-1\/P1320550.JPG'><img src=http:\/\/ski.inmontanis.info\/d\/89477-3\/P1320550.JPG \/><\/a><br \/>\n^ Gasthaus und Lift<\/p>\n<p><a href='http:\/\/ski.inmontanis.info\/d\/89479-1\/P1320551.JPG'><img src=http:\/\/ski.inmontanis.info\/d\/89481-3\/P1320551.JPG \/><\/a><br \/>\n^ Bergstation, die bergw\u00e4rts gesehen rechte Abfahrt, also hier geradeaus, war offiziell gesperrt, weil sie ein kurzes St\u00fcck nicht pr\u00e4pariert haben. Gratulation!!<\/p>\n<p><a href='http:\/\/ski.inmontanis.info\/d\/89483-1\/P1320552.JPG'><img src=http:\/\/ski.inmontanis.info\/d\/89485-3\/P1320552.JPG \/><\/a><br \/>\n^ Der SL ist ziemlich steil im oberen Bereich.. achja, Schnee ist genug, wie man unschwer erkennen kann :-)<\/p>\n<p><a href='http:\/\/ski.inmontanis.info\/d\/89487-1\/P1320556.JPG'><img src=http:\/\/ski.inmontanis.info\/d\/89489-3\/P1320556.JPG \/><\/a><br \/>\n^ Linke Abfahrt zwischen den beiden SL mit Blick zu Forcella Aurine, der hier im Bild rechte war nicht in Betrieb und hat auch noch keine Geh\u00e4nge montiert.<\/p>\n<p><a href='http:\/\/ski.inmontanis.info\/d\/89491-1\/P1320558.JPG'><img src=http:\/\/ski.inmontanis.info\/d\/89493-3\/P1320558.JPG \/><\/a><br \/>\n^ Dieses Pistenst\u00fcck w\u00e4re das Verbindungsst\u00fcck vom dritten, ganz rechten SL.<\/p>\n<p><a href='http:\/\/ski.inmontanis.info\/d\/89495-1\/P1320562.JPG'><img src=http:\/\/ski.inmontanis.info\/d\/89497-3\/P1320562.JPG \/><\/a><br \/>\n^ Rechte Abfahrt, oberstes St\u00fcck &#8211; ein kurzes St\u00fcck habens irgendwie nicht geschafft zu pr\u00e4parieren, daher geschlossen. Offiziell zumindest :-)<\/p>\n<p><a href='http:\/\/ski.inmontanis.info\/d\/89499-1\/P1320563.JPG'><img src=http:\/\/ski.inmontanis.info\/d\/89501-3\/P1320563.JPG \/><\/a><br \/>\n^ Bergstation SL und Panorama<\/p>\n<p><a href='http:\/\/ski.inmontanis.info\/d\/89503-1\/P1320565.JPG'><img src=http:\/\/ski.inmontanis.info\/d\/89505-3\/P1320565.JPG \/><\/a><br \/>\n^ Rechte Abfahrt, macht gleich einen Bogen nach rechts; geradeaus ginge die Verbindung zu dem ganz rechten SL, man sieht in der Mitte den Verbindungshang retour.<\/p>\n<p><a href='http:\/\/ski.inmontanis.info\/d\/89508-1\/P1320567.JPG'><img src=http:\/\/ski.inmontanis.info\/d\/89510-3\/P1320567.JPG \/><\/a><br \/>\n^ Einige Varianten auf der rechten Seite, hier die mittlere und linke.<\/p>\n<p><a href='http:\/\/ski.inmontanis.info\/d\/89512-1\/P1320568.JPG'><img src=http:\/\/ski.inmontanis.info\/d\/89514-3\/P1320568.JPG \/><\/a><br \/>\n^ Talstation des SL. Die meisten St\u00fctzen sind noch von Nascivera, der Rest d\u00fcrfte Graffer sein.<\/p>\n<p><a href='http:\/\/ski.inmontanis.info\/d\/89516-1\/P1320569.JPG'><img src=http:\/\/ski.inmontanis.info\/d\/89518-3\/P1320569.JPG \/><\/a><br \/>\n^ Der komplette SL.<\/p>\n<p>Da ich aber noch weiter zum Monte Avena bzw. Croce d&#8217;Aune wollte (ca. 1h Fahrtzeit), hab ich&#8217;s nach eineinhalb Stunden, um 11:30 gelassen und bin die Passtra\u00dfe weiter gefahren.<\/p>\n<p><a href='http:\/\/ski.inmontanis.info\/d\/89521-1\/P1320570.JPG'><img src=http:\/\/ski.inmontanis.info\/d\/89523-3\/P1320570.JPG \/><\/a><br \/>\n^ Viel Schnee auch am Passo Cereda. Rechts hinterm Haus ist ein kleiner \u00dcbungslift, der zu Dolomiti Superski &#8211; San Martino geh\u00f6rt, aufgrund der Schneemassen konnt ich ihn aber nicht gut sehen .-)<\/p>\n<p><a href='http:\/\/ski.inmontanis.info\/d\/89526-1\/P1320626.JPG'><img src=http:\/\/ski.inmontanis.info\/d\/89528-3\/P1320626.JPG \/><\/a><br \/>\n^ Skipass, durch die gepr\u00e4gte(!) , alte Schrift schaut er aus wie  100-200 Jahre alt :-)<\/p>\n<p>Dort angekommen die erste Ern\u00fcchterung: Die DSB fuhr nicht.<\/p>\n<p><a href='http:\/\/ski.inmontanis.info\/d\/89546-1\/P1320571.JPG'><img src=http:\/\/ski.inmontanis.info\/d\/89548-3\/P1320571.JPG \/><\/a><br \/>\n^ Strecke und Abfahrt DSB Val Maor, heute leider geschlossen.<\/p>\n<p>Also weiter zu den SL. Und die waren in Betrieb. (DSB w\u00e4re dann am n\u00e4chsten Tag in Betrieb gewesen, w\u00e4re sie zwar gerne gefahren, wenn ich schon mal da bin, der SL war mir aber wichtiger, insofern hat&#8217;s mich nicht sooo gest\u00f6rt)<\/p>\n<p>DSB und SL sind ja etwas abseits, und entweder mit einem l\u00e4ngeren Fu\u00dfweg oben am Plateau oder st\u00fcndlichem Raupentaxi verbunden. Nachmittagskarte kostete trotzdem 18,- Feiertagspreis.<\/p>\n<p>Es gibt 2 Teller-SL, einen kurzen Graffer-\u00dcbungslift (der \u00fcbrigens erst nach meinem Sommerbesuch 2005 aufgebaut wurde!) und als Hauptlift einen ca. 1200m langen mittelalten Doppelmayr. Was insofern kurios ist, als er doch aus einer Zeit stammen d\u00fcrfte, wo DM in Italien entweder als Marchisio-Doppelmayr oder Agamatic aktiv war? Oder war der noch vor der Marchisio-Aktion?<\/p>\n<p>Unten hat der SL einen Steilhang, oben geht er eher flach bis aufs Gipelplateau. Der im unteren Teil parallele SL wurde inzwischen abgebaut. Netterweise hat der SL 2-3 komplett eigenst\u00e4ndige Abfahrten, mit einigen Varianten kommt man auf 6x fahren! Also eigentlich ein perfekter Einzellift. Warums mir allerdings trotzdem nur bedingt Spass gemacht hat: Der Schnee war grausig. Eisig-Hart. Der F\u00f6hn die letzten Tage scheint wohl bis weit hinauf einiges angetaut zu haben, auch offpiste pickelhart. Wenigstens kein Bruchharsch :-) Oder hat es gar etwas geregnet?<\/p>\n<p><a href='http:\/\/ski.inmontanis.info\/d\/89668-1\/ge_MonteAvena.jpg'><img src=http:\/\/ski.inmontanis.info\/d\/89670-3\/ge_MonteAvena.jpg \/><\/a><br \/>\n^ GPS-Track, orange die DSB. Zwischen SL und DSB gibt&#8217;s noch eine Abfahrt, die leider etwas im Nirgendwo endet, daher bin ich sie auch nicht gefahren.<\/p>\n<p><a href='http:\/\/ski.inmontanis.info\/d\/89672-1\/ge_MonteAvena2.jpg'><img src=http:\/\/ski.inmontanis.info\/d\/89674-3\/ge_MonteAvena2.jpg \/><\/a><br \/>\n^ GPS-Track und rot eingezeichnet die von mir vermutete ungef\u00e4hre Trasse des ehemaligen ESL. Seit meinem letzten Besuch im Sommer 2005 hab ich n\u00e4mlich ein paar Bilder im Netz gefunden, und die sprechen, dass die Talstation 300m von der Brauerei entfernt war und die Bergstation nur auf 1040-1050m war, und somit um einiges tiefer als die SL derzeit anfangen! Also gab es hier evtl. gar keine Verbindung ins Skigebiet? Oder einen Verbindungslift? Jedenfalls scheint die Bergstation auf den Vorh\u00fcgel gegangen zu sein, der ist n\u00e4mlich genau 1040. Nat\u00fcrlich k\u00f6nnte er auch irgendwo mitten am Hang weiter links aufgeh\u00f6rt haben&#8230;<\/p>\n<p><a href='http:\/\/ski.inmontanis.info\/d\/89550-1\/P1320575.JPG'><img src=http:\/\/ski.inmontanis.info\/d\/89552-3\/P1320575.JPG \/><\/a><br \/>\n^ SL Campon 2, oberstes St\u00fcck. Der SL besteht also zuerst aus einem Steilhang und geht dann recht flach bis zum Gipfel<\/p>\n<p><a href='http:\/\/ski.inmontanis.info\/d\/89554-1\/P1320576.JPG'><img src=http:\/\/ski.inmontanis.info\/d\/89556-3\/P1320576.JPG \/><\/a><br \/>\n^ Bergstation SL Campon 2<\/p>\n<p><a href='http:\/\/ski.inmontanis.info\/d\/89558-1\/P1320579.JPG'><img src=http:\/\/ski.inmontanis.info\/d\/89560-3\/P1320579.JPG \/><\/a><br \/>\n^ Gipfelplateau mit Langlaufloipen<\/p>\n<p><a href='http:\/\/ski.inmontanis.info\/d\/89562-1\/P1320580.JPG'><img src=http:\/\/ski.inmontanis.info\/d\/89564-3\/P1320580.JPG \/><\/a><br \/>\n^ West-Pano vom Gipfel, richtung Altopiano 7 Comuni (Asiago usw.)<\/p>\n<p><a href='http:\/\/ski.inmontanis.info\/d\/89566-1\/P1320584.JPG'><img src=http:\/\/ski.inmontanis.info\/d\/89568-3\/P1320584.JPG \/><\/a><br \/>\n^ SL-Bergstation und Ost-Pano (richtung Nevegal)<\/p>\n<p><a href='http:\/\/ski.inmontanis.info\/d\/89570-1\/P1320588.JPG'><img src=http:\/\/ski.inmontanis.info\/d\/89572-3\/P1320588.JPG \/><\/a><br \/>\n^ Oberer Teil der linken Abfahrt mit Talpano<\/p>\n<p><a href='http:\/\/ski.inmontanis.info\/d\/89574-1\/P1320589.JPG'><img src=http:\/\/ski.inmontanis.info\/d\/89576-3\/P1320589.JPG \/><\/a><br \/>\n^ Ost-Pano (richtung Belluno\/Nevegal)<\/p>\n<p><a href='http:\/\/ski.inmontanis.info\/d\/89578-1\/P1320590.JPG'><img src=http:\/\/ski.inmontanis.info\/d\/89580-3\/P1320590.JPG \/><\/a><br \/>\n^ Abzweigung der linken Abfahrten oberhalb der Steilh\u00e4nge<\/p>\n<p><a href='http:\/\/ski.inmontanis.info\/d\/89582-1\/P1320591.JPG'><img src=http:\/\/ski.inmontanis.info\/d\/89584-3\/P1320591.JPG \/><\/a><br \/>\n^ Die ganz linke Abfahrt hat nochmal eine schmale, kurze Abzweigung nach links, bzw. hier im Bild rechts gesehen&#8230;.<\/p>\n<p><a href='http:\/\/ski.inmontanis.info\/d\/89586-1\/P1320592.JPG'><img src=http:\/\/ski.inmontanis.info\/d\/89588-3\/P1320592.JPG \/><\/a><br \/>\n^ Blick von der linken Abfahrt zum \u00dcbungs-SL Baby und Talstation Haupt-SL Campon 2 und Restaurant<\/p>\n<p><a href='http:\/\/ski.inmontanis.info\/d\/89590-1\/P1320593.JPG'><img src=http:\/\/ski.inmontanis.info\/d\/89592-3\/P1320593.JPG \/><\/a><br \/>\n^ SL Baby, Graffer, wurde erst nach 2005 aufgestellt!<\/p>\n<p>Oktober 2005:<br \/>\n<a href='http:\/\/ski.inmontanis.info\/d\/26472-2\/10150107_G.jpg'><img src=http:\/\/ski.inmontanis.info\/d\/26474-2\/10150107_G.jpg \/><\/a><\/p>\n<p><a href='http:\/\/ski.inmontanis.info\/d\/89594-1\/P1320594.JPG'><img src=http:\/\/ski.inmontanis.info\/d\/89596-3\/P1320594.JPG \/><\/a><br \/>\n^ Urige Steilhang-Umfahrung an der rechten Abfahrt &#8211; schmal durch den Wald hindurch.<\/p>\n<p><a href='http:\/\/ski.inmontanis.info\/d\/89598-1\/P1320605.JPG'><img src=http:\/\/ski.inmontanis.info\/d\/89600-3\/P1320605.JPG \/><\/a><br \/>\n^ Die urige Steilhang-Umfahrung ganz rechts<\/p>\n<p><a href='http:\/\/ski.inmontanis.info\/d\/89602-1\/P1320596.JPG'><img src=http:\/\/ski.inmontanis.info\/d\/89604-3\/P1320596.JPG \/><\/a><br \/>\n^ Urige Pistenbegrenzungs..\u00e4h..deckel :-) Gibts auch in roter Farbe, und haben nichts mit der Schwierigkeit der Piste zu tun :)<\/p>\n<p><a href='http:\/\/ski.inmontanis.info\/d\/89606-1\/P1320597.JPG'><img src=http:\/\/ski.inmontanis.info\/d\/89608-3\/P1320597.JPG \/><\/a><br \/>\n^ Mittlerer und oberer Teil des SL, links von mir kommt jetzt gleich der Steilhang (Nachtskifahren gibts auch nur am Steilhang)<\/p>\n<p><a href='http:\/\/ski.inmontanis.info\/d\/89610-1\/P1320601.JPG'><img src=http:\/\/ski.inmontanis.info\/d\/89612-3\/P1320601.JPG \/><\/a><br \/>\n^ Wolken-Pano<\/p>\n<p><a href='http:\/\/ski.inmontanis.info\/d\/89614-1\/P1320602.JPG'><img src=http:\/\/ski.inmontanis.info\/d\/89616-3\/P1320602.JPG \/><\/a><br \/>\n^ SL Campon 1 (?) wurde seit 2005 abgebaut, es gibt nun eine schmale Pistenvariante. Auch nicht schlecht.<\/p>\n<p><a href='http:\/\/ski.inmontanis.info\/d\/89618-1\/P1320603.JPG'><img src=http:\/\/ski.inmontanis.info\/d\/89620-3\/P1320603.JPG \/><\/a><br \/>\n^ Talstationsbereich<\/p>\n<p><a href='http:\/\/ski.inmontanis.info\/d\/89623-1\/P1320604.JPG'><img src=http:\/\/ski.inmontanis.info\/d\/89625-3\/P1320604.JPG \/><\/a><br \/>\n^ SL-Talstation und Pistenraupen<\/p>\n<p>Oktober 2005:<br \/>\n<a href='http:\/\/ski.inmontanis.info\/d\/26451-2\/10150100_G.jpg'><img src=http:\/\/ski.inmontanis.info\/d\/26453-2\/10150100_G.jpg \/><\/a><\/p>\n<p><a href='http:\/\/ski.inmontanis.info\/d\/89627-1\/P1320607.JPG'><img src=http:\/\/ski.inmontanis.info\/d\/89629-3\/P1320607.JPG \/><\/a><br \/>\n^ SL-Talstationen und Talpano am Steilhang<\/p>\n<p><a href='http:\/\/ski.inmontanis.info\/d\/89631-1\/P1320577.JPG'><img src=http:\/\/ski.inmontanis.info\/d\/89633-3\/P1320577.JPG \/><\/a><br \/>\n^ Pano, sogar ein St\u00fcck ins Flachland konnte man sehen&#8230;<\/p>\n<p><a href='http:\/\/ski.inmontanis.info\/d\/89635-1\/P1320610.JPG'><img src=http:\/\/ski.inmontanis.info\/d\/89637-3\/P1320610.JPG \/><\/a><br \/>\n^ Flachland-Zoom<\/p>\n<p><a href='http:\/\/ski.inmontanis.info\/d\/89639-1\/P1320611.JPG'><img src=http:\/\/ski.inmontanis.info\/d\/89641-3\/P1320611.JPG \/><\/a><br \/>\n^ Abend-Pano nach Westen<\/p>\n<p><a href='http:\/\/ski.inmontanis.info\/d\/89643-1\/P1320613.JPG'><img src=http:\/\/ski.inmontanis.info\/d\/89645-3\/P1320613.JPG \/><\/a><br \/>\n^ .. und im normalen Format<\/p>\n<p><a href='http:\/\/ski.inmontanis.info\/d\/89647-1\/P1320614.JPG'><img src=http:\/\/ski.inmontanis.info\/d\/89649-3\/P1320614.JPG \/><\/a><br \/>\n^ Gipfelplateau im Abendlicht<\/p>\n<p><a href='http:\/\/ski.inmontanis.info\/d\/89651-1\/P1320616.JPG'><img src=http:\/\/ski.inmontanis.info\/d\/89653-3\/P1320616.JPG \/><\/a><br \/>\n^ Wenn Zwerge lange Schatten werfen: Ostpano zum Sonnenuntergang <\/p>\n<p><a href='http:\/\/ski.inmontanis.info\/d\/89655-1\/P1320617.JPG'><img src=http:\/\/ski.inmontanis.info\/d\/89657-3\/P1320617.JPG \/><\/a><br \/>\n^ Abendlicher Zoom zum(?) Nevegal<\/p>\n<p><a href='http:\/\/ski.inmontanis.info\/d\/89542-1\/P1320619.JPG'><img src=http:\/\/ski.inmontanis.info\/d\/89544-3\/P1320619.JPG \/><\/a><br \/>\n^ Zoom Nevegal vom Monte Avena<\/p>\n<p><a href='http:\/\/ski.inmontanis.info\/d\/89530-1\/P1320581.JPG'><img src=http:\/\/ski.inmontanis.info\/d\/89532-3\/P1320581.JPG \/><\/a><br \/>\n^ Zoom vermutlich zur neuen 3SB in Gallio, vom Monte Avena aus<\/p>\n<p><a href='http:\/\/ski.inmontanis.info\/d\/89534-1\/P1320585.JPG'><img src=http:\/\/ski.inmontanis.info\/d\/89536-3\/P1320585.JPG \/><\/a><br \/>\n^ Blick zum Monte Cesen \/ Valdobbiadene vom Monte Avena aus<\/p>\n<p><a href='http:\/\/ski.inmontanis.info\/d\/89538-1\/P1320587.JPG'><img src=http:\/\/ski.inmontanis.info\/d\/89540-3\/P1320587.JPG \/><\/a><br \/>\n^ Zoom ins Ex-Skigebiete Monte Cesen (Valdobbiadene) vom Monte Avena aus. Man sieht links den k\u00fcrzeren Leitner-SL, mittig und rechts die beiden l\u00e4ngeren Scardellato-SL und die ESL-Bergstation im Antennenwald. Wie gern w\u00fcrd ich da skifahren&#8230;<\/p>\n<p>Dass der Lift nur bis 16:20 statt 16:30 in Betrieb war, war also zu verschmerzen. Die Zimmersuche dagegen war schnell beendet, da ich mir im Internet bereits den Albergo am Passo Croce d&#8217;Aune ins Auge gefasst hatte, der mit g\u00fcnstigen Preisen gl\u00e4nzt. 33,- HP. Und der Preis wurde mir dann auch genannt. Einzelzimmeraufschlag? Unter-3-N\u00e4chte-Aufschlag? Weder noch! Hab&#8217;s mal auf 2 N\u00e4chte fixiert, wenns mir gef\u00e4llt, werd ich evtl. noch 1 Nacht dranh\u00e4ngen, denke, das sollte machbar sein. Haben einen Haufen Zimmer, zwar etwas klein, aber trotz 0- oder 1-Sterne-Hotel komplett ausgestattet, sogar Schuhputzcreme lag neben dem Duschgel :) Heizung sehr hei\u00df, Boden aber eiskalt. Also, da hatte ich schon schlechtere 3-Sterne-Hotels :-)<\/p>\n<p>Leider ist das Abendessen halt erst wieder um 19:30 &#8211; da hatte ich also viel Zeit dazwischen, Computerm\u00e4\u00dfig alles abzuhaken und halb zu verhungern&#8230;<\/p>\n<p><a href='http:\/\/ski.inmontanis.info\/d\/89660-1\/P1320623.JPG'><img src=http:\/\/ski.inmontanis.info\/d\/89662-3\/P1320623.JPG \/><\/a><br \/>\n^ Zimmer im Albergo Croce d&#8217;Aune. G\u00fcnstig + Empfehlenswert. <\/p>\n<p><a href='http:\/\/ski.inmontanis.info\/d\/89664-1\/P1320625.JPG'><img src=http:\/\/ski.inmontanis.info\/d\/89666-3\/P1320625.JPG \/><\/a><br \/>\n^ Ausblick vom Hotelzimmer richtung Pedavena \/ Feltre<\/p>\n<p>Das Essen dann war mehr als ausreichend. Der Koch (falls er der Haupt-Koch war? Witziges Kerlchen, klein, Schnauzer,   paar fehlende und verfaulte Z\u00e4hne. Und mit seinem Kopftuch wie so ein kleiner Pirat. Dazu hat er auch schonmal die Bedienung \u00fcbernommen und hier und da kurze Gespr\u00e4che gef\u00fchrt :) ) &#8211; also, der hat mir erst mal die halbe Speisekarte vorgetragen, was mir die Entscheidung nicht gerade erleichterte, vorallem da ich mehr als die H\u00e4lfte nicht verstanden hatte :-) Schlu\u00dfendlich hab ich mich f\u00fcr Spaghetti Ragu und Grillkotellett entschieden (kam mit Pommes und Spinat) &#8211; und als ob ich da nicht schon satt genug gewesen w\u00e4re, musste ich auch noch zwischen verschiedenen Nachspeisen w\u00e4hlen. Dachte, das Waldbeereis w\u00e4re das wenigste. \u00c4hm, ja. Waldbeereis. Knapp vorbei: Vanilleeis mit Rotweinsauce und Waldbeeren. Nochmal ne ordentliche Portion. So voll war ich noch nie, ich konnte kaum mehr aufstehen und musste mich danach erst mal hinlegen :-)<\/p>\n<p>Bl\u00f6derweise ist mein Zimmer genau unter dem Gastraum, da ist also bis ca 22\/23 Uhr doch etwas l\u00e4rm. Und: Da denk ich mir noch, dass das wohl ein Raucherzimmer ist, weil es irgendwo nach Rauch riecht&#8230; Knapp vorbei: Ich hatte diese Jeans vorletzten Samstag auf der Weihnachtsfeier an. Na danke.<\/p>\n<p>Auch an den n\u00e4chsten 2 Tagen gab der Umfang des 3-G\u00e4nge-Men\u00fcs und auch dessen Geschmack keinen Anlass zum Meckern: Am n\u00e4chsten Tag gab&#8217;s die besten Steinpilz-Bandnudel, die ich je gegessen hab, danach gef\u00fcllter Kalbsbraten mit Kartoffel, etwas zu wenig Sauce und einem von mir noch nie gesehenen Gem\u00fcse, daher nicht probiert, und zwei Scheiben in Alkohol getr\u00e4nkten Sandkuchen(?) mit Sahne als Nachspeise. Und am dritten Tag hatte ich mich etwas falsch entschieden, das K\u00e4se-Risotto als Vorspeise war doch etwas sehr f\u00fcllig, v.a. weil ich mir danach &#8220;etwas mit Polenta&#8221; gew\u00fcnscht hatte &#8211; geworden sind es dann 3 Scheiben angebratener K\u00e4se mit Sahnesauce und 3 spitz-geformte, angebratene Polentascheiben, dazu Kartoffel und bissl Gem\u00fcse. Da musst ich ein bissl was stehenlassen. Aber das Eis mit Schokosauce zum Abschluss musste noch sein :)<\/p>\n<p>Auch das Fr\u00fchst\u00fcck war mehr als ausreichend bzw. wurde von Tag zu Tag umfangreicher. Und nach 3 Tagen wurden mir tats\u00e4chlich nur 99,- verrechnet, noch nicht mal die 3 Liter Mineralwasser wurden verrechnet. Da sieht man mal wieder: Sterne allein sind nicht alles. Und die hier k\u00f6nnten sicher 3-Sterne bekommen, aber vielleicht wollen sie ja nicht? Die anderen, g\u00fcnstigen 3-Sterne-Hotels, die ich in der weiteren Umgebung angemailt hatte, hatten alle so um die 60-65,- f\u00fcr HP verlangt. (\u00dcbrigens, in &#8216;ner dreiviertel Stunde w\u00e4r man von hier aus in San Martino di Castrozza&#8230;)<\/p>\n<p>Fazit: Ein fast perfekter Tag. <em>(Die n\u00e4chsten sollten ganz anders werden&#8230;)<\/em><\/p>\n<p>Homepage Skigebiet Monte Avena: <a href='http:\/\/www.vivimonteavena.it\/'>http:\/\/www.vivimonteavena.it\/<\/a><br \/>\nHomepage Albergo: <a href='http:\/\/www.crocedaune.it\/'>http:\/\/www.crocedaune.it\/<\/a><\/p>\n","protected":false},"excerpt":{"rendered":"<p>24.12.2008 &#8211; Die Erf\u00fcllung<\/p>\n<p>Nachdem Weihnachten heut am brauchbarsten f\u00e4llt &#8211; 5 Tage frei ohne einen Tag Urlaub &#8211; muss man das ja nutzen!<\/p>\n<p>Auch die 1-3m Schnee in den italienischen Nordalpen sollte man ausn\u00fctzen. Konnte mich nur nicht entscheiden wohin&#8230;<\/p>\n<p> <a href=\"http:\/\/blog.inmontanis.info\/?p=518\">[&#8230;]<\/a><\/p>\n","protected":false},"author":1,"featured_media":0,"comment_status":"open","ping_status":"closed","sticky":false,"template":"","format":"standard","meta":{"footnotes":""},"categories":[66,484,15,455,59,27],"tags":[47],"class_list":["post-518","post","type-post","status-publish","format-standard","hentry","category-66","category-frassene","category-italienitaly","category-monte-avena","category-nostalgie","category-skifahren-winterskiing-winter","tag-sl","odd"],"_links":{"self":[{"href":"http:\/\/blog.inmontanis.info\/index.php?rest_route=\/wp\/v2\/posts\/518","targetHints":{"allow":["GET"]}}],"collection":[{"href":"http:\/\/blog.inmontanis.info\/index.php?rest_route=\/wp\/v2\/posts"}],"about":[{"href":"http:\/\/blog.inmontanis.info\/index.php?rest_route=\/wp\/v2\/types\/post"}],"author":[{"embeddable":true,"href":"http:\/\/blog.inmontanis.info\/index.php?rest_route=\/wp\/v2\/users\/1"}],"replies":[{"embeddable":true,"href":"http:\/\/blog.inmontanis.info\/index.php?rest_route=%2Fwp%2Fv2%2Fcomments&post=518"}],"version-history":[{"count":5,"href":"http:\/\/blog.inmontanis.info\/index.php?rest_route=\/wp\/v2\/posts\/518\/revisions"}],"predecessor-version":[{"id":3276,"href":"http:\/\/blog.inmontanis.info\/index.php?rest_route=\/wp\/v2\/posts\/518\/revisions\/3276"}],"wp:attachment":[{"href":"http:\/\/blog.inmontanis.info\/index.php?rest_route=%2Fwp%2Fv2%2Fmedia&parent=518"}],"wp:term":[{"taxonomy":"category","embeddable":true,"href":"http:\/\/blog.inmontanis.info\/index.php?rest_route=%2Fwp%2Fv2%2Fcategories&post=518"},{"taxonomy":"post_tag","embeddable":true,"href":"http:\/\/blog.inmontanis.info\/index.php?rest_route=%2Fwp%2Fv2%2Ftags&post=518"}],"curies":[{"name":"wp","href":"https:\/\/api.w.org\/{rel}","templated":true}]}}