{"id":5178,"date":"2018-08-19T22:14:51","date_gmt":"2018-08-19T20:14:51","guid":{"rendered":"http:\/\/blog.inmontanis.info\/?p=5178"},"modified":"2023-07-01T20:57:38","modified_gmt":"2023-07-01T18:57:38","slug":"hintertuxer-gletscher-18-19-8-2018","status":"publish","type":"post","link":"http:\/\/blog.inmontanis.info\/?p=5178","title":{"rendered":"Hintertuxer Gletscher, 18. + 19.8.2018"},"content":{"rendered":"<p><strong>Sa, 18.8.2018<\/strong><\/p>\n<p>Die Nacht verlief klar, au\u00dferdem merkt man mittlerweile auch, dass die N\u00e4chte l\u00e4nger sind. Somit war&#8217;s heute morgen hart und es ging lange gut zu fahren. Mit Ausnahme 1x zum TFH bin ich bis ca. 12 Uhr nur am Olperer gefahren. Danach war es auch an der DSB-Abfahrt noch gut. Wasserl\u00e4ufe am GW-SL gab es praktisch keine, so dass auch der direkte Trainingshang wieder etwas besser als zuletzt zu fahren ging. Zudem gab es auch endlich mal wieder etwas Fernsicht, z.B. in die Dolomiten &#8211; ein heuer \u00e4u\u00dferst seltenes Schauspiel.<\/p>\n<p>Um 14 Uhr fuhr ich noch meine obligatorische GB3-Fahrt zum Abschluss (zuvor nur EUB+DSB, weil sonnig und warm) und h\u00f6rte dann auf, da ein paar recht dunkle Wolken im Gebiet waren und der Schnee abschnittsweise stockend wurde.<\/p>\n<p>Mit der &#8220;Entmattung&#8221; ist man zwar etwas weiter gekommen, aber ein starker Wintereinbruch Anfang September k\u00f6nnte zum Problem werden. Im \u00dcbrigen ist die Vermatterei nicht nur eine sehr anstrengende Arbeit, sondern mit 9,- \u20ac Stundenlohn (brutto) auch recht bescheiden bezahlt, wie mir ein V\u00f6gelchen zugezwitschert hat.<\/p>\n<p>Was den oberen Kasererweg angeht: Hier ist mittlerweile ein Bagger zu Werke und auch eine Sprengung war zu h\u00f6ren. Ein Fu\u00dfweg meinerseits hat sich somit er\u00fcbrigt (auch weil relativ fr\u00fch eine Pistenraupe raufgefahren und oben geblieben ist, so dass ich auch nicht viel mehr gesehen h\u00e4tte).<\/p>\n<p><strong>So, 19.8.2018<\/strong><\/p>\n<p>Eigentlich hatte ich ja heuer nicht vorgehabt, ganz so oft Skifahren zu gehen, aber da auch heute fr\u00fch wieder klarer Himmel war, gab es nicht viel zu \u00fcberlegen.  <\/p>\n<p>Aber nat\u00fcrlich war es heute nicht so sch\u00f6n wie gestern. Die Sonne wurde alsbald von Wolken verdeckt und die GW-Steilh\u00e4nge blieben entsprechend hart. Was bei dem momentanen Cruncheis dort halt nicht angenehm ist. Aber auch am Olperer ging es gestern etwas besser. Den besten Schnee hatte es aber wieder mittags an der DSB, zumindest bis zur EUB. Um 13 Uhr hab ich aufgeh\u00f6rt, da m\u00fcde, keine Sonne und genug gefahren.<\/p>\n<p>Spannende Fotos gab&#8217;s trotzdem wieder gen\u00fcgend, das ist der Vorteil an einem gletscherfeindlichen Sommer:<\/p>\n<p><a href='http:\/\/ski.inmontanis.info\/d\/249707-2\/DSC02647.jpg'><img src=http:\/\/ski.inmontanis.info\/d\/249706-3\/DSC02647.jpg \/><\/a><br \/>\n^ TFH-Hang. Man muss wohl hoffen, dass da links nicht mehr viel Gletscher liegt, sonst wird man nach dem Abtauen desselbigen dort nicht mehr offpiste fahren k\u00f6nnen. F\u00fcrchte aber, dass letzteres wahrscheinlicher sein wird.<\/p>\n<p><a href='http:\/\/ski.inmontanis.info\/d\/249711-2\/DSC02651.jpg'><img src=http:\/\/ski.inmontanis.info\/d\/249710-3\/DSC02651.jpg \/><\/a><br \/>\n^ DSB-Zufahrt<\/p>\n<p><a href='http:\/\/ski.inmontanis.info\/d\/249715-2\/DSC02660_001.jpg'><img src=http:\/\/ski.inmontanis.info\/d\/249714-3\/DSC02660_001.jpg \/><\/a><br \/>\n^ GW-Olperer-Kaserer<\/p>\n<p><a href='http:\/\/ski.inmontanis.info\/d\/249719-2\/DSC02662.jpg'><img src=http:\/\/ski.inmontanis.info\/d\/249718-3\/DSC02662.jpg \/><\/a><br \/>\n^ Dolomiten-Pano, zwar jetzt nicht so toll, aber diesen Sommer recht selten.<\/p>\n<p><a href='http:\/\/ski.inmontanis.info\/d\/249723-2\/DSC02664.jpg'><img src=http:\/\/ski.inmontanis.info\/d\/249722-3\/DSC02664.jpg \/><\/a><br \/>\n^ DSB-Ausfahrt, wurde doch nochmal mit Schnee bef\u00fcllt. Entsprechend geht&#8217;s beim GB3-Ausstieg nun etwas st\u00e4rker nach unten.<\/p>\n<p><a href='http:\/\/ski.inmontanis.info\/d\/249727-2\/DSC02666.jpg'><img src=http:\/\/ski.inmontanis.info\/d\/249726-3\/DSC02666.jpg \/><\/a><br \/>\n^ Zoom Gletscherbereich Olperer-Schlegeisabfahrt. Vor nicht all zu vielen Jahren ging der linke Gletscherteil ja noch bis zur Abfahrt runter.<\/p>\n<p><a href='http:\/\/ski.inmontanis.info\/d\/249731-2\/DSC02672.jpg'><img src=http:\/\/ski.inmontanis.info\/d\/249730-3\/DSC02672.jpg \/><\/a><br \/>\n^ SL Olperer im Zoom<\/p>\n<p><a href='http:\/\/ski.inmontanis.info\/d\/249735-2\/DSC02674.jpg'><img src=http:\/\/ski.inmontanis.info\/d\/249734-3\/DSC02674.jpg \/><\/a><br \/>\n^ Bereich Olperer \/ Oberer Kasererweg<\/p>\n<p><a href='http:\/\/ski.inmontanis.info\/d\/249739-2\/DSC02676.jpg'><img src=http:\/\/ski.inmontanis.info\/d\/249738-3\/DSC02676.jpg \/><\/a><br \/>\n^ Auch in die Stubaier Alpen konnte man heute mal wieder schauen. Weniger sch\u00f6n ist allerdings der Gletscherstand im Vordergrund.<\/p>\n<p><a href='http:\/\/ski.inmontanis.info\/d\/249743-2\/DSC02677.jpg'><img src=http:\/\/ski.inmontanis.info\/d\/249742-3\/DSC02677.jpg \/><\/a><br \/>\n^ SL Olperer, wenigstens hier oben hat&#8217;s noch Schnee.<\/p>\n<p><a href='http:\/\/ski.inmontanis.info\/d\/249750-2\/DSC02681.jpg'><img src=http:\/\/ski.inmontanis.info\/d\/249749-3\/DSC02681.jpg \/><\/a><br \/>\n^ Oberer Kasererweg<\/p>\n<p><img src=http:\/\/ski.inmontanis.info\/d\/249746-2\/DSC02680.jpg \/><br \/>\n^ Bauarbeiten am oberen Kasererweg, sp\u00e4ter h\u00f6rte man auch eine Sprengung.<\/p>\n<p><a href='http:\/\/ski.inmontanis.info\/d\/249754-2\/DSC02682.jpg'><img src=http:\/\/ski.inmontanis.info\/d\/249753-3\/DSC02682.jpg \/><\/a><br \/>\n^ 6KSB \/ Schwarze Abfahrt<\/p>\n<p><a href='http:\/\/ski.inmontanis.info\/d\/249758-2\/DSC02683.jpg'><img src=http:\/\/ski.inmontanis.info\/d\/249757-3\/DSC02683.jpg \/><\/a><br \/>\n^ Kaserer-Verbindungen und Vermattungen<\/p>\n<p><a href='http:\/\/ski.inmontanis.info\/d\/249762-2\/DSC02685.jpg'><img src=http:\/\/ski.inmontanis.info\/d\/249761-3\/DSC02685.jpg \/><\/a><br \/>\n^ Zur Abwechslung sind die Wolken mal tiefer und blieben es heute eine lange Zeit lang.<\/p>\n<p><a href='http:\/\/ski.inmontanis.info\/d\/249766-2\/DSC02689.jpg'><img src=http:\/\/ski.inmontanis.info\/d\/249765-3\/DSC02689.jpg \/><\/a><br \/>\n^ SL Olperer, die Abfahrt auf dieser Seite sah zwar besser aus, aber ich bevorzugte die andere Seite, lieber abschnittsweise etwas hartes Gletschereis als Cruncheis wie am hier nun folgenden Hang.<\/p>\n<p><a href='http:\/\/ski.inmontanis.info\/d\/249770-3\/DSC02691.jpg'><img src=http:\/\/ski.inmontanis.info\/d\/249769-3\/DSC02691.jpg \/><\/a><br \/>\n^ Die Gletscherh\u00fctte thront mittlerweile auch recht weit oberhalb der 3SB-Abfahrt. Momentan kann man hier ja problemlos stehen bleiben, da man dank des Eises ohne zu schieben zum Olperer-SL kommt<\/p>\n<p><a href='http:\/\/ski.inmontanis.info\/d\/249774-2\/DSC02692.jpg'><img src=http:\/\/ski.inmontanis.info\/d\/249773-3\/DSC02692.jpg \/><\/a><br \/>\n^ 10:50 Uhr und die beiden bisher  einzigen Spuren auf dieser Abfahrt heute waren von mir ;-)<\/p>\n<p><a href='http:\/\/ski.inmontanis.info\/d\/249778-2\/DSC02694.jpg'><img src=http:\/\/ski.inmontanis.info\/d\/249777-3\/DSC02694.jpg \/><\/a><br \/>\n^ Hier wurden die Matten mittlerweile entfernt. Wobei mir der Sinn dieser Beschneiung und Vermattung hier ja nach wie vor nicht klar ist, zumindest hab ich bisher nicht mitbekommen, dass der Schnee mal gro\u00dffl\u00e4chig verschoben wurde &#8211; aber auch langfristig betrachtet, durch den immer niedrigeren Gletscherstand auf der Piste (wo ich stehe) m\u00fcsste das Feld doch immer steiler werden?<\/p>\n<p><a href='http:\/\/ski.inmontanis.info\/d\/249782-2\/DSC02695.jpg'><img src=http:\/\/ski.inmontanis.info\/d\/249781-3\/DSC02695.jpg \/><\/a><br \/>\n^ DSB Sektion IV, momentan die beste Abfahrt<\/p>\n<p><a href='http:\/\/ski.inmontanis.info\/d\/249786-2\/DSC02697.jpg'><img src=http:\/\/ski.inmontanis.info\/d\/249785-3\/DSC02697.jpg \/><\/a><br \/>\n^ Links der DSB gab es in letzter Zeit auch ein paar Arbeiten im Fels<\/p>\n<p><a href='http:\/\/ski.inmontanis.info\/d\/249790-2\/DSC02700.jpg'><img src=http:\/\/ski.inmontanis.info\/d\/249789-3\/DSC02700.jpg \/><\/a><br \/>\n^ Das Felsenfeld rechts des GW-SL w\u00e4chst langsam in die Lifttrasse.<\/p>\n<p><a href='http:\/\/ski.inmontanis.info\/d\/249794-2\/DSC02701.jpg'><img src=http:\/\/ski.inmontanis.info\/d\/249793-3\/DSC02701.jpg \/><\/a><br \/>\n^ Das Felsenfeld rechts des GW-SL w\u00e4chst langsam in die Lifttrasse, wird man evtl. bald den Sommer \u00fcber vermatten und nur noch den linken SL in Betrieb lassen?!<\/p>\n<p>Bilder vom Sonntag:<\/p>\n<p><a href='http:\/\/ski.inmontanis.info\/d\/249798-2\/DSC02706.jpg'><img src=http:\/\/ski.inmontanis.info\/d\/249797-3\/DSC02706.jpg \/><\/a><br \/>\n^ Zoom Sommerberg zum Zwischen-den-Gondeln-Bereich.<\/p>\n<p><a href='http:\/\/ski.inmontanis.info\/d\/249802-2\/DSC02708.jpg'><img src=http:\/\/ski.inmontanis.info\/d\/249801-3\/DSC02708.jpg \/><\/a><br \/>\n^ Zoom Sommerberg zum Bereich zwischen TFH-Hang und Kaserer<\/p>\n<p><a href='http:\/\/ski.inmontanis.info\/d\/249806-2\/DSC02709.jpg'><img src=http:\/\/ski.inmontanis.info\/d\/249805-3\/DSC02709.jpg \/><\/a><br \/>\n^ Zoom Sommerberg zum linken SL Kaserer<\/p>\n<p><a href='http:\/\/ski.inmontanis.info\/d\/249810-2\/DSC02711.jpg'><img src=http:\/\/ski.inmontanis.info\/d\/249809-3\/DSC02711.jpg \/><\/a><br \/>\n^ Zoom Sommerberg zum rechten SL Kaserer. Da in der Mitte k\u00f6nnte evtl. ein Felsen ausapern. Ebenso oberhalb des Mattenfeldes rechts der St\u00fctzen.<\/p>\n<p><a href='http:\/\/ski.inmontanis.info\/d\/249814-2\/DSC02712.jpg'><img src=http:\/\/ski.inmontanis.info\/d\/249813-3\/DSC02712.jpg \/><\/a><br \/>\n^ TFH-Abfahrt<\/p>\n<p><a href='http:\/\/ski.inmontanis.info\/d\/249818-2\/DSC02713.jpg'><img src=http:\/\/ski.inmontanis.info\/d\/249817-3\/DSC02713.jpg \/><\/a><br \/>\n^ Da hat man wohl etwas zu viel vermattet.<\/p>\n<p><a href='http:\/\/ski.inmontanis.info\/d\/249822-2\/DSC02717.jpg'><img src=http:\/\/ski.inmontanis.info\/d\/249821-3\/DSC02717.jpg \/><\/a><br \/>\n^ Schaut besser aus als es ist, bis auf ein winziges Schneeband zwischen den Abfahrten ist fast alles nur Cruncheis.<\/p>\n<p><a href='http:\/\/ski.inmontanis.info\/d\/249826-2\/DSC02719.jpg'><img src=http:\/\/ski.inmontanis.info\/d\/249825-3\/DSC02719.jpg \/><\/a><br \/>\n^ DSB Sektion IV, viel Moos heute auf \u00fcber 3.000m.<\/p>\n<p><a href='http:\/\/ski.inmontanis.info\/d\/249830-2\/DSC02721.jpg'><img src=http:\/\/ski.inmontanis.info\/d\/249829-3\/DSC02721.jpg \/><\/a><br \/>\n^ 10EUB &#8211; GW-SL; was auch immer der Pistenraupenfahrer dort macht, es scheint nur Schutt zu sein.<\/p>\n<p><a href='http:\/\/ski.inmontanis.info\/d\/249834-2\/DSC02723.jpg'><img src=http:\/\/ski.inmontanis.info\/d\/249833-3\/DSC02723.jpg \/><\/a><br \/>\n^ Das Felsenfeld rechts der GW-SL im Zoom<\/p>\n<p><a href='http:\/\/ski.inmontanis.info\/d\/249838-2\/DSC02726.jpg'><img src=http:\/\/ski.inmontanis.info\/d\/249837-3\/DSC02726.jpg \/><\/a><br \/>\n^ Das Felsenfeld rechts der GW-SL im Zoom<\/p>\n<p><a href='http:\/\/ski.inmontanis.info\/d\/249842-2\/DSC02730.jpg'><img src=http:\/\/ski.inmontanis.info\/d\/249841-3\/DSC02730.jpg \/><\/a><br \/>\n^ Der heutige Status von dem  was-auch-immer-da-ausgeapert-ist (siehe letzte Woche)<\/p>\n<p><a href='http:\/\/ski.inmontanis.info\/d\/249846-2\/DSC02732.jpg'><img src=http:\/\/ski.inmontanis.info\/d\/249845-3\/DSC02732.jpg \/><\/a><br \/>\n^ Anfang der Entmattung am TFH-Steilhang<\/p>\n<p><a href='http:\/\/ski.inmontanis.info\/d\/249850-2\/DSC02734.jpg'><img src=http:\/\/ski.inmontanis.info\/d\/249849-3\/DSC02734.jpg \/><\/a><br \/>\n^ Musikvideodreh am Gletscher im Sommer bei bescheidenem Wetter?!<\/p>\n<p><a href='http:\/\/ski.inmontanis.info\/d\/249854-2\/DSC02738.jpg'><img src=http:\/\/ski.inmontanis.info\/d\/249853-3\/DSC02738.jpg \/><\/a><br \/>\n^ Der eine lose Stein vom Felsenfeld rechts der GW-SL, der wohl etwas zu sehr in die SL-Trasse ragte, wurde um 12:30 Uhr abtransportiert (konnte wohl nicht bis Liftschluss um 13:30 Uhr warten..)<\/p>\n<p><a href='http:\/\/ski.inmontanis.info\/d\/249858-2\/DSC02743.jpg'><img src=http:\/\/ski.inmontanis.info\/d\/249857-3\/DSC02743.jpg \/><\/a><br \/>\n^ Bergstation 3SB und kleiner Gletschersee vorne<\/p>\n","protected":false},"excerpt":{"rendered":"<p>Sa, 18.8.2018<\/p>\n<p>Die Nacht verlief klar, au\u00dferdem merkt man mittlerweile auch, dass die N\u00e4chte l\u00e4nger sind. Somit war&#8217;s heute morgen hart und es ging lange gut zu fahren. Mit Ausnahme 1x zum TFH bin ich bis ca. 12 Uhr nur am Olperer gefahren. Danach war es auch an der DSB-Abfahrt noch gut. Wasserl\u00e4ufe am GW-SL <a href=\"http:\/\/blog.inmontanis.info\/?p=5178\">[&#8230;]<\/a><\/p>\n","protected":false},"author":1,"featured_media":0,"comment_status":"closed","ping_status":"closed","sticky":false,"template":"","format":"standard","meta":{"footnotes":""},"categories":[246,25,13,28],"tags":[38,47],"class_list":["post-5178","post","type-post","status-publish","format-standard","hentry","category-hintertux","category-noreport","category-austria","category-skifahren-sommer","tag-dsb","tag-sl","odd"],"_links":{"self":[{"href":"http:\/\/blog.inmontanis.info\/index.php?rest_route=\/wp\/v2\/posts\/5178","targetHints":{"allow":["GET"]}}],"collection":[{"href":"http:\/\/blog.inmontanis.info\/index.php?rest_route=\/wp\/v2\/posts"}],"about":[{"href":"http:\/\/blog.inmontanis.info\/index.php?rest_route=\/wp\/v2\/types\/post"}],"author":[{"embeddable":true,"href":"http:\/\/blog.inmontanis.info\/index.php?rest_route=\/wp\/v2\/users\/1"}],"replies":[{"embeddable":true,"href":"http:\/\/blog.inmontanis.info\/index.php?rest_route=%2Fwp%2Fv2%2Fcomments&post=5178"}],"version-history":[{"count":3,"href":"http:\/\/blog.inmontanis.info\/index.php?rest_route=\/wp\/v2\/posts\/5178\/revisions"}],"predecessor-version":[{"id":5181,"href":"http:\/\/blog.inmontanis.info\/index.php?rest_route=\/wp\/v2\/posts\/5178\/revisions\/5181"}],"wp:attachment":[{"href":"http:\/\/blog.inmontanis.info\/index.php?rest_route=%2Fwp%2Fv2%2Fmedia&parent=5178"}],"wp:term":[{"taxonomy":"category","embeddable":true,"href":"http:\/\/blog.inmontanis.info\/index.php?rest_route=%2Fwp%2Fv2%2Fcategories&post=5178"},{"taxonomy":"post_tag","embeddable":true,"href":"http:\/\/blog.inmontanis.info\/index.php?rest_route=%2Fwp%2Fv2%2Ftags&post=5178"}],"curies":[{"name":"wp","href":"https:\/\/api.w.org\/{rel}","templated":true}]}}