{"id":5172,"date":"2018-08-12T22:47:53","date_gmt":"2018-08-12T20:47:53","guid":{"rendered":"http:\/\/blog.inmontanis.info\/?p=5172"},"modified":"2023-07-01T20:57:36","modified_gmt":"2023-07-01T18:57:36","slug":"hintertuxer-gletscher-11-12-8-2018","status":"publish","type":"post","link":"http:\/\/blog.inmontanis.info\/?p=5172","title":{"rendered":"Hintertuxer Gletscher, 11.+12.8.2018"},"content":{"rendered":"<p><strong>Sa, 11.8.2018<\/strong><\/p>\n<p>Die Temperaturen sind etwas zur\u00fcck gegangen, trotzdem hat es gestern nur geregnet und nicht geschneit. Die Wettervorhergsagen w\u00e4ren f\u00fcr morgen besser gewesen, aber aufgrund des Hintertuxer Sonntagsfluchs und weil heute Morgen die Webcam blauen Himmel (neblig werdend) zeigte, fuhr ich rauf. War dann ein Mix aus Nebel, Sonne und Wolken. Schnee war nicht so hart, aber auch nicht so weich, insb. am Olplerer ging es recht gut auf allen 3 Abfahrten, so dass ich fast ausschlie\u00dflich dort gefahren bin. Der rechte GW-SL ist nun auch wieder in Betrieb &#8211; ganz ungewohnt, wieder etwas Abwechslung.<\/p>\n<p>Nachdem man ja ca. 2 Monate (oder etwas l\u00e4nger) mit der Vermattung gebraucht hat, hat man nach wenigen Wochen Pause nun vor einigen Tagen mit der &#8220;Entmattung&#8221; begonnen, an der GW wurden schon einige Matten entfernt.<\/p>\n<p>Bin zwar nur bis ca. 13:30 Uhr geblieben, aber heute war&#8217;s schon ganz gut..<\/p>\n<p><strong>So, 12.8.2018<\/strong><\/p>\n<p>Die Webcam am Morgen zeigte blauen Himmel, also fuhr ich auch heute wieder rauf. Allerdings gab es auch heute wieder viele tiefe Wolken. Und wie \u00fcblich war es heute am Sonntag etwas schlechter als am gestrigen Samstag, zumindest was die Pisten angeht, es war etwas weicher, n\u00e4sser und bremsender als gestern. Olperer war heute nicht so toll, daf\u00fcr war die Abfahrt an der DSB \u00fcber Mittag recht gut. Bin bis ca. 14 Uhr geblieben.<\/p>\n<p>(Fotos anklicken zum Vergr\u00f6\u00dfern)<\/p>\n<p><a href='http:\/\/ski.inmontanis.info\/d\/249620-2\/DSC02581.jpg'><img src=http:\/\/ski.inmontanis.info\/d\/249619-3\/DSC02581.jpg \/><\/a><br \/>\n^ Die Matten rechts der GW-SL wurden bereits entfernt. Noch hat man das Steinfeld hier ja halbwegs unter Kontrolle. Und ja, die SL-Spur ist momentan schon etwas schwierig zu fahren, je nachdem wieviel Wasserl\u00e4ufe es gerade gibt und wie tief die sind..<\/p>\n<p><a href='http:\/\/ski.inmontanis.info\/d\/249624-2\/DSC02591.jpg'><img src=http:\/\/ski.inmontanis.info\/d\/249623-3\/DSC02591.jpg \/><\/a><br \/>\n^ Olperer-SL, alle 3 Abfahrten waren am Samstag ganz gut zu fahren, die linken aber besser. Rechts die Matten werden heute entfernt.<\/p>\n<p><a href='http:\/\/ski.inmontanis.info\/d\/249628-2\/DSC02593.jpg'><img src=http:\/\/ski.inmontanis.info\/d\/249627-3\/DSC02593.jpg \/><\/a><br \/>\n^ GW von Olperer; der Trainingshang links der GW-SL ist mittlerweile leider zu vergessen. Auf den rechten Abfahrten liegt auch kaum noch Schnee.<\/p>\n<p><a href='http:\/\/ski.inmontanis.info\/d\/249632-2\/DSC02597_001.jpg'><img src=http:\/\/ski.inmontanis.info\/d\/249631-3\/DSC02597_001.jpg \/><\/a><br \/>\n^ Weitere Arbeiten an dem Was-auch-immer-da-ausgeapert-ist. <\/p>\n<p>Fotos vom Sonntag:<\/p>\n<p><a href='http:\/\/ski.inmontanis.info\/d\/249636-2\/DSC02605.jpg'><img src=http:\/\/ski.inmontanis.info\/d\/249635-3\/DSC02605.jpg \/><\/a><br \/>\n^ Gletscherblick von Sektion 1; die 8EUB war wieder einmal in Betrieb. (Am Kaserer liegt nur noch ganz oben Schnee.)<\/p>\n<p><a href='http:\/\/ski.inmontanis.info\/d\/249640-2\/DSC02609.jpg'><img src=http:\/\/ski.inmontanis.info\/d\/249639-3\/DSC02609.jpg \/><\/a><br \/>\n^ TFH-Hang<\/p>\n<p>Eindeutig besser als vor 10 Jahren, als die Beschneiung noch in Bau war:<br \/>\n<a href='http:\/\/ski.inmontanis.info\/d\/61418-3\/P1270616.JPG'><img src=http:\/\/ski.inmontanis.info\/d\/61416-4\/P1270616.JPG \/><\/a><br \/>\n^ 3.8.2008<\/p>\n<p>&#8212;<\/p>\n<p><a href='http:\/\/ski.inmontanis.info\/d\/249644-2\/DSC02614.jpg'><img src=http:\/\/ski.inmontanis.info\/d\/249643-3\/DSC02614.jpg \/><\/a><br \/>\n^ Kaum noch Spalten im Toteisfeld zwischen den Gondeln.<\/p>\n<p><a href='http:\/\/ski.inmontanis.info\/d\/249648-2\/DSC02616.jpg'><img src=http:\/\/ski.inmontanis.info\/d\/249647-3\/DSC02616.jpg \/><\/a><br \/>\n^ Das Was-auch-immer-da-ausgeapert-ist wird nun zerkleinert<\/p>\n<p><img src=http:\/\/ski.inmontanis.info\/d\/249651-2\/DSC02617_001.jpg \/><br \/>\n^ .. ausgeschnitten ..<\/p>\n<p><a href='http:\/\/ski.inmontanis.info\/d\/249655-2\/DSC02618.jpg'><img src=http:\/\/ski.inmontanis.info\/d\/249654-3\/DSC02618.jpg \/><\/a><br \/>\n^ Na wer h\u00e4tte das gedacht, dass der Skiwg von der L\u00e4rmstange&#8211;2-KSB zum Olperer-SL so schnell zum Problem wird. Das erkl\u00e4rt die Schneeverschiebung letzte Woche vom Olperer-Bereich aus. Bis n\u00e4chsten Herbst ist der Gletscher weg, sofern der Weg \u00fcberhaupt noch in kompletter L\u00e4nge vorhanden ist, den rechten Bereich bis zur  KSB-Bergstation kann man im Bild schlecht einsch\u00e4tzen. Werde ich n\u00e4chstes WE vielleicht mal raufgehen.<\/p>\n<p>Au\u00dfer man vermattet den Weg n\u00e4chstes Jahr fr\u00fchzeitig &#8211; aber das wollte man ja bisher nicht (vmtl. weil einzige Sommer-Zufahrt zum Kasererbereich, die unteren 2 Wege sind ja auch vermattet). <\/p>\n<p>Vergleichsfoto von vor 2 Jahren:<br \/>\n<a href='http:\/\/ski.inmontanis.info\/d\/217621-3\/DSC08559.jpg'><img src=http:\/\/ski.inmontanis.info\/d\/217620-4\/DSC08559.jpg \/><\/a><br \/>\n^ 27.8.2016<\/p>\n<p>&#8212;<\/p>\n<p><a href='http:\/\/ski.inmontanis.info\/d\/249659-2\/DSC02618-2.jpg'><img src=http:\/\/ski.inmontanis.info\/d\/249658-3\/DSC02618-2.jpg \/><\/a><br \/>\n^ Da wird heuer noch einiges an Fels freigelegt werden in Bildmitte.<\/p>\n<p><a href='http:\/\/ski.inmontanis.info\/d\/249663-2\/DSC02619.jpg'><img src=http:\/\/ski.inmontanis.info\/d\/249662-3\/DSC02619.jpg \/><\/a><br \/>\n^ Olperer-SL ..<\/p>\n<p><a href='http:\/\/ski.inmontanis.info\/d\/249667-2\/DSC02619-2.jpg'><img src=http:\/\/ski.inmontanis.info\/d\/249666-3\/DSC02619-2.jpg \/><\/a><br \/>\n^ .. und der bis gestern vermattete Felsbereich<\/p>\n<p><a href='http:\/\/ski.inmontanis.info\/d\/249671-2\/DSC02623.jpg'><img src=http:\/\/ski.inmontanis.info\/d\/249670-3\/DSC02623.jpg \/><\/a><br \/>\n^ Die Kluft an der GB3-Bergstation ist heuer auch recht gro\u00df ..<\/p>\n<p><a href='http:\/\/ski.inmontanis.info\/d\/249675-2\/DSC02625_001.jpg'><img src=http:\/\/ski.inmontanis.info\/d\/249674-3\/DSC02625_001.jpg \/><\/a><br \/>\n^ Offpiste geht&#8217;s grad noch etwas besser als On-Ice-Piste ..<\/p>\n<p><a href='http:\/\/ski.inmontanis.info\/d\/249679-2\/DSC02626_001.jpg'><img src=http:\/\/ski.inmontanis.info\/d\/249678-3\/DSC02626_001.jpg \/><\/a><br \/>\n^ Olperer-Blick von GW<\/p>\n<p><a href='http:\/\/ski.inmontanis.info\/d\/249683-2\/DSC02627_001.jpg'><img src=http:\/\/ski.inmontanis.info\/d\/249682-3\/DSC02627_001.jpg \/><\/a><br \/>\n^ Die Kunstschneepiste an der DSB ging heute bis Nachmittag recht gut.<\/p>\n<p><a href='http:\/\/ski.inmontanis.info\/d\/249687-2\/DSC02633.jpg'><img src=http:\/\/ski.inmontanis.info\/d\/249686-3\/DSC02633.jpg \/><\/a><br \/>\n^ Da hab ich mich noch gefragt, warum da Matten sind .. da ist ja auch schon wieder ein Felsriegel mitten in der Piste, na nerv.<\/p>\n<p><a href='http:\/\/ski.inmontanis.info\/d\/249691-2\/DSC02634.jpg'><img src=http:\/\/ski.inmontanis.info\/d\/249690-3\/DSC02634.jpg \/><\/a><br \/>\n^ DSB-Ausfahrt, denke das war&#8217;s f\u00fcr heuer.<\/p>\n<p><a href='http:\/\/ski.inmontanis.info\/d\/249695-2\/DSC02636_001.jpg'><img src=http:\/\/ski.inmontanis.info\/d\/249694-3\/DSC02636_001.jpg \/><\/a><br \/>\n^ Das n\u00e4chste Was-auch-immer-da-ausgeapert ist, diesmal oberhalb der TFH-Abfahrt.<\/p>\n<p><a href='http:\/\/ski.inmontanis.info\/d\/249699-2\/DSC02637_001.jpg'><img src=http:\/\/ski.inmontanis.info\/d\/249698-3\/DSC02637_001.jpg \/><\/a><br \/>\n^ Schneileitung. Wird bald in der Luft h\u00e4ngen, au\u00dfer man verl\u00e4ngert ..<\/p>\n<p><a href='http:\/\/ski.inmontanis.info\/d\/249703-2\/DSC02640.jpg'><img src=http:\/\/ski.inmontanis.info\/d\/249702-3\/DSC02640.jpg \/><\/a><br \/>\n^ Interessante Spuren des Gletschers<\/p>\n<p>Am Dienstag soll es vielleicht etwas Neuschnee im oberen Bereich geben, am Mittwoch (Feiertag) werde ich aber wohl nicht rauffahren. N\u00e4chstes WE ist dann wieder Hitze angesagt&#8230;<\/p>\n","protected":false},"excerpt":{"rendered":"<p>Sa, 11.8.2018<\/p>\n<p>Die Temperaturen sind etwas zur\u00fcck gegangen, trotzdem hat es gestern nur geregnet und nicht geschneit. Die Wettervorhergsagen w\u00e4ren f\u00fcr morgen besser gewesen, aber aufgrund des Hintertuxer Sonntagsfluchs und weil heute Morgen die Webcam blauen Himmel (neblig werdend) zeigte, fuhr ich rauf. War dann ein Mix aus Nebel, Sonne und Wolken. Schnee war nicht <a href=\"http:\/\/blog.inmontanis.info\/?p=5172\">[&#8230;]<\/a><\/p>\n","protected":false},"author":1,"featured_media":0,"comment_status":"closed","ping_status":"closed","sticky":false,"template":"","format":"standard","meta":{"footnotes":""},"categories":[246,25,13,28],"tags":[54,47],"class_list":["post-5172","post","type-post","status-publish","format-standard","hentry","category-hintertux","category-noreport","category-austria","category-skifahren-sommer","tag-gletschervergleich","tag-sl","odd"],"_links":{"self":[{"href":"http:\/\/blog.inmontanis.info\/index.php?rest_route=\/wp\/v2\/posts\/5172","targetHints":{"allow":["GET"]}}],"collection":[{"href":"http:\/\/blog.inmontanis.info\/index.php?rest_route=\/wp\/v2\/posts"}],"about":[{"href":"http:\/\/blog.inmontanis.info\/index.php?rest_route=\/wp\/v2\/types\/post"}],"author":[{"embeddable":true,"href":"http:\/\/blog.inmontanis.info\/index.php?rest_route=\/wp\/v2\/users\/1"}],"replies":[{"embeddable":true,"href":"http:\/\/blog.inmontanis.info\/index.php?rest_route=%2Fwp%2Fv2%2Fcomments&post=5172"}],"version-history":[{"count":4,"href":"http:\/\/blog.inmontanis.info\/index.php?rest_route=\/wp\/v2\/posts\/5172\/revisions"}],"predecessor-version":[{"id":5176,"href":"http:\/\/blog.inmontanis.info\/index.php?rest_route=\/wp\/v2\/posts\/5172\/revisions\/5176"}],"wp:attachment":[{"href":"http:\/\/blog.inmontanis.info\/index.php?rest_route=%2Fwp%2Fv2%2Fmedia&parent=5172"}],"wp:term":[{"taxonomy":"category","embeddable":true,"href":"http:\/\/blog.inmontanis.info\/index.php?rest_route=%2Fwp%2Fv2%2Fcategories&post=5172"},{"taxonomy":"post_tag","embeddable":true,"href":"http:\/\/blog.inmontanis.info\/index.php?rest_route=%2Fwp%2Fv2%2Ftags&post=5172"}],"curies":[{"name":"wp","href":"https:\/\/api.w.org\/{rel}","templated":true}]}}