{"id":5167,"date":"2018-08-05T21:49:15","date_gmt":"2018-08-05T19:49:15","guid":{"rendered":"http:\/\/blog.inmontanis.info\/?p=5167"},"modified":"2023-07-01T20:57:42","modified_gmt":"2023-07-01T18:57:42","slug":"hintertuxer-gletscher-4-5-8-2018","status":"publish","type":"post","link":"http:\/\/blog.inmontanis.info\/?p=5167","title":{"rendered":"Hintertuxer Gletscher, 4.+5.8.2018"},"content":{"rendered":"<p><strong>Sa, 4.8.2018<\/strong><\/p>\n<p>Die vergangene Woche war sehr hei\u00df, f\u00fcr die Nacht meldete Bergfex +7-8\u00b0, ansonsten recht sonnig am Tag. Gestern Abend war wieder Nebel auf der Webcam zu sehen, aber morgens war es klar, die Pisten somit hart. Es war auch nicht ungest\u00f6rt sonnig, was f\u00fcr die Schneequalit\u00e4t im Tagesverlauf nat\u00fcrlich gut war. Gegen Mittag \u00fcberwiegten dann aber die Wolken.<\/p>\n<p>Mit dabei hatte ich heute die alten Carpani-Ski zum &#8220;sauberfahren&#8221;, die waren n\u00e4mlich noch voller Dreck und sehr verrostet von der Zentralasienreise, wo sie ja auf dem Dachskitr\u00e4ger waren. Hatte mir n\u00e4mlich gedacht, dass ich sie mal mit nach UK nehme und sie in Zukunft als Mattenski verwende, sofern sie auf Matten mind. gleich gut wie die alten V\u00f6lkl zu fahren sind.<\/p>\n<p>In Summe ein recht guter Hochsommerskitag, insb. an der GW ging&#8217;s am sp\u00e4ten Vormittag bzw. \u00fcber Mittag recht gut. Dass es keine Abfahrt mehr gibt, auf der man nicht Eis und\/oder Wasser hat, st\u00f6rt mich ja nicht, eher im Gegenteil, wie beim Restschneefahren im Fr\u00fchjahr steigert das nur die Abwechslung. Geblieben bin ich bis ca. 14 Uhr, morgen ist ja auch noch ein Tag. Da will ich mal nochmal die neuen Carpani-Ski ausprobieren, wie die im Sommer sind &#8211; angenehmer, weil ruhiger, oder nerviger, weil sie aufgrund der gr\u00f6\u00dferen Fl\u00e4che mehr bremsen.<\/p>\n<p><strong>So, 5.8.2018<\/strong><\/p>\n<p>Am Sonntag dann das \u00fcbliche Sonntagsph\u00e4nomen.. Bergfex meldet recht sonnig, Nacht verl\u00e4uft nur m\u00e4\u00dfig klar, morgens bereits neblig, Schnee wesentlich weicher und schlechter als gestern Nachmittag. Daf\u00fcr ging&#8217;s offpiste etwas besser, die westliche Rinne an der GW aber trotzdem nicht empfehlenswert, aber am Rand richtung 3SB wars recht nett.  Immerhin wurde es im Laufe des Vormittags noch etwas sonniger, aber um kurz nach 12 Uhr h\u00f6rte ich auf.<\/p>\n<p>Was die Skier angeht, bin ich zwar prinzipiell weiterhin nicht ganz schl\u00fcssig, denke aber, dass die neuen (langen\/breiten) Carpani zwar toll im Fr\u00fchjahrssulz sind, im Hochsommer aber die kurzen V\u00f6lkl Racecarver besser und kraftschonender sind. (Das Salatbuffet am TFH wird leider von Woche zu woche kleiner und uninteressanter, so dass ich mir diesmal nichts gekauft hatte.)<\/p>\n<p>(Fotos anklicken zum Vergr\u00f6\u00dfern.)<\/p>\n<p><a href='http:\/\/ski.inmontanis.info\/d\/249544-2\/DSC02531.jpg'><img src=http:\/\/ski.inmontanis.info\/d\/249543-3\/DSC02531.jpg \/><\/a><br \/>\n^ Gletscherblick von Sommerbergalm. Offpiste zwischen den Gondeln gab es keine durchgehende Verbindung mehr.<\/p>\n<p><a href='http:\/\/ski.inmontanis.info\/d\/249548-2\/DSC02535.jpg'><img src=http:\/\/ski.inmontanis.info\/d\/249547-3\/DSC02535.jpg \/><\/a><br \/>\n^ TFH-Hang Ende<\/p>\n<p><a href='http:\/\/ski.inmontanis.info\/d\/249552-2\/DSC02537.jpg'><img src=http:\/\/ski.inmontanis.info\/d\/249551-3\/DSC02537.jpg \/><\/a><br \/>\n^ Das Ger\u00f6llfeld an der GW<\/p>\n<p><a href='http:\/\/ski.inmontanis.info\/d\/249556-2\/DSC02541.jpg'><img src=http:\/\/ski.inmontanis.info\/d\/249555-3\/DSC02541.jpg \/><\/a><br \/>\n^ Trainingshang links der GW-SL, stark zusammengeschrumpft &#8211; mehr Platz f\u00fcr mich ;-)<\/p>\n<p><a href='http:\/\/ski.inmontanis.info\/d\/249560-2\/DSC02544.jpg'><img src=http:\/\/ski.inmontanis.info\/d\/249559-3\/DSC02544.jpg \/><\/a><br \/>\n^ Trainingshang links der GW-SL. In den Stunden zwischen der Pr\u00e4parierung gestern Nachmittag und der Nacht haben sich interessante Wasserl\u00e4ufe gebildet<\/p>\n<p><a href='http:\/\/ski.inmontanis.info\/d\/249564-2\/DSC02549.jpg'><img src=http:\/\/ski.inmontanis.info\/d\/249563-3\/DSC02549.jpg \/><\/a><br \/>\n^ Im gro\u00dfen Gletscherbecken apert irgendwas aus. Hatte am Samstag leider kein Zoom-Objektiv dabei ..<\/p>\n<p><a href='http:\/\/ski.inmontanis.info\/d\/249588-2\/DSC02567.jpg'><img src=http:\/\/ski.inmontanis.info\/d\/249587-3\/DSC02567.jpg \/><\/a><br \/>\n^ Am Sonntag mit Zoom .. pr\u00e4sentierten sich die 3 Ausaperungen leider etwas anders, man meint, dass insb. links+rechts etwas Schnee hin verschoben wurde .. das w\u00fcrde dann evtl. auf einen Fels (und nicht nur Schutt) hindeuten, aber k\u00f6nnte hier ein Fels ausapern? <\/p>\n<p><a href='http:\/\/ski.inmontanis.info\/d\/249592-2\/DSC02570.jpg'><img src=http:\/\/ski.inmontanis.info\/d\/249591-3\/DSC02570.jpg \/><\/a><br \/>\n^ Im mittleren H\u00fcgel stecken irgendwelche Holzlatten!?<\/p>\n<p><a href='http:\/\/ski.inmontanis.info\/d\/249568-2\/DSC02551.jpg'><img src=http:\/\/ski.inmontanis.info\/d\/249567-3\/DSC02551.jpg \/><\/a><br \/>\n^ DSB-Zufahrt<\/p>\n<p><a href='http:\/\/ski.inmontanis.info\/d\/249572-2\/DSC02558.jpg'><img src=http:\/\/ski.inmontanis.info\/d\/249571-3\/DSC02558.jpg \/><\/a><br \/>\n^ DSB-Ausfahrt<\/p>\n<p><a href='http:\/\/ski.inmontanis.info\/d\/249576-2\/DSC02559.jpg'><img src=http:\/\/ski.inmontanis.info\/d\/249575-3\/DSC02559.jpg \/><\/a><br \/>\n^ Blick von GW zu Olperer<\/p>\n<p><a href='http:\/\/ski.inmontanis.info\/d\/249580-2\/DSC02561.jpg'><img src=http:\/\/ski.inmontanis.info\/d\/249579-3\/DSC02561.jpg \/><\/a><br \/>\n^ Blick von Olperer zu GW<\/p>\n<p>Bilder vom Sonntag:<\/p>\n<p><a href='http:\/\/ski.inmontanis.info\/d\/249584-2\/DSC02564.jpg'><img src=http:\/\/ski.inmontanis.info\/d\/249583-3\/DSC02564.jpg \/><\/a><br \/>\n^ Bisher so gut wie jeden Morgen gab es eine frische Spur an der \u00e4u\u00dferen Olperer-Abfahrt, wo man besser fahren konnte &#8211; so lang noch nicht zu viel zerst\u00f6rrerische Rennfahrer unterwegs waren. Der Rest der Piste fast immer sehr bremsend.<\/p>\n<p><a href='http:\/\/ski.inmontanis.info\/d\/249596-2\/DSC02571.jpg'><img src=http:\/\/ski.inmontanis.info\/d\/249595-3\/DSC02571.jpg \/><\/a><br \/>\n^ Kaserer-SL\/L\u00e4rmstange-KSB<\/p>\n<p><a href='http:\/\/ski.inmontanis.info\/d\/249600-2\/DSC02573.jpg'><img src=http:\/\/ski.inmontanis.info\/d\/249599-3\/DSC02573.jpg \/><\/a><br \/>\n^ Steile Wolken<\/p>\n<p><a href='http:\/\/ski.inmontanis.info\/d\/249604-2\/DSC02575.jpg'><img src=http:\/\/ski.inmontanis.info\/d\/249603-3\/DSC02575.jpg \/><\/a><br \/>\n^ Trainingshang rechts der GW-SL, hier schon gro\u00dffl\u00e4chig hartes Eis, Schnee ist haupts\u00e4chlich nur noch im Bereich der winterlichen Schneefangz\u00e4une.<\/p>\n<p><a href='http:\/\/ski.inmontanis.info\/d\/249608-2\/DSC02577.jpg'><img src=http:\/\/ski.inmontanis.info\/d\/249607-3\/DSC02577.jpg \/><\/a><br \/>\n^ Aus einem der wenigen N\u00e4hrzonen schiebt man Schnee auf den oberen Kasererweg. Vmtl. weil man mit der Pistenraupe nicht \u00fcber die Steine fahren m\u00f6chte und man sonst nicht zum Kasererbereich kommt, aber trotzdem traurig.<\/p>\n<p><a href='http:\/\/ski.inmontanis.info\/d\/249612-2\/DSC02579.jpg'><img src=http:\/\/ski.inmontanis.info\/d\/249611-3\/DSC02579.jpg \/><\/a><br \/>\n^ TFH-Abfahrt links \u00fcber hartem Eis &#8211; Alternativ kann man den alten Raupenweg hier fahren ;-)<br \/>\n(Man h\u00e4tte vielleicht besser die Abfahrt wieder hier rauf verlegt?)<\/p>\n<p><a href='http:\/\/ski.inmontanis.info\/d\/249616-2\/DSC02580.jpg'><img src=http:\/\/ski.inmontanis.info\/d\/249615-3\/DSC02580.jpg \/><\/a><br \/>\n^ Gletscherende (Toteisfeld zwischen den Gondeln) mit dem gro\u00dfen Loch, gut f\u00fcr zuk\u00fcnftige Vergleichsfotos.<\/p>\n<p>Fazit: W\u00e4hrend Samstag ein toller Hochsommerskitag war, war der Sonntag eher eine Wasserschlacht. Der obere Bereich am GW-SL war z.B. am Samstag hart oder nur leicht aufgetaut, am Sonntag hab ich mir bei einer Durchquerung des Wasserbereichs das Wasser bis ins Gesicht gespritzt. Da f\u00fchlt sich dann Mattenskifahren im Sommer irgendwie &#8220;richtiger&#8221; an .. auch wenn es genauso spritzen kann ;)<\/p>\n","protected":false},"excerpt":{"rendered":"<p>Sa, 4.8.2018<\/p>\n<p>Die vergangene Woche war sehr hei\u00df, f\u00fcr die Nacht meldete Bergfex +7-8\u00b0, ansonsten recht sonnig am Tag. Gestern Abend war wieder Nebel auf der Webcam zu sehen, aber morgens war es klar, die Pisten somit hart. Es war auch nicht ungest\u00f6rt sonnig, was f\u00fcr die Schneequalit\u00e4t im Tagesverlauf nat\u00fcrlich gut war. Gegen Mittag <a href=\"http:\/\/blog.inmontanis.info\/?p=5167\">[&#8230;]<\/a><\/p>\n","protected":false},"author":1,"featured_media":0,"comment_status":"closed","ping_status":"closed","sticky":false,"template":"","format":"standard","meta":{"footnotes":""},"categories":[246,25,13,28],"tags":[47],"class_list":["post-5167","post","type-post","status-publish","format-standard","hentry","category-hintertux","category-noreport","category-austria","category-skifahren-sommer","tag-sl","odd"],"_links":{"self":[{"href":"http:\/\/blog.inmontanis.info\/index.php?rest_route=\/wp\/v2\/posts\/5167","targetHints":{"allow":["GET"]}}],"collection":[{"href":"http:\/\/blog.inmontanis.info\/index.php?rest_route=\/wp\/v2\/posts"}],"about":[{"href":"http:\/\/blog.inmontanis.info\/index.php?rest_route=\/wp\/v2\/types\/post"}],"author":[{"embeddable":true,"href":"http:\/\/blog.inmontanis.info\/index.php?rest_route=\/wp\/v2\/users\/1"}],"replies":[{"embeddable":true,"href":"http:\/\/blog.inmontanis.info\/index.php?rest_route=%2Fwp%2Fv2%2Fcomments&post=5167"}],"version-history":[{"count":3,"href":"http:\/\/blog.inmontanis.info\/index.php?rest_route=\/wp\/v2\/posts\/5167\/revisions"}],"predecessor-version":[{"id":5170,"href":"http:\/\/blog.inmontanis.info\/index.php?rest_route=\/wp\/v2\/posts\/5167\/revisions\/5170"}],"wp:attachment":[{"href":"http:\/\/blog.inmontanis.info\/index.php?rest_route=%2Fwp%2Fv2%2Fmedia&parent=5167"}],"wp:term":[{"taxonomy":"category","embeddable":true,"href":"http:\/\/blog.inmontanis.info\/index.php?rest_route=%2Fwp%2Fv2%2Fcategories&post=5167"},{"taxonomy":"post_tag","embeddable":true,"href":"http:\/\/blog.inmontanis.info\/index.php?rest_route=%2Fwp%2Fv2%2Ftags&post=5167"}],"curies":[{"name":"wp","href":"https:\/\/api.w.org\/{rel}","templated":true}]}}