{"id":5150,"date":"2018-07-29T21:44:16","date_gmt":"2018-07-29T19:44:16","guid":{"rendered":"http:\/\/blog.inmontanis.info\/?p=5150"},"modified":"2023-07-01T20:57:41","modified_gmt":"2023-07-01T18:57:41","slug":"hintertuxer-gletscher-2829-7-2018","status":"publish","type":"post","link":"http:\/\/blog.inmontanis.info\/?p=5150","title":{"rendered":"Hintertuxer Gletscher, 28+29.7.2018"},"content":{"rendered":"<p><strong>Sa, 28.7.2018<\/strong><\/p>\n<p>Das Wetter war mal wieder recht sonnig gemeldet, und zur Abwechslung war es das auch mal. Der Nebel, der noch an der Webcam am FR abend zu sehen war, ging wohl bald in der Nacht weg und selbige verlief klar. Morgens war es also sehr hart an der GW; am Olperer dagegen schon recht weich. Aber 6 Fahrten (jede Abfahrt 2x) bin ich doch dort geblieben. Danach ging es bis \u00fcber Mittag an der GW sehr gut, erst nachmittags f\u00fchr ich die Gondelvarianten (jeweils 1x), die wohl das letzte WE haben werden. Der unruhige Schnee ist teilweise kaum noch fahrbar; die steileren H\u00e4nge waren etwas besser. Somit hab ich dieses WE auch meine oben deponierten Allmountains wieder mit runter genommen, da jetzt die Racecarver auch reichen f\u00fcr die restlichen Varianten ..<\/p>\n<p><strong>So, 29.7.2018<\/strong><\/p>\n<p>Statt sonnig und wolkenlos wie gemeldet, war es morgens so neblig wie gestern Abend &#8211; entpsrechend nervig die Schneeverh\u00e4ltnisse heute. Um Mittag wurde es tats\u00e4chlich etwas sonniger, so dass ich doch noch etwas blieb. Allerdings war der gestrige Samstag in jeder Hinsicht der bessere Tag.<\/p>\n<p>Wenigestens war dieses WE mal wieder das Wetter gut genug, um ein paar mehr Fotos zu machen. Verglichen mit letztem Jahr Ende Juli liegt heuer noch mehr Schnee, verglichen mit vorletztem Jahr aber weniger.<\/p>\n<p>(Fotos anklicken zum Vergr\u00f6\u00dfern)<\/p>\n<p><a href='http:\/\/ski.inmontanis.info\/d\/249432-2\/DSC02368.jpg'><img src=http:\/\/ski.inmontanis.info\/d\/249431-3\/DSC02368.jpg \/><\/a><br \/>\n^ Gletscherblick von der Sommerbergalm<\/p>\n<p><a href='http:\/\/ski.inmontanis.info\/d\/249436-2\/DSC02370.jpg'><img src=http:\/\/ski.inmontanis.info\/d\/249435-3\/DSC02370.jpg \/><\/a><br \/>\n^ Zoom TFH-Hang \/ Offpistevarianten. Mal gespannt, wie der Hang in 5 Jahren aussehen wird..<\/p>\n<p><a href='http:\/\/ski.inmontanis.info\/d\/249440-2\/DSC02372.jpg'><img src=http:\/\/ski.inmontanis.info\/d\/249439-3\/DSC02372.jpg \/><\/a><br \/>\n^ Zoom Olperer\/Kaserer<\/p>\n<p><a href='http:\/\/ski.inmontanis.info\/d\/249444-2\/DSC02374.jpg'><img src=http:\/\/ski.inmontanis.info\/d\/249443-3\/DSC02374.jpg \/><\/a><br \/>\n^ Zoom Kaserer-SL<\/p>\n<p><a href='http:\/\/ski.inmontanis.info\/d\/249448-2\/DSC02375.jpg'><img src=http:\/\/ski.inmontanis.info\/d\/249447-3\/DSC02375.jpg \/><\/a><br \/>\n^ Ende TFH-Abfahrt<\/p>\n<p><a href='http:\/\/ski.inmontanis.info\/d\/249452-2\/DSC02379.jpg'><img src=http:\/\/ski.inmontanis.info\/d\/249451-3\/DSC02379.jpg \/><\/a><br \/>\n^ Rinnenvariante. Hier l\u00e4ge noch gen\u00fcgend Schnee, aber ..<\/p>\n<p><a href='http:\/\/ski.inmontanis.info\/d\/249456-2\/DSC02380.jpg'><img src=http:\/\/ski.inmontanis.info\/d\/249455-3\/DSC02380.jpg \/><\/a><br \/>\n^ .. weiter oben kommt man bald nicht mehr durch, nur links gibt&#8217;s noch eine schmale Durchfahrt. Und ja, der Schnee war in dem Bereich extrem nervig zu fahren.<\/p>\n<p><a href='http:\/\/ski.inmontanis.info\/d\/249460-2\/DSC02382.jpg'><img src=http:\/\/ski.inmontanis.info\/d\/249459-3\/DSC02382.jpg \/><\/a><br \/>\n^ Olperer\/Kaserer<\/p>\n<p><a href='http:\/\/ski.inmontanis.info\/d\/249464-2\/DSC02386.jpg'><img src=http:\/\/ski.inmontanis.info\/d\/249463-3\/DSC02386.jpg \/><\/a><br \/>\n^ GW\/Olperer<\/p>\n<p><a href='http:\/\/ski.inmontanis.info\/d\/249468-2\/DSC02388.jpg'><img src=http:\/\/ski.inmontanis.info\/d\/249467-3\/DSC02388.jpg \/><\/a><br \/>\n^ DSB Sektion 4<\/p>\n<p><a href='http:\/\/ski.inmontanis.info\/d\/249472-2\/DSC02398.jpg'><img src=http:\/\/ski.inmontanis.info\/d\/249471-3\/DSC02398.jpg \/><\/a><br \/>\n^ Olperer von GW<\/p>\n<p>Zum Vergleich 29.7.2017:<br \/>\n<a href='http:\/\/ski.inmontanis.info\/d\/235151-3\/DSC00772.jpg'><img src=http:\/\/ski.inmontanis.info\/d\/235150-4\/DSC00772.jpg \/><\/a><br \/>\n^ 29.7.2017<\/p>\n<p>30.7.2016:<br \/>\n<a href='http:\/\/ski.inmontanis.info\/d\/217424-3\/DSC05378.jpg'><img src=http:\/\/ski.inmontanis.info\/d\/217423-4\/DSC05378.jpg \/><\/a><br \/>\n^ 30.7.2016<\/p>\n<p><a href='http:\/\/ski.inmontanis.info\/d\/249476-2\/DSC02401.jpg'><img src=http:\/\/ski.inmontanis.info\/d\/249475-3\/DSC02401.jpg \/><\/a><br \/>\n^ GW von Olperer<\/p>\n<p><a href='http:\/\/ski.inmontanis.info\/d\/249480-2\/DSC02403.jpg'><img src=http:\/\/ski.inmontanis.info\/d\/249479-3\/DSC02403.jpg \/><\/a><br \/>\n^ Linke Olperer-Abfahrt. K\u00f6nnte evtl. besser gehen, wenn die nachmittags erst sp\u00e4ter pr\u00e4pariert werden w\u00fcrde?!<\/p>\n<p><a href='http:\/\/ski.inmontanis.info\/d\/249484-2\/DSC02407.jpg'><img src=http:\/\/ski.inmontanis.info\/d\/249483-3\/DSC02407.jpg \/><\/a><br \/>\n^ DSB Bergstation, wird mittlerweile auch au\u00dfen vermattet. K\u00f6nnte aber bald Schluss sein mit dem Schnee &#8211; je nachdem ob und wie lang sie noch Schnee rauffahren wollen.<\/p>\n<p><a href='http:\/\/ski.inmontanis.info\/d\/249488-2\/DSC02408.jpg'><img src=http:\/\/ski.inmontanis.info\/d\/249487-3\/DSC02408.jpg \/><\/a><br \/>\n^ Wieder viel altes Holz auf dem Gletscher, das wohl im Laufe des Sommers eingesammelt und wegtransportiert werden wird..<\/p>\n<p><a href='http:\/\/ski.inmontanis.info\/d\/249492-2\/DSC02417.jpg'><img src=http:\/\/ski.inmontanis.info\/d\/249491-3\/DSC02417.jpg \/><\/a><br \/>\n^ GB3-Bergstation<\/p>\n<p><a href='http:\/\/ski.inmontanis.info\/d\/249496-2\/DSC02418.jpg'><img src=http:\/\/ski.inmontanis.info\/d\/249495-3\/DSC02418.jpg \/><\/a><br \/>\n^ Evtl. das letzte WE f\u00fcr die Zwischen-den-Gondeln-Varianten. Oben am Grat gings eh noch halbwegs, weil sehr weich.<\/p>\n<p><a href='http:\/\/ski.inmontanis.info\/d\/249500-2\/DSC02419.jpg'><img src=http:\/\/ski.inmontanis.info\/d\/249499-3\/DSC02419.jpg \/><\/a><br \/>\n^ Manchmal wird aus dem abflie\u00dfenden getauten Schnee wieder Neuschnee, wenn es sich staut (aber so viel?)<\/p>\n<p>Fotos vom Sonntag:<\/p>\n<p><a href='http:\/\/ski.inmontanis.info\/d\/249504-2\/DSC02475.jpg'><img src=http:\/\/ski.inmontanis.info\/d\/249503-3\/DSC02475.jpg \/><\/a><br \/>\n^ Spalten\u00fcberfahrt am SL Olperer<\/p>\n<p><a href='http:\/\/ski.inmontanis.info\/d\/249508-2\/DSC02491.jpg'><img src=http:\/\/ski.inmontanis.info\/d\/249507-3\/DSC02491.jpg \/><\/a><br \/>\n^ TFH-Hang<\/p>\n<p><a href='http:\/\/ski.inmontanis.info\/d\/249512-2\/DSC02510.jpg'><img src=http:\/\/ski.inmontanis.info\/d\/249511-3\/DSC02510.jpg \/><\/a><br \/>\n^ Wohl meine letzten beiden Spuren f\u00fcr heuer in dem Bereich.<\/p>\n<p><a href='http:\/\/ski.inmontanis.info\/d\/249516-2\/DSC02511.jpg'><img src=http:\/\/ski.inmontanis.info\/d\/249515-3\/DSC02511.jpg \/><\/a><br \/>\n^ Auch die Rinnenvariante bin ich jeweils 1x dieses WE gefahren.<\/p>\n<p><a href='http:\/\/ski.inmontanis.info\/d\/249520-2\/DSC02513.jpg'><img src=http:\/\/ski.inmontanis.info\/d\/249519-3\/DSC02513.jpg \/><\/a><br \/>\n^ Im Steilhang war der Schnee besser.<\/p>\n<p><a href='http:\/\/ski.inmontanis.info\/d\/249524-2\/DSC02515.jpg'><img src=http:\/\/ski.inmontanis.info\/d\/249523-3\/DSC02515.jpg \/><\/a><br \/>\n^ Schneileitung<\/p>\n<p><a href='http:\/\/ski.inmontanis.info\/d\/249528-2\/DSC02516.jpg'><img src=http:\/\/ski.inmontanis.info\/d\/249527-3\/DSC02516.jpg \/><\/a><br \/>\n^ Schneileitung<\/p>\n<p><a href='http:\/\/ski.inmontanis.info\/d\/249532-2\/ge20180609-0729b.jpg'><img src=http:\/\/ski.inmontanis.info\/d\/249531-3\/ge20180609-0729b.jpg \/><\/a><br \/>\n^ GPS-Tracks 9.6.-29.7.2018<\/p>\n<p><a href='http:\/\/ski.inmontanis.info\/d\/249536-2\/ge20180609-0729c.jpg'><img src=http:\/\/ski.inmontanis.info\/d\/249535-3\/ge20180609-0729c.jpg \/><\/a><br \/>\n^ GPS-Tracks 9.6.-29.7.2018, Ausschnitt Gefrorene Wand<\/p>\n<p><a href='http:\/\/ski.inmontanis.info\/d\/249540-2\/ge20180609-0729e.jpg'><img src=http:\/\/ski.inmontanis.info\/d\/249539-3\/ge20180609-0729e.jpg \/><\/a><br \/>\n^ GPS-Tracks 9.6.-29.7.2018, Ausschnitt TFH-Hang \/ Offpiste zwischen den Gondeln<\/p>\n<p>&#8212;<\/p>\n<p>Au\u00dferdem hab ich am Samstag nochmal alle &#8220;Sommer-Utensilien&#8221; in den Ignis eingebaut, um ein paar &#8220;finale&#8221; Fotos zu machen:<\/p>\n<p><a href='http:\/\/extra.inmontanis.info\/d\/47688-2\/DSC02423.jpg'><img src=http:\/\/extra.inmontanis.info\/d\/47687-3\/DSC02423.jpg \/><\/a><br \/>\n^ Die Raumh\u00f6he oberhalb der Matratze ist hoch genug, dass ich problemlos aufrecht sitzen kann. Ausgestreckt kann ich die K\u00fchlbox knapp erreichen, im Schlafsack dann vmtl. fr\u00fcher.<\/p>\n<p><a href='http:\/\/extra.inmontanis.info\/d\/47692-2\/DSC02426.jpg'><img src=http:\/\/extra.inmontanis.info\/d\/47691-3\/DSC02426.jpg \/><\/a><br \/>\n^ Das Gestell im Kofferraum (rechts) kann auch gut zum Aufh\u00e4ngen einer Jacke verwendet werden ;-)<\/p>\n<p>Im Gegensatz zum Qubo sitze ich auf der Matratze ja etwas tiefer und quasi auf dem halben Ersatzrad) und es fehlt unten an Fu\u00dfraumplatz (Schuhe aus\/anziehen, Hose aus\/anziehen), auch weil ein Teil vom Ersatzrad noch im Weg ist. Wird sich zeigen, wie gut das funktioniert, wie sehr mich das st\u00f6rt, ob es Sinn macht, ggf. jede Nacht den Fahrersitz nach vorne zu schieben. (Aber zuvor am Fusion hatte ich so&#8217;was gar nicht, insofern..)<\/p>\n<p>Und ja, die Matratze geht hinten raus nach unten, deshalb schlaf ich ja auch mit dem Kopf vorne. Hatte mir zwar \u00fcberlegt, ob es sinnvoll w\u00e4re, da noch was drunter zu legen\/bauen, aber scheint alles etwas umst\u00e4ndlich zu sein (auch dann f\u00fcrs Ein\/Ausladen der Ski), also werd ich das erst mal so probieren.<\/p>\n<p><a href='http:\/\/extra.inmontanis.info\/d\/47696-2\/DSC02428.jpg'><img src=http:\/\/extra.inmontanis.info\/d\/47695-3\/DSC02428.jpg \/><\/a><br \/>\n^ Vollbeladungstest mit Gestell, (leerem) Koffer, Skischuhe (Alternativ: Fu\u00dfraum Beifahrer), K\u00fchlbox, Ski, Stecken (Nicht sichtbar: Ersatzrad, Toilette). Zum Ein\/Ausladen der Ski muss die K\u00fchlbox nach hinten links (auf&#8217;s Klo) verschoben werden, nach vorne raus geht sie nur, wenn der Koffer auch weg kommt, muss sie aber ja dann auch nicht. Darunter k\u00f6nnte man wohl auch noch bissl was stellen. Werkzeug, Wagenheber, Drehmomentschl\u00fcssel liegen unter dem Gestell bzw. zwischen Gestell und der Plastikverkleidung eingeklemmt. Verrutschen kann da nix.<\/p>\n<p>(Und ja, die Klappe geht problemlos zu.)<\/p>\n<p><a href='http:\/\/extra.inmontanis.info\/d\/47700-2\/DSC02429.jpg'><img src=http:\/\/extra.inmontanis.info\/d\/47699-3\/DSC02429.jpg \/><\/a><br \/>\n^ Liegefl\u00e4che; im vorderen Teil ist die Matratze 60cm breit, d\u00fcrfte also \u00e4hnlich einer Couch sein, bissl eng, aber geht schon. Das Loch vorne rechts kommt ja davon, dass die Matratze f\u00fcr den Qubo zugeschnitten wurde. Ob die Armlehne beim Schlafen st\u00f6rt, wird sich dann zeigen. Beim Fahren muss ich die Matratze nat\u00fcrlich vorne etwas nach rechts schieben, sonst Problem mit dem Schalten. Zur Not k\u00f6nnte ich ja noch eines meiner alten Luftbetten auf die Matratze legen und h\u00e4tte eine breitere (aber zumeist k\u00e4ltere und wackeligere) Liegefl\u00e4che.<\/p>\n<p>Au\u00dferdem fehlen hier nat\u00fcrlich noch Schlafsack, Decke, Kopfkissen und die ganzen Schaumstoffe bzw. Abdeckungen f\u00fcr die Scheiben.<\/p>\n<p><a href='http:\/\/extra.inmontanis.info\/d\/47704-2\/DSC02443.jpg'><img src=http:\/\/extra.inmontanis.info\/d\/47703-3\/DSC02443.jpg \/><\/a><br \/>\n^ Liegefl\u00e4che mit viel Platz nach oben; man kann den Koffer problemlos von innen \u00f6ffnen (Platz oben f\u00fcr die Klappe); aber was ich vergessen hab, auszuprobieren, wie gut ich vom Sitzen aus reinschauen kann, um was drin zu suchen. Aber wird schon gehen. (Im Fusion lag ich damals ja sogar auf dem Koffer.)<\/p>\n<p><a href='http:\/\/extra.inmontanis.info\/d\/47708-2\/DSC02445.jpg'><img src=http:\/\/extra.inmontanis.info\/d\/47707-3\/DSC02445.jpg \/><\/a><br \/>\n^ Unter dem Bett: Beifahrersitz, Ersatzrad, Ski. Nicht sichtbar unter dem Sitz, neben bzw. nach den Skiern: Wanderschuhe, Abschleppseil, Feuerl\u00f6scher, Starthilfekabel und anderes Zeug.<\/p>\n<p>Damit sollte das Thema nun derweil abgeschlossen sein &#8211; das n\u00e4chste Foto gibt&#8217;s wohl erst nach der ersten Nacht.<\/p>\n","protected":false},"excerpt":{"rendered":"<p>Sa, 28.7.2018<\/p>\n<p>Das Wetter war mal wieder recht sonnig gemeldet, und zur Abwechslung war es das auch mal. Der Nebel, der noch an der Webcam am FR abend zu sehen war, ging wohl bald in der Nacht weg und selbige verlief klar. Morgens war es also sehr hart an der GW; am Olperer dagegen schon <a href=\"http:\/\/blog.inmontanis.info\/?p=5150\">[&#8230;]<\/a><\/p>\n","protected":false},"author":1,"featured_media":0,"comment_status":"closed","ping_status":"closed","sticky":false,"template":"","format":"standard","meta":{"footnotes":""},"categories":[246,25,13,28],"tags":[72,38,54,47],"class_list":["post-5150","post","type-post","status-publish","format-standard","hentry","category-hintertux","category-noreport","category-austria","category-skifahren-sommer","tag-10eub","tag-dsb","tag-gletschervergleich","tag-sl","odd"],"_links":{"self":[{"href":"http:\/\/blog.inmontanis.info\/index.php?rest_route=\/wp\/v2\/posts\/5150","targetHints":{"allow":["GET"]}}],"collection":[{"href":"http:\/\/blog.inmontanis.info\/index.php?rest_route=\/wp\/v2\/posts"}],"about":[{"href":"http:\/\/blog.inmontanis.info\/index.php?rest_route=\/wp\/v2\/types\/post"}],"author":[{"embeddable":true,"href":"http:\/\/blog.inmontanis.info\/index.php?rest_route=\/wp\/v2\/users\/1"}],"replies":[{"embeddable":true,"href":"http:\/\/blog.inmontanis.info\/index.php?rest_route=%2Fwp%2Fv2%2Fcomments&post=5150"}],"version-history":[{"count":6,"href":"http:\/\/blog.inmontanis.info\/index.php?rest_route=\/wp\/v2\/posts\/5150\/revisions"}],"predecessor-version":[{"id":5156,"href":"http:\/\/blog.inmontanis.info\/index.php?rest_route=\/wp\/v2\/posts\/5150\/revisions\/5156"}],"wp:attachment":[{"href":"http:\/\/blog.inmontanis.info\/index.php?rest_route=%2Fwp%2Fv2%2Fmedia&parent=5150"}],"wp:term":[{"taxonomy":"category","embeddable":true,"href":"http:\/\/blog.inmontanis.info\/index.php?rest_route=%2Fwp%2Fv2%2Fcategories&post=5150"},{"taxonomy":"post_tag","embeddable":true,"href":"http:\/\/blog.inmontanis.info\/index.php?rest_route=%2Fwp%2Fv2%2Ftags&post=5150"}],"curies":[{"name":"wp","href":"https:\/\/api.w.org\/{rel}","templated":true}]}}