{"id":515,"date":"2008-12-31T23:59:07","date_gmt":"2008-12-31T21:59:07","guid":{"rendered":"http:\/\/blog.inmontanis.info\/?p=515"},"modified":"2023-08-02T22:06:11","modified_gmt":"2023-08-02T20:06:11","slug":"prada-nostalschi-am-gardasee-31-12-2008","status":"publish","type":"post","link":"http:\/\/blog.inmontanis.info\/?p=515","title":{"rendered":"Prada: Nostalschi am Gardasee, 31.12.2008"},"content":{"rendered":"<p><em>[_de]Bilder anklicken zum Vergr\u00f6\u00dfern[\/_de]\u2028[_en]Click photos to enlarge[\/_en]<\/em><\/p>\n<p>Bei den Massen an Schnee hatte ich mir so \u00fcberlegt, das m\u00fcsste doch in Prada auch wieder gehen heuer, so wie vor 3 Jahren.<\/p>\n<p>Ob die Lifte wie vor 3 Jahren in Betrieb sind? Damals war der Lift ja neu er\u00f6ffnet worden. Wie waren die letzten 2 Winter vergangen, gen\u00fcgend Besucher, so dass die Lifte jetzt jedes Jahr \u00fcber den Jahreswechsel offen sind?<\/p>\n<p>Nach einiger Suche im Netz fand ich die Homepage vom Rifugio an der ESL-Bergstation:<br \/>\n<a href='http:\/\/www.fioridelbaldo.it\/'>http:\/\/www.fioridelbaldo.it\/<\/a><\/p>\n<p>Und dort stand: Lift ist in Betrieb, vom 26.12.2008 bis 6.1.2009. Abfahrten sind nicht pr\u00e4pariert.<\/p>\n<p>Also gut: Fr\u00fch aufstehen und die ca. 250-280km Autofahrt angehen. Ankunft am Korblift gegen halb 10, kaum Autos da, Schnee hat unten im Tal gerade so gereicht. Nachgefragt, ob es eine Tageskarte g\u00e4be? Nein. Na gut, dann eben 1x Andata completa.<\/p>\n<p><a href='http:\/\/ski.inmontanis.info\/d\/90515-1\/P1330006.JPG'><img src=http:\/\/ski.inmontanis.info\/d\/90517-3\/P1330006.JPG \/><\/a><br \/>\n^ Talstation, Korblift, ESL (oben, gleich links der Fahne) und Gipfel.<\/p>\n<p><a href='http:\/\/ski.inmontanis.info\/d\/90519-1\/P1330009.JPG'><img src=http:\/\/ski.inmontanis.info\/d\/90521-3\/P1330009.JPG \/><\/a><br \/>\n^ Ehemalige blaue linke Abfahrt am unteren SL, man sieht auch eine kleine Staumauer, vor derer ein Weg nach rechts r\u00fcbergeht.<\/p>\n<p><a href='http:\/\/ski.inmontanis.info\/d\/90524-1\/P1330012.JPG'><img src=http:\/\/ski.inmontanis.info\/d\/90526-3\/P1330012.JPG \/><\/a><br \/>\n^ Im Korblift<\/p>\n<p><a href='http:\/\/ski.inmontanis.info\/d\/90529-1\/P1330023.JPG'><img src=http:\/\/ski.inmontanis.info\/d\/90531-3\/P1330023.JPG \/><\/a><br \/>\n^ Gardasee-Pano<\/p>\n<p><a href='http:\/\/ski.inmontanis.info\/d\/90534-1\/P1330029.JPG'><img src=http:\/\/ski.inmontanis.info\/d\/90536-3\/P1330029.JPG \/><\/a><br \/>\n^ Gardasee- und Flachland-Pano<\/p>\n<p><a href='http:\/\/ski.inmontanis.info\/d\/90538-1\/P1330030.JPG'><img src=http:\/\/ski.inmontanis.info\/d\/90540-3\/P1330030.JPG \/><\/a><br \/>\n^ Gardasee-Pano<\/p>\n<p><a href='http:\/\/ski.inmontanis.info\/d\/90542-1\/P1330022.JPG'><img src=http:\/\/ski.inmontanis.info\/d\/90544-3\/P1330022.JPG \/><\/a><br \/>\n^ Im Korblift. Etwas tiefer fotografiert, so dass der Korb und der Aufkleber auf den Skiern mit drauf ist :)<\/p>\n<p><a href='http:\/\/ski.inmontanis.info\/d\/90546-1\/P1330026.JPG'><img src=http:\/\/ski.inmontanis.info\/d\/90548-3\/P1330026.JPG \/><\/a><br \/>\n^ Kurz vor der Mittelstation, au\u00dferdem sieht man die 2 ehemaligen SL und den ESL<\/p>\n<p><a href='http:\/\/ski.inmontanis.info\/d\/90550-1\/P1330027.JPG'><img src=http:\/\/ski.inmontanis.info\/d\/90552-3\/P1330027.JPG \/><\/a><br \/>\n^ Oben: Freeride-H\u00e4nge rechts des ESL<\/p>\n<p><a href='http:\/\/ski.inmontanis.info\/d\/90554-1\/P1330032.JPG'><img src=http:\/\/ski.inmontanis.info\/d\/90556-3\/P1330032.JPG \/><\/a><br \/>\n^ .. manche steigen auch zu Fu\u00df hinauf (schade, das k\u00f6nnen&#8217;s sp\u00e4ter doch auch, wenn der Lift nicht mehr f\u00e4hrt)<\/p>\n<p><a href='http:\/\/ski.inmontanis.info\/d\/90558-1\/P1330034.JPG'><img src=http:\/\/ski.inmontanis.info\/d\/90560-3\/P1330034.JPG \/><\/a><br \/>\n^ Vor dem langen Spannfeld vor der Mittelstation<\/p>\n<p><a href='http:\/\/ski.inmontanis.info\/d\/90563-1\/P1330043.JPG'><img src=http:\/\/ski.inmontanis.info\/d\/90565-3\/P1330043.JPG \/><\/a><br \/>\n^ Mit Skier in der Hand, Rucksack auf dem Scho\u00df und dann auch noch fotografieren? Ja, das geht :)<\/p>\n<p><a href='http:\/\/ski.inmontanis.info\/d\/90567-1\/P1330046.JPG'><img src=http:\/\/ski.inmontanis.info\/d\/90569-3\/P1330046.JPG \/><\/a><br \/>\n^ Selbstportrait mit ESL und Gardasee<\/p>\n<p><a href='http:\/\/ski.inmontanis.info\/d\/90571-1\/P1330047.JPG'><img src=http:\/\/ski.inmontanis.info\/d\/90573-3\/P1330047.JPG \/><\/a><br \/>\n^ Pano von der ESL-Bergstation nach Osten<\/p>\n<p><a href='http:\/\/ski.inmontanis.info\/d\/90576-1\/P1330050.JPG'><img src=http:\/\/ski.inmontanis.info\/d\/90578-3\/P1330050.JPG \/><\/a><br \/>\n^ Pano von der ESL-Bergstation nach S\u00fcden. Heftige Schneemassen hier oben &#8230; Und: Ganz hinten am Horizont &#8230;<\/p>\n<p><a href='http:\/\/ski.inmontanis.info\/d\/90581-1\/P1330053.JPG'><img src=http:\/\/ski.inmontanis.info\/d\/90583-3\/P1330053.JPG \/><\/a><br \/>\n^ Ganz hinten am Horizont ist der Appennin zu sehen, hier im Zoom.<\/p>\n<p><a href='http:\/\/ski.inmontanis.info\/d\/90585-1\/P1330054.JPG'><img src=http:\/\/ski.inmontanis.info\/d\/90587-3\/P1330054.JPG \/><\/a><br \/>\n^ West-Pano mit ESL und Gardasee<\/p>\n<p><a href='http:\/\/ski.inmontanis.info\/d\/90589-1\/P1330055.JPG'><img src=http:\/\/ski.inmontanis.info\/d\/90591-3\/P1330055.JPG \/><\/a><br \/>\n^ Bergstation ESL mit Blick zum Gipfel. Da wenn jetzt noch ein SL raufgehen w\u00fcrde :)<\/p>\n<p><a href='http:\/\/ski.inmontanis.info\/d\/90597-1\/P1330057.JPG'><img src=http:\/\/ski.inmontanis.info\/d\/90599-3\/P1330057.JPG \/><\/a><br \/>\n^ ESL mit Gardasee. Ich mag Skigebiete mit Seeblick und ich mag Skigebiete mit Flachlandblick und ich mag Skigebiete mit Korbliften und ich mag Skigebiete mit ESL und ich mag alte Grafferlifte. Irgendwie mein perfektes Skigebiet hier.<\/p>\n<p><a href='http:\/\/ski.inmontanis.info\/d\/90602-1\/P1330059.JPG'><img src=http:\/\/ski.inmontanis.info\/d\/90604-3\/P1330059.JPG \/><\/a><br \/>\n^ See-Zoom, schwimmt da nicht irgendein Segelboot mitten im See?<\/p>\n<p><a href='http:\/\/ski.inmontanis.info\/d\/90593-1\/P1330056.JPG'><img src=http:\/\/ski.inmontanis.info\/d\/90595-3\/P1330056.JPG \/><\/a><br \/>\n^ Nun&#8230; heute will ich da mal rauf. Tourenski und Felle hab ich dabei &#8230;<\/p>\n<p><a href='http:\/\/ski.inmontanis.info\/d\/90606-1\/P1330060.JPG'><img src=http:\/\/ski.inmontanis.info\/d\/90608-3\/P1330060.JPG \/><\/a><br \/>\n^ Eisiger Wind, festgepresster Schnee, kurze Strecke &#8211; da hab ich die Skier lieber an den Rucksack geschnallt und bin so aufsteigen. <\/p>\n<p><a href='http:\/\/ski.inmontanis.info\/d\/90610-1\/P1330061.JPG'><img src=http:\/\/ski.inmontanis.info\/d\/90612-3\/P1330061.JPG \/><\/a><br \/>\n^ Nach 50 Minuten bin ich auch schon fast am Gipfel angelangt&#8230;<\/p>\n<p><a href='http:\/\/ski.inmontanis.info\/d\/90614-1\/P1330063.JPG'><img src=http:\/\/ski.inmontanis.info\/d\/90616-3\/P1330063.JPG \/><\/a><br \/>\n^ Schnell umgedreht und nach S\u00fcden fotografiert: Geil. <\/p>\n<p><a href='http:\/\/ski.inmontanis.info\/d\/90618-1\/P1330072.JPG'><img src=http:\/\/ski.inmontanis.info\/d\/90620-3\/P1330072.JPG \/><\/a><br \/>\n^ Appennin am Horizon im Zoom<\/p>\n<p><a href='http:\/\/ski.inmontanis.info\/d\/90623-1\/P1330074.JPG'><img src=http:\/\/ski.inmontanis.info\/d\/90625-3\/P1330074.JPG \/><\/a><br \/>\n^ 5 Minuten sp\u00e4ter war ich am Ende meines Gipfels angelangt, am n\u00e4chsten Gipfel war auch schon ein Tourengeher abgefahren.<\/p>\n<p><a href='http:\/\/ski.inmontanis.info\/d\/90627-1\/P1330075.JPG'><img src=http:\/\/ski.inmontanis.info\/d\/90629-3\/P1330075.JPG \/><\/a><br \/>\n^ Nord-Pano am Gipfel<\/p>\n<p><a href='http:\/\/ski.inmontanis.info\/d\/90631-1\/P1330078.JPG'><img src=http:\/\/ski.inmontanis.info\/d\/90633-3\/P1330078.JPG \/><\/a><br \/>\n^ S\u00fcd-Ost-Pano<\/p>\n<p><a href='http:\/\/ski.inmontanis.info\/d\/90635-1\/P1330082.JPG'><img src=http:\/\/ski.inmontanis.info\/d\/90637-3\/P1330082.JPG \/><\/a><br \/>\n^ Appennin im Zoom<\/p>\n<p><a href='http:\/\/ski.inmontanis.info\/d\/90640-1\/P1330088.JPG'><img src=http:\/\/ski.inmontanis.info\/d\/90642-3\/P1330088.JPG \/><\/a><br \/>\n^ Nord-West-Pano mit See<\/p>\n<p><a href='http:\/\/ski.inmontanis.info\/d\/90644-1\/P1330089.JPG'><img src=http:\/\/ski.inmontanis.info\/d\/90646-3\/P1330089.JPG \/><\/a><br \/>\n^ West-Pano mit Gardasee. Auch sehr sch\u00f6n.<\/p>\n<p><a href='http:\/\/ski.inmontanis.info\/d\/90648-1\/P1330092.JPG'><img src=http:\/\/ski.inmontanis.info\/d\/90650-3\/P1330092.JPG \/><\/a><br \/>\n^ Pano vom Gipfel ins Flachland mit dem ESL <\/p>\n<p><a href='http:\/\/ski.inmontanis.info\/d\/90653-1\/P1330094.JPG'><img src=http:\/\/ski.inmontanis.info\/d\/90655-3\/P1330094.JPG \/><\/a><br \/>\n^ Freeride-H\u00e4nge vom Gipfel abw\u00e4rts, da fahr ich jetzt ab. Der Smog-Nebel lie\u00df heut leider nicht zu, das Ende des Gardasees zu sehen.<\/p>\n<p><a href='http:\/\/ski.inmontanis.info\/d\/90657-1\/P1330096.JPG'><img src=http:\/\/ski.inmontanis.info\/d\/90659-3\/P1330096.JPG \/><\/a><br \/>\n^ Zoom \u00fcber die Gipfel bis in den Appennin<\/p>\n<p><a href='http:\/\/ski.inmontanis.info\/d\/90661-1\/P1330099.JPG'><img src=http:\/\/ski.inmontanis.info\/d\/90663-3\/P1330099.JPG \/><\/a><br \/>\n^ Abfahrt am See<\/p>\n<p><a href='http:\/\/ski.inmontanis.info\/d\/90665-1\/P1330100.JPG'><img src=http:\/\/ski.inmontanis.info\/d\/90667-3\/P1330100.JPG \/><\/a><br \/>\n^ See-Pano<\/p>\n<p><a href='http:\/\/ski.inmontanis.info\/d\/90669-1\/P1330102.JPG'><img src=http:\/\/ski.inmontanis.info\/d\/90671-3\/P1330102.JPG \/><\/a><br \/>\n^ Die mittlere Spur mit den breiten Schw\u00fcngen ist meine. Will ja die Abfahrt etwas auskosten :)<\/p>\n<p><a href='http:\/\/ski.inmontanis.info\/d\/90673-1\/P1330103.JPG'><img src=http:\/\/ski.inmontanis.info\/d\/90675-3\/P1330103.JPG \/><\/a><br \/>\n^ Unendliche Weiten, die der ESL an Abfahrtsm\u00f6glichkeiten bietet.<\/p>\n<p><a href='http:\/\/ski.inmontanis.info\/d\/90677-1\/P1330105.JPG'><img src=http:\/\/ski.inmontanis.info\/d\/90679-3\/P1330105.JPG \/><\/a><br \/>\n^ Zwischen mir und dem ESL liegt jetzt ein enges Tal, das irgendwie \u00fcberquert werden will &#8211; w\u00e4re wohl besser gewsen, auch dort oben zu queren&#8230;<\/p>\n<p><a href='http:\/\/ski.inmontanis.info\/d\/90681-1\/P1330106.JPG'><img src=http:\/\/ski.inmontanis.info\/d\/90683-3\/P1330106.JPG \/><\/a><br \/>\n^ &#8230; aber da ja schon einige Spuren runter gingen: Hier kann man auch noch mal vorsichtig queren.<\/p>\n<p><a href='http:\/\/ski.inmontanis.info\/d\/90686-1\/P1330107.JPG'><img src=http:\/\/ski.inmontanis.info\/d\/90688-3\/P1330107.JPG \/><\/a><br \/>\n^ Korblift im Gegenlicht<\/p>\n<p><a href='http:\/\/ski.inmontanis.info\/d\/90690-1\/P1330109.JPG'><img src=http:\/\/ski.inmontanis.info\/d\/90692-3\/P1330109.JPG \/><\/a><br \/>\n^ Durch die etwas zu tiefe Querung kam ich nicht mehr zur offiziellen Abfahrt r\u00fcber, aber es war auch hier gut eingefahren und bald kam man wieder zur normalen Abfahrt.<\/p>\n<p><a href='http:\/\/ski.inmontanis.info\/d\/90694-1\/P1330111.JPG'><img src=http:\/\/ski.inmontanis.info\/d\/90696-3\/P1330111.JPG \/><\/a><br \/>\n^ Auf der Talabfahrt<\/p>\n<p><a href='http:\/\/ski.inmontanis.info\/d\/90698-1\/P1330112.JPG'><img src=http:\/\/ski.inmontanis.info\/d\/90700-3\/P1330112.JPG \/><\/a><br \/>\n^ Auf der Talabfahrt<\/p>\n<p><a href='http:\/\/ski.inmontanis.info\/d\/90702-1\/P1330114.JPG'><img src=http:\/\/ski.inmontanis.info\/d\/90704-3\/P1330114.JPG \/><\/a><br \/>\n^ Auf der Talabfahrt<\/p>\n<p><a href='http:\/\/ski.inmontanis.info\/d\/90706-1\/P1330115.JPG'><img src=http:\/\/ski.inmontanis.info\/d\/90708-3\/P1330115.JPG \/><\/a><br \/>\n^ Ende der Talabfahrt, links doch etwas aper, aber der Weg rechts ging noch problemlos.<\/p>\n<p>Nun, inzwischen war es 12 Uhr und ich fand das Skigebiet einfach zu geil, um jetzt wo anders hin zu fahren, und beschloss lieber, hier zu bleiben und nochmal eine komplette Bergfahrkarte zu kaufen. Bis zum Ende des Tages kam dann noch eine komplette Bergfahrkarte und eine ESL-Bergfahrkarte dazu, was eine Gesamtsumme von 39,- ausmachte, gerade noch so im Annehmbaren f\u00fcr einen Tag skifahren also :)<\/p>\n<p><a href='http:\/\/ski.inmontanis.info\/d\/90710-1\/P1330116.JPG'><img src=http:\/\/ski.inmontanis.info\/d\/90712-3\/P1330116.JPG \/><\/a><br \/>\n^ Gegen Mittag schoben sich so langsam Wolken \u00fcber den See.<\/p>\n<p><a href='http:\/\/ski.inmontanis.info\/d\/90714-1\/P1330125.JPG'><img src=http:\/\/ski.inmontanis.info\/d\/90716-3\/P1330125.JPG \/><\/a><br \/>\n^ Zoom in die Berge jenseits des Gardasees<\/p>\n<p><a href='http:\/\/ski.inmontanis.info\/d\/90718-1\/P1330126.JPG'><img src=http:\/\/ski.inmontanis.info\/d\/90720-3\/P1330126.JPG \/><\/a><br \/>\n^ Korblift-Pano in Verblasst-Optik mit dem langen Spannfeld vor der Mittelstation<\/p>\n<p><a href='http:\/\/ski.inmontanis.info\/d\/90722-1\/P1330127.JPG'><img src=http:\/\/ski.inmontanis.info\/d\/90724-3\/P1330127.JPG \/><\/a><br \/>\n^ ESL-Strecke<\/p>\n<p>Was mir erst heuer, bei meinem 3. Besuch so richtig aufgefallen ist: Wie liebevoll-retro doch die ganze Anlage renoviert wurde. So wurden an den St\u00fctzen keine Seilanhebeb\u00f6cke installiert und die Nummerierung auf den K\u00f6rben, Einersesseln und St\u00fctzen erfolgte altmodisch mit alten Schriftschablonen.<\/p>\n<p><a href='http:\/\/ski.inmontanis.info\/d\/90726-1\/P1330129.JPG'><img src=http:\/\/ski.inmontanis.info\/d\/90728-3\/P1330129.JPG \/><\/a><br \/>\n^ Altert\u00fcmliche ESL-Nummerierung<\/p>\n<p><a href='http:\/\/ski.inmontanis.info\/d\/90730-1\/P1330130.JPG'><img src=http:\/\/ski.inmontanis.info\/d\/90732-3\/P1330130.JPG \/><\/a><br \/>\n^ Altmodische Nummerierung an den St\u00fctzen. Retro-Restaurierung bis ins letzte Detail!<\/p>\n<p><a href='http:\/\/ski.inmontanis.info\/d\/90734-1\/P1330135.JPG'><img src=http:\/\/ski.inmontanis.info\/d\/90736-3\/P1330135.JPG \/><\/a><br \/>\n^ Bergstation ESL<\/p>\n<p><a href='http:\/\/ski.inmontanis.info\/d\/90738-1\/P1330138.JPG'><img src=http:\/\/ski.inmontanis.info\/d\/90740-3\/P1330138.JPG \/><\/a><br \/>\n^ Zoom in die Lombardei. Ich seh hier einige Lifte. Der  wei\u00dfe Berg mittig-rechts k\u00f6nnte das Maniva-Skigebiet sein? Genau dahinter meine ich eine Lifttrasse zu sehen, aber was sollte das sein?!<\/p>\n<p><a href='http:\/\/ski.inmontanis.info\/d\/90742-1\/P1330151.JPG'><img src=http:\/\/ski.inmontanis.info\/d\/90744-3\/P1330151.JPG \/><\/a><br \/>\n^ ESL-Pano im Hochformat<\/p>\n<p><a href='http:\/\/ski.inmontanis.info\/d\/90746-1\/P1330152.JPG'><img src=http:\/\/ski.inmontanis.info\/d\/90748-3\/P1330152.JPG \/><\/a><br \/>\n^ ESL und seine unz\u00e4hligen Abfahrtsm\u00f6glichkeiten<\/p>\n<p><a href='http:\/\/ski.inmontanis.info\/d\/90750-1\/P1330156.JPG'><img src=http:\/\/ski.inmontanis.info\/d\/90752-3\/P1330156.JPG \/><\/a><br \/>\n^ Graffer&#8217;sche ESL-St\u00fctze im Hochformat<\/p>\n<p><a href='http:\/\/ski.inmontanis.info\/d\/90754-1\/P1330157.JPG'><img src=http:\/\/ski.inmontanis.info\/d\/90756-3\/P1330157.JPG \/><\/a><br \/>\n^ Mittelstation<\/p>\n<p><a href='http:\/\/ski.inmontanis.info\/d\/90758-1\/P1330166.JPG'><img src=http:\/\/ski.inmontanis.info\/d\/90760-3\/P1330166.JPG \/><\/a><br \/>\n^ Graffer-Bergstation des rechten, l\u00e4ngeren SL, im Hintergrund die Mittelstation<\/p>\n<p><a href='http:\/\/ski.inmontanis.info\/d\/90762-1\/P1330168.JPG'><img src=http:\/\/ski.inmontanis.info\/d\/90764-3\/P1330168.JPG \/><\/a><br \/>\n^ Ex-SL und Korblift<\/p>\n<p><a href='http:\/\/ski.inmontanis.info\/d\/90766-1\/P1330169.JPG'><img src=http:\/\/ski.inmontanis.info\/d\/90768-3\/P1330169.JPG \/><\/a><br \/>\n^ Unterhalb des Ex-SLs mit Blick zu den oberen Freerideh\u00e4ngen<\/p>\n<p><a href='http:\/\/ski.inmontanis.info\/d\/90770-1\/P1330171.JPG'><img src=http:\/\/ski.inmontanis.info\/d\/90772-3\/P1330171.JPG \/><\/a><br \/>\n^ Auf der Talabfahrt<\/p>\n<p><a href='http:\/\/ski.inmontanis.info\/d\/90774-1\/P1330173.JPG'><img src=http:\/\/ski.inmontanis.info\/d\/90776-3\/P1330173.JPG \/><\/a><br \/>\n^ Auf der Talabfahrt<\/p>\n<p><a href='http:\/\/ski.inmontanis.info\/d\/90778-1\/P1330174.JPG'><img src=http:\/\/ski.inmontanis.info\/d\/90780-3\/P1330174.JPG \/><\/a><br \/>\n^ Talabfahrt, obere Weg-Querung, nur unwesentlich aper. Interessanter fand ich, was da links liegt, gr\u00fcn, an einem Baum gelegt&#8230;<\/p>\n<p><a href='http:\/\/ski.inmontanis.info\/d\/90782-1\/P1330175.JPG'><img src=http:\/\/ski.inmontanis.info\/d\/90784-3\/P1330175.JPG \/><\/a><br \/>\n^ Matten!! Ja wo kommen die denn her? Waren die einst, um diese oft apere Stelle der Talabfahrt zu \u00fcberbr\u00fccken? Oder gab oder gibt es gar eine Sommer-Rodelbahn? Oder Sommer-Skipiste?<\/p>\n<p><a href='http:\/\/ski.inmontanis.info\/d\/90786-1\/P1330188.JPG'><img src=http:\/\/ski.inmontanis.info\/d\/90788-3\/P1330188.JPG \/><\/a><br \/>\n^ Um 14 Uhr gab es dann eine Sandwich-Bew\u00f6lkung: Oben und unten zu.<\/p>\n<p><a href='http:\/\/ski.inmontanis.info\/d\/90790-1\/P1330190.JPG'><img src=http:\/\/ski.inmontanis.info\/d\/90792-3\/P1330190.JPG \/><\/a><br \/>\n^ Korblift und komplette Strecke des ESL<\/p>\n<p><a href='http:\/\/ski.inmontanis.info\/d\/90794-1\/P1330196.JPG'><img src=http:\/\/ski.inmontanis.info\/d\/90796-3\/P1330196.JPG \/><\/a><br \/>\n^ Licht am Ende des Tunnels &#8211; im Appennin scheint die Sonne.<\/p>\n<p><a href='http:\/\/ski.inmontanis.info\/d\/90798-1\/P1330201.JPG'><img src=http:\/\/ski.inmontanis.info\/d\/90800-3\/P1330201.JPG \/><\/a><br \/>\n^ Diese Wetterschicht gibt auch dem ESL einen interessanten Touch&#8230;<\/p>\n<p><a href='http:\/\/ski.inmontanis.info\/d\/90802-1\/P1330202.JPG'><img src=http:\/\/ski.inmontanis.info\/d\/90804-3\/P1330202.JPG \/><\/a><br \/>\n^ Der Blick zu den Westalpen blieb mir heute leider verwehrt. Monte Rosa und Monviso sollten an guten Tagen sichtbar sein. Der Gardasee ist inzwischen jedenfalls unter der Suppe.<\/p>\n<p><a href='http:\/\/ski.inmontanis.info\/d\/90806-1\/P1330205.JPG'><img src=http:\/\/ski.inmontanis.info\/d\/90808-3\/P1330205.JPG \/><\/a><br \/>\n^ .. w\u00e4hrend auch weiter n\u00f6rdlich noch pr\u00e4chtigst die Sonne scheint. Hmpf.<\/p>\n<p><a href='http:\/\/ski.inmontanis.info\/d\/90810-1\/P1330215.JPG'><img src=http:\/\/ski.inmontanis.info\/d\/90812-3\/P1330215.JPG \/><\/a><br \/>\n^ Blick zum ESL und dem Gipfel von den rechten Varianten.<\/p>\n<p><a href='http:\/\/ski.inmontanis.info\/d\/90814-1\/P1330219.JPG'><img src=http:\/\/ski.inmontanis.info\/d\/90816-3\/P1330219.JPG \/><\/a><br \/>\n^ F\u00fcr diese Abfahrt folgte ich anderen Spuren, die mitten durch den Wald gingen, hier an der Querung zum Korblift. Ja, es geht geradeaus weiter :-)<\/p>\n<p><a href='http:\/\/ski.inmontanis.info\/d\/90818-1\/P1330222.JPG'><img src=http:\/\/ski.inmontanis.info\/d\/90820-3\/P1330222.JPG \/><\/a><br \/>\n^ Hier durch den Wald hat der Schnee so gerade gereicht.<\/p>\n<p><a href='http:\/\/ski.inmontanis.info\/d\/90822-1\/P1330224.JPG'><img src=http:\/\/ski.inmontanis.info\/d\/90824-3\/P1330224.JPG \/><\/a><br \/>\n^ .. um danach in einen gr\u00f6\u00dferen Weg einzum\u00fcnden. Vermutlich gibt es auch hier noch viele weitere Varianten&#8230;.<\/p>\n<p><a href='http:\/\/ski.inmontanis.info\/d\/90826-1\/P1330228.JPG'><img src=http:\/\/ski.inmontanis.info\/d\/90828-3\/P1330228.JPG \/><\/a><br \/>\n^ Zum Schluss bin ich noch zur Bergstation des unteren SL aufgestiegen, hier an der linken blauen Abfahrt.<\/p>\n<p><a href='http:\/\/ski.inmontanis.info\/d\/90830-1\/P1330230.JPG'><img src=http:\/\/ski.inmontanis.info\/d\/90832-3\/P1330230.JPG \/><\/a><br \/>\n^ Bergstation des unteren SL<\/p>\n<p><a href='http:\/\/ski.inmontanis.info\/d\/90834-1\/P1330232.JPG'><img src=http:\/\/ski.inmontanis.info\/d\/90836-3\/P1330232.JPG \/><\/a><br \/>\n^ SL-Trasse des unteren SL<\/p>\n<p><a href='http:\/\/ski.inmontanis.info\/d\/90838-1\/P1330233.JPG'><img src=http:\/\/ski.inmontanis.info\/d\/90840-3\/P1330233.JPG \/><\/a><br \/>\n^ Irgendein sonnenbestrahlter Gipfel im Zoom (vmtl. zu den Brenta-Dolomiten geh\u00f6rig?)<\/p>\n<p><a href='http:\/\/ski.inmontanis.info\/d\/90842-1\/P1330235.JPG'><img src=http:\/\/ski.inmontanis.info\/d\/90844-3\/P1330235.JPG \/><\/a><br \/>\n^ So schaut das Gel\u00e4nde hinter dem unteren SL aus, w\u00fcrd mich nicht wundern, wenn man hier auch noch irgendwie von oben durch den Wald k\u00e4me.<\/p>\n<p><a href='http:\/\/ski.inmontanis.info\/d\/90846-1\/P1330237.JPG'><img src=http:\/\/ski.inmontanis.info\/d\/90848-3\/P1330237.JPG \/><\/a><br \/>\n^ Abfahrt am unteren SL<\/p>\n<p><a href='http:\/\/ski.inmontanis.info\/d\/90850-1\/P1330238.JPG'><img src=http:\/\/ski.inmontanis.info\/d\/90852-3\/P1330238.JPG \/><\/a><br \/>\n^ Abfahrt am unteren SL, der obere Verlauf ist nicht mehr wirklich aus zu machen&#8230;<\/p>\n<p><a href='http:\/\/ski.inmontanis.info\/d\/90854-1\/P1330240.JPG'><img src=http:\/\/ski.inmontanis.info\/d\/90856-3\/P1330240.JPG \/><\/a><br \/>\n^ Der ganze Spass war mir 3 Bergfahrten \u00e0 11,- und 1 Bergfahrt \u00e0 6,- wert.<\/p>\n<p><a href='http:\/\/ski.inmontanis.info\/d\/90511-1\/ge_prada20081231.jpg'><img src=http:\/\/ski.inmontanis.info\/d\/90513-3\/ge_prada20081231.jpg \/><\/a><br \/>\n^ GPS-Track.. 3x komplette Abfahrt und 1x am ESL. Ich h\u00e4tt&#8217;s hier noch mind. 2 Tage ausgehalten, einfach nur geil.<\/p>\n<p>Fazit: Eins der kaum zu toppenden Highlights f\u00fcr diese Skisaison, schade, dass der Liftbetrieb dort schon wieder Winter-Saisonende hat, ich w\u00e4re zu gern noch einige Male heuer dort vorbeigefahren. Bei der n\u00e4chsten Gelegenheit werde ich gewiss wieder zur\u00fcckkehren, und wenn ich mir f\u00fcr 60,- Bergfahrtickets kaufen muss, dieses, <em>und nur dieses Skigebiet<\/em>, ist mir das Wert.<\/p>\n","protected":false},"excerpt":{"rendered":"<p>Eins der kaum zu toppenden Highlights f\u00fcr diese Skisaison, schade, dass der Liftbetrieb dort schon wieder Winter-Saisonende hat, ich w\u00e4re zu gern noch einige Male heuer dort vorbeigefahren. Bei der n\u00e4chsten Gelegenheit werde ich gewiss wieder zur\u00fcckkehren, und wenn ich mir f\u00fcr 60,- Bergfahrtickets kaufen muss, dieses, <em>und nur dieses Skigebiet<\/em>, ist mir das Wert. <a href=\"http:\/\/blog.inmontanis.info\/?p=515\">[&#8230;]<\/a><\/p>\n","protected":false},"author":1,"featured_media":0,"comment_status":"open","ping_status":"closed","sticky":false,"template":"","format":"standard","meta":{"footnotes":""},"categories":[24,15,59,420,27,32],"tags":[35,63,45],"class_list":["post-515","post","type-post","status-publish","format-standard","hentry","category-tagestour","category-italienitaly","category-nostalgie","category-prada-costabella","category-skifahren-winterskiing-winter","category-lostplaces","tag-esl","tag-korblift","tag-see","odd"],"_links":{"self":[{"href":"http:\/\/blog.inmontanis.info\/index.php?rest_route=\/wp\/v2\/posts\/515","targetHints":{"allow":["GET"]}}],"collection":[{"href":"http:\/\/blog.inmontanis.info\/index.php?rest_route=\/wp\/v2\/posts"}],"about":[{"href":"http:\/\/blog.inmontanis.info\/index.php?rest_route=\/wp\/v2\/types\/post"}],"author":[{"embeddable":true,"href":"http:\/\/blog.inmontanis.info\/index.php?rest_route=\/wp\/v2\/users\/1"}],"replies":[{"embeddable":true,"href":"http:\/\/blog.inmontanis.info\/index.php?rest_route=%2Fwp%2Fv2%2Fcomments&post=515"}],"version-history":[{"count":4,"href":"http:\/\/blog.inmontanis.info\/index.php?rest_route=\/wp\/v2\/posts\/515\/revisions"}],"predecessor-version":[{"id":9008,"href":"http:\/\/blog.inmontanis.info\/index.php?rest_route=\/wp\/v2\/posts\/515\/revisions\/9008"}],"wp:attachment":[{"href":"http:\/\/blog.inmontanis.info\/index.php?rest_route=%2Fwp%2Fv2%2Fmedia&parent=515"}],"wp:term":[{"taxonomy":"category","embeddable":true,"href":"http:\/\/blog.inmontanis.info\/index.php?rest_route=%2Fwp%2Fv2%2Fcategories&post=515"},{"taxonomy":"post_tag","embeddable":true,"href":"http:\/\/blog.inmontanis.info\/index.php?rest_route=%2Fwp%2Fv2%2Ftags&post=515"}],"curies":[{"name":"wp","href":"https:\/\/api.w.org\/{rel}","templated":true}]}}