{"id":5142,"date":"2018-07-22T20:59:03","date_gmt":"2018-07-22T18:59:03","guid":{"rendered":"http:\/\/blog.inmontanis.info\/?p=5142"},"modified":"2023-07-01T20:57:39","modified_gmt":"2023-07-01T18:57:39","slug":"hintertuxer-gletscher-22-7-2018-und-anderes","status":"publish","type":"post","link":"http:\/\/blog.inmontanis.info\/?p=5142","title":{"rendered":"Hintertuxer Gletscher, 22.7.2018 (+ Samyang 20\/1.8)"},"content":{"rendered":"<p><strong>22.7.2018<\/strong><\/p>\n<p>Die Wettervorhersagen waren f\u00fcr dieses Wochenende zur Abwechslung mal nicht gut, sondern schlecht. Wenn die Vorhersagen f\u00fcr Frankreich, Stelvio oder M\u00f6lltaler stabil sonnig gewesen w\u00e4ren, w\u00e4re ich wohl in eine von diesen Gegenden gefahren. So blieb ich halt daheim, wollte aber nur entweder Samstag oder Sonntag auf den Hintertuxer fahren. Die Vorhersagen schienen mir f\u00fcr Sonntag etwas besser (weniger Regen), aber als ich die Webcambilder am Samstag Mittag gesehen hab (kaum Nebel im Skigebiet), war&#8217;s mir schon klar, dass das die falsche Entscheidung war.<\/p>\n<p>Das war aber noch nicht mal das eigentliche Problem heute: Ich hatte meine Sommerski-Regenhose vergessen, evtl. durch die ganzen Umbauarbeiten am Ignis und den gestrigen Wohnungsaufr\u00e4um- und -ausmistarbeiten. Im Qubo hatte ich immer die alte als Nothose (und eine alte Skihose im Winter) gelagert, allerdings ist die gerade bei meinem Vater zur Wiederaufbereitung. In den 3 Gesch\u00e4ften in Hintertux h\u00e4tte es nur im Intersport eine Regenhose gegeben, die mir aber um 40,- \u20ac f\u00fcr den heutigen schlechten Tag zu hoch war, insb. weil ich mir erst letztens eine neue Regenhose f\u00fcr den Weg zur Arbeit gekauft hatte und somit momentan keine neue brauche.<\/p>\n<p>Also dachte ich, ich versuch&#8217;s mal auf &#8220;Trincerone Art&#8221; nur mit Jeans. Was bei dem feucht-k\u00fchlen Wetter und dem nassen Schnee nat\u00fcrlich keine gute Idee war. Bei jeder Kurve spritzt der Schnee auf die Jeans. Und durch den Wind und ohne langer Unterhose war&#8217;s an den Oberschenkeln ziemlich frisch. Nach der ersten Fahrt am Olperer-SL band ich mir ein Handtuch um, das ich eingesteckt hatte. Da kommen einem dann so Gedanken wie .. fahren Schotten im Winter auch im Kilt? Und im Fr\u00fchjahr unten rum ohne?<\/p>\n<p>Die leichte (linke) Abfahrt am Olperer war dann auch die einzige Piste, die f\u00fcr mich fahrbar war, weil frische Pistenraupenspur (nebendran pappiger Neuschnee) und flacher &#8211; somit spritzte der Schnee nicht so hoch. Wobei auch die Abfahrt dann runter zum TFH nicht so tief aufgefahren war. Gegen Mittag kaufte ich mir im TFH wieder einen Salat, aber als ich danach nochmal rauf fuhr nieselte es &#8211; und zusammen mit dem hochspritzenden Schnee hatte es in der Jeans-Bekleidung einfach keinen Sinn mehr und so hab ich aufgeh\u00f6rt. (Mit Regenhose und Regenjacke w\u00e4re ich wohl noch etwas geblieben.)<\/p>\n<p><a href='http:\/\/ski.inmontanis.info\/d\/249416-2\/DSC02319.jpg'><img src=http:\/\/ski.inmontanis.info\/d\/249415-3\/DSC02319.jpg \/><\/a><br \/>\n^ Standard-Blick von Sektion 1, der Nebel ging dann bald bis zum TFH runter. Offpiste hab ich heute nicht versucht, ob der Schnee n\u00e4chste Woche noch f\u00fcr die Gondelvarianten reichen wird, ist fraglich.<\/p>\n<p><a href='http:\/\/ski.inmontanis.info\/d\/249420-2\/DSC02321.jpg'><img src=http:\/\/ski.inmontanis.info\/d\/249419-3\/DSC02321.jpg \/><\/a><br \/>\n^ GB3-Zufahrt, na das ging ja schnell jetzt &#8211; die letzten Tage waren wohl sehr Schnee fressend :-(<br \/>\n(F\u00fcr das Bild allein hatte sich das Kommen heute gelohnt.)<\/p>\n<p><a href='http:\/\/ski.inmontanis.info\/d\/249424-2\/DSC02331.jpg'><img src=http:\/\/ski.inmontanis.info\/d\/249423-3\/DSC02331.jpg \/><\/a><br \/>\n^ Regenhose vergessen, Jeans allein waren etwas kalt, warum nicht mal ein Handtuch rumbinden und sich vorkommen als h\u00e4tte man einen Rock an .. \u00e4h nein, wird nicht zu meinem Markenzeichen werden, Regenhose ist besser :-)<\/p>\n<p>Weitere Fotos im Skigebiet haben keinen Sinn gemacht, weil \u00fcberall Nebel. <\/p>\n<p><a href='http:\/\/ski.inmontanis.info\/d\/249428-2\/DSC02334.jpg'><img src=http:\/\/ski.inmontanis.info\/d\/249427-3\/DSC02334.jpg \/><\/a><br \/>\n^ Als ich runter fuhr, waren eine ganze Menge Wanderer an der Kasse.. bei dem Wetter?!<\/p>\n<p>&#8212;<\/p>\n<p>Im Ignis hatte ich gestern mein Gestell samt Klo mal eingebaut und den Boden beladen (Werkzeug, T\u00fcten), Ersatzrad verzurrt. Die (leere) Testfahrt heute verlief soweit positiv, n\u00e4chstes WE werde ich dann mal noch mit Koffer und Bett fahren und schauen, ob mir noch irgendwas (nerviges) auff\u00e4llt. <\/p>\n<p><a href='http:\/\/extra.inmontanis.info\/d\/47676-2\/IMG_4973.jpg'><img src=http:\/\/extra.inmontanis.info\/d\/47675-3\/IMG_4973.jpg \/><\/a><br \/>\n(Den verl\u00e4ngerten Winkel zwischen Boden und rechter Seite hab ich mittlerweile zus\u00e4tzlich zu den Holzschrauben rechts noch mit einer durchgehenden Schraube samt Mutter gesichert)<\/p>\n<p>Nebenbei hatte ich mir vergangene Woche ein neues Objektiv um 438,- \u20ac gekauft, also vergleichsweise recht g\u00fcnstig. Hauptgrund war, dass ich f\u00fcr Nachtfotos (&#8220;ch&#8221; nicht &#8220;ck&#8221;) ein lichtst\u00e4rkeres Weitwinkelobjektiv um die 16-24mm haben wollte. Aktuell verwendete ich ja normalerweise (tags\u00fcber und nachts) zwei alte Canon-FD-Objektive:<br \/>\n&#8211; das RMC Tokina 17mm mit den netten Flares, mir bei f\/3.5 zu unscharf und somit erst ab 5.6 vern\u00fcnftig einsetzbar<br \/>\n&#8211; das Canon FD 28mm\/2.8, das mir auch erst ab f\/4 gefiel und das ich beim Nachtskifahren gerne mit dem Stern\/Glitzerfilter erg\u00e4nzt hatte.<\/p>\n<p>(Das Samyang 8mm &#8211; Fisheye, das ich fr\u00fcher auf der Nex hatte, ist ja auf der Kleinbildvollformat-A7ii nicht so wirklich lohnenswert verwendbar.)<\/p>\n<p>Von alten Linsen via Adapter gibt es im Bereich 16-24mm mit f\/2 oder weniger ja nicht wirklich viel zur Auswahl, andererseits wollte ich mir auch kein neues, automatisches Objektiv kaufen, erst recht nicht um 1000 \u20ac oder mehr. Wozu brauch ich einen Autofokus bei so einem Weitwinkel, bei >95% meiner Fotos steht der auf unendlich, selbst beim o.g. 28mm Canon. Allerdings hatte ich auch gar nicht lang die teuren Objektive angesehen.<\/p>\n<p>Samyang h\u00e4tte &#8220;mit eingebauten Adapter auf Sony E&#8221; 2 manuelle Objektive in dem Bereich, 24mm\/1.4 und 20mm\/1.8. Lt. Berichten im Web sollen beide sehr gut sein, recht scharf offenblende und noch sch\u00e4rfer kurz dahinter &#8211; und im Bereich f\/4-5.6 am sch\u00e4rfsten. Dass ich mich f\u00fcr das 20mm Objektiv entschieden hab, lag haupts\u00e4chlich an den Blendenlamellen: 7 Lamellen ergeben 14 Strahlen &#8211; im Gegensatz zu den 8 Lamellen beim 24mm Objektiv, da bleiben es dann 8 Strahlen. Und 14 Strahlen sind halt sch\u00f6ner als 8 und seit meinem Canon 28 wei\u00df ich, dass sich die Strahlen bei gro\u00dfer Blende (kleiner Zahl) erst mal zu filigranen Sternstrahlen \u00fcberlagern, bevor sie dann wieder unsch\u00f6ner werden und dann bei kleiner Blende richtige Sterne werden. Im Gegensatz zu einer geraden Anzahl an Lamellen, die kontinuierlich sch\u00e4rfer.<\/p>\n<p>Allerdings ist das Objektiv wesentlich gr\u00f6\u00dfer und schwerer als gedacht, wird sich also zeigen, ob das mein neues Immerdrauf-Objektiv wird oder nicht. Sicher, 17+28er k\u00f6nnen dann daheim bleiben, aber welches ich dann als Tele\/Zoom mitnehme, ist fraglich (f\u00fcr das 70-300er br\u00e4uchte ich weiterhin den Canon-FD-Adapter = in Summe etwas lang f\u00fcr den Rucksack), das Mamiya-50er (M42) k\u00f6nnte manchmal brauchbar und manchmal etwas zu kurz sein und das Zeiss 135er (M42) k\u00f6nnte mal zu kurz und mal zu lang sein (da musste ich jetzt erst mal mit dem Hammer draufschlagen, weil der Blendenmechanismus hing), wobei ich f\u00fcr M42 ja noch ein 50mm-UDSSR-Pancake h\u00e4tte, das winzig und federleicht ist, aber wg. der etwas schlechteren Qualit\u00e4t zum Mamiya und der weichen Blendeneinstellung (kein Raster) bisher meist daheim blieb, aber in Kombi mit dem 135er wieder Sinn machen k\u00f6nnte .. (Was die Bildqualit\u00e4t anging, hatte ein Crop aus dem 135er fast genauso viel Details wie von dem 70-300er, wenn ich mich recht erinnere. Allerdings schl\u00e4gt die Infinity-Einstellung an, was bei manchen IR-Fotos schlecht ist.)<\/p>\n<p>Einige Testfotos schauen soweit mal gut aus, bei Offenblende 1.8 ist es bei 1:1 schon etwas unscharf, sp\u00e4testens bei 2.8 aber scharf und die Blendensterne sind dann auch sch\u00f6n. Vignettierung ist recht \u00e4hnlich stark zu meinen bisherigen Objektiven, allerdings wohl farbloser und komischerweise etwas versetzt (obere Ecken vignettieren st\u00e4rker als die unteren) und verglichen mit meinen alten Objektiven brauch ich im Zuge der Bildbearbeitung wohl auch keine so gro\u00dfe Kontrastverst\u00e4rkung mehr. CA muss daf\u00fcr etwas im Rot\/Cyan-Bereich korrigiert werden.<\/p>\n<p>Zum Filmen beim Skifahren am Stativ-Stecken ist das 17er allerdings besser, weil leichter (366g vs. 554g) und durch die 17 statt 20mm noch etwas besser im Hinblick auf die Verwacklungen. Also ich werd jetzt mal das neue 20er und das 135er (und das kleine UDSSR-Pancake) einstecken, solang ich die IR-Cam nicht dabei hab. Ansonsten mal schauen, ob mir das 28er auf der IR-Nex reicht (wg. APS-C 42mm), evtl. schraub ich dann den Canon-Adapter auf die IR-Nex, wo ich ja momentan das automatische Kit-Objektiv drauf hatte, wo auch bei IR meist der Autofokus funktionierte (aber halt nicht immer).<\/p>\n<p><a href='http:\/\/extra.inmontanis.info\/d\/47664-2\/DSC02259.jpg'><img src=http:\/\/extra.inmontanis.info\/d\/47663-3\/DSC02259.jpg \/><\/a><br \/>\nmeine Standardobjektive in letzter Zeit, vlnr:<br \/>\nVivitar MC 70-300mm \/ Canon-FD, bisher meist dabei<br \/>\nMamiya Sekor 50mm \/ M42, bisher meist dabei<br \/>\nRMC Tokina 17mm \/ Canon-FD, bisher immer dabei<br \/>\nCanon 28mm \/ Canon-FD inkl. FD-E-Adapter, bisher immer dabei<br \/>\nund das neue Samyang 20mm \/ Sony-E (schwer, dick und lang, der Adapter ist fix drauf; der rote Metall-Ring schaut nat\u00fcrlich auch nett aus) <\/p>\n<p><a href='http:\/\/extra.inmontanis.info\/d\/47668-2\/DSC02305.jpg'><img src=http:\/\/extra.inmontanis.info\/d\/47667-3\/DSC02305.jpg \/><\/a><br \/>\n^ Samyang 20mm \/ f1.8 &#8211; eignet sich auch f\u00fcr Makroaufnahmen (Das Ende vom Objektiv lag an der unteren Bildkante auf der Tastatur auf, die Sch\u00e4rfe liegt also ca. 6cm vor dem Objektiv, krass)<\/p>\n<p><a href='http:\/\/extra.inmontanis.info\/d\/47672-2\/Samyang_Blendensterne_001.jpg'><img src=http:\/\/extra.inmontanis.info\/d\/47671-3\/Samyang_Blendensterne_001.jpg \/><\/a><br \/>\n^ Blendenstern-Test Samyang 20mm, Bilder ausgeschnitten, als Lichtquelle diente die LED vom iPhone 5S. Bei f\/2.8 und eins drunter sind die Strahlen sch\u00f6n filigran \u00e4hnlich wie bei meinem Canon FD, aber evtl. sch\u00f6ner, auch nach f\/11 sind sie sch\u00f6ner (klarer\/sch\u00e4rfer). Bin schon gespannt auf die ersten Nacht-Eins\u00e4tze dann im Sommerurlaub. Und auf den n\u00e4chsten Polarlicht-Einsatz in Skandinavien, wann immer der sein wird.<\/p>\n","protected":false},"excerpt":{"rendered":"<p>22.7.2018<\/p>\n<p>Die Wettervorhersagen waren f\u00fcr dieses Wochenende zur Abwechslung mal nicht gut, sondern schlecht. Wenn die Vorhersagen f\u00fcr Frankreich, Stelvio oder M\u00f6lltaler stabil sonnig gewesen w\u00e4ren, w\u00e4re ich wohl in eine von diesen Gegenden gefahren. So blieb ich halt daheim, wollte aber nur entweder Samstag oder Sonntag auf den Hintertuxer fahren. Die Vorhersagen schienen mir <a href=\"http:\/\/blog.inmontanis.info\/?p=5142\">[&#8230;]<\/a><\/p>\n","protected":false},"author":1,"featured_media":0,"comment_status":"closed","ping_status":"closed","sticky":false,"template":"","format":"standard","meta":{"footnotes":""},"categories":[246,25,13,28],"tags":[],"class_list":["post-5142","post","type-post","status-publish","format-standard","hentry","category-hintertux","category-noreport","category-austria","category-skifahren-sommer","odd"],"_links":{"self":[{"href":"http:\/\/blog.inmontanis.info\/index.php?rest_route=\/wp\/v2\/posts\/5142","targetHints":{"allow":["GET"]}}],"collection":[{"href":"http:\/\/blog.inmontanis.info\/index.php?rest_route=\/wp\/v2\/posts"}],"about":[{"href":"http:\/\/blog.inmontanis.info\/index.php?rest_route=\/wp\/v2\/types\/post"}],"author":[{"embeddable":true,"href":"http:\/\/blog.inmontanis.info\/index.php?rest_route=\/wp\/v2\/users\/1"}],"replies":[{"embeddable":true,"href":"http:\/\/blog.inmontanis.info\/index.php?rest_route=%2Fwp%2Fv2%2Fcomments&post=5142"}],"version-history":[{"count":6,"href":"http:\/\/blog.inmontanis.info\/index.php?rest_route=\/wp\/v2\/posts\/5142\/revisions"}],"predecessor-version":[{"id":5148,"href":"http:\/\/blog.inmontanis.info\/index.php?rest_route=\/wp\/v2\/posts\/5142\/revisions\/5148"}],"wp:attachment":[{"href":"http:\/\/blog.inmontanis.info\/index.php?rest_route=%2Fwp%2Fv2%2Fmedia&parent=5142"}],"wp:term":[{"taxonomy":"category","embeddable":true,"href":"http:\/\/blog.inmontanis.info\/index.php?rest_route=%2Fwp%2Fv2%2Fcategories&post=5142"},{"taxonomy":"post_tag","embeddable":true,"href":"http:\/\/blog.inmontanis.info\/index.php?rest_route=%2Fwp%2Fv2%2Ftags&post=5142"}],"curies":[{"name":"wp","href":"https:\/\/api.w.org\/{rel}","templated":true}]}}