{"id":5136,"date":"2018-07-15T22:05:33","date_gmt":"2018-07-15T20:05:33","guid":{"rendered":"http:\/\/blog.inmontanis.info\/?p=5136"},"modified":"2023-07-01T20:57:36","modified_gmt":"2023-07-01T18:57:36","slug":"hintertuxer-gletscher-14-15-7-2018","status":"publish","type":"post","link":"http:\/\/blog.inmontanis.info\/?p=5136","title":{"rendered":"Hintertuxer Gletscher, 14.+15.7.2018"},"content":{"rendered":"<p><strong>14.+15.7.2018<\/strong><\/p>\n<p>&#8220;Wie \u00fcblich&#8221; h\u00e4tte Bergfex bis Freitag mal wieder sehr sonnig f\u00fcrs WE gemeldet &#8211; kurzfristig ge\u00e4ndert und die Sonne zeigte sich jeweils nur f\u00fcr ein paar Minuten. Immerhin Wolkendecke statt Nebel. Schnee war an beiden Tagen schon morgens eher weich, am Sonntag weicher. Daf\u00fcr war am Sonntag weniger los, so dass man f\u00fcr &#8216;ne Stunde am Olperer ganz nette Verh\u00e4ltnisse ohne tiefe, nervige Spuren hatte.<\/p>\n<p>Offpiste wird der Zackenschnee immer schlimmer, ging aber am Sonntag auch etwas besser, weil weicher. Da es zu Mittag jeweils recht schwer bzw. am Sonntag dann recht bremsig wurde, hab ich so gegen Mittag aufgeh\u00f6rt. <\/p>\n<p><a href='http:\/\/ski.inmontanis.info\/d\/249356-2\/DSC02193.jpg'><img src=http:\/\/ski.inmontanis.info\/d\/249355-3\/DSC02193.jpg \/><\/a><br \/>\n^ GB2-Zufahrt<\/p>\n<p><a href='http:\/\/ski.inmontanis.info\/d\/249360-2\/DSC02194.jpg'><img src=http:\/\/ski.inmontanis.info\/d\/249359-3\/DSC02194.jpg \/><\/a><br \/>\n^ TFH-Hang-Ende<\/p>\n<p><a href='http:\/\/ski.inmontanis.info\/d\/249364-2\/DSC02201.jpg'><img src=http:\/\/ski.inmontanis.info\/d\/249363-3\/DSC02201.jpg \/><\/a><br \/>\n^ Steinfang-Graben unter der DSB<\/p>\n<p><a href='http:\/\/ski.inmontanis.info\/d\/249368-2\/DSC02205.jpg'><img src=http:\/\/ski.inmontanis.info\/d\/249367-3\/DSC02205.jpg \/><\/a><br \/>\n^ GW-SL linkes Trainingsgel\u00e4nde<\/p>\n<p><a href='http:\/\/ski.inmontanis.info\/d\/249372-2\/DSC02207.jpg'><img src=http:\/\/ski.inmontanis.info\/d\/249371-3\/DSC02207.jpg \/><\/a><br \/>\n^ TFH-Abfahrt<\/p>\n<p><a href='http:\/\/ski.inmontanis.info\/d\/249376-2\/DSC02209.jpg'><img src=http:\/\/ski.inmontanis.info\/d\/249375-3\/DSC02209.jpg \/><\/a><br \/>\n^ Mal gespannt, wie sich das in den n\u00e4chsten Wochen entwickelt<\/p>\n<p><a href='http:\/\/ski.inmontanis.info\/d\/249380-2\/DSC02215.jpg'><img src=http:\/\/ski.inmontanis.info\/d\/249379-3\/DSC02215.jpg \/><\/a><br \/>\n^ Nicht nur viel Sand (braun), anscheinend gibt&#8217;s heuer auch viele Algen (rot) &#8230;<\/p>\n<p><a href='http:\/\/ski.inmontanis.info\/d\/249384-2\/DSC02216.jpg'><img src=http:\/\/ski.inmontanis.info\/d\/249383-3\/DSC02216.jpg \/><\/a><br \/>\n^ Winterlicher Sand bringt im Sommer leider beinahe unfahrbare Offpiste-Verh\u00e4ltnisse. Ergibt aber mittlerweile regelrechte Modell-Berglandschaften ;-)<\/p>\n<p><strong>15.7.<\/strong><\/p>\n<p><a href='http:\/\/ski.inmontanis.info\/d\/249388-2\/DSC02236.jpg'><img src=http:\/\/ski.inmontanis.info\/d\/249387-3\/DSC02236.jpg \/><\/a><br \/>\n^ Schneeverschiebungen TFH-Hang. Gut auch, dass der Nebel nur bis zum TFH ging. <\/p>\n<p><a href='http:\/\/ski.inmontanis.info\/d\/249392-2\/DSC02237.jpg'><img src=http:\/\/ski.inmontanis.info\/d\/249391-3\/DSC02237.jpg \/><\/a><br \/>\n^ Es regnet auf die Matten, das Wasser hat keinen Abfluss nach unten, staut sich auf den Matten und taut den Schnee darunter. Nicht ganz optimal ..<\/p>\n<p><a href='http:\/\/ski.inmontanis.info\/d\/249396-2\/DSC02239.jpg'><img src=http:\/\/ski.inmontanis.info\/d\/249395-3\/DSC02239.jpg \/><\/a><br \/>\n^ Olperer von GW<\/p>\n<p><a href='http:\/\/ski.inmontanis.info\/d\/249400-2\/DSC02243.jpg'><img src=http:\/\/ski.inmontanis.info\/d\/249399-3\/DSC02243.jpg \/><\/a><br \/>\n^ GW von Olperer. Der blaue Himmel blieb aber nicht lange.<\/p>\n<p>Weil ich im Sommer noch seltener zu Salat komme als im Winter, werde ich nun ein paar Mal am TFH einkehren, haben ne recht gro\u00dfe Salatbar. Ich glaub, das war das erste Mal seit dem Umbau, dass ich im Restaurantbereich war.<\/p>\n<p><a href='http:\/\/ski.inmontanis.info\/d\/249412-2\/IMG_4964.jpg'><img src=http:\/\/ski.inmontanis.info\/d\/249411-3\/IMG_4964.jpg \/><\/a><br \/>\n^ Ausschnitt vom gro\u00dfen Salatbuffet im TFH<\/p>\n<p><a href='http:\/\/ski.inmontanis.info\/d\/249404-2\/DSC02248.jpg'><img src=http:\/\/ski.inmontanis.info\/d\/249403-3\/DSC02248.jpg \/><\/a><br \/>\n^ Die DSB-Zufahrt wurde seit gestern wieder etwas verbessert<\/p>\n<p><a href='http:\/\/ski.inmontanis.info\/d\/249408-2\/DSC02252.jpg'><img src=http:\/\/ski.inmontanis.info\/d\/249407-3\/DSC02252.jpg \/><\/a><br \/>\n^ Am rechten GW-SL wird immer noch gearbeitet.<\/p>\n<p>&#8212;<\/p>\n<p>Au\u00dferdem war ich unter der Woche noch sehr mit ein paar kleinen Umbauarbeiten im Ignis besch\u00e4ftigt. Hab mir n\u00e4mlich \u00fcberlegt, doch irgendein Gestell rein zu bauen und da ein Teil meines alten Bettgestells hochkant gut in den Kofferraum passt und ich somit noch ein bisschen mehr und besser transportieren kann..<\/p>\n<p><a href='http:\/\/extra.inmontanis.info\/d\/47648-2\/IMG_4933.jpg'><img src=http:\/\/extra.inmontanis.info\/d\/47647-3\/IMG_4933.jpg \/><\/a><br \/>\n^ Die eine H\u00e4lfte meines alten Qubo-Bettgestells, nun hochkant im Kofferraum. Der braune Koffer passt unten stehend und liegend und l\u00e4sst jeweils noch etwas Platz frei. Die K\u00fchlbox passt rechts auch hin, muss aber ggf. entfernt werden, will man die Ski rein\/raustun.<\/p>\n<p><a href='http:\/\/extra.inmontanis.info\/d\/47652-2\/IMG_4938.jpg'><img src=http:\/\/extra.inmontanis.info\/d\/47651-3\/IMG_4938.jpg \/><\/a><br \/>\n^ So kann das Gestell an der Karosserie fixiert werden. In Folge musste ich noch F\u00fc\u00dfe\/Verl\u00e4ngerungen montieren, au\u00dferdem kommt noch eine Antirutschmatte auf das Blech in ganzer Breite.<\/p>\n<p><a href='http:\/\/extra.inmontanis.info\/d\/47656-2\/IMG_4950.jpg'><img src=http:\/\/extra.inmontanis.info\/d\/47655-3\/IMG_4950.jpg \/><\/a><br \/>\n^ Der Koffer wird durch die Heckklappe reingezw\u00e4ngt und kann quasi nicht verrutschen. Allerdings wird damit auch das Gestell etwas nach vorne gedr\u00fcckt, was sich ggf. nachteilig auf die Lebensdauer der Fixierung am Boden auswirken k\u00f6nnte. Inwieweit das dann alles bei einer Vollbremsung h\u00e4lt, darf auch etwas bezweifelt werden. Vielleicht mach ich noch irgendwie einen Gurt fest zumindest als zus\u00e4tzliche Sicherheits&#8221;leine&#8221; ..<\/p>\n<p><a href='http:\/\/extra.inmontanis.info\/d\/47660-2\/IMG_4960.jpg'><img src=http:\/\/extra.inmontanis.info\/d\/47659-3\/IMG_4960.jpg \/><\/a><br \/>\n^ Damit das Klo gerade steht und nicht so leicht verrutschen kann, musste ich daf\u00fcr auch noch ein kleines Gestell basteln. Sch\u00f6nheitspreise will ich f\u00fcr meine Basteleien keine gewinnen, sie m\u00fcssen nur funktional sein ;-) Zus\u00e4tzlich wird es (Klo und\/oder Klogestell) dann noch ans Hauptgestell angebunden. Ob das Brett dauerhaft h\u00e4lt, wird sich zeigen.. Die Sitzfl\u00e4che (Deckel) des Klos brauch ich n\u00e4mlich vmtl. bei jedem Ein- und Aussteigevorgang, weil das Gehen\/Stehen im Ignis im Gegensatz zum Qubo doch etwas schwieriger ist.<\/p>\n<p>Am Wochenende hatte ich das Gestell noch nachgestrichen, es steht jetzt in der K\u00fcche zum ausd\u00fcnsten. In Folge musste ich noch die Folien und Schaumstoffe f\u00fcr die Fenster zurechtschneiden. H\u00e4tte ja fast Lust, das alles n\u00e4chstes Wochenende mal auszuprobieren, eine kleine Probe bevor es in den Sommerurlaub geht und nachdem die Wettervorhersagen f\u00fcr den Hintertuxer eh mal wieder schlecht sind.. Aber so sonnig soll&#8217;s an den anderen Gletschern leider auch nicht werden. Und es stinkt mir eigentlich auch noch etwas zu sehr nach Farbe..<\/p>\n","protected":false},"excerpt":{"rendered":"<p>14.+15.7.2018<\/p>\n<p>&#8220;Wie \u00fcblich&#8221; h\u00e4tte Bergfex bis Freitag mal wieder sehr sonnig f\u00fcrs WE gemeldet &#8211; kurzfristig ge\u00e4ndert und die Sonne zeigte sich jeweils nur f\u00fcr ein paar Minuten. Immerhin Wolkendecke statt Nebel. Schnee war an beiden Tagen schon morgens eher weich, am Sonntag weicher. Daf\u00fcr war am Sonntag weniger los, so dass man f\u00fcr &#8216;ne <a href=\"http:\/\/blog.inmontanis.info\/?p=5136\">[&#8230;]<\/a><\/p>\n","protected":false},"author":1,"featured_media":0,"comment_status":"closed","ping_status":"closed","sticky":false,"template":"","format":"standard","meta":{"footnotes":""},"categories":[246,25,13,28],"tags":[47],"class_list":["post-5136","post","type-post","status-publish","format-standard","hentry","category-hintertux","category-noreport","category-austria","category-skifahren-sommer","tag-sl","odd"],"_links":{"self":[{"href":"http:\/\/blog.inmontanis.info\/index.php?rest_route=\/wp\/v2\/posts\/5136","targetHints":{"allow":["GET"]}}],"collection":[{"href":"http:\/\/blog.inmontanis.info\/index.php?rest_route=\/wp\/v2\/posts"}],"about":[{"href":"http:\/\/blog.inmontanis.info\/index.php?rest_route=\/wp\/v2\/types\/post"}],"author":[{"embeddable":true,"href":"http:\/\/blog.inmontanis.info\/index.php?rest_route=\/wp\/v2\/users\/1"}],"replies":[{"embeddable":true,"href":"http:\/\/blog.inmontanis.info\/index.php?rest_route=%2Fwp%2Fv2%2Fcomments&post=5136"}],"version-history":[{"count":2,"href":"http:\/\/blog.inmontanis.info\/index.php?rest_route=\/wp\/v2\/posts\/5136\/revisions"}],"predecessor-version":[{"id":5138,"href":"http:\/\/blog.inmontanis.info\/index.php?rest_route=\/wp\/v2\/posts\/5136\/revisions\/5138"}],"wp:attachment":[{"href":"http:\/\/blog.inmontanis.info\/index.php?rest_route=%2Fwp%2Fv2%2Fmedia&parent=5136"}],"wp:term":[{"taxonomy":"category","embeddable":true,"href":"http:\/\/blog.inmontanis.info\/index.php?rest_route=%2Fwp%2Fv2%2Fcategories&post=5136"},{"taxonomy":"post_tag","embeddable":true,"href":"http:\/\/blog.inmontanis.info\/index.php?rest_route=%2Fwp%2Fv2%2Ftags&post=5136"}],"curies":[{"name":"wp","href":"https:\/\/api.w.org\/{rel}","templated":true}]}}