{"id":5132,"date":"2018-07-16T07:21:33","date_gmt":"2018-07-16T05:21:33","guid":{"rendered":"http:\/\/blog.inmontanis.info\/?p=5132"},"modified":"2023-08-03T22:17:44","modified_gmt":"2023-08-03T20:17:44","slug":"tribute-to-staunies-2016-2026-chapter-2-2018","status":"publish","type":"post","link":"http:\/\/blog.inmontanis.info\/?p=5132","title":{"rendered":"Tribute to Staunies, 2016-2026 {Chapter 2: 2018}"},"content":{"rendered":"<p><em>Einige Jahre lang stand immer ein &#8220;heuer ist das letzte Jahr&#8221; im Raum. F\u00fcr Juli 2016 wurde das endg\u00fcltige Ende des sch\u00f6nen, nostalgischen Staunies-Gondelkorbliftes in Cortina d&#8217;Ampezzo proklamiert. An einem der letzten Tage, am 16.7.2016, war ich noch einmal dort und kaufte mir die Dolomiti-&#8220;Superski&#8221;-Sommer-Tageskarte um 44,- \u20ac, um den ganzen Tag \u00fcber mehrmals mit dem Lift fahren zu k\u00f6nnen. Selbst im Winter bin ich ungern bereit, soviel f\u00fcr einen Skipass auszugeben ;-)<\/p>\n<p>376 Fotos hatte ich gemacht (mit diversen Objektiven), dazu 159 Videoclips mit fast 3 Stunden L\u00e4nge, sowohl mit der kleinen Actioncam, wie mit der gro\u00dfen Digicam.<\/p>\n<p>Ich hab ja bereits mehrere Berichte mit vielen Fotos von dem Lift online und wollte diesen letzten Bericht zur einj\u00e4hrigen Stilllegung 2017 ver\u00f6ffentlichen. Im Juli 2017 hatte ich mir das anders \u00fcberlegt: Ich werde die Fotos und Videos aufteilen. Auf 10 Teil-Berichte. Und von 2017 weg jedes Jahr im Juli einen weiteren Teil online stellen.<br \/>\n<\/em><\/p>\n<p>Hier also Teil 2.<\/p>\n<p>(Fotos anklicken zum Vergr\u00f6\u00dfern) <\/p>\n<p><a href='http:\/\/ski.inmontanis.info\/d\/249264-2\/DSC05075.jpg'><img src=http:\/\/ski.inmontanis.info\/d\/249263-3\/DSC05075.jpg \/><\/a><br \/>\n^ Bergstation, talw\u00e4rts<\/p>\n<p><a href='http:\/\/ski.inmontanis.info\/d\/249268-2\/DSC05078.jpg'><img src=http:\/\/ski.inmontanis.info\/d\/249267-3\/DSC05078.jpg \/><\/a><br \/>\n^ Talw\u00e4rts<\/p>\n<p><a href='http:\/\/ski.inmontanis.info\/d\/249272-2\/DSC05080.jpg'><img src=http:\/\/ski.inmontanis.info\/d\/249271-3\/DSC05080.jpg \/><\/a><br \/>\n^ DSB-Ausstieg im Winter<\/p>\n<p><a href='http:\/\/ski.inmontanis.info\/d\/249276-2\/DSC05083.jpg'><img src=http:\/\/ski.inmontanis.info\/d\/249275-3\/DSC05083.jpg \/><\/a><br \/>\n^ DSB-Ausstieg im Winter<\/p>\n<p><a href='http:\/\/ski.inmontanis.info\/d\/249280-2\/DSC05084.jpg'><img src=http:\/\/ski.inmontanis.info\/d\/249279-3\/DSC05084.jpg \/><\/a><br \/>\n^ DSB-Ausstieg im Winter<\/p>\n<p><a href='http:\/\/ski.inmontanis.info\/d\/249284-2\/DSC05086.jpg'><img src=http:\/\/ski.inmontanis.info\/d\/249283-3\/DSC05086.jpg \/><\/a><br \/>\n^ DSB-Ausstieg im Winter<\/p>\n<p><a href='http:\/\/ski.inmontanis.info\/d\/249288-2\/DSC05089.jpg'><img src=http:\/\/ski.inmontanis.info\/d\/249287-3\/DSC05089.jpg \/><\/a><br \/>\n^ DSB-Ausstieg im Winter<\/p>\n<p><a href='http:\/\/ski.inmontanis.info\/d\/249292-2\/DSC05090.jpg'><img src=http:\/\/ski.inmontanis.info\/d\/249291-3\/DSC05090.jpg \/><\/a><br \/>\n^ Unterhalb des DSB-Ausstiegs<\/p>\n<p><a href='http:\/\/ski.inmontanis.info\/d\/249296-2\/DSC05091.jpg'><img src=http:\/\/ski.inmontanis.info\/d\/249295-3\/DSC05091.jpg \/><\/a><br \/>\n^ St\u00fctze 8 talw\u00e4rts<\/p>\n<p><a href='http:\/\/ski.inmontanis.info\/d\/249300-2\/DSC05093.jpg'><img src=http:\/\/ski.inmontanis.info\/d\/249299-3\/DSC05093.jpg \/><\/a><br \/>\n^ St\u00fctze 6 bergw\u00e4rts<\/p>\n<p><a href='http:\/\/ski.inmontanis.info\/d\/249304-2\/DSC05094.jpg'><img src=http:\/\/ski.inmontanis.info\/d\/249303-3\/DSC05094.jpg \/><\/a><br \/>\n^ St\u00fctze 5 talw\u00e4rts<\/p>\n<p><a href='http:\/\/ski.inmontanis.info\/d\/249308-2\/DSC05096.jpg'><img src=http:\/\/ski.inmontanis.info\/d\/249307-3\/DSC05096.jpg \/><\/a><br \/>\n^ St\u00fctze 4 bergw\u00e4rts<\/p>\n<p><a href='http:\/\/ski.inmontanis.info\/d\/249312-2\/DSC05098.jpg'><img src=http:\/\/ski.inmontanis.info\/d\/249311-3\/DSC05098.jpg \/><\/a><br \/>\n^ St\u00fctze 3 talw\u00e4rts<\/p>\n<p><a href='http:\/\/ski.inmontanis.info\/d\/249316-2\/DSC05099.jpg'><img src=http:\/\/ski.inmontanis.info\/d\/249315-3\/DSC05099.jpg \/><\/a><br \/>\n^ St\u00fctze 3 bergw\u00e4rts<\/p>\n<p><a href='http:\/\/ski.inmontanis.info\/d\/249320-2\/DSC05100.jpg'><img src=http:\/\/ski.inmontanis.info\/d\/249319-3\/DSC05100.jpg \/><\/a><br \/>\n^ St\u00fctze 2 talw\u00e4rts<\/p>\n<p><a href='http:\/\/ski.inmontanis.info\/d\/249324-2\/DSC05102.jpg'><img src=http:\/\/ski.inmontanis.info\/d\/249323-3\/DSC05102.jpg \/><\/a><br \/>\n^ Talstation<\/p>\n<p><a href='http:\/\/ski.inmontanis.info\/d\/249328-2\/DSC05104.jpg'><img src=http:\/\/ski.inmontanis.info\/d\/249327-3\/DSC05104.jpg \/><\/a><br \/>\n^ St\u00fctze 1<\/p>\n<p><a href='http:\/\/ski.inmontanis.info\/d\/249332-2\/DSC05107.jpg'><img src=http:\/\/ski.inmontanis.info\/d\/249331-3\/DSC05107.jpg \/><\/a><br \/>\n^ St\u00fctze 1<\/p>\n<p><a href='http:\/\/ski.inmontanis.info\/d\/249336-2\/DSC05109.jpg'><img src=http:\/\/ski.inmontanis.info\/d\/249335-3\/DSC05109.jpg \/><\/a><br \/>\n^ St\u00fctze 1<\/p>\n<p><a href='http:\/\/ski.inmontanis.info\/d\/249340-2\/DSC05110.jpg'><img src=http:\/\/ski.inmontanis.info\/d\/249339-3\/DSC05110.jpg \/><\/a><br \/>\n^ St\u00fctze 1<\/p>\n<p><a href='http:\/\/ski.inmontanis.info\/d\/249344-2\/DSC05111.jpg'><img src=http:\/\/ski.inmontanis.info\/d\/249343-3\/DSC05111.jpg \/><\/a><br \/>\n^ St\u00fctze 1 mit roter Gondel<\/p>\n<p><a href='http:\/\/ski.inmontanis.info\/d\/249348-2\/DSC05113.jpg'><img src=http:\/\/ski.inmontanis.info\/d\/249347-3\/DSC05113.jpg \/><\/a><br \/>\n^ St\u00fctze 1 mit gelber Gondel<\/p>\n<p><a href='http:\/\/ski.inmontanis.info\/d\/249352-2\/DSC05114.jpg'><img src=http:\/\/ski.inmontanis.info\/d\/249351-3\/DSC05114.jpg \/><\/a><br \/>\n^ Blick bergw\u00e4rts<\/p>\n<p>Und hier das dazu passende Videomaterial:<\/p>\n<p><object style=\"height: 500px; width: 900px\"><param name=\"movie\" value=\"http:\/\/www.youtube.com\/v\/AUHCxgsP1yo\"><\/param><param name=\"wmode\" value=\"transparent\"><\/param><embed src=\"http:\/\/www.youtube.com\/v\/AUHCxgsP1yo\" type=\"application\/x-shockwave-flash\" wmode=\"transparent\"  width=\"900\" height=\"480\"><\/embed><\/object> <\/p>\n<p>(Fortsetzung folgt &#8211; im Juli 2019.) <\/p>\n","protected":false},"excerpt":{"rendered":"<p>Einige Jahre lang stand immer ein &#8220;heuer ist das letzte Jahr&#8221; im Raum. F\u00fcr Juli 2016 wurde das endg\u00fcltige Ende des sch\u00f6nen, nostalgischen Staunies-Gondelkorbliftes in Cortina d&#8217;Ampezzo proklamiert. An einem der letzten Tage, am 16.7.2016, war ich noch einmal dort und kaufte mir die Dolomiti-&#8220;Superski&#8221;-Sommer-Tageskarte um 44,- \u20ac, um den ganzen Tag \u00fcber mehrmals mit <a href=\"http:\/\/blog.inmontanis.info\/?p=5132\">[&#8230;]<\/a><\/p>\n","protected":false},"author":1,"featured_media":0,"comment_status":"closed","ping_status":"closed","sticky":false,"template":"","format":"standard","meta":{"footnotes":""},"categories":[500,15,59],"tags":[63],"class_list":["post-5132","post","type-post","status-publish","format-standard","hentry","category-cortina-dampezzo","category-italienitaly","category-nostalgie","tag-korblift","odd"],"_links":{"self":[{"href":"http:\/\/blog.inmontanis.info\/index.php?rest_route=\/wp\/v2\/posts\/5132","targetHints":{"allow":["GET"]}}],"collection":[{"href":"http:\/\/blog.inmontanis.info\/index.php?rest_route=\/wp\/v2\/posts"}],"about":[{"href":"http:\/\/blog.inmontanis.info\/index.php?rest_route=\/wp\/v2\/types\/post"}],"author":[{"embeddable":true,"href":"http:\/\/blog.inmontanis.info\/index.php?rest_route=\/wp\/v2\/users\/1"}],"replies":[{"embeddable":true,"href":"http:\/\/blog.inmontanis.info\/index.php?rest_route=%2Fwp%2Fv2%2Fcomments&post=5132"}],"version-history":[{"count":2,"href":"http:\/\/blog.inmontanis.info\/index.php?rest_route=\/wp\/v2\/posts\/5132\/revisions"}],"predecessor-version":[{"id":5134,"href":"http:\/\/blog.inmontanis.info\/index.php?rest_route=\/wp\/v2\/posts\/5132\/revisions\/5134"}],"wp:attachment":[{"href":"http:\/\/blog.inmontanis.info\/index.php?rest_route=%2Fwp%2Fv2%2Fmedia&parent=5132"}],"wp:term":[{"taxonomy":"category","embeddable":true,"href":"http:\/\/blog.inmontanis.info\/index.php?rest_route=%2Fwp%2Fv2%2Fcategories&post=5132"},{"taxonomy":"post_tag","embeddable":true,"href":"http:\/\/blog.inmontanis.info\/index.php?rest_route=%2Fwp%2Fv2%2Ftags&post=5132"}],"curies":[{"name":"wp","href":"https:\/\/api.w.org\/{rel}","templated":true}]}}