{"id":5125,"date":"2018-07-08T12:25:22","date_gmt":"2018-07-08T10:25:22","guid":{"rendered":"http:\/\/blog.inmontanis.info\/?p=5125"},"modified":"2023-07-01T20:58:47","modified_gmt":"2023-07-01T18:58:47","slug":"hintertuxer-gletscher-8-7-2018","status":"publish","type":"post","link":"http:\/\/blog.inmontanis.info\/?p=5125","title":{"rendered":"Hintertuxer Gletscher, 8.7.2018"},"content":{"rendered":"<p><strong>8.7.2018<\/strong><br \/>\nDieses Wochenende war wieder einmal viel Nebel angesagt. Da ich einiges anderes zu tun hatte und am Samstag arbeiten war und am Sonntag den Qubo zu meinem Vater gefahren und ihm um 1,- \u20ac verkauft hatte, war ich nur am Sonntag Vormittag am Hintertuxer, bei viel Nebel.<\/p>\n<p>GW-Pisten waren morgens nett firnig, am Olperer teils auch, aber etwas bremsig unten raus. Offpiste war&#8217;s eher schwierig, der Neuschnee oben nicht matschig genug, zwischen den Gondeln dann mehr und mehr Eierkarton. Extrem viel getaut in der einen Woche.<\/p>\n<p>Viel Fotos gibt&#8217;s daher nicht:<\/p>\n<p><a href='http:\/\/ski.inmontanis.info\/d\/249240-3\/DSC02179.jpg'><img src=http:\/\/ski.inmontanis.info\/d\/249239-4\/DSC02179.jpg \/><\/a><br \/>\n^ Standard-Foto von Sektion 1<\/p>\n<p><a href='http:\/\/ski.inmontanis.info\/d\/249244-3\/DSC02182.jpg'><img src=http:\/\/ski.inmontanis.info\/d\/249243-4\/DSC02182.jpg \/><\/a><br \/>\n^ Zwischen den Gondeln ist doch sp\u00fcrbar weniger Schnee als letztes WE.<\/p>\n<p><a href='http:\/\/ski.inmontanis.info\/d\/249248-3\/DSC02183.jpg'><img src=http:\/\/ski.inmontanis.info\/d\/249247-4\/DSC02183.jpg \/><\/a><br \/>\n^ hmja, weniger sch\u00f6n. Insb. wenn man meinen w\u00fcrde, man f\u00e4hrt lieber auf dem spaltenlosen Eis als auf dem Schnee und dann w\u00fcrde das gerade einbrechen, wenn man dr\u00fcber f\u00e4hrt ..<\/p>\n<p><a href='http:\/\/ski.inmontanis.info\/d\/249252-3\/DSC02184.jpg'><img src=http:\/\/ski.inmontanis.info\/d\/249251-4\/DSC02184.jpg \/><\/a><br \/>\n^ Vermattung. Ob sich der Aufwand jetzt noch lohnt, wird sich dann am Ende des Sommers zeigen.<\/p>\n<p><a href='http:\/\/ski.inmontanis.info\/d\/249256-3\/DSC02185.jpg'><img src=http:\/\/ski.inmontanis.info\/d\/249255-4\/DSC02185.jpg \/><\/a><br \/>\n^ Falls jemand im Winter einen Ski im Tiefschnee verloren hat &#8211; er w\u00e4re jetzt wieder da ;-)<\/p>\n<p><a href='http:\/\/ski.inmontanis.info\/d\/249260-3\/DSC02186.jpg'><img src=http:\/\/ski.inmontanis.info\/d\/249259-4\/DSC02186.jpg \/><\/a><br \/>\n^ TFH-Hang, die linke Pistenraupenzufahrt hat die letzte Woche nicht \u00fcberlebt.<\/p>\n<p>&#8212;<\/p>\n<p>Wie letztens irgendwo gesagt, hab ich mir ja ein neues Navi mit der \u00e4lteren Igo-Software gekauft und weil die Oberfl\u00e4che gar so einfarbig flach war, hab ich sie mir etwas angepasst, gef\u00e4llt mir nun wesentlich besser:<\/p>\n<p><a href='http:\/\/extra.inmontanis.info\/d\/47624-2\/DSC02168.jpg'><img src=http:\/\/extra.inmontanis.info\/d\/47623-3\/DSC02168.jpg \/><\/a><br \/>\n^ Start-Bildschirm<\/p>\n<p><a href='http:\/\/extra.inmontanis.info\/d\/47628-2\/DSC02169.jpg'><img src=http:\/\/extra.inmontanis.info\/d\/47627-3\/DSC02169.jpg \/><\/a><br \/>\n^ Men\u00fc mit neuem Hintergrund (Riffelblech von meinen Skiern, in Gold eingef\u00e4rbt), 3D-Buttons<\/p>\n<p><a href='http:\/\/extra.inmontanis.info\/d\/47632-2\/DSC02188.jpg'><img src=http:\/\/extra.inmontanis.info\/d\/47631-3\/DSC02188.jpg \/><\/a><br \/>\n^ Sonnenauf\/untergangs-Funktion reaktiviert und Karte blau+gold gef\u00e4rbt<\/p>\n<p><a href='http:\/\/extra.inmontanis.info\/d\/47636-2\/DSC02191.jpg'><img src=http:\/\/extra.inmontanis.info\/d\/47635-3\/DSC02191.jpg \/><\/a><br \/>\n^ Routenplanung, halbtransparente und farbige Boxen und Buttons und tw. 3D-Symbole<\/p>\n<p>&#8211;<br \/>\nNebenbei musste ich mir da letztens noch eine neue Tastatur um knapp 200,- \u20ac kaufen, sah einfach zu geil aus, mit kupferfarbenem Metall und Leder:<\/p>\n<p><a href='http:\/\/extra.inmontanis.info\/d\/47640-2\/DSC02172.jpg'><img src=http:\/\/extra.inmontanis.info\/d\/47639-3\/DSC02172.jpg \/><\/a><br \/>\n^ Azio Retro Classic Tastatur<\/p>\n<p>.. allerdings ist sie bei weitem nicht so clicky und leichtg\u00e4ngig wie meine Cherry-MX-Blue mit den Datamancer-Keycaps und die andere Position der #- und Enter-Taste nervt etwas. Daf\u00fcr beleuchtet und .. geil aussehen tut sie halt schon :)<\/p>\n<p><a href='http:\/\/extra.inmontanis.info\/d\/47644-2\/IMG_4869.jpg'><img src=http:\/\/extra.inmontanis.info\/d\/47643-3\/IMG_4869.jpg \/><\/a><br \/>\n^ Azio Retro Classic Tastatur und Calcu-Pen, der ist nicht &#8220;retro&#8221;, sondern tats\u00e4chlich aus den 1970ern &#8211; hatte ich aus Restbest\u00e4nden vor ein paar Monaten auf Ebay\/USA als Neuware gekauft.<\/p>\n","protected":false},"excerpt":{"rendered":"<p>8.7.2018 Dieses Wochenende war wieder einmal viel Nebel angesagt. Da ich einiges anderes zu tun hatte und am Samstag arbeiten war und am Sonntag den Qubo zu meinem Vater gefahren und ihm um 1,- \u20ac verkauft hatte, war ich nur am Sonntag Vormittag am Hintertuxer, bei viel Nebel.<\/p>\n<p>GW-Pisten waren morgens nett firnig, am Olperer <a href=\"http:\/\/blog.inmontanis.info\/?p=5125\">[&#8230;]<\/a><\/p>\n","protected":false},"author":1,"featured_media":0,"comment_status":"closed","ping_status":"closed","sticky":false,"template":"","format":"standard","meta":{"footnotes":""},"categories":[246,25,13,28],"tags":[],"class_list":["post-5125","post","type-post","status-publish","format-standard","hentry","category-hintertux","category-noreport","category-austria","category-skifahren-sommer","odd"],"_links":{"self":[{"href":"http:\/\/blog.inmontanis.info\/index.php?rest_route=\/wp\/v2\/posts\/5125","targetHints":{"allow":["GET"]}}],"collection":[{"href":"http:\/\/blog.inmontanis.info\/index.php?rest_route=\/wp\/v2\/posts"}],"about":[{"href":"http:\/\/blog.inmontanis.info\/index.php?rest_route=\/wp\/v2\/types\/post"}],"author":[{"embeddable":true,"href":"http:\/\/blog.inmontanis.info\/index.php?rest_route=\/wp\/v2\/users\/1"}],"replies":[{"embeddable":true,"href":"http:\/\/blog.inmontanis.info\/index.php?rest_route=%2Fwp%2Fv2%2Fcomments&post=5125"}],"version-history":[{"count":5,"href":"http:\/\/blog.inmontanis.info\/index.php?rest_route=\/wp\/v2\/posts\/5125\/revisions"}],"predecessor-version":[{"id":5130,"href":"http:\/\/blog.inmontanis.info\/index.php?rest_route=\/wp\/v2\/posts\/5125\/revisions\/5130"}],"wp:attachment":[{"href":"http:\/\/blog.inmontanis.info\/index.php?rest_route=%2Fwp%2Fv2%2Fmedia&parent=5125"}],"wp:term":[{"taxonomy":"category","embeddable":true,"href":"http:\/\/blog.inmontanis.info\/index.php?rest_route=%2Fwp%2Fv2%2Fcategories&post=5125"},{"taxonomy":"post_tag","embeddable":true,"href":"http:\/\/blog.inmontanis.info\/index.php?rest_route=%2Fwp%2Fv2%2Ftags&post=5125"}],"curies":[{"name":"wp","href":"https:\/\/api.w.org\/{rel}","templated":true}]}}