{"id":5114,"date":"2018-06-23T21:20:03","date_gmt":"2018-06-23T19:20:03","guid":{"rendered":"http:\/\/blog.inmontanis.info\/?p=5114"},"modified":"2023-07-01T20:57:39","modified_gmt":"2023-07-01T18:57:39","slug":"hintertuxer-gletscher-23-6-2018","status":"publish","type":"post","link":"http:\/\/blog.inmontanis.info\/?p=5114","title":{"rendered":"Hintertuxer Gletscher, 23.6.2018"},"content":{"rendered":"<p><strong>Sa, 23.6.2018<\/strong><\/p>\n<p>Der heutige Tag war zwar recht sonnig gemeldet, allerdings auch recht kalt. Bzw. war es sogar noch k\u00e4lter, an den LED-Screens im Tal wurden f\u00fcr die Bergstation -8\u00b0 angezeigt. Da h\u00e4tte ich mich mal besser etwas w\u00e4rmer angezogen ..<\/p>\n<p>Die Abfahrten waren somit ebenfalls recht hart, selbst am sonnenbeschienenen Olperer. Im Laufe des Tages wurde es nat\u00fcrlich \u00fcberall mehr oder weniger weich, dank Sonne, aber nachdem der Olpererbereich einige Zeit in Wolken war, gefroren die aufgefahrenen Pisten schon wieder an, was ja auch unsch\u00f6n ist. Gegen 13\/14 Uhr ging&#8217;s an der GW sehr gut, Offpiste auch davor schon ok, zeitweise sogar &#8220;Meeresrauschen&#8221; dank einer d\u00fcnnen Eisschicht. Weiter unten zwischen den Gondeln dagegen gab es stark ausgepr\u00e4gten &#8220;Eierkartonschnee&#8221; und daf\u00fcr war es nicht warm und der Schnee nicht weich genug. Um 15h zog es dann generell an, nachdem kaum noch die Sonne schien &#8211; somit bin ich gegen 15:20 wieder runter.<\/p>\n<p>Da f\u00fcr Sonntag genauso kalt, aber weniger sonnig gemeldet wurde, schien mir ein Besuch nicht sinnvoll zu sein. Kalt und hart mag ich auch im Sommer nicht. Auch wenn ich nat\u00fcrlich wei\u00df, dass ohne solche K\u00e4lteperioden die Sommersaison k\u00fcrzer w\u00e4re..<\/p>\n<p><a href='http:\/\/ski.inmontanis.info\/d\/249168-2\/DSC02044.jpg'><img src=http:\/\/ski.inmontanis.info\/d\/249167-3\/DSC02044.jpg \/><\/a><br \/>\n^ Standard-Foto von Sektion 1<\/p>\n<p><a href='http:\/\/ski.inmontanis.info\/d\/249172-2\/DSC02045.jpg'><img src=http:\/\/ski.inmontanis.info\/d\/249171-3\/DSC02045.jpg \/><\/a><br \/>\n^ Zufahrt GB3<\/p>\n<p><a href='http:\/\/ski.inmontanis.info\/d\/249176-2\/DSC02047.jpg'><img src=http:\/\/ski.inmontanis.info\/d\/249175-3\/DSC02047.jpg \/><\/a><br \/>\n^ Bullyparade am TFH-Hang<\/p>\n<p><a href='http:\/\/ski.inmontanis.info\/d\/249180-2\/DSC02048.jpg'><img src=http:\/\/ski.inmontanis.info\/d\/249179-3\/DSC02048.jpg \/><\/a><br \/>\n^ Der linke untere TFH-Hang wird gerade vermattet<\/p>\n<p><a href='http:\/\/ski.inmontanis.info\/d\/249184-2\/DSC02049.jpg'><img src=http:\/\/ski.inmontanis.info\/d\/249183-3\/DSC02049.jpg \/><\/a><br \/>\n^ Am Olperer war es zeitweise mal etwas voller. Nat\u00fcrlich inklusive den ganzen nervigen Rennkids-All\u00fcren, als da w\u00e4ren<br \/>\n&#8211; Vordr\u00e4ngeln<br \/>\n&#8211; bis vor den Einstieg vorfahren und dann nicht den n\u00e4chsten B\u00fcgel nehmen, sondern auf Freunde warten<br \/>\n&#8211; zu bl\u00f6d zum Greifen eines Liftb\u00fcgels zu sein (in den letzten Jahren immer h\u00e4ufiger, dass Rennkids keine SL mehr fahren k\u00f6nnen &#8211; wachsen vmtl. nur noch mit Sessel- und Gondelbahnen auf)<\/p>\n<p><a href='http:\/\/ski.inmontanis.info\/d\/249188-2\/DSC02051.jpg'><img src=http:\/\/ski.inmontanis.info\/d\/249187-3\/DSC02051.jpg \/><\/a><br \/>\n^ Olperer &#8211; GW<\/p>\n<p><a href='http:\/\/ski.inmontanis.info\/d\/249192-2\/DSC02052.jpg'><img src=http:\/\/ski.inmontanis.info\/d\/249191-3\/DSC02052.jpg \/><\/a><br \/>\n^ DSB Sektion IV<\/p>\n<p><a href='http:\/\/ski.inmontanis.info\/d\/249196-2\/DSC02055.jpg'><img src=http:\/\/ski.inmontanis.info\/d\/249195-3\/DSC02055.jpg \/><\/a><br \/>\n^ Durch den bl\u00f6den Sand ist es Offpiste im unteren Teil leider recht nervig zu fahren, solang es nicht sehr warm und weich ist &#8211; was es heute nicht war.<\/p>\n<p><a href='http:\/\/ski.inmontanis.info\/d\/249200-2\/DSC02056.jpg'><img src=http:\/\/ski.inmontanis.info\/d\/249199-3\/DSC02056.jpg \/><\/a><br \/>\n^ GW &#8211; Olperer<\/p>\n<p>Zur Abwechslung hab ich nachmittags noch ein paar Filmchen gemacht:<br \/>\n<object style=\"height: 500px; width: 900px\"><param name=\"movie\" value=\"http:\/\/www.youtube.com\/v\/-5tpIlbpZyI\"><\/param><param name=\"wmode\" value=\"transparent\"><\/param><embed src=\"http:\/\/www.youtube.com\/v\/-5tpIlbpZyI\" type=\"application\/x-shockwave-flash\" wmode=\"transparent\"  width=\"900\" height=\"480\"><\/embed><\/object><\/p>\n","protected":false},"excerpt":{"rendered":"<p>Sa, 23.6.2018<\/p>\n<p>Der heutige Tag war zwar recht sonnig gemeldet, allerdings auch recht kalt. Bzw. war es sogar noch k\u00e4lter, an den LED-Screens im Tal wurden f\u00fcr die Bergstation -8\u00b0 angezeigt. Da h\u00e4tte ich mich mal besser etwas w\u00e4rmer angezogen ..<\/p>\n<p>Die Abfahrten waren somit ebenfalls recht hart, selbst am sonnenbeschienenen Olperer. Im Laufe des <a href=\"http:\/\/blog.inmontanis.info\/?p=5114\">[&#8230;]<\/a><\/p>\n","protected":false},"author":1,"featured_media":0,"comment_status":"closed","ping_status":"closed","sticky":false,"template":"","format":"standard","meta":{"footnotes":""},"categories":[246,25,13,28],"tags":[38,47],"class_list":["post-5114","post","type-post","status-publish","format-standard","hentry","category-hintertux","category-noreport","category-austria","category-skifahren-sommer","tag-dsb","tag-sl","odd"],"_links":{"self":[{"href":"http:\/\/blog.inmontanis.info\/index.php?rest_route=\/wp\/v2\/posts\/5114","targetHints":{"allow":["GET"]}}],"collection":[{"href":"http:\/\/blog.inmontanis.info\/index.php?rest_route=\/wp\/v2\/posts"}],"about":[{"href":"http:\/\/blog.inmontanis.info\/index.php?rest_route=\/wp\/v2\/types\/post"}],"author":[{"embeddable":true,"href":"http:\/\/blog.inmontanis.info\/index.php?rest_route=\/wp\/v2\/users\/1"}],"replies":[{"embeddable":true,"href":"http:\/\/blog.inmontanis.info\/index.php?rest_route=%2Fwp%2Fv2%2Fcomments&post=5114"}],"version-history":[{"count":3,"href":"http:\/\/blog.inmontanis.info\/index.php?rest_route=\/wp\/v2\/posts\/5114\/revisions"}],"predecessor-version":[{"id":5117,"href":"http:\/\/blog.inmontanis.info\/index.php?rest_route=\/wp\/v2\/posts\/5114\/revisions\/5117"}],"wp:attachment":[{"href":"http:\/\/blog.inmontanis.info\/index.php?rest_route=%2Fwp%2Fv2%2Fmedia&parent=5114"}],"wp:term":[{"taxonomy":"category","embeddable":true,"href":"http:\/\/blog.inmontanis.info\/index.php?rest_route=%2Fwp%2Fv2%2Fcategories&post=5114"},{"taxonomy":"post_tag","embeddable":true,"href":"http:\/\/blog.inmontanis.info\/index.php?rest_route=%2Fwp%2Fv2%2Ftags&post=5114"}],"curies":[{"name":"wp","href":"https:\/\/api.w.org\/{rel}","templated":true}]}}