{"id":5100,"date":"2018-06-04T16:58:39","date_gmt":"2018-06-04T14:58:39","guid":{"rendered":"http:\/\/blog.inmontanis.info\/?p=5100"},"modified":"2023-08-04T20:47:05","modified_gmt":"2023-08-04T18:47:05","slug":"folgefonna-sommerski-4-6-2018","status":"publish","type":"post","link":"http:\/\/blog.inmontanis.info\/?p=5100","title":{"rendered":"Folgefonna Sommerski, 4.6.2018"},"content":{"rendered":"<p><strong>DVKIFME\u00dcWNNZST &#8211; <em>Die verr\u00fcckte kleine &#8220;Ich fahr mal eben \u00fcber&#8217;s Wochenende nach Norwegen zum Sommerskifahren&#8221; &#8211; Tour<\/em><\/strong><br \/>\n<strong>Tag 5 Teil 1 &#8211; Mo, 4.6.2018 &#8211;  Folgefonna Sommerski &#8211; &#8220;Das Beste zum Schluss&#8221;<\/strong><\/p>\n<p>Um 7:35 Uhr fuhr unsere F\u00e4hre, in Jondal hielten wir kurz am Supermarkt, um 9:40 Uhr waren wir im Skigebiet. Wie ich erwart hatte, war das heute der beste Tag, das beste Sommerskigebiet Norwegens, die sch\u00f6nste Auffahrt, das interessanteste und abwechslungsreichste Gel\u00e4nde, das beste Panorama und wir hatten auch noch den besten Schnee. Morgens zwar etwas hart, aber dann abschnittsweise toll firnig und im Vergleich zu gestern gar nicht pappig. Wir blieben bis fast zum Schluss (16 Uhr). Kurz nach meinem letzten Besuch (2015) wurde der Lift ja etwas nach oben verl\u00e4ngert, was einem einerseits oben mehr Panorama bringt, aber auch die Einfahrt in den rechten Teil vereinfacht.<\/p>\n<p>(Fotos anklicken zum Vergr\u00f6\u00dfern)<\/p>\n<p><a href='http:\/\/extra.inmontanis.info\/d\/47220-6\/geSkandi2018d.jpg'><img src=http:\/\/extra.inmontanis.info\/d\/47220-6\/geSkandi2018d.jpg \/><\/a><br \/>\nK) Folgefonna<br \/>\nRot: Strecke 4.6.2018<\/p>\n<p><a href='http:\/\/extra.inmontanis.info\/d\/47368-2\/DSC01632.jpg'><img src=http:\/\/extra.inmontanis.info\/d\/47367-3\/DSC01632.jpg \/><\/a><br \/>\n^ H\u00fctte am Campingplatz<\/p>\n<p><a href='http:\/\/extra.inmontanis.info\/d\/47372-2\/DSC01635.jpg'><img src=http:\/\/extra.inmontanis.info\/d\/47371-3\/DSC01635.jpg \/><\/a><br \/>\n^ H\u00fctte am Campingplatz<\/p>\n<p><a href='http:\/\/extra.inmontanis.info\/d\/47376-2\/DSC01639.jpg'><img src=http:\/\/extra.inmontanis.info\/d\/47375-3\/DSC01639.jpg \/><\/a><br \/>\n^ F\u00e4hre Kvanndal-Utne<\/p>\n<p><a href='http:\/\/extra.inmontanis.info\/d\/47380-2\/DSC01645.jpg'><img src=http:\/\/extra.inmontanis.info\/d\/47379-3\/DSC01645.jpg \/><\/a><br \/>\n^ Meine Dachbeklebung schaut auch nicht mehr sehr gut aus &#8211; die transparenten Bereiche sind recht dunkel geworden<\/p>\n<p><a href='http:\/\/extra.inmontanis.info\/d\/47384-2\/DSC01646.jpg'><img src=http:\/\/extra.inmontanis.info\/d\/47383-3\/DSC01646.jpg \/><\/a><br \/>\n^ F\u00e4hre Kvanndal-Utne<\/p>\n<p><a href='http:\/\/extra.inmontanis.info\/d\/47388-2\/DSC01650.jpg'><img src=http:\/\/extra.inmontanis.info\/d\/47387-3\/DSC01650.jpg \/><\/a><br \/>\n^ F\u00e4hre Kvanndal-Utne<\/p>\n<p><a href='http:\/\/extra.inmontanis.info\/d\/47392-2\/DSC01658.jpg'><img src=http:\/\/extra.inmontanis.info\/d\/47391-3\/DSC01658.jpg \/><\/a><br \/>\n^ F\u00e4hre Kvanndal-Utne<\/p>\n<p><a href='http:\/\/extra.inmontanis.info\/d\/47396-2\/DSC01659.jpg'><img src=http:\/\/extra.inmontanis.info\/d\/47395-3\/DSC01659.jpg \/><\/a><br \/>\n^ F\u00e4hre Kvanndal-Utne<\/p>\n<p><a href='http:\/\/extra.inmontanis.info\/d\/47400-2\/DSC01662.jpg'><img src=http:\/\/extra.inmontanis.info\/d\/47399-3\/DSC01662.jpg \/><\/a><br \/>\n^ 550 \/ Utne-Jondal \/ Hardangerfjord<\/p>\n<p><a href='http:\/\/extra.inmontanis.info\/d\/47404-2\/DSC01666.jpg'><img src=http:\/\/extra.inmontanis.info\/d\/47403-3\/DSC01666.jpg \/><\/a><br \/>\n^ 550 \/ Utne-Jondal \/ Hardangerfjord<\/p>\n<p><a href='http:\/\/ski.inmontanis.info\/d\/248968-2\/DSC01668.jpg'><img src=http:\/\/ski.inmontanis.info\/d\/248967-3\/DSC01668.jpg \/><\/a><br \/>\n^ Auffahrt ins Skigebiet Folgefonna<\/p>\n<p><a href='http:\/\/ski.inmontanis.info\/d\/248972-2\/DSC01669.jpg'><img src=http:\/\/ski.inmontanis.info\/d\/248971-3\/DSC01669.jpg \/><\/a><br \/>\n^ Auffahrt ins Skigebiet Folgefonna<\/p>\n<p><a href='http:\/\/ski.inmontanis.info\/d\/248976-2\/DSC01671.jpg'><img src=http:\/\/ski.inmontanis.info\/d\/248975-3\/DSC01671.jpg \/><\/a><br \/>\n^ Auffahrt ins Skigebiet Folgefonna, Lift bereits sichtbar<\/p>\n<p><a href='http:\/\/ski.inmontanis.info\/d\/248980-2\/DSC01675.jpg'><img src=http:\/\/ski.inmontanis.info\/d\/248979-3\/DSC01675.jpg \/><\/a><br \/>\n^ Auffahrt ins Skigebiet Folgefonna, Lift rechts sichtbar<\/p>\n<p><a href='http:\/\/ski.inmontanis.info\/d\/248984-2\/DSC01678.jpg'><img src=http:\/\/ski.inmontanis.info\/d\/248983-3\/DSC01678.jpg \/><\/a><br \/>\n^ Talstation<\/p>\n<p><a href='http:\/\/ski.inmontanis.info\/d\/248988-2\/ge20180604d.jpg'><img src=http:\/\/ski.inmontanis.info\/d\/248987-3\/ge20180604d.jpg \/><\/a><br \/>\n^ GPS-Track: 4.6.2018 in Rot, 8.9.2015 in Blau und 13.6.2006 in Gr\u00fcn<br \/>\nInteressant ist, dass der Lift nicht nur verl\u00e4ngert wurde, sondern auch links\/rechts immer etwas abweicht ;)<\/p>\n<p><a href='http:\/\/ski.inmontanis.info\/d\/248992-2\/DSC01686.jpg'><img src=http:\/\/ski.inmontanis.info\/d\/248991-3\/DSC01686.jpg \/><\/a><br \/>\n^ Die Felsen, die den rechten Bereich abtrennen, k\u00f6nnten in ein paar Jahren ein Problem werden, die Zufahrt geht schon etwas bergauf.<\/p>\n<p><a href='http:\/\/ski.inmontanis.info\/d\/248996-2\/DSC01687.jpg'><img src=http:\/\/ski.inmontanis.info\/d\/248995-3\/DSC01687.jpg \/><\/a><br \/>\n^ Evtl. Depotarbeiten auf der linken Seite<\/p>\n<p><a href='http:\/\/ski.inmontanis.info\/d\/249000-2\/DSC01693.jpg'><img src=http:\/\/ski.inmontanis.info\/d\/248999-3\/DSC01693.jpg \/><\/a><br \/>\n^ Dank Liftverl\u00e4ngerung hat man nun noch ein sch\u00f6nes Abfahrtsst\u00fcck hier oben<\/p>\n<p><a href='http:\/\/ski.inmontanis.info\/d\/249004-2\/DSC01694.jpg'><img src=http:\/\/ski.inmontanis.info\/d\/249003-3\/DSC01694.jpg \/><\/a><br \/>\n^ \u00dcbergang zur rechten Seite, rechts kann man ein bisschen auf Restschnee durch die Felsen<\/p>\n<p><a href='http:\/\/ski.inmontanis.info\/d\/249008-2\/DSC01698.jpg'><img src=http:\/\/ski.inmontanis.info\/d\/249007-3\/DSC01698.jpg \/><\/a><br \/>\n^ Das verl\u00e4ngerte St\u00fcck Lift<\/p>\n<p><a href='http:\/\/ski.inmontanis.info\/d\/249012-2\/DSC01701.jpg'><img src=http:\/\/ski.inmontanis.info\/d\/249011-3\/DSC01701.jpg \/><\/a><\/p>\n<p><a href='http:\/\/ski.inmontanis.info\/d\/249016-2\/DSC01702.jpg'><img src=http:\/\/ski.inmontanis.info\/d\/249015-3\/DSC01702.jpg \/><\/a><br \/>\n^ Spa\u00dfige Fahrt zwischen den Felsen<\/p>\n<p><a href='http:\/\/ski.inmontanis.info\/d\/249020-2\/DSC01704.jpg'><img src=http:\/\/ski.inmontanis.info\/d\/249019-3\/DSC01704.jpg \/><\/a><br \/>\n^ Blick zur Talstation<\/p>\n<p><a href='http:\/\/ski.inmontanis.info\/d\/249024-2\/DSC01705.jpg'><img src=http:\/\/ski.inmontanis.info\/d\/249023-3\/DSC01705.jpg \/><\/a><br \/>\n^ Genialer Firn im Funpark<\/p>\n<p><a href='http:\/\/ski.inmontanis.info\/d\/249028-2\/DSC01706.jpg'><img src=http:\/\/ski.inmontanis.info\/d\/249027-3\/DSC01706.jpg \/><\/a><br \/>\n^ Es fahren nicht nur Skifahrer hier rauf<\/p>\n<p><a href='http:\/\/ski.inmontanis.info\/d\/249032-2\/DSC01709.jpg'><img src=http:\/\/ski.inmontanis.info\/d\/249031-3\/DSC01709.jpg \/><\/a><br \/>\n^ Mini-Seen<\/p>\n<p><a href='http:\/\/ski.inmontanis.info\/d\/249036-2\/DSC03451.jpg'><img src=http:\/\/ski.inmontanis.info\/d\/249035-3\/DSC03451.jpg \/><\/a><br \/>\n^ IR-Pano ins Tal und zum Hardangerfjord<\/p>\n<p><a href='http:\/\/ski.inmontanis.info\/d\/249164-2\/DSC03452.jpg'><img src=http:\/\/ski.inmontanis.info\/d\/249163-3\/DSC03452.jpg \/><\/a><br \/>\n^ IR-Pano zum Meer. Hat man mit blo\u00dfem Auge heute leider nicht gesehen.<\/p>\n<p><a href='http:\/\/ski.inmontanis.info\/d\/249040-2\/DSC03453.jpg'><img src=http:\/\/ski.inmontanis.info\/d\/249039-3\/DSC03453.jpg \/><\/a><br \/>\n^ IR-Pano zum Meer. Die ungerade Linie am Horizont in Bildmitte ist allerdings eigenartig, da es lt. Sat-Bild keine Inseln in Sichtweite gibt..<\/p>\n<p><a href='http:\/\/ski.inmontanis.info\/d\/249044-2\/DSC01712.jpg'><img src=http:\/\/ski.inmontanis.info\/d\/249043-3\/DSC01712.jpg \/><\/a><br \/>\n^ Eine frische Pistenraupenspur will nat\u00fcrlich gefahren werden<\/p>\n<p><a href='http:\/\/ski.inmontanis.info\/d\/249048-2\/DSC01713.jpg'><img src=http:\/\/ski.inmontanis.info\/d\/249047-3\/DSC01713.jpg \/><\/a><br \/>\n^ Vermattungen an der Talstation<\/p>\n<p><a href='http:\/\/ski.inmontanis.info\/d\/249052-2\/DSC03455.jpg'><img src=http:\/\/ski.inmontanis.info\/d\/249051-3\/DSC03455.jpg \/><\/a><br \/>\n^ IR-Pano Hardangerfjord<\/p>\n<p><a href='http:\/\/ski.inmontanis.info\/d\/249056-2\/DSC01715.jpg'><img src=http:\/\/ski.inmontanis.info\/d\/249055-3\/DSC01715.jpg \/><\/a><br \/>\n^ 2 leicht bekleidete Tourengeherinnen<\/p>\n<p><a href='http:\/\/ski.inmontanis.info\/d\/249060-2\/DSC01717.jpg'><img src=http:\/\/ski.inmontanis.info\/d\/249059-3\/DSC01717.jpg \/><\/a><br \/>\n^ Panoramabfahrt<\/p>\n<p><a href='http:\/\/ski.inmontanis.info\/d\/249064-2\/DSC01720.jpg'><img src=http:\/\/ski.inmontanis.info\/d\/249063-3\/DSC01720.jpg \/><\/a><br \/>\n^ Zwischen die Felsen schieben<\/p>\n<p><a href='http:\/\/ski.inmontanis.info\/d\/249068-2\/DSC01721.jpg'><img src=http:\/\/ski.inmontanis.info\/d\/249067-3\/DSC01721.jpg \/><\/a><br \/>\n^ Rechte Seite<\/p>\n<p><a href='http:\/\/ski.inmontanis.info\/d\/249072-2\/DSC01723.jpg'><img src=http:\/\/ski.inmontanis.info\/d\/249071-3\/DSC01723.jpg \/><\/a><br \/>\n^ Rechte Seite<\/p>\n<p><a href='http:\/\/ski.inmontanis.info\/d\/249076-2\/DSC01724.jpg'><img src=http:\/\/ski.inmontanis.info\/d\/249075-3\/DSC01724.jpg \/><\/a><br \/>\n^ Nette rechte Au\u00dfenrumvariante<\/p>\n<p><a href='http:\/\/ski.inmontanis.info\/d\/249080-2\/DSC01725.jpg'><img src=http:\/\/ski.inmontanis.info\/d\/249079-3\/DSC01725.jpg \/><\/a><br \/>\n^ Nette rechte Au\u00dfenrumvariante<\/p>\n<p><a href='http:\/\/ski.inmontanis.info\/d\/249084-2\/DSC01727.jpg'><img src=http:\/\/ski.inmontanis.info\/d\/249083-3\/DSC01727.jpg \/><\/a><br \/>\n^ Nette rechte Au\u00dfenrumvariante<\/p>\n<p><a href='http:\/\/ski.inmontanis.info\/d\/249088-2\/DSC01728.jpg'><img src=http:\/\/ski.inmontanis.info\/d\/249087-3\/DSC01728.jpg \/><\/a><br \/>\n^ Nette rechte Au\u00dfenrumvariante<\/p>\n<p><a href='http:\/\/ski.inmontanis.info\/d\/249092-2\/DSC01732.jpg'><img src=http:\/\/ski.inmontanis.info\/d\/249091-3\/DSC01732.jpg \/><\/a><br \/>\n^ Links des Lifts<\/p>\n<p><a href='http:\/\/ski.inmontanis.info\/d\/249096-2\/DSC01734.jpg'><img src=http:\/\/ski.inmontanis.info\/d\/249095-3\/DSC01734.jpg \/><\/a><br \/>\n^ Wasserfall links des Lifts<\/p>\n<p><a href='http:\/\/ski.inmontanis.info\/d\/249100-2\/DSC01735.jpg'><img src=http:\/\/ski.inmontanis.info\/d\/249099-3\/DSC01735.jpg \/><\/a><br \/>\n^ Links des Lifts gibt&#8217;s den steilsten Hang<\/p>\n<p><a href='http:\/\/ski.inmontanis.info\/d\/249104-2\/DSC01736.jpg'><img src=http:\/\/ski.inmontanis.info\/d\/249103-3\/DSC01736.jpg \/><\/a><br \/>\n^ Nette rechte Au\u00dfenrumvariante<\/p>\n<p><a href='http:\/\/ski.inmontanis.info\/d\/249108-2\/DSC01740.jpg'><img src=http:\/\/ski.inmontanis.info\/d\/249107-3\/DSC01740.jpg \/><\/a><br \/>\n^ Nette rechte Au\u00dfenrumvariante<\/p>\n<p><a href='http:\/\/ski.inmontanis.info\/d\/249112-2\/DSC01742.jpg'><img src=http:\/\/ski.inmontanis.info\/d\/249111-3\/DSC01742.jpg \/><\/a><br \/>\n^ Bergstation<\/p>\n<p><a href='http:\/\/ski.inmontanis.info\/d\/249116-2\/DSC01747.jpg'><img src=http:\/\/ski.inmontanis.info\/d\/249115-3\/DSC01747.jpg \/><\/a><br \/>\n^ Ganz rechts au\u00dfen<\/p>\n<p><a href='http:\/\/ski.inmontanis.info\/d\/249120-2\/DSC01750.jpg'><img src=http:\/\/ski.inmontanis.info\/d\/249119-3\/DSC01750.jpg \/><\/a><br \/>\n^ Ganz rechts au\u00dfen<\/p>\n<p><a href='http:\/\/ski.inmontanis.info\/d\/249124-2\/DSC01753.jpg'><img src=http:\/\/ski.inmontanis.info\/d\/249123-3\/DSC01753.jpg \/><\/a><br \/>\n^ Ganz rechts au\u00dfen<\/p>\n<p><a href='http:\/\/ski.inmontanis.info\/d\/249128-2\/DSC01755.jpg'><img src=http:\/\/ski.inmontanis.info\/d\/249127-3\/DSC01755.jpg \/><\/a><br \/>\n^ Ganz rechts au\u00dfen; Trinc fuhr runter und stieg zur Stra\u00dfe auf, ich zog gerade r\u00fcber und stieg zum Parkplatz auf<\/p>\n<p><a href='http:\/\/ski.inmontanis.info\/d\/249132-2\/DSC01763.jpg'><img src=http:\/\/ski.inmontanis.info\/d\/249131-3\/DSC01763.jpg \/><\/a><br \/>\n^ Pistenraupe mit Salzstreuer<\/p>\n<p><a href='http:\/\/ski.inmontanis.info\/d\/249136-2\/DSC01764.jpg'><img src=http:\/\/ski.inmontanis.info\/d\/249135-3\/DSC01764.jpg \/><\/a><br \/>\n^ Die beiden rechten Au\u00dfenrumvarianten<\/p>\n<p><a href='http:\/\/ski.inmontanis.info\/d\/249140-2\/DSC01765.jpg'><img src=http:\/\/ski.inmontanis.info\/d\/249139-3\/DSC01765.jpg \/><\/a><br \/>\n^ Stra\u00dfe talw\u00e4rts<\/p>\n<p><a href='http:\/\/ski.inmontanis.info\/d\/249144-2\/DSC01768.jpg'><img src=http:\/\/ski.inmontanis.info\/d\/249143-3\/DSC01768.jpg \/><\/a><br \/>\n^ Stra\u00dfe talw\u00e4rts<\/p>\n<p><a href='http:\/\/ski.inmontanis.info\/d\/249148-2\/DSC01769.jpg'><img src=http:\/\/ski.inmontanis.info\/d\/249147-3\/DSC01769.jpg \/><\/a><br \/>\n^ Stra\u00dfe talw\u00e4rts<\/p>\n<p><a href='http:\/\/ski.inmontanis.info\/d\/249152-2\/DSC01771.jpg'><img src=http:\/\/ski.inmontanis.info\/d\/249151-3\/DSC01771.jpg \/><\/a><br \/>\n^ R\u00fcckblick<\/p>\n<p><a href='http:\/\/ski.inmontanis.info\/d\/249156-2\/ge20180604g.jpg'><img src=http:\/\/ski.inmontanis.info\/d\/249155-3\/ge20180604g.jpg \/><\/a><br \/>\n^ Hier mal im Vergleich das Skigebiet zum gesamten Folgefonna-Gletscher<\/p>\n<p><a href='http:\/\/ski.inmontanis.info\/d\/249160-2\/DSC01776.jpg'><img src=http:\/\/ski.inmontanis.info\/d\/249159-3\/DSC01776.jpg \/><\/a><br \/>\n^ 3 gro\u00dfe Busse aus Litauen fuhren hinauf, d.h. bei der schmalen Stra\u00dfe, dass ich 2x zur\u00fccksetzen musste<\/p>\n<p>Wir hatten heute einige Filmchen beim Abfahren gedreht:<br \/>\n<object style=\"height: 500px; width: 900px\"><param name=\"movie\" value=\"http:\/\/www.youtube.com\/v\/1lVym3e2AH4\"><\/param><param name=\"wmode\" value=\"transparent\"><\/param><embed src=\"http:\/\/www.youtube.com\/v\/1lVym3e2AH4\" type=\"application\/x-shockwave-flash\" wmode=\"transparent\"  width=\"900\" height=\"480\"><\/embed><\/object><\/p>\n<p>Fazit: Genial.<\/p>\n<p>(Fortsetzung folgt.)<\/p>\n","protected":false},"excerpt":{"rendered":"<p>DVKIFME\u00dcWNNZST &#8211; Die verr\u00fcckte kleine &#8220;Ich fahr mal eben \u00fcber&#8217;s Wochenende nach Norwegen zum Sommerskifahren&#8221; &#8211; Tour Tag 5 Teil 1 &#8211; Mo, 4.6.2018 &#8211; Folgefonna Sommerski &#8211; &#8220;Das Beste zum Schluss&#8221;<\/p>\n<p>Um 7:35 Uhr fuhr unsere F\u00e4hre, in Jondal hielten wir kurz am Supermarkt, um 9:40 Uhr waren wir im Skigebiet. Wie ich erwart <a href=\"http:\/\/blog.inmontanis.info\/?p=5100\">[&#8230;]<\/a><\/p>\n","protected":false},"author":1,"featured_media":0,"comment_status":"closed","ping_status":"closed","sticky":false,"template":"","format":"standard","meta":{"footnotes":""},"categories":[171,591,18,28],"tags":[90,37,45,47],"class_list":["post-5100","post","type-post","status-publish","format-standard","hentry","category-2018-06-dvkifmeuwnnzst","category-folgefonna","category-norwegennorway","category-skifahren-sommer","tag-infrarot","tag-meer","tag-see","tag-sl","odd"],"_links":{"self":[{"href":"http:\/\/blog.inmontanis.info\/index.php?rest_route=\/wp\/v2\/posts\/5100","targetHints":{"allow":["GET"]}}],"collection":[{"href":"http:\/\/blog.inmontanis.info\/index.php?rest_route=\/wp\/v2\/posts"}],"about":[{"href":"http:\/\/blog.inmontanis.info\/index.php?rest_route=\/wp\/v2\/types\/post"}],"author":[{"embeddable":true,"href":"http:\/\/blog.inmontanis.info\/index.php?rest_route=\/wp\/v2\/users\/1"}],"replies":[{"embeddable":true,"href":"http:\/\/blog.inmontanis.info\/index.php?rest_route=%2Fwp%2Fv2%2Fcomments&post=5100"}],"version-history":[{"count":3,"href":"http:\/\/blog.inmontanis.info\/index.php?rest_route=\/wp\/v2\/posts\/5100\/revisions"}],"predecessor-version":[{"id":5103,"href":"http:\/\/blog.inmontanis.info\/index.php?rest_route=\/wp\/v2\/posts\/5100\/revisions\/5103"}],"wp:attachment":[{"href":"http:\/\/blog.inmontanis.info\/index.php?rest_route=%2Fwp%2Fv2%2Fmedia&parent=5100"}],"wp:term":[{"taxonomy":"category","embeddable":true,"href":"http:\/\/blog.inmontanis.info\/index.php?rest_route=%2Fwp%2Fv2%2Fcategories&post=5100"},{"taxonomy":"post_tag","embeddable":true,"href":"http:\/\/blog.inmontanis.info\/index.php?rest_route=%2Fwp%2Fv2%2Ftags&post=5100"}],"curies":[{"name":"wp","href":"https:\/\/api.w.org\/{rel}","templated":true}]}}