{"id":5095,"date":"2018-06-17T23:51:36","date_gmt":"2018-06-17T21:51:36","guid":{"rendered":"http:\/\/blog.inmontanis.info\/?p=5095"},"modified":"2023-07-01T20:57:37","modified_gmt":"2023-07-01T18:57:37","slug":"hintertuxer-gletscher-16-17-6-2018","status":"publish","type":"post","link":"http:\/\/blog.inmontanis.info\/?p=5095","title":{"rendered":"Hintertuxer Gletscher, 16.+17.6.2018"},"content":{"rendered":"<p><strong>16.+17.6.2018<\/strong><\/p>\n<p>Das Wochenende sollte sehr sonnig werden, wobei es letztendlich nur f\u00fcr Samstag galt &#8211; am Sonntag dominierten mal wieder tiefe Wolken und abschnittsweise Nebel, zudem waren etwas k\u00fchlere Temperaturen f\u00fcr beide Tage gemeldet. Vor ein paar Tagen hatte es etwas geschneit, somit hatte ich Pappschnee bef\u00fcrchtet. Allerdings lag nicht mehr so viel Schnee und vmtl. ist der auch eher im Grenzbereich gefallen, weshalb er zumindest am Samstag gar nicht pappig, sondern sch\u00f6n firnig war. Morgens war es am Samstag sogar am Olperer noch einige Zeit lang hart, w\u00e4hrend es dort am Sonntag schon sch\u00f6n firnig war, dann aber langsam bremsig wurde, was am Samstag trotz Sonnenschein nicht der Fall war &#8211; Olperer war bis zum Schluss toll zu fahren, sch\u00f6n firnig ab dem sp\u00e4teren Vormittag und nicht bremsig im Flachteil. Aber auch an der GW lie\u00df es sich gut fahren. Und: Auch offpiste war&#8217;s am Samstag genial.<\/p>\n<p>Anders gesagt: Samstag war der beste Tag meiner bisherigen Hintertuxer Sommerskisaison, vielleicht sogar der gesamten heurigen Sommersaison. Aber wenn der Sommer halbwegs so weiter geht, werd ich mir n\u00e4chstes Jahr wohl wieder die Saisonkarte kaufen ;)<\/p>\n<p>In Revision war dieses WE die 10EUB, w\u00e4hrend die DSB Sektion IV wieder in Betrieb war &#8211; bin ich aber glaub ich nur 1x gefahren, weil sie f\u00fcr mich keinen sonderlichen Sinn gehabt h\u00e4tte ohne 10EUB und weil ich lieber immer bis runter (zumeist offpiste zwischen den Gondeln) gefahren bin.<\/p>\n<p>Wie \u00fcblich gab es im Zillertal nervige Langsamfahrer, allerdings auch noch nervigere Zeitgenossen, so fuhr am Samstag Nachmittag talausw\u00e4rts von mindestens vor F\u00fcgen bis zum Tunnel ein Traktor mit H\u00e4nger, der die Schlange nicht vorgelassen hat &#8211; und die Autos direkt hinter ihm konnten bzw. trauten sich nicht, ihn zu \u00fcberholen. (Konnten wg. Gegenverkehr nicht dort, wo es erlaubt war, und trauten sich nicht dort, wo es nicht erlaubt war, z.B. bei Abbiegespuren &#8211; was sonst absolut \u00fcblich ist; zudem k\u00f6nnte der Traktor ja auch die Stra\u00dfe neben der Bundesstra\u00dfe fahren)<\/p>\n<p>(Fotos anklicken zum Vergr\u00f6\u00dfern)<\/p>\n<p><strong>16.6.2018<\/strong><\/p>\n<p><a href='http:\/\/ski.inmontanis.info\/d\/248904-2\/DSC02009.jpg'><img src=http:\/\/ski.inmontanis.info\/d\/248903-3\/DSC02009.jpg \/><\/a><br \/>\n^ Standard-Bild von Sektion 1<\/p>\n<p><a href='http:\/\/ski.inmontanis.info\/d\/248908-2\/DSC02011.jpg'><img src=http:\/\/ski.inmontanis.info\/d\/248907-3\/DSC02011.jpg \/><\/a><br \/>\n^ SL Olperer, heute war etwas mehr los<\/p>\n<p><a href='http:\/\/ski.inmontanis.info\/d\/248912-2\/DSC02012.jpg'><img src=http:\/\/ski.inmontanis.info\/d\/248911-3\/DSC02012.jpg \/><\/a><br \/>\n^ Standard-Bild Olperer &#8211; GW<br \/>\n(Bei solchem Wetter und solchem Schnee wei\u00df man, dass man alles richtig gemacht hat, so von wegen Sommersaisonkartenkauf und heute Ski zu fahren)<\/p>\n<p><a href='http:\/\/ski.inmontanis.info\/d\/248916-2\/DSC02013.jpg'><img src=http:\/\/ski.inmontanis.info\/d\/248915-3\/DSC02013.jpg \/><\/a><br \/>\n^ TFH-Hang links<\/p>\n<p><a href='http:\/\/ski.inmontanis.info\/d\/248920-2\/DSC02014.jpg'><img src=http:\/\/ski.inmontanis.info\/d\/248919-3\/DSC02014.jpg \/><\/a><br \/>\n^ TFH-Hang rechts<\/p>\n<p><a href='http:\/\/ski.inmontanis.info\/d\/248924-2\/DSC02017.jpg'><img src=http:\/\/ski.inmontanis.info\/d\/248923-3\/DSC02017.jpg \/><\/a><br \/>\n^ Standard-Bild GW &#8211; Olperer<\/p>\n<p><a href='http:\/\/ski.inmontanis.info\/d\/248928-2\/DSC02018.jpg'><img src=http:\/\/ski.inmontanis.info\/d\/248927-3\/DSC02018.jpg \/><\/a><br \/>\n^ Toller Firn Offpiste<\/p>\n<p><a href='http:\/\/ski.inmontanis.info\/d\/248932-2\/DSC02019.jpg'><img src=http:\/\/ski.inmontanis.info\/d\/248931-3\/DSC02019.jpg \/><\/a><br \/>\n^ 3SB Schlegeis<\/p>\n<p><a href='http:\/\/ski.inmontanis.info\/d\/248936-2\/DSC02020.jpg'><img src=http:\/\/ski.inmontanis.info\/d\/248935-3\/DSC02020.jpg \/><\/a><br \/>\n^ 3SB Schlegeis, die Matten an der Abfahrt liegen noch aufgerollt herum<\/p>\n<p><a href='http:\/\/ski.inmontanis.info\/d\/248940-2\/DSC02021.jpg'><img src=http:\/\/ski.inmontanis.info\/d\/248939-3\/DSC02021.jpg \/><\/a><br \/>\n^ Meine Abfahrtsspur in der frischen Raupenspur erinnert mich an ein altes Tapenmuster aus den 70ern oder 60ern ;)<\/p>\n<p><a href='http:\/\/ski.inmontanis.info\/d\/248944-2\/DSC02025.jpg'><img src=http:\/\/ski.inmontanis.info\/d\/248943-3\/DSC02025.jpg \/><\/a><br \/>\n^ Toller Firn offpiste zwischen den Gondeln<\/p>\n<p><a href='http:\/\/ski.inmontanis.info\/d\/248948-2\/DSC02028.jpg'><img src=http:\/\/ski.inmontanis.info\/d\/248947-3\/DSC02028.jpg \/><\/a><br \/>\n^ Offpiste zwischen den Gondeln, heute war ich mal nicht der einzige hier<\/p>\n<p><a href='http:\/\/ski.inmontanis.info\/d\/248952-2\/DSC02031.jpg'><img src=http:\/\/ski.inmontanis.info\/d\/248951-3\/DSC02031.jpg \/><\/a><br \/>\n^ Offpiste zwischen den Gondeln<\/p>\n<p><a href='http:\/\/ski.inmontanis.info\/d\/248956-2\/DSC02036.jpg'><img src=http:\/\/ski.inmontanis.info\/d\/248955-3\/DSC02036.jpg \/><\/a><br \/>\n^ Offpiste zwischen den Gondeln, heute war ich mal nicht der einzige hier<\/p>\n<p><strong>17.6.2018<\/strong><\/p>\n<p><a href='http:\/\/ski.inmontanis.info\/d\/248960-2\/DSC02039.jpg'><img src=http:\/\/ski.inmontanis.info\/d\/248959-3\/DSC02039.jpg \/><\/a><br \/>\n^ Am Sonntag war es leider wieder einmal weit weniger sonnig als gemeldet. Die Pisten am Olperer gingen aber morgens toll zu fahren &#8211; hier mit Kids aus Russland<\/p>\n<p><a href='http:\/\/ski.inmontanis.info\/d\/248964-2\/DSC02041.jpg'><img src=http:\/\/ski.inmontanis.info\/d\/248963-3\/DSC02041.jpg \/><\/a><br \/>\n^ SL Olperer<\/p>\n","protected":false},"excerpt":{"rendered":"<p>16.+17.6.2018<\/p>\n<p>Das Wochenende sollte sehr sonnig werden, wobei es letztendlich nur f\u00fcr Samstag galt &#8211; am Sonntag dominierten mal wieder tiefe Wolken und abschnittsweise Nebel, zudem waren etwas k\u00fchlere Temperaturen f\u00fcr beide Tage gemeldet. Vor ein paar Tagen hatte es etwas geschneit, somit hatte ich Pappschnee bef\u00fcrchtet. Allerdings lag nicht mehr so viel Schnee und <a href=\"http:\/\/blog.inmontanis.info\/?p=5095\">[&#8230;]<\/a><\/p>\n","protected":false},"author":1,"featured_media":0,"comment_status":"closed","ping_status":"closed","sticky":false,"template":"","format":"standard","meta":{"footnotes":""},"categories":[246,25,13,28],"tags":[47],"class_list":["post-5095","post","type-post","status-publish","format-standard","hentry","category-hintertux","category-noreport","category-austria","category-skifahren-sommer","tag-sl","odd"],"_links":{"self":[{"href":"http:\/\/blog.inmontanis.info\/index.php?rest_route=\/wp\/v2\/posts\/5095","targetHints":{"allow":["GET"]}}],"collection":[{"href":"http:\/\/blog.inmontanis.info\/index.php?rest_route=\/wp\/v2\/posts"}],"about":[{"href":"http:\/\/blog.inmontanis.info\/index.php?rest_route=\/wp\/v2\/types\/post"}],"author":[{"embeddable":true,"href":"http:\/\/blog.inmontanis.info\/index.php?rest_route=\/wp\/v2\/users\/1"}],"replies":[{"embeddable":true,"href":"http:\/\/blog.inmontanis.info\/index.php?rest_route=%2Fwp%2Fv2%2Fcomments&post=5095"}],"version-history":[{"count":2,"href":"http:\/\/blog.inmontanis.info\/index.php?rest_route=\/wp\/v2\/posts\/5095\/revisions"}],"predecessor-version":[{"id":5098,"href":"http:\/\/blog.inmontanis.info\/index.php?rest_route=\/wp\/v2\/posts\/5095\/revisions\/5098"}],"wp:attachment":[{"href":"http:\/\/blog.inmontanis.info\/index.php?rest_route=%2Fwp%2Fv2%2Fmedia&parent=5095"}],"wp:term":[{"taxonomy":"category","embeddable":true,"href":"http:\/\/blog.inmontanis.info\/index.php?rest_route=%2Fwp%2Fv2%2Fcategories&post=5095"},{"taxonomy":"post_tag","embeddable":true,"href":"http:\/\/blog.inmontanis.info\/index.php?rest_route=%2Fwp%2Fv2%2Ftags&post=5095"}],"curies":[{"name":"wp","href":"https:\/\/api.w.org\/{rel}","templated":true}]}}