{"id":5088,"date":"2018-06-03T23:30:11","date_gmt":"2018-06-03T21:30:11","guid":{"rendered":"http:\/\/blog.inmontanis.info\/?p=5088"},"modified":"2023-08-04T20:45:50","modified_gmt":"2023-08-04T18:45:50","slug":"galdhopiggen-sommerski-3-6-2018-sognetindeaurlandstalheim","status":"publish","type":"post","link":"http:\/\/blog.inmontanis.info\/?p=5088","title":{"rendered":"Galdh\u00f8piggen Sommerski, 3.6.2018 (+Sogne\/Tinde\/Aurland\/Stalheim)"},"content":{"rendered":"<p><strong>DVKIFME\u00dcWNNZST &#8211; <em>Die verr\u00fcckte kleine &#8220;Ich fahr mal eben \u00fcber&#8217;s Wochenende nach Norwegen zum Sommerskifahren&#8221; &#8211; Tour<\/em><\/strong><br \/>\n<strong>Tag 4 &#8211; So, 3.6.2018 &#8211;  Galdh\u00f8piggen Sommerski<\/strong><\/p>\n<p>Heute ging&#8217;s als erstes zum Galdh\u00f8piggen SommerSkiSenter, dem h\u00f6chsten Sommerskigebiet Norwegens. W\u00e4hrend wir in Stryn auf Restschneefeldern zwischen 1050 und 1350m fuhren, am Dalsnibba 1170-1500m ist man hier auf 1850-2190m. \u00dcberraschenderweise lag hier abseits des Gletschers trotzdem kaum noch Schnee, obwohl wir ja gestern nur wenige km weiter n\u00f6rdlich und viel tiefer gelegen so viel Restschnee am Strynefjell hatten. Entgegen meiner Erwartung gab es hier und heute doch schon sehr viele Rennteams, evtl. durch den freien Sonntag verst\u00e4rkt, denn lt. Webcam war es zumindest unter der Woche zuletzt noch relativ ruhig. Auch wenn ich nat\u00fcrlich wei\u00df, dass dieses Skigebiet am meisten auf Renngruppen fixiert ist. Leider war zudem auch noch der Schnee recht pappig.<\/p>\n<p>Die Maut kostete 100,- NOK (ca. 11,- \u20ac) und die Tageskarte 405,- NOK (ca. 43,- \u20ac). Skipass muss man nach wie vor in der H\u00fctte mit Restaurant und WC kaufen, die leider etwas oberhalb liegt und somit nicht so einfach mal eben im Laufe des Tages zu besuchen ist, da der Weg auch noch grob geschottert und unsch\u00f6n zu laufen ist.<\/p>\n<p>(Fotos anklicken zum Vergr\u00f6\u00dfern)<\/p>\n<p><a href='http:\/\/ski.inmontanis.info\/d\/248828-2\/DSC01524.jpg'><img src=http:\/\/ski.inmontanis.info\/d\/248827-3\/DSC01524.jpg \/><\/a><br \/>\n^ See an der Auffahrt zum Gletscherskigebiet<\/p>\n<p><a href='http:\/\/ski.inmontanis.info\/d\/248832-2\/DSC01527.jpg'><img src=http:\/\/ski.inmontanis.info\/d\/248831-3\/DSC01527.jpg \/><\/a><br \/>\n^ Steile Auffahrt<\/p>\n<p><a href='http:\/\/ski.inmontanis.info\/d\/248836-2\/DSC01532.jpg'><img src=http:\/\/ski.inmontanis.info\/d\/248835-3\/DSC01532.jpg \/><\/a><br \/>\n^ Lift in Sicht<\/p>\n<p>Leider hatte ich beim Skipasskauf vergessen, meine Cam mit zu nehmen, so hatte ich nur das iPhone dabei f\u00fcr die n\u00e4chsten 2 Fotos von dort:<\/p>\n<p><a href='http:\/\/ski.inmontanis.info\/d\/248840-2\/IMG_4699.jpg'><img src=http:\/\/ski.inmontanis.info\/d\/248839-3\/IMG_4699.jpg \/><\/a><br \/>\n^ Es war etwas schwer, durch die ganzen Rennkurse eine normale Abfahrt zu finden ..<\/p>\n<p><a href='http:\/\/ski.inmontanis.info\/d\/248844-2\/IMG_4700.jpg'><img src=http:\/\/ski.inmontanis.info\/d\/248843-3\/IMG_4700.jpg \/><\/a><br \/>\n^ Rechter Teil<\/p>\n<p><a href='http:\/\/ski.inmontanis.info\/d\/248848-2\/ge20180603a.jpg'><img src=http:\/\/ski.inmontanis.info\/d\/248847-3\/ge20180603a.jpg \/><\/a><br \/>\n^ GPS-Track 3.6.2018 in Rot, 9.9.2015 in Blau und 15.6.2006 in Gr\u00fcn<\/p>\n<p><a href='http:\/\/ski.inmontanis.info\/d\/248852-2\/DSC01537.jpg'><img src=http:\/\/ski.inmontanis.info\/d\/248851-3\/DSC01537.jpg \/><\/a><br \/>\n^ Neben dem SL gibt es einen vermatteten Bereich<\/p>\n<p><a href='http:\/\/ski.inmontanis.info\/d\/248856-2\/DSC01543.jpg'><img src=http:\/\/ski.inmontanis.info\/d\/248855-3\/DSC01543.jpg \/><\/a><br \/>\n^ Abfahrt, zumindest oben ja breit genug, unten wird&#8217;s zwischen den Rennkursen eng.<\/p>\n<p><a href='http:\/\/ski.inmontanis.info\/d\/248860-2\/DSC01546.jpg'><img src=http:\/\/ski.inmontanis.info\/d\/248859-3\/DSC01546.jpg \/><\/a><br \/>\n^ SL und See, jetzt noch gefroren. Und sehr wenig Restschneefelder im Gel\u00e4nde rundherum<\/p>\n<p><a href='http:\/\/ski.inmontanis.info\/d\/248864-2\/DSC01549.jpg'><img src=http:\/\/ski.inmontanis.info\/d\/248863-3\/DSC01549.jpg \/><\/a><br \/>\n^ See und SL und recht voller Parkplatz<\/p>\n<p><a href='http:\/\/ski.inmontanis.info\/d\/248868-2\/DSC01550.jpg'><img src=http:\/\/ski.inmontanis.info\/d\/248867-3\/DSC01550.jpg \/><\/a><br \/>\n^ Offpiste ganz rechts<\/p>\n<p><a href='http:\/\/ski.inmontanis.info\/d\/248872-2\/DSC01551.jpg'><img src=http:\/\/ski.inmontanis.info\/d\/248871-3\/DSC01551.jpg \/><\/a><br \/>\n^ Offpiste ganz rechts<\/p>\n<p><a href='http:\/\/ski.inmontanis.info\/d\/248876-2\/DSC01552.jpg'><img src=http:\/\/ski.inmontanis.info\/d\/248875-3\/DSC01552.jpg \/><\/a><br \/>\n^ Offpiste ganz rechts<\/p>\n<p><a href='http:\/\/ski.inmontanis.info\/d\/248880-2\/DSC01557.jpg'><img src=http:\/\/ski.inmontanis.info\/d\/248879-3\/DSC01557.jpg \/><\/a><br \/>\n^ Pano linksseitig<\/p>\n<p><a href='http:\/\/ski.inmontanis.info\/d\/248884-2\/DSC01558.jpg'><img src=http:\/\/ski.inmontanis.info\/d\/248883-3\/DSC01558.jpg \/><\/a><br \/>\n^ Leider bissl wenig Schnee am Rand f\u00fcr ausgedehntere Varianten<\/p>\n<p><a href='http:\/\/ski.inmontanis.info\/d\/248888-2\/DSC01559.jpg'><img src=http:\/\/ski.inmontanis.info\/d\/248887-3\/DSC01559.jpg \/><\/a><br \/>\n^ Unfertiger Funpark aber auch Schneedepots aufgrund winterlicher Beschneiung und Schneeverschiebungen<\/p>\n<p><a href='http:\/\/ski.inmontanis.info\/d\/248892-2\/DSC01560.jpg'><img src=http:\/\/ski.inmontanis.info\/d\/248891-3\/DSC01560.jpg \/><\/a><br \/>\n^ Offpiste, SL, See, Parkpl\u00e4tze und rechts die ung\u00fcnstig weiter oben platzierte H\u00fctte\/Restaurant (dort muss man auch den Skipass kaufen).<\/p>\n<p><a href='http:\/\/ski.inmontanis.info\/d\/248896-2\/DSC01566.jpg'><img src=http:\/\/ski.inmontanis.info\/d\/248895-3\/DSC01566.jpg \/><\/a><br \/>\n^ Der komplette SL von der Stra\u00dfe aus<\/p>\n<p><a href='http:\/\/ski.inmontanis.info\/d\/248900-2\/DSC01569.jpg'><img src=http:\/\/ski.inmontanis.info\/d\/248899-3\/DSC01569.jpg \/><\/a><br \/>\n^ Wieder abw\u00e4rts auf der mautpflichtigen Stra\u00dfe<\/p>\n<p>Fazit: Im September gefiel es mir hier ja zuletzt ganz gut, auch wg. des Sees, der jetzt im Juni nat\u00fcrlich noch gefroren ist, aber mit den vielen Rennteams, den beschr\u00e4nkten M\u00f6glichkeiten und dem pappigen Schnee landete es jetzt im Fr\u00fchjahr leider nur auf Platz 4 &#8211; ja, selbst das bisschen Nachtski am Dalsnibba gestern gefiel mir noch besser.<\/p>\n<p>Um 14 Uhr h\u00f6rten wir auf (na gut, w\u00e4re eh nur bis 15 Uhr in Betrieb gewesen), hatten auch noch einen l\u00e4ngeren Weg vor uns bis zum morgigen Ziel, Folgefonna. Dorthin ging&#8217;s erst mal \u00fcbers Sognefjell, dann den Tindevegen und sp\u00e4ter anstatt durch den 24km langen Tunnel \u00fcbers Aurlandsfjell. Vor Voss nahmen wir noch die Stahlheimskleiva mit, wobei man die leider nicht bergw\u00e4rts fahren darf, d.h. wir mussten erst den Tunnel rauf, dann die alte Stra\u00dfe runter und wieder die neue rauf.<\/p>\n<p><a href='http:\/\/extra.inmontanis.info\/d\/47220-6\/geSkandi2018d.jpg'><img src=http:\/\/extra.inmontanis.info\/d\/47220-6\/geSkandi2018d.jpg \/><\/a><br \/>\nF) Galdh\u00f8piggen<br \/>\nG) Sognefjell<br \/>\nH) Tindevegen<br \/>\nI) Aurlandsfjell<br \/>\nJ) Stahlheimskleiva<br \/>\nGr\u00fcn: Strecke 3.6.2018<\/p>\n<p><a href='http:\/\/extra.inmontanis.info\/d\/47272-2\/DSC01572.jpg'><img src=http:\/\/extra.inmontanis.info\/d\/47271-3\/DSC01572.jpg \/><\/a><br \/>\n^ Fv.55 \/ Auffahrt zum Sognefjell<\/p>\n<p><a href='http:\/\/extra.inmontanis.info\/d\/47276-2\/DSC01576.jpg'><img src=http:\/\/extra.inmontanis.info\/d\/47275-3\/DSC01576.jpg \/><\/a><br \/>\n^ Fv.55 \/ Auffahrt zum Sognefjell<\/p>\n<p><a href='http:\/\/extra.inmontanis.info\/d\/47280-2\/DSC01581.jpg'><img src=http:\/\/extra.inmontanis.info\/d\/47279-3\/DSC01581.jpg \/><\/a><br \/>\n^ Fv.55 \/ Sognefjell<\/p>\n<p><a href='http:\/\/extra.inmontanis.info\/d\/47284-2\/DSC01585.jpg'><img src=http:\/\/extra.inmontanis.info\/d\/47283-3\/DSC01585.jpg \/><\/a><br \/>\n^ Fv.55 \/ Sognefjell \/ Sommerlanglaufski-Zentrum<\/p>\n<p><a href='http:\/\/extra.inmontanis.info\/d\/47288-2\/DSC01587.jpg'><img src=http:\/\/extra.inmontanis.info\/d\/47287-3\/DSC01587.jpg \/><\/a><br \/>\n^ Fv.55 \/ Sognefjell<\/p>\n<p><a href='http:\/\/extra.inmontanis.info\/d\/47292-2\/DSC01589.jpg'><img src=http:\/\/extra.inmontanis.info\/d\/47291-3\/DSC01589.jpg \/><\/a><br \/>\n^ Fv.55 \/ Sognefjell<\/p>\n<p><a href='http:\/\/extra.inmontanis.info\/d\/47296-2\/DSC01592.jpg'><img src=http:\/\/extra.inmontanis.info\/d\/47295-3\/DSC01592.jpg \/><\/a><br \/>\n^ Fv.55 \/ Abfahrt vom Sognefjell, gegen\u00fcber der mautpflichtige Tindevegen, den wir gleich fuhren<\/p>\n<p><a href='http:\/\/extra.inmontanis.info\/d\/47300-2\/DSC01594.jpg'><img src=http:\/\/extra.inmontanis.info\/d\/47299-3\/DSC01594.jpg \/><\/a><br \/>\n^ Tindevegen \/ allerdings auch hier kein lohnenswerter via Stra\u00dfe erreichbarer Restschneebereich. Ok, wir hatten eh keine Zeit ..<\/p>\n<p><a href='http:\/\/extra.inmontanis.info\/d\/47304-2\/DSC01597.jpg'><img src=http:\/\/extra.inmontanis.info\/d\/47303-3\/DSC01597.jpg \/><\/a><br \/>\n^ Tindevegen<\/p>\n<p><a href='http:\/\/extra.inmontanis.info\/d\/47308-2\/DSC01599.jpg'><img src=http:\/\/extra.inmontanis.info\/d\/47307-3\/DSC01599.jpg \/><\/a><br \/>\n^ Fv.53 \/ \u00c5rdalsfjord<\/p>\n<p><a href='http:\/\/extra.inmontanis.info\/d\/47312-2\/DSC01602.jpg'><img src=http:\/\/extra.inmontanis.info\/d\/47311-3\/DSC01602.jpg \/><\/a><br \/>\n^ Fv. 243 \/ Erdalen \/ Auffahrt Aurlandsfjell<\/p>\n<p><a href='http:\/\/extra.inmontanis.info\/d\/47316-2\/DSC01603.jpg'><img src=http:\/\/extra.inmontanis.info\/d\/47315-3\/DSC01603.jpg \/><\/a><br \/>\n^ Fv. 243 \/ Aurlandsfjell<\/p>\n<p><a href='http:\/\/extra.inmontanis.info\/d\/47320-2\/DSC01605.jpg'><img src=http:\/\/extra.inmontanis.info\/d\/47319-3\/DSC01605.jpg \/><\/a><br \/>\n^ Fv. 243 \/ Aurlandsfjell<\/p>\n<p><a href='http:\/\/extra.inmontanis.info\/d\/47324-2\/DSC01606.jpg'><img src=http:\/\/extra.inmontanis.info\/d\/47323-3\/DSC01606.jpg \/><\/a><br \/>\n^ Fv. 243 \/ Aurlandsfjell<\/p>\n<p><a href='http:\/\/extra.inmontanis.info\/d\/47328-2\/DSC01608.jpg'><img src=http:\/\/extra.inmontanis.info\/d\/47327-3\/DSC01608.jpg \/><\/a><br \/>\n^ Fv. 243 \/ Aurlandsfjell<\/p>\n<p><a href='http:\/\/extra.inmontanis.info\/d\/47332-2\/DSC01611.jpg'><img src=http:\/\/extra.inmontanis.info\/d\/47331-3\/DSC01611.jpg \/><\/a><br \/>\n^ Fv. 243 \/ Aurlandsfjell<\/p>\n<p><a href='http:\/\/extra.inmontanis.info\/d\/47336-2\/DSC01614.jpg'><img src=http:\/\/extra.inmontanis.info\/d\/47335-3\/DSC01614.jpg \/><\/a><br \/>\n^ Fv. 243 \/ Aurlandsfjell<\/p>\n<p><a href='http:\/\/extra.inmontanis.info\/d\/47340-2\/DSC01615.jpg'><img src=http:\/\/extra.inmontanis.info\/d\/47339-3\/DSC01615.jpg \/><\/a><br \/>\n^ Aurlandsfjord<\/p>\n<p><a href='http:\/\/extra.inmontanis.info\/d\/47344-2\/DSC01617.jpg'><img src=http:\/\/extra.inmontanis.info\/d\/47343-3\/DSC01617.jpg \/><\/a><br \/>\n^ Aurlandsfjord (wird auch von gro\u00dfen Schiffen befahren)<\/p>\n<p><a href='http:\/\/extra.inmontanis.info\/d\/47348-2\/DSC01619.jpg'><img src=http:\/\/extra.inmontanis.info\/d\/47347-3\/DSC01619.jpg \/><\/a><br \/>\n^ Pano Stahlheimskleiva<\/p>\n<p><a href='http:\/\/extra.inmontanis.info\/d\/47352-2\/DSC01620.jpg'><img src=http:\/\/extra.inmontanis.info\/d\/47351-3\/DSC01620.jpg \/><\/a><br \/>\n^ Stahlheimskleiva \/ Stahlheimskleivi<\/p>\n<p><a href='http:\/\/extra.inmontanis.info\/d\/47356-2\/DSC01622.jpg'><img src=http:\/\/extra.inmontanis.info\/d\/47355-3\/DSC01622.jpg \/><\/a><br \/>\n^ Stahlheimskleiva \/ Wasserfall<\/p>\n<p><a href='http:\/\/extra.inmontanis.info\/d\/47360-2\/DSC01623.jpg'><img src=http:\/\/extra.inmontanis.info\/d\/47359-3\/DSC01623.jpg \/><\/a><br \/>\n^ Stahlheimskleiva \/ anderer Wasserfall<\/p>\n<p>Die Stra\u00dfe wurde 1842-1849 gebaut, hier ein Foto von 1890:<br \/>\n<a href='https:\/\/no.wikipedia.org\/wiki\/Fil:Fotografi_av_Stalheimskleven._Sogn,_Norge_-_Hallwylska_museet_-_105709.tif'>https:\/\/no.wikipedia.org\/wiki\/Fil:Fotografi_av_Stalheimskleven._Sogn,_Norge_-_Hallwylska_museet_-_105709.tif<\/a><\/p>\n<p><a href='http:\/\/extra.inmontanis.info\/d\/47364-2\/DSC01630.jpg'><img src=http:\/\/extra.inmontanis.info\/d\/47363-3\/DSC01630.jpg \/><\/a><br \/>\n^ Granvinfjord  \/ Hardangerfjord<\/p>\n<p>Kurz vor einer der beiden F\u00e4hren richtung Folgefonna blieben wir an einem Campingplatz, den wir um 20:15 Uhr erreichten. Offiziell ab 20 Uhr geschlossen, war aber doch noch jemand da. Die H\u00fctte war etwas g\u00fcnstiger als gestern, aber auch kleiner. Warm war&#8217;s zwar auch, daf\u00fcr aber schattiger, was auch morgen fr\u00fch recht positiv sein sollte. Wg. der W\u00e4rme hatte ich zwar einige Zeit gebraucht, bis ich eingeschlafen bin, konnte dann aber tats\u00e4chlich ganz gut und bis morgen fr\u00fch durch schlafen.<\/p>\n<p>Dashcam-Video von heute (Sognefjell fehlt leider ab Zwischenhalt, ebenso Tindevegen):<br \/>\n<object style=\"height: 500px; width: 900px\"><param name=\"movie\" value=\"http:\/\/www.youtube.com\/v\/-FwT_0lVCUw\"><\/param><param name=\"wmode\" value=\"transparent\"><\/param><embed src=\"http:\/\/www.youtube.com\/v\/-FwT_0lVCUw\" type=\"application\/x-shockwave-flash\" wmode=\"transparent\"  width=\"900\" height=\"480\"><\/embed><\/object><\/p>\n<p>(Fortsetzung folgt.)<\/p>\n","protected":false},"excerpt":{"rendered":"<p>DVKIFME\u00dcWNNZST &#8211; Die verr\u00fcckte kleine &#8220;Ich fahr mal eben \u00fcber&#8217;s Wochenende nach Norwegen zum Sommerskifahren&#8221; &#8211; Tour Tag 4 &#8211; So, 3.6.2018 &#8211; Galdh\u00f8piggen Sommerski<\/p>\n<p>Heute ging&#8217;s als erstes zum Galdh\u00f8piggen SommerSkiSenter, dem h\u00f6chsten Sommerskigebiet Norwegens. W\u00e4hrend wir in Stryn auf Restschneefeldern zwischen 1050 und 1350m fuhren, am Dalsnibba 1170-1500m ist man hier auf 1850-2190m. <a href=\"http:\/\/blog.inmontanis.info\/?p=5088\">[&#8230;]<\/a><\/p>\n","protected":false},"author":1,"featured_media":0,"comment_status":"closed","ping_status":"closed","sticky":false,"template":"","format":"standard","meta":{"footnotes":""},"categories":[171,589,18,28,577],"tags":[45,47],"class_list":["post-5088","post","type-post","status-publish","format-standard","hentry","category-2018-06-dvkifmeuwnnzst","category-galdhopiggen","category-norwegennorway","category-skifahren-sommer","category-sogn","tag-see","tag-sl","odd"],"_links":{"self":[{"href":"http:\/\/blog.inmontanis.info\/index.php?rest_route=\/wp\/v2\/posts\/5088","targetHints":{"allow":["GET"]}}],"collection":[{"href":"http:\/\/blog.inmontanis.info\/index.php?rest_route=\/wp\/v2\/posts"}],"about":[{"href":"http:\/\/blog.inmontanis.info\/index.php?rest_route=\/wp\/v2\/types\/post"}],"author":[{"embeddable":true,"href":"http:\/\/blog.inmontanis.info\/index.php?rest_route=\/wp\/v2\/users\/1"}],"replies":[{"embeddable":true,"href":"http:\/\/blog.inmontanis.info\/index.php?rest_route=%2Fwp%2Fv2%2Fcomments&post=5088"}],"version-history":[{"count":4,"href":"http:\/\/blog.inmontanis.info\/index.php?rest_route=\/wp\/v2\/posts\/5088\/revisions"}],"predecessor-version":[{"id":5092,"href":"http:\/\/blog.inmontanis.info\/index.php?rest_route=\/wp\/v2\/posts\/5088\/revisions\/5092"}],"wp:attachment":[{"href":"http:\/\/blog.inmontanis.info\/index.php?rest_route=%2Fwp%2Fv2%2Fmedia&parent=5088"}],"wp:term":[{"taxonomy":"category","embeddable":true,"href":"http:\/\/blog.inmontanis.info\/index.php?rest_route=%2Fwp%2Fv2%2Fcategories&post=5088"},{"taxonomy":"post_tag","embeddable":true,"href":"http:\/\/blog.inmontanis.info\/index.php?rest_route=%2Fwp%2Fv2%2Ftags&post=5088"}],"curies":[{"name":"wp","href":"https:\/\/api.w.org\/{rel}","templated":true}]}}