{"id":5081,"date":"2018-06-02T23:48:47","date_gmt":"2018-06-02T21:48:47","guid":{"rendered":"http:\/\/blog.inmontanis.info\/?p=5081"},"modified":"2023-08-06T10:20:07","modified_gmt":"2023-08-06T08:20:07","slug":"dalsnibba-mitternachts-sommerski-2-6-2018","status":"publish","type":"post","link":"http:\/\/blog.inmontanis.info\/?p=5081","title":{"rendered":"Dalsnibba Mitternachts-Sommerski, 2.6.2018"},"content":{"rendered":"<p><strong>DVKIFME\u00dcWNNZST &#8211; <em>Die verr\u00fcckte kleine &#8220;Ich fahr mal eben \u00fcber&#8217;s Wochenende nach Norwegen zum Sommerskifahren&#8221; &#8211; Tour<\/em><\/strong><br \/>\n<strong>Tag 3 Teil 2 &#8211; Sa, 2.6.2018 &#8211; Dalsnibba Mitternachts-Sommerski<\/strong><\/p>\n<p>Nach dem Sommerskifahren in Stryn mussten wir f\u00fcr Trinc eine Unterkunft suchen &#8211; ich k\u00f6nnte ja in meinem Qubo schlafen. Als erstes kamen wir an einem Hotel vorbei, wobei die Hotels in Norwegen nat\u00fcrlich recht teuer sind, unter 100-150 \u20ac bekommt da selten ein Zimmer. In dem Fall war das Hotel aber f\u00fcr eine Hochzeit ausgebucht. Wir hielten in Folge an ein paar Campingpl\u00e4tzen, denn H\u00fctten sind in Norwegen g\u00fcnstiger.<\/p>\n<p>Der erste war zwar auch nicht sonderlich g\u00fcnstig, aber Trinc h\u00e4tte es nehmen wollen &#8211; h\u00e4tte der Vermieter nicht nur Barzahlung akzeptiert. Also fuhren wir wieder weiter richtung Lom runter, wo wir in einem Ort 2 Campingpl\u00e4tze ansahen, beim ersten sahen wir uns einige H\u00fctten an, wobei Trincerone nicht wirklich \u00fcberzeugt war. Wobei es dort sogar Mini-H\u00fctten um ca. 25,- \u20ac gegeben h\u00e4tte, allerdings ohne Du\/WC. An der danebenliegenden Tankstelle wollten wir was essen, doch war dies eine Circle-K mit einem Tankstellenshop ohne Hotdogs und Burger! Kann mich nicht erinnern, dass ich sowas in NO in letzter Zeit mal gesehen h\u00e4tte. Wir fuhren wieder zum gegen\u00fcber liegenden Campingplatz, der etwas teurer war, wobei ich mich mit einem geringeren Betrag an der H\u00fctte beteiligte (h\u00e4tte ja auch im Auto schlafen k\u00f6nnen). Allerdings war die H\u00fctte auch recht gro\u00df, hatte 2 Schlafzimmer (plus ein gro\u00dfes Wohnzimmer, K\u00fcche, Dusche\/WC). Bettw\u00e4sche und Handt\u00fccher musste man extra leihen, wobei ich das nicht ben\u00f6tigte, hatte ja meinen Schlafsack (und auch Handt\u00fccher dabei). <\/p>\n<p>Kurios war der Campingkiosk, wo an der Tafel Hamburger angeschrieben stand &#8211; so wollten wir einen Hamburger kaufen und wurden dann informiert, dass man den 1 Woche vorher h\u00e4tte vorbestellen m\u00fcssen! So ein Krampf. Wir fuhren also nochmals ein St\u00fcck richtung Lom zur n\u00e4chsten yx-Tankstelle und a\u00dfen einen leckeren Burger mit allem drum und dran.<\/p>\n<p>Im Anschluss ging es wieder richtung Stryn, nahmen dann aber die Abzweigung richtung Geiranger und fuhren die Dalsnibba-Stra\u00dfe hinauf, die Maut kostete 140,- NOK (ca. 15,- \u20ac). Hier war ich ja 2006 schon mal und machte eine Nachtskitour &#8211; heute k\u00f6nnten wir die Restschneefelder zu zweit abwechselnd mit dem Auto befahren. Also, die Restschneefelder mit den Skiern ab und sich gegenseitig mit dem Auto wieder rauffahren. Ich f\u00fcr meinen Teil begn\u00fcgte mich mit einer offensichtlicheren Variante, die nur von ca. 1300 auf 1200 m ging und die daf\u00fcr durchg\u00e4ngig war. Trincerone suchte im Vorfeld zu Fu\u00df erst mal nach Verbindungen und Abfahrtsm\u00f6glichkeiten. Leider lag weniger Schnee als anno 2006, wie ich anhand meines Tracks im Nachhinein feststellen konnte. Jedenfalls startete er zwei mal ganz oben bei ca. 1450m, musste aber jeweils 1-2x die Felsen \u00fcberqueren. Nachdem mir das nicht ganz geheuer war (mit den rutschigen Skischuhen \u00fcberquere ich recht ungern Felsen), begn\u00fcgte ich mich zum Schluss nochmals mit meiner kurzen Variante, die soweit ja auch ganz nett war.<\/p>\n<p>Letztes Jahr w\u00e4re ja wesentlich mehr Schnee gelegen &#8211; allerdings h\u00e4tte das auch ein Problem sein k\u00f6nnen, denn bei 4m hohen Schneew\u00e4nden an der Stra\u00dfe kommt man ja dann von der Abfahrt auch nicht so einfach zur Stra\u00dfe runter :) Und der Schnee w\u00e4re nat\u00fcrlich auch nicht so sch\u00f6n firnig gewesen.<\/p>\n<p>(Fotos anklicken zum Vergr\u00f6\u00dfern)<\/p>\n<p><a href='http:\/\/extra.inmontanis.info\/d\/47220-6\/geSkandi2018d.jpg'><img src=http:\/\/extra.inmontanis.info\/d\/47220-6\/geSkandi2018d.jpg \/><\/a><br \/>\nE) Dalsnibba<br \/>\nT\u00fcrkis: Strecke 2.6.2018<\/p>\n<p><a href='http:\/\/extra.inmontanis.info\/d\/47232-2\/IMG_4687.jpg'><img src=http:\/\/extra.inmontanis.info\/d\/47231-3\/IMG_4687.jpg \/><\/a><br \/>\n^ Gro\u00dfer und leckerer Burger an der yx-Tankstelle<br \/>\nDas Men\u00fc kostete 173 NOK, also ca. 18,- \u20ac, wobei es zum Mitnehmen g\u00fcnstiger gewesen w\u00e4re. Allerdings find ich diese Preise f\u00fcr solch gro\u00dfe Burger in Norwegen gerecht, denn sie sind auch doppelt so lecker wie von McDonalds oder Burger King und in Restaurants w\u00fcrde man in unseren Breiten da auch nicht so viel weniger zahlen.. Wobei das ja der kleinste Burger war mit 160g oder so? Es h\u00e4tte noch einen mittleren und einen gro\u00dfen mit 333g gegeben ;)<\/p>\n<p><a href='http:\/\/extra.inmontanis.info\/d\/47236-2\/DSC01428.jpg'><img src=http:\/\/extra.inmontanis.info\/d\/47235-3\/DSC01428.jpg \/><\/a><br \/>\n^ Gro\u00dfe H\u00fctte an einem Campingplatz<\/p>\n<p><a href='http:\/\/extra.inmontanis.info\/d\/47240-2\/DSC01430.jpg'><img src=http:\/\/extra.inmontanis.info\/d\/47239-3\/DSC01430.jpg \/><\/a><br \/>\n^ Wieder auf der Fahrt richtung Strynefjell<\/p>\n<p><a href='http:\/\/extra.inmontanis.info\/d\/47244-2\/DSC01431.jpg'><img src=http:\/\/extra.inmontanis.info\/d\/47243-3\/DSC01431.jpg \/><\/a><br \/>\n^ Dort in Bildmitte ist die Dalsnibba-Stra\u00dfe mit ihren Restschneefeldern, hoffentlich geht da noch was ..<\/p>\n<p><a href='http:\/\/extra.inmontanis.info\/d\/47248-2\/DSC01433.jpg'><img src=http:\/\/extra.inmontanis.info\/d\/47247-3\/DSC01433.jpg \/><\/a><br \/>\n^ Fv 63<\/p>\n<p><a href='http:\/\/extra.inmontanis.info\/d\/47252-2\/DSC01436.jpg'><img src=http:\/\/extra.inmontanis.info\/d\/47251-3\/DSC01436.jpg \/><\/a><br \/>\n^ Djupvatnet (21:10 Uhr)<\/p>\n<p><a href='http:\/\/extra.inmontanis.info\/d\/47256-2\/DSC01437.jpg'><img src=http:\/\/extra.inmontanis.info\/d\/47255-3\/DSC01437.jpg \/><\/a><br \/>\n^ Djupvatnet<\/p>\n<p><a href='http:\/\/extra.inmontanis.info\/d\/47260-2\/DSC01441.jpg'><img src=http:\/\/extra.inmontanis.info\/d\/47259-3\/DSC01441.jpg \/><\/a><br \/>\n^ Djupvatnet<\/p>\n<p><a href='http:\/\/extra.inmontanis.info\/d\/47264-2\/DSC01447.jpg'><img src=http:\/\/extra.inmontanis.info\/d\/47263-3\/DSC01447.jpg \/><\/a><br \/>\n^ Djupvatnet<\/p>\n<p><a href='http:\/\/extra.inmontanis.info\/d\/47268-2\/DSC01448.jpg'><img src=http:\/\/extra.inmontanis.info\/d\/47267-3\/DSC01448.jpg \/><\/a><br \/>\n^ Djupvatnet<\/p>\n<p><a href='http:\/\/ski.inmontanis.info\/d\/248704-2\/DSC01452.jpg'><img src=http:\/\/ski.inmontanis.info\/d\/248703-3\/DSC01452.jpg \/><\/a><br \/>\n^ Dalsnibba-Stra\u00dfe, im Gegensatz zu 2006 ist sie mittlerweile geteert<\/p>\n<p><a href='http:\/\/ski.inmontanis.info\/d\/248708-2\/DSC01453.jpg'><img src=http:\/\/ski.inmontanis.info\/d\/248707-3\/DSC01453.jpg \/><\/a><br \/>\n^ Blick runter zum Geirangerfjord, leider etwas diesig<\/p>\n<p><a href='http:\/\/ski.inmontanis.info\/d\/248712-2\/DSC01456.jpg'><img src=http:\/\/ski.inmontanis.info\/d\/248711-3\/DSC01456.jpg \/><\/a><br \/>\n^ Blick nach rechts<\/p>\n<p><a href='http:\/\/ski.inmontanis.info\/d\/248716-2\/DSC01459.jpg'><img src=http:\/\/ski.inmontanis.info\/d\/248715-3\/DSC01459.jpg \/><\/a><br \/>\n^ Blick runter zur Stra\u00dfe nach Geiranger<\/p>\n<p><a href='http:\/\/ski.inmontanis.info\/d\/248720-2\/DSC01460.jpg'><img src=http:\/\/ski.inmontanis.info\/d\/248719-3\/DSC01460.jpg \/><\/a><\/p>\n<p><a href='http:\/\/ski.inmontanis.info\/d\/248724-2\/DSC01461.jpg'><img src=http:\/\/ski.inmontanis.info\/d\/248723-3\/DSC01461.jpg \/><\/a><br \/>\n^ Ostpano<\/p>\n<p><a href='http:\/\/ski.inmontanis.info\/d\/248728-2\/DSC01467.jpg'><img src=http:\/\/ski.inmontanis.info\/d\/248727-3\/DSC01467.jpg \/><\/a><br \/>\n^ S\u00fcdpano. Trinc startete sp\u00e4ter einmal im linken und einmal im rechten Schneefeld<\/p>\n<p><a href='http:\/\/ski.inmontanis.info\/d\/248732-2\/DSC01472.jpg'><img src=http:\/\/ski.inmontanis.info\/d\/248731-3\/DSC01472.jpg \/><\/a><br \/>\n^ Blick runter zur Stra\u00dfe nach Geiranger<\/p>\n<p><a href='http:\/\/ski.inmontanis.info\/d\/248736-2\/DSC01473.jpg'><img src=http:\/\/ski.inmontanis.info\/d\/248735-3\/DSC01473.jpg \/><\/a><br \/>\n^ Blick runter zur Stra\u00dfe nach Geiranger<\/p>\n<p><a href='http:\/\/ski.inmontanis.info\/d\/248740-2\/DSC01476.jpg'><img src=http:\/\/ski.inmontanis.info\/d\/248739-3\/DSC01476.jpg \/><\/a><br \/>\n^ S\u00fcdpano<\/p>\n<p><a href='http:\/\/ski.inmontanis.info\/d\/248744-2\/DSC01478.jpg'><img src=http:\/\/ski.inmontanis.info\/d\/248743-3\/DSC01478.jpg \/><\/a><br \/>\n^ 21:57 Uhr, Sonnenuntergang w\u00e4re in einer halben Stunde oder Stunde<\/p>\n<p><a href='http:\/\/ski.inmontanis.info\/d\/248748-2\/DSC01480.jpg'><img src=http:\/\/ski.inmontanis.info\/d\/248747-3\/DSC01480.jpg \/><\/a><br \/>\n^ Pano richtung Geiranger<\/p>\n<p><a href='http:\/\/ski.inmontanis.info\/d\/248752-2\/DSC01481.jpg'><img src=http:\/\/ski.inmontanis.info\/d\/248751-3\/DSC01481.jpg \/><\/a><br \/>\n^ Achwas, 2014 ist der erste Weltkrieg ausgebrochen? Hab ich wohl verschlafen ;)<\/p>\n<p><a href='http:\/\/ski.inmontanis.info\/d\/248756-2\/DSC01483.jpg'><img src=http:\/\/ski.inmontanis.info\/d\/248755-3\/DSC01483.jpg \/><\/a><br \/>\n^ Trinc auf der Suche nach durchg\u00e4ngigen Restschneefeldern<\/p>\n<p><a href='http:\/\/ski.inmontanis.info\/d\/248824-2\/ge20180602e.jpg'><img src=http:\/\/ski.inmontanis.info\/d\/248823-3\/ge20180602e.jpg \/><\/a><br \/>\n^ GPS-Track 2.6.2018 in Rot; meine Skitour am 15.6.2006 in Blau (w\u00e4re heute so nicht gegangen) und in Gelb die Einstiegspunkte von Trincerone mit heuer leider nicht durchg\u00e4ngigen Schneefeldern (2006 w\u00e4ren sie vielleicht gegangen)<\/p>\n<p><a href='http:\/\/ski.inmontanis.info\/d\/248760-2\/DSC01487.jpg'><img src=http:\/\/ski.inmontanis.info\/d\/248759-3\/DSC01487.jpg \/><\/a><br \/>\n^ Ich entschied mich f\u00fcr die leichteste \/ offensichtlichste Variante<\/p>\n<p><a href='http:\/\/ski.inmontanis.info\/d\/248764-2\/DSC01488.jpg'><img src=http:\/\/ski.inmontanis.info\/d\/248763-3\/DSC01488.jpg \/><\/a><br \/>\n^ Blick zum Djupvatnet<\/p>\n<p><a href='http:\/\/ski.inmontanis.info\/d\/248768-2\/DSC01489.jpg'><img src=http:\/\/ski.inmontanis.info\/d\/248767-3\/DSC01489.jpg \/><\/a><br \/>\n^ Engstelle<\/p>\n<p><a href='http:\/\/ski.inmontanis.info\/d\/248772-2\/DSC01490.jpg'><img src=http:\/\/ski.inmontanis.info\/d\/248771-3\/DSC01490.jpg \/><\/a><br \/>\n^ Abfahrt um 23:09 Uhr. Temperaturen waren noch knapp im Plusbereich, so dass der Schnee noch halbwegs weich war.<\/p>\n<p><a href='http:\/\/ski.inmontanis.info\/d\/248776-2\/DSC01491.jpg'><img src=http:\/\/ski.inmontanis.info\/d\/248775-3\/DSC01491.jpg \/><\/a><br \/>\n^ Restschneeabfahrt<\/p>\n<p><a href='http:\/\/ski.inmontanis.info\/d\/248780-2\/DSC01492.jpg'><img src=http:\/\/ski.inmontanis.info\/d\/248779-3\/DSC01492.jpg \/><\/a><br \/>\n^ Ende der Abfahrt<\/p>\n<p><a href='http:\/\/ski.inmontanis.info\/d\/248784-2\/DSC01497.jpg'><img src=http:\/\/ski.inmontanis.info\/d\/248783-3\/DSC01497.jpg \/><\/a><br \/>\n^ 23:47 Uhr, Trinc bei seiner ersten Abfahrt<\/p>\n<p><a href='http:\/\/ski.inmontanis.info\/d\/248788-2\/DSC01502.jpg'><img src=http:\/\/ski.inmontanis.info\/d\/248787-3\/DSC01502.jpg \/><\/a><br \/>\n^ Blick zum Djupvatnet<\/p>\n<p><a href='http:\/\/ski.inmontanis.info\/d\/248792-2\/DSC01503.jpg'><img src=http:\/\/ski.inmontanis.info\/d\/248791-3\/DSC01503.jpg \/><\/a><br \/>\n^ Ende der Abfahrt<\/p>\n<p><a href='http:\/\/ski.inmontanis.info\/d\/248796-2\/DSC01507.jpg'><img src=http:\/\/ski.inmontanis.info\/d\/248795-3\/DSC01507.jpg \/><\/a><br \/>\n^ 0:06 Uhr, Trinc macht sich auf zu seiner zweiten Abfahrt<\/p>\n<p><a href='http:\/\/ski.inmontanis.info\/d\/248800-2\/DSC01508.jpg'><img src=http:\/\/ski.inmontanis.info\/d\/248799-3\/DSC01508.jpg \/><\/a><br \/>\n^ Abendd\u00e4mmerung um 0:07 Uhr<\/p>\n<p><a href='http:\/\/ski.inmontanis.info\/d\/248804-2\/DSC01511.jpg'><img src=http:\/\/ski.inmontanis.info\/d\/248803-3\/DSC01511.jpg \/><\/a><br \/>\n^ 0:22 Uhr &#8211; Trincs zweite Abfahrt endet bald<\/p>\n<p><a href='http:\/\/ski.inmontanis.info\/d\/248808-2\/DSC01512.jpg'><img src=http:\/\/ski.inmontanis.info\/d\/248807-3\/DSC01512.jpg \/><\/a><br \/>\n^ 0:34 Uhr, meine zweite und letzte Abfahrt, Schnee wird langsam h\u00e4rter und es ist doch schon recht dunkel<\/p>\n<p><a href='http:\/\/ski.inmontanis.info\/d\/248812-2\/DSC01518.jpg'><img src=http:\/\/ski.inmontanis.info\/d\/248811-3\/DSC01518.jpg \/><\/a><br \/>\n^ Abfahrt mit Seeblick um 0:36 Uhr<\/p>\n<p><a href='http:\/\/ski.inmontanis.info\/d\/248816-2\/DSC01519.jpg'><img src=http:\/\/ski.inmontanis.info\/d\/248815-3\/DSC01519.jpg \/><\/a><br \/>\n^ Gletscherpano<\/p>\n<p><a href='http:\/\/ski.inmontanis.info\/d\/248820-2\/DSC01520.jpg'><img src=http:\/\/ski.inmontanis.info\/d\/248819-3\/DSC01520.jpg \/><\/a><br \/>\n^ Stra\u00dfenkehre, hier k\u00f6nnte man auch aufh\u00f6ren, w\u00fcrde das letzte St\u00fcck nicht mehr gehen.<\/p>\n<p>Hier noch die Bilder meiner Skitour anno 2006:<br \/>\n<a href='http:\/\/ski.inmontanis.info\/main.php?g2_albumId=1368&#038;g2_view=filterview.Filterview&#038;g2_date1=2006-06-15'>http:\/\/ski.inmontanis.info\/main.php?g2_albumId=1368&#038;g2_view=filterview.Filterview&#038;g2_date1=2006-06-15<\/a><\/p>\n<p>Fazit: Nette Abendbesch\u00e4ftigung, allerdings war das heute auch ein langer Tag. Ca. eine Stunde sp\u00e4ter waren wir wieder an unserem Campingplatz, wobei es in der H\u00fctte immer noch relativ warm war und die Sonne bald wieder aufgehen w\u00fcrde. Und wieder einmal bin ich ein paar Mal verschreckt aufgewacht, weil die Sonne so hell ins Zimmer schien &#8211; aber ich hatte nicht verschlafen.<\/p>\n<p>Dashcam-Video von heute:<br \/>\n<object style=\"height: 500px; width: 900px\"><param name=\"movie\" value=\"http:\/\/www.youtube.com\/v\/LN_Ld5krNlM\"><\/param><param name=\"wmode\" value=\"transparent\"><\/param><embed src=\"http:\/\/www.youtube.com\/v\/LN_Ld5krNlM\" type=\"application\/x-shockwave-flash\" wmode=\"transparent\"  width=\"900\" height=\"480\"><\/embed><\/object><br \/>\n(Fortsetzung folgt.)<\/p>\n","protected":false},"excerpt":{"rendered":"<p>DVKIFME\u00dcWNNZST &#8211; Die verr\u00fcckte kleine &#8220;Ich fahr mal eben \u00fcber&#8217;s Wochenende nach Norwegen zum Sommerskifahren&#8221; &#8211; Tour Tag 3 Teil 2 &#8211; Sa, 2.6.2018 &#8211; Dalsnibba Mitternachts-Sommerski<\/p>\n<p>Nach dem Sommerskifahren in Stryn mussten wir f\u00fcr Trinc eine Unterkunft suchen &#8211; ich k\u00f6nnte ja in meinem Qubo schlafen. Als erstes kamen wir an einem Hotel vorbei, <a href=\"http:\/\/blog.inmontanis.info\/?p=5081\">[&#8230;]<\/a><\/p>\n","protected":false},"author":1,"featured_media":0,"comment_status":"closed","ping_status":"closed","sticky":false,"template":"","format":"standard","meta":{"footnotes":""},"categories":[171,891,18,28],"tags":[65,78,45],"class_list":["post-5081","post","type-post","status-publish","format-standard","hentry","category-2018-06-dvkifmeuwnnzst","category-dalsnibba","category-norwegennorway","category-skifahren-sommer","tag-nachtski","tag-restschnee","tag-see","odd"],"_links":{"self":[{"href":"http:\/\/blog.inmontanis.info\/index.php?rest_route=\/wp\/v2\/posts\/5081","targetHints":{"allow":["GET"]}}],"collection":[{"href":"http:\/\/blog.inmontanis.info\/index.php?rest_route=\/wp\/v2\/posts"}],"about":[{"href":"http:\/\/blog.inmontanis.info\/index.php?rest_route=\/wp\/v2\/types\/post"}],"author":[{"embeddable":true,"href":"http:\/\/blog.inmontanis.info\/index.php?rest_route=\/wp\/v2\/users\/1"}],"replies":[{"embeddable":true,"href":"http:\/\/blog.inmontanis.info\/index.php?rest_route=%2Fwp%2Fv2%2Fcomments&post=5081"}],"version-history":[{"count":4,"href":"http:\/\/blog.inmontanis.info\/index.php?rest_route=\/wp\/v2\/posts\/5081\/revisions"}],"predecessor-version":[{"id":5085,"href":"http:\/\/blog.inmontanis.info\/index.php?rest_route=\/wp\/v2\/posts\/5081\/revisions\/5085"}],"wp:attachment":[{"href":"http:\/\/blog.inmontanis.info\/index.php?rest_route=%2Fwp%2Fv2%2Fmedia&parent=5081"}],"wp:term":[{"taxonomy":"category","embeddable":true,"href":"http:\/\/blog.inmontanis.info\/index.php?rest_route=%2Fwp%2Fv2%2Fcategories&post=5081"},{"taxonomy":"post_tag","embeddable":true,"href":"http:\/\/blog.inmontanis.info\/index.php?rest_route=%2Fwp%2Fv2%2Ftags&post=5081"}],"curies":[{"name":"wp","href":"https:\/\/api.w.org\/{rel}","templated":true}]}}