{"id":5067,"date":"2018-06-02T15:38:25","date_gmt":"2018-06-02T13:38:25","guid":{"rendered":"http:\/\/blog.inmontanis.info\/?p=5067"},"modified":"2023-08-04T19:42:03","modified_gmt":"2023-08-04T17:42:03","slug":"stryn-sommerski-2-6-2018","status":"publish","type":"post","link":"http:\/\/blog.inmontanis.info\/?p=5067","title":{"rendered":"Stryn Sommerski, 2.6.2018"},"content":{"rendered":"<p><strong>DVKIFME\u00dcWNNZST &#8211; <em>Die verr\u00fcckte kleine &#8220;Ich fahr mal eben \u00fcber&#8217;s Wochenende nach Norwegen zum Sommerskifahren&#8221; &#8211; Tour<\/em><\/strong><br \/>\n<strong>Tag 3 Teil 1 &#8211; Sa, 2.6.2018 &#8211; Stryn Sommerski<\/strong><\/p>\n<p>Die Nacht verlief doch wesentlich unruhiger f\u00fcr mich als gedacht. Es war sehr warm im Auto und obwohl ich ja die Fenster mit diversen Dingen blickdicht gesch\u00fctzt hatte, bin ich mehrere Male aufgewacht, weil es so hell war und ich meinte, ich h\u00e4tte verschlafen. Um ca. 4:45 Uhr war ich bei Trincerone und wir fuhren \u00fcber die E16 nach Norden. Die Routenplaner h\u00e4tten teilweise die Variante \u00fcber die E6 als etwas k\u00fcrzer angesehen, allerdingsd w\u00e4ren da mehr Mautstellen und zudem bin ich die 51, die wir nach der E16 noch fahren m\u00fcssten, noch nicht gefahren. Dort gab es heute einen Marathon und wenn ich mich nicht t\u00e4usche, hatte ich  vor einigen Tagen gelesen, dass sie heute irgendwann im Tagesverlauf gesperrt sei. Bei uns schien der Marathon zwar schon im Laufen zu sein, die Stra\u00dfe war aber noch offen.<\/p>\n<p>Wir erreichten (nach 2 Zwischenhalten an einer Tankstelle f\u00fcr u.a. Hotdogs) das Sommerskigebiet von Stryn gegen 11:40 Uhr, wobei doch mehr los war, als gedacht. Ok, es war auch Wochenende. Und da das Skigebiet ja im Schnitt nur ca. 2-4 Wochen pro Jahr offen hat, ist ein bisschen Betrieb nat\u00fcrlich auch n\u00f6tig. Wir kauften die Tageskarte um 450,- NOK (ca. 48,- \u20ac) und blieben bis zum Schluss. Im Gegensatz zu letztem Jahr, wo so viel Schnee lag, mussten die Zufahrten zur Abfahrt bzw. den Offpisteh\u00e4ngen schon mit Schnee versorgt werden, sonst h\u00e4tte man schon gar nicht mehr Skifahren k\u00f6nnen. Der Schnee war Offpiste teilweise ganz gut, teilweise kam aber von unter dem sch\u00f6n weichen Schnee eine Eisschicht raus, die weniger sch\u00f6n war.<\/p>\n<p>Stryn hatte durch den warmen April heuer eine Woche fr\u00fcher als vorgehabt aufgesperrt und wird nach eigenen Angaben nur ca. 2-3 Wochen offen halten k\u00f6nnen. Zu viel Schnee ist in den letzten Wochen mit teils 2-stelligen Plusgraden auch \u00fcber Nacht weg getaut. Durch die Felsinseln hatte man aber gef\u00fchlt wiederum mehr M\u00f6glichkeiten und es gefiel uns ganz gut. Wobei Trincerone den oberen SL schon sehr vermisst hat. Ich wiederum sah das etwas differenzierter, denn wenn es den oberen SL noch geben w\u00fcrde, k\u00f6nnte es sein, dass sie die Zufahrten zu den DSB-Abfahrten nicht mit Schnee versorgt h\u00e4tten und im Zweifelsfall fahr ich hier lieber die Varianten an der DSB ohne SL als nur den SL. <\/p>\n<p>(Fotos anklicken zum Vergr\u00f6\u00dfern)<\/p>\n<p><a href='http:\/\/extra.inmontanis.info\/d\/47220-6\/geSkandi2018d.jpg'><img src=http:\/\/extra.inmontanis.info\/d\/47220-6\/geSkandi2018d.jpg \/><\/a><br \/>\nD) Stryn Sommerski<br \/>\nT\u00fcrkis: Strecke 2.6.2018<\/p>\n<p>(Leider fiel mein Haupt-Navi heute im Tagesverlauf aus, weshalb es keine Routenaufzeichnung f\u00fcr den Rest der Reise gab &#8211; musste das h\u00e4ndisch in den Track zeichnen. Grund war eine besch\u00e4digte H\u00f6henmeter-Datei, die ich erst daheim vom Backup zur\u00fcckspielen konnte.)<\/p>\n<p><a href='http:\/\/extra.inmontanis.info\/d\/47163-2\/DSC01306.jpg'><img src=http:\/\/extra.inmontanis.info\/d\/47162-3\/DSC01306.jpg \/><\/a><br \/>\n^ Netter Spiegelsee<\/p>\n<p><a href='http:\/\/extra.inmontanis.info\/d\/47167-2\/DSC01313.jpg'><img src=http:\/\/extra.inmontanis.info\/d\/47166-3\/DSC01313.jpg \/><\/a><br \/>\n^ Fv. 51<\/p>\n<p><a href='http:\/\/extra.inmontanis.info\/d\/47171-2\/DSC01314.jpg'><img src=http:\/\/extra.inmontanis.info\/d\/47170-3\/DSC01314.jpg \/><\/a><br \/>\n^ Fv. 51<\/p>\n<p><a href='http:\/\/extra.inmontanis.info\/d\/47175-2\/DSC01316.jpg'><img src=http:\/\/extra.inmontanis.info\/d\/47174-3\/DSC01316.jpg \/><\/a><br \/>\n^ Fv. 51 \/ Valdresfly<\/p>\n<p><a href='http:\/\/extra.inmontanis.info\/d\/47179-2\/DSC01317.jpg'><img src=http:\/\/extra.inmontanis.info\/d\/47178-3\/DSC01317.jpg \/><\/a><br \/>\n^ Fv. 51<\/p>\n<p><a href='http:\/\/extra.inmontanis.info\/d\/47183-2\/DSC01318.jpg'><img src=http:\/\/extra.inmontanis.info\/d\/47182-3\/DSC01318.jpg \/><\/a><br \/>\n^ Fv. 51 \/ Valdresfly \/ Das Schiff liegt hier auch auf dem Trockenen..<\/p>\n<p><a href='http:\/\/extra.inmontanis.info\/d\/47187-2\/DSC01321.jpg'><img src=http:\/\/extra.inmontanis.info\/d\/47186-3\/DSC01321.jpg \/><\/a><br \/>\n^ Fv. 51<\/p>\n<p><a href='http:\/\/extra.inmontanis.info\/d\/47191-2\/DSC01325.jpg'><img src=http:\/\/extra.inmontanis.info\/d\/47190-3\/DSC01325.jpg \/><\/a><br \/>\n^ Fv. 51 \/ Valdresfly<\/p>\n<p><a href='http:\/\/extra.inmontanis.info\/d\/47195-2\/DSC01328.jpg'><img src=http:\/\/extra.inmontanis.info\/d\/47194-3\/DSC01328.jpg \/><\/a><br \/>\n^ Fv. 51 \/ Valdresfly<\/p>\n<p><a href='http:\/\/extra.inmontanis.info\/d\/47199-2\/DSC01330.jpg'><img src=http:\/\/extra.inmontanis.info\/d\/47198-3\/DSC01330.jpg \/><\/a><br \/>\n^ Fv. 51<\/p>\n<p><a href='http:\/\/extra.inmontanis.info\/d\/47203-2\/DSC01332.jpg'><img src=http:\/\/extra.inmontanis.info\/d\/47202-3\/DSC01332.jpg \/><\/a><br \/>\n^ Fv. 51<\/p>\n<p><a href='http:\/\/extra.inmontanis.info\/d\/47207-2\/DSC01334.jpg'><img src=http:\/\/extra.inmontanis.info\/d\/47206-3\/DSC01334.jpg \/><\/a><br \/>\n^ Fv. 51<\/p>\n<p><a href='http:\/\/ski.inmontanis.info\/d\/248624-2\/DSC01337.jpg'><img src=http:\/\/ski.inmontanis.info\/d\/248622-3\/DSC01337.jpg \/><\/a><br \/>\n^ Skigebiet Lemonsjoen, die rechten Abfahrten sahen recht nett aus<\/p>\n<p><a href='http:\/\/ski.inmontanis.info\/d\/248628-2\/DSC01338.jpg'><img src=http:\/\/ski.inmontanis.info\/d\/248627-3\/DSC01338.jpg \/><\/a><br \/>\n^ Skigebiet Lemonsjoen<\/p>\n<p><a href='http:\/\/ski.inmontanis.info\/d\/248632-2\/DSC01341.jpg'><img src=http:\/\/ski.inmontanis.info\/d\/248631-3\/DSC01341.jpg \/><\/a><br \/>\n^ Skigebiet Lemonsjoen<\/p>\n<p><a href='http:\/\/extra.inmontanis.info\/d\/47211-2\/DSC01352.jpg'><img src=http:\/\/extra.inmontanis.info\/d\/47210-3\/DSC01352.jpg \/><\/a><br \/>\n^ Rv.15 \/ Strynefjell<\/p>\n<p><a href='http:\/\/extra.inmontanis.info\/d\/47215-2\/DSC01356.jpg'><img src=http:\/\/extra.inmontanis.info\/d\/47214-3\/DSC01356.jpg \/><\/a><br \/>\n^ Rv.15 \/ Strynefjell<\/p>\n<p><a href='http:\/\/extra.inmontanis.info\/d\/47219-2\/DSC01357.jpg'><img src=http:\/\/extra.inmontanis.info\/d\/47218-3\/DSC01357.jpg \/><\/a><br \/>\n^ Rv.15 \/ Strynefjell \/ Abzweigung nach Geiranger. Und die typisch norwegischen Donuts und andere Reifenzeichnungen, wie man sie hier so h\u00e4ufig auf den Stra\u00dfen findet.<\/p>\n<p><a href='http:\/\/ski.inmontanis.info\/d\/248538-2\/DSC01359.jpg'><img src=http:\/\/ski.inmontanis.info\/d\/248537-3\/DSC01359.jpg \/><\/a><br \/>\n^ Fv.258 \/ Auffahrt Sommerskigebiet Stryn<\/p>\n<p><a href='http:\/\/ski.inmontanis.info\/d\/248542-2\/DSC01362.jpg'><img src=http:\/\/ski.inmontanis.info\/d\/248541-3\/DSC01362.jpg \/><\/a><br \/>\n^ Liegt doch um einiges weniger Schnee heuer hier als letztes Jahr<\/p>\n<p>1.6.2017:<br \/>\n<a href='http:\/\/ski.inmontanis.info\/d\/234723-3\/DSC09023.jpg'><img src=http:\/\/ski.inmontanis.info\/d\/234722-4\/DSC09023.jpg \/><\/a><br \/>\n^ letztes Jahr<\/p>\n<p><a href='http:\/\/ski.inmontanis.info\/d\/248546-2\/DSC01363.jpg'><img src=http:\/\/ski.inmontanis.info\/d\/248545-3\/DSC01363.jpg \/><\/a><br \/>\n^ Fv.258 \/ Auffahrt Sommerskigebiet Stryn<br \/>\n.. Bin mir nicht genau sicher, ob das die gleiche Kurve ist wie auf dem folgenden Bild vom letzten Jahr, k\u00f6nnte aber schon sein:<br \/>\n<a href='http:\/\/ski.inmontanis.info\/d\/234743-3\/DSC09038.jpg'><img src=http:\/\/ski.inmontanis.info\/d\/234742-4\/DSC09038.jpg \/><\/a><br \/>\n^ letztes Jahr 1.6.2017<\/p>\n<p><a href='http:\/\/ski.inmontanis.info\/d\/248550-2\/DSC01367.jpg'><img src=http:\/\/ski.inmontanis.info\/d\/248549-3\/DSC01367.jpg \/><\/a><br \/>\n^ DSB, es gibt nur einen pr\u00e4parierten Skiweg, alles andere ist unpr\u00e4pariert und dank der geringeren Schneeh\u00f6he und den kleinen Felsinseln hat man gef\u00fchlt viele Abfahrtsm\u00f6glichkeiten<\/p>\n<p><a href='http:\/\/ski.inmontanis.info\/d\/248618-2\/ge20180602c.jpg'><img src=http:\/\/ski.inmontanis.info\/d\/248617-3\/ge20180602c.jpg \/><\/a><br \/>\n^ GPS-Track 2.6.2018 in Rot, 1.6.2017 in Blau und 16.6.2006 in Gr\u00fcn<\/p>\n<p><a href='http:\/\/ski.inmontanis.info\/d\/248554-2\/DSC01370.jpg'><img src=http:\/\/ski.inmontanis.info\/d\/248553-3\/DSC01370.jpg \/><\/a><br \/>\n^ Die DSB fuhr recht langsam und der Sesselabstand ist gro\u00df &#8211; das f\u00fchrte durchaus zu kurzen Wartezeiten manchmal<\/p>\n<p><a href='http:\/\/ski.inmontanis.info\/d\/248558-2\/DSC01375.jpg'><img src=http:\/\/ski.inmontanis.info\/d\/248557-3\/DSC01375.jpg \/><\/a><br \/>\n^ DSB und Parkpl\u00e4tze, die voll waren, so hab ich mich auf die Stra\u00dfe direkt vor der DSB gestellt.<\/p>\n<p><a href='http:\/\/ski.inmontanis.info\/d\/248562-2\/DSC01379.jpg'><img src=http:\/\/ski.inmontanis.info\/d\/248561-3\/DSC01379.jpg \/><\/a><br \/>\n^ DSB Bergstation und die ja leider geschlossene 2. Sektion (SL)<\/p>\n<p><a href='http:\/\/ski.inmontanis.info\/d\/248566-2\/DSC01380.jpg'><img src=http:\/\/ski.inmontanis.info\/d\/248565-3\/DSC01380.jpg \/><\/a><br \/>\n^ Oberer Funpark; ganz unten gabs auch noch einen<\/p>\n<p><a href='http:\/\/ski.inmontanis.info\/d\/248570-2\/DSC01382.jpg'><img src=http:\/\/ski.inmontanis.info\/d\/248569-3\/DSC01382.jpg \/><\/a><br \/>\n^ Die Stra\u00dfe war allerdings nur bis zum Sommerskigebiet ge\u00f6ffnet, die westliche Verbindung hatte wohl knapp noch Wintersperre<\/p>\n<p><a href='http:\/\/ski.inmontanis.info\/d\/248574-2\/DSC01383.jpg'><img src=http:\/\/ski.inmontanis.info\/d\/248573-3\/DSC01383.jpg \/><\/a><br \/>\n^ Damit man \u00fcberhaupt noch Skifahren konnte, mussten die Fels\u00fcberg\u00e4nge mit Schnee versorgt werden, hier die pr\u00e4parierte Abfahrt<\/p>\n<p><a href='http:\/\/ski.inmontanis.info\/d\/248578-2\/DSC01388.jpg'><img src=http:\/\/ski.inmontanis.info\/d\/248577-3\/DSC01388.jpg \/><\/a><br \/>\n^ DSB und Seen<\/p>\n<p><a href='http:\/\/ski.inmontanis.info\/d\/248582-2\/DSC01389.jpg'><img src=http:\/\/ski.inmontanis.info\/d\/248581-3\/DSC01389.jpg \/><\/a><br \/>\n^ Das Interessante hier sind nat\u00fcrlich die steilen Offpisteh\u00e4nge.<\/p>\n<p><a href='http:\/\/ski.inmontanis.info\/d\/248586-2\/DSC01393.jpg'><img src=http:\/\/ski.inmontanis.info\/d\/248585-3\/DSC01393.jpg \/><\/a><br \/>\n^ Auch die Zufahrt zu den rechten Offpisteh\u00e4ngen musste mit Schnee versorgt werden, sonst ginge gar nichts.<\/p>\n<p><a href='http:\/\/ski.inmontanis.info\/d\/248590-2\/DSC01396.jpg'><img src=http:\/\/ski.inmontanis.info\/d\/248589-3\/DSC01396.jpg \/><\/a><br \/>\n^ Durch die Felsinseln hatte man viele M\u00f6glichkeiten<\/p>\n<p><a href='http:\/\/ski.inmontanis.info\/d\/248594-2\/DSC01399.jpg'><img src=http:\/\/ski.inmontanis.info\/d\/248593-3\/DSC01399.jpg \/><\/a><br \/>\n^ DSB Talstation<\/p>\n<p><a href='http:\/\/ski.inmontanis.info\/d\/248598-2\/DSC01401.jpg'><img src=http:\/\/ski.inmontanis.info\/d\/248597-3\/DSC01401.jpg \/><\/a><br \/>\n^ Zumeist war der Schnee ja sch\u00f6n angenehm weich, aber komischerweise gab es manchmal solche harten Eiskugeln. Anscheinend hatte es mal kr\u00e4ftig geregnet und dann wieder geschneit, so dass unter der etwas neueren Schneeschicht eine harte Eisschicht liegt. K\u00f6nnte in den n\u00e4chsten Tagen dann noch ungem\u00fctlicher zum fahren sein &#8211; oder tollen Firn geben.<\/p>\n<p><a href='http:\/\/ski.inmontanis.info\/d\/248602-2\/DSC01402.jpg'><img src=http:\/\/ski.inmontanis.info\/d\/248601-3\/DSC01402.jpg \/><\/a><br \/>\n^ Auf der \u00e4u\u00dfersten Variante bzw. schon jenseits der Absperrung<\/p>\n<p><a href='http:\/\/ski.inmontanis.info\/d\/248606-2\/DSC01409.jpg'><img src=http:\/\/ski.inmontanis.info\/d\/248605-3\/DSC01409.jpg \/><\/a><br \/>\n^ Die DSB und das Skigebiet sind nur ein paar Wochen im Fr\u00fchjahr offen, solang der Restschnee reicht, das k\u00f6nnen 2-3, aber auch mal 4-6 sein. Der Rest des Jahres ist geschlossen.<\/p>\n<p><a href='http:\/\/ski.inmontanis.info\/d\/248610-2\/DSC01411.jpg'><img src=http:\/\/ski.inmontanis.info\/d\/248609-3\/DSC01411.jpg \/><\/a><br \/>\n^ Zufahrt zu den Offpiste-H\u00e4ngen<\/p>\n<p><a href='http:\/\/ski.inmontanis.info\/d\/248614-2\/DSC01415.jpg'><img src=http:\/\/ski.inmontanis.info\/d\/248613-3\/DSC01415.jpg \/><\/a><br \/>\n^ Kleine Fels-Variante im oberen Teil<\/p>\n<p>Fazit: Sehr nett gewesen heute, der Schnee war doch viel besser als bei meinem Besuch letztes Jahr. Um 16 Uhr waren wir aber auch mit allen m\u00f6glichen Varianten durch. (Am 10.6. war heuer wohl auch schon wieder der letzte Betriebstag, d.h. die Saison ging heuer nur 2 Wochen (3 Wochenenden) &#8211; den Rest des Jahres und bis Ende Mai n\u00e4chsten Jahres steht die DSB nun wieder still. Schon krass..)<\/p>\n<p>(Fortsetzung vom Rest des Tages folgt.)<\/p>\n","protected":false},"excerpt":{"rendered":"<p>DVKIFME\u00dcWNNZST &#8211; Die verr\u00fcckte kleine &#8220;Ich fahr mal eben \u00fcber&#8217;s Wochenende nach Norwegen zum Sommerskifahren&#8221; &#8211; Tour Tag 3 Teil 1 &#8211; Sa, 2.6.2018 &#8211; Stryn Sommerski<\/p>\n<p>Die Nacht verlief doch wesentlich unruhiger f\u00fcr mich als gedacht. Es war sehr warm im Auto und obwohl ich ja die Fenster mit diversen Dingen blickdicht gesch\u00fctzt hatte, <a href=\"http:\/\/blog.inmontanis.info\/?p=5067\">[&#8230;]<\/a><\/p>\n","protected":false},"author":1,"featured_media":0,"comment_status":"closed","ping_status":"closed","sticky":false,"template":"","format":"standard","meta":{"footnotes":""},"categories":[171,18,28,574],"tags":[38,78,45],"class_list":["post-5067","post","type-post","status-publish","format-standard","hentry","category-2018-06-dvkifmeuwnnzst","category-norwegennorway","category-skifahren-sommer","category-stryn","tag-dsb","tag-restschnee","tag-see","odd"],"_links":{"self":[{"href":"http:\/\/blog.inmontanis.info\/index.php?rest_route=\/wp\/v2\/posts\/5067","targetHints":{"allow":["GET"]}}],"collection":[{"href":"http:\/\/blog.inmontanis.info\/index.php?rest_route=\/wp\/v2\/posts"}],"about":[{"href":"http:\/\/blog.inmontanis.info\/index.php?rest_route=\/wp\/v2\/types\/post"}],"author":[{"embeddable":true,"href":"http:\/\/blog.inmontanis.info\/index.php?rest_route=\/wp\/v2\/users\/1"}],"replies":[{"embeddable":true,"href":"http:\/\/blog.inmontanis.info\/index.php?rest_route=%2Fwp%2Fv2%2Fcomments&post=5067"}],"version-history":[{"count":7,"href":"http:\/\/blog.inmontanis.info\/index.php?rest_route=\/wp\/v2\/posts\/5067\/revisions"}],"predecessor-version":[{"id":5075,"href":"http:\/\/blog.inmontanis.info\/index.php?rest_route=\/wp\/v2\/posts\/5067\/revisions\/5075"}],"wp:attachment":[{"href":"http:\/\/blog.inmontanis.info\/index.php?rest_route=%2Fwp%2Fv2%2Fmedia&parent=5067"}],"wp:term":[{"taxonomy":"category","embeddable":true,"href":"http:\/\/blog.inmontanis.info\/index.php?rest_route=%2Fwp%2Fv2%2Fcategories&post=5067"},{"taxonomy":"post_tag","embeddable":true,"href":"http:\/\/blog.inmontanis.info\/index.php?rest_route=%2Fwp%2Fv2%2Ftags&post=5067"}],"curies":[{"name":"wp","href":"https:\/\/api.w.org\/{rel}","templated":true}]}}