{"id":5059,"date":"2018-05-31T21:01:13","date_gmt":"2018-05-31T19:01:13","guid":{"rendered":"http:\/\/blog.inmontanis.info\/?p=5059"},"modified":"2023-07-01T20:57:35","modified_gmt":"2023-07-01T18:57:35","slug":"hintertuxer-gletscher-fahrt-nach-oslo-31-5-1-6-2018","status":"publish","type":"post","link":"http:\/\/blog.inmontanis.info\/?p=5059","title":{"rendered":"Hintertuxer Gletscher + Fahrt nach Oslo, 31.5.+1.6.2018"},"content":{"rendered":"<p><strong>DVKIFME\u00dcWNNZST &#8211; <em>Die verr\u00fcckte kleine &#8220;Ich fahr mal eben \u00fcber&#8217;s Wochenende nach Norwegen zum Sommerskifahren&#8221; &#8211; Tour<\/em><\/strong><br \/>\n<strong>Tag 1 &#8211; Do, 31.5.2018 &#8211; Innsbruck\/Hintertux\/Deutschlanddurchfahrung<\/strong><\/p>\n<p>Nach meiner letzten Skandinavien-Tour im Fr\u00fchjahr 2017 wollte ich eigentlich mal ein paar Jahre aussetzen, aber nachdem Trincerone seit letztem Jahr in Oslo lebt, brachte er mich im April doch wieder auf den Gedanken einer Skandinavienreise. Unter Einbezug der Feiertage w\u00e4re die Woche vom 5.5.-13.5. f\u00fcr mich am ehesten in Frage gekommen, da einige skandinavische Skigebiete bis Mitte Mai offen haben wollten. Schlussendlich konnte Trincerone aber keine ganze Woche frei nehmen und die Wettervorhersagen waren kurzfristig auch nicht so besonders und in den Alpen war ja auch noch so einiges offen ..<\/p>\n<p>Nachdem mich dann die Idee aber auch nicht mehr ganz losgelassen hat und ich nachgerechnet hab, dass ich noch 2 Tage Urlaub nehmen k\u00f6nnte, ohne meinen geplanten Sommerurlaub zu gef\u00e4hrden (zudem hatte ich inzwischen ein paar \u00dcberstunden gemacht, die ich gegen einen freien Freitag eintauschen k\u00f6nnte), kamen f\u00fcr mich 2 Termine im Umfeld von Feiertagen in Frage: 31.5.-4.6. oder 10.8.-15.8.. Letzteres h\u00e4tte den Nachteil, dass nur noch maximal 2 Skigebiete in Norwegen offen haben w\u00fcrden, aber vom Sommerskifahren her k\u00f6nnte es netter sein, zumal ich ja letztes Jahr Ende Mai \/ Anfang Juni nicht so begeistert war. Nachdem ich die Wettervorhersagen f\u00fcr die norwegischen Sommerskigebiete einige Zeit beobachtet hatte, schien es aber doch nicht mit letztem Jahr vergleichbar zu sein &#8211; es war schon wochenlang warm und trocken und auf den Fotos im Netz sah es nach weniger Schnee aus als letztes Jahr, d.h. der Schnee sollte sich schon gut gesetzt haben und es somit bessere Bedingungen als letztes Jahr geben.<\/p>\n<p>Die Wettervorhersagen f\u00fcr das WE 31.5.-4.6. blieben gut, doch Trincerone konnte am 1.6. nicht &#8211; allerdings konnte er sich am 4.6. frei nehmen, weshalb ich die Tour dann eben bis zum 5.6. verl\u00e4ngert hab. Das komplizierte an der R\u00fcckfahrt ist allerdings, dass die Fahrzeit zwischen den norwegischen Sommerskigebieten und Innsbruck (via Oslo, wo ich Trincerone ja wieder abliefern musste) ca. 26 Stunden (und 2.400 km) sein soll, was einges an Zeit ben\u00f6tigt hat, wie ich das jonglieren k\u00f6nnte. \u00dcber die Br\u00fccken w\u00fcrde ich zu sp\u00e4t ankommen von Dienstag auf Mittwoch, sofern wir am Montag bis 16 Uhr Ski fahren wollten und ich nachts 6h schlafen wollte und noch 1-2h Pufferzeit f\u00fcr Essen und Stau einberechnen w\u00fcrde. Eine Alternative schien die F\u00e4hre nach Rostock, die um 8 Uhr in Trelleborg (S\u00fcdschweden) losfahren w\u00fcrde und mir 6h Schlaf bescheren k\u00f6nnte, wenn ich denn am Montag nach dem Skifahren bis Trelleborg durchfahren k\u00f6nnte. Nebenbei k\u00f6nnte die Zeit dann sogar noch reichen, auch noch in CZ zum Einkaufen vorbei zu fahren. Trincerone best\u00e4tigte mir, dass es zumindest f\u00fcr ihn jetzt im Sommer leichter ist, die Nacht durch zu arbeiten, weil die Nacht so kurz und nicht richtig dunkel ist. So buchte ich die F\u00e4hre samt Kabine f\u00fcr Dienstag.<\/p>\n<p>Da der Donnerstag, 31.5., wohl weder in Norwegen, Schweden, D\u00e4nemark, noch in Norddeutschland ein Feiertag zu sein scheint und die Tram-Museen und Museums-Trams nicht ge\u00f6ffnet hatten, gab es keinen Grund f\u00fcr mich, schon am Mittwoch los zu fahren. Stattdessen fuhr ich am Donnerstag f\u00fcr einen halben Tag auf den Hintertuxer, noch ein letztes Mal die Kaserer-Seite vor der Sommerschlie\u00dfung befahren. Wetter war soweit auch OK, wobei es wieder einmal fr\u00fcher schlechter wurde als gemeldet. Die geschlossenen, unpr\u00e4parierten Pisten am Kaserer-SL, der mittlerweile geschlossen ist, gingen heute am besten. Letztes WE, wo der SL noch lief, gingen diese Abfahrten ja nicht gut, daf\u00fcr war damals die pr\u00e4parierte an der 6KSB besser, die heute dagegen anstrengend aufgefahren war.<\/p>\n<p>(Fotos anklicken zum Vergr\u00f6\u00dfern)<\/p>\n<p><a href='http:\/\/extra.inmontanis.info\/d\/47099-2\/geSkandi2018b.jpg'><img src=http:\/\/extra.inmontanis.info\/d\/47097-3\/geSkandi2018b.jpg \/><\/a><br \/>\nA) Hintertuxer Gletscher<br \/>\nHellblau: Strecke 31.5.2018<\/p>\n<p><a href='http:\/\/ski.inmontanis.info\/d\/248510-2\/DSC01253_001.jpg'><img src=http:\/\/ski.inmontanis.info\/d\/248509-3\/DSC01253_001.jpg \/><\/a><br \/>\n^ Die schwarze ging heute auch besser zu fahren als die letzten Male, weil sich der Schnee inzwischen mehr gesetzt hat<\/p>\n<p><a href='http:\/\/ski.inmontanis.info\/d\/248514-2\/DSC01255.jpg'><img src=http:\/\/ski.inmontanis.info\/d\/248513-3\/DSC01255.jpg \/><\/a><br \/>\n^ Kaserer-SL<\/p>\n<p><a href='http:\/\/ski.inmontanis.info\/d\/248518-2\/DSC01256.jpg'><img src=http:\/\/ski.inmontanis.info\/d\/248517-3\/DSC01256.jpg \/><\/a><br \/>\n^ Bin heute fast ausschlie\u00dflich die 6KSB gefahren<\/p>\n<p><a href='http:\/\/ski.inmontanis.info\/d\/248522-2\/DSC01257.jpg'><img src=http:\/\/ski.inmontanis.info\/d\/248521-3\/DSC01257.jpg \/><\/a><br \/>\n^ Die offene Abfahrt an der 6KSB war heute allerdings M\u00fcll.<\/p>\n<p><a href='http:\/\/ski.inmontanis.info\/d\/248526-2\/DSC01258.jpg'><img src=http:\/\/ski.inmontanis.info\/d\/248525-3\/DSC01258.jpg \/><\/a><br \/>\n^ .. die geschlossenen Abfahrten dagegen gingen heute gut :)<\/p>\n<p><a href='http:\/\/ski.inmontanis.info\/d\/248530-2\/DSC01261_001.jpg'><img src=http:\/\/ski.inmontanis.info\/d\/248529-3\/DSC01261_001.jpg \/><\/a><br \/>\n^ TFH-Hang<\/p>\n<p><a href='http:\/\/ski.inmontanis.info\/d\/248534-2\/ge20180519-31b.jpg'><img src=http:\/\/ski.inmontanis.info\/d\/248533-3\/ge20180519-31b.jpg \/><\/a><br \/>\n^ GPS-Track der Fr\u00fchjahrs-Saison .. Blau: 19.-21.5.<br \/>\nRot: 26.-27.5.<br \/>\nGelb: 31.5.<\/p>\n<p>Nach Mittag ging&#8217;s dann runter und auf die Fahrt durch Deutschland, ich wollte bis zum Sandinavian-Park an der deutsch-d\u00e4nischen Grenze fahren und dort wieder einmal am Parkplatz in meinem Schlaf-Qubo \u00fcbernachten. Stau hatte ich netterweise keinen, die Autobahnen waren zumeist recht leer, allerdings gab&#8217;s auf der Gegenrichtung 1 oder 2 eklatantere Staus. Ein kurzer Halt im KFC in Ingolstadt musste nat\u00fcrlich auch sein..<\/p>\n<p><a href='http:\/\/extra.inmontanis.info\/d\/47103-2\/IMG_4682.jpg'><img src=http:\/\/extra.inmontanis.info\/d\/47102-3\/IMG_4682.jpg \/><\/a><br \/>\n^ Zwischenhalt bei KFC mit deren momentaner Chizza (Chickenfilets statt Pizzateig, mit Tomatensauce, K\u00e4se und Paprika belegt, durchaus lecker)<\/p>\n<p><a href='http:\/\/extra.inmontanis.info\/d\/47107-2\/DSC01265.jpg'><img src=http:\/\/extra.inmontanis.info\/d\/47106-3\/DSC01265.jpg \/><\/a><br \/>\n^ Recht leere Autobahnen heute ..<\/p>\n<p><a href='http:\/\/extra.inmontanis.info\/d\/47111-2\/DSC01267.jpg'><img src=http:\/\/extra.inmontanis.info\/d\/47110-3\/DSC01267.jpg \/><\/a><br \/>\n^ .. au\u00dfer um 21:45 Uhr in Gegenrichtung, km langer (LKW-) Stau zum zweiten Mal heute auf der Gegenfahrbahn.<\/p>\n<p><strong>DVKIFME\u00dcWNNZST &#8211; <em>Die verr\u00fcckte kleine &#8220;Ich fahr mal eben \u00fcber&#8217;s Wochenende nach Norwegen zum Sommerskifahren&#8221; &#8211; Tour<\/em><\/strong><br \/>\n<strong>Tag 2 &#8211; Fr, 1.6.2018 &#8211; D\u00e4nemark-Schweden-Norwegen<\/strong><\/p>\n<p>Vor der Reise bin ich nat\u00fcrlich s\u00e4mtliche F\u00e4hrenm\u00f6glichkeiten mehrfach durchgegangen. Von Hirtshals nach Norwegen h\u00e4tte es zeitlich und preislich eine passende gegeben, allerdings h\u00e4tte ich dann nicht in Schweden einkaufen k\u00f6nnen &#8211; und da ich auch beim R\u00fcckweg nicht einkaufen h\u00e4tte k\u00f6nnen (weil morgens zu fr\u00fch dran und \u00fcberhaupt keine Zeit), fiel das leider aus. Die F\u00e4hren nach Schweden waren andererseits aber zeitlich so unpassend, dass ich, wenn ich abends bei Trincerone in Oslo sein wollte, auch keine Zeit mehr zum einkaufen haben w\u00fcrde. Also blieben nur die beiden teuren Br\u00fccken (ca. 34 + 50 \u20ac) und die dadurch entsprechend kilometerm\u00e4\u00dfig l\u00e4ngere Fahrstrecke. <\/p>\n<p><a href='http:\/\/extra.inmontanis.info\/d\/47099-2\/geSkandi2018b.jpg'><img src=http:\/\/extra.inmontanis.info\/d\/47097-3\/geSkandi2018b.jpg \/><\/a><br \/>\nB) Die beiden Mautbr\u00fccken in D\u00e4nemark bzw. zwischen D\u00e4nemark und Schweden<br \/>\nC) Oslo<br \/>\nDunkelblau: Strecke 1.6.2018<br \/>\n(Innsbruck-Hintertux-Oslo via Br\u00fccken ca. 2.100 km, retour Oslo-Innsbruck via F\u00e4hre Trelleborg-Rostock ca. 1.600 km)<\/p>\n<p><a href='http:\/\/extra.inmontanis.info\/d\/47115-2\/DSC01269.jpg'><img src=http:\/\/extra.inmontanis.info\/d\/47114-3\/DSC01269.jpg \/><\/a><br \/>\n^ Kleine Br\u00fccke bei Fredericia<\/p>\n<p><a href='http:\/\/extra.inmontanis.info\/d\/47119-2\/DSC01271.jpg'><img src=http:\/\/extra.inmontanis.info\/d\/47118-3\/DSC01271.jpg \/><\/a><br \/>\n^ Storeb\u00e6ltsbroen, die g\u00fcnstigere der beiden Mautbr\u00fccken<\/p>\n<p><a href='http:\/\/extra.inmontanis.info\/d\/47123-2\/DSC01275.jpg'><img src=http:\/\/extra.inmontanis.info\/d\/47122-3\/DSC01275.jpg \/><\/a><br \/>\n^ Storeb\u00e6ltsbroen<\/p>\n<p><a href='http:\/\/extra.inmontanis.info\/d\/47127-2\/DSC01278.jpg'><img src=http:\/\/extra.inmontanis.info\/d\/47126-3\/DSC01278.jpg \/><\/a><br \/>\n^ Storeb\u00e6ltsbroen<\/p>\n<p><a href='http:\/\/extra.inmontanis.info\/d\/47131-2\/DSC01284.jpg'><img src=http:\/\/extra.inmontanis.info\/d\/47130-3\/DSC01284.jpg \/><\/a><br \/>\n^ Storeb\u00e6ltsbroen<\/p>\n<p><a href='http:\/\/extra.inmontanis.info\/d\/47135-2\/DSC01289.jpg'><img src=http:\/\/extra.inmontanis.info\/d\/47134-3\/DSC01289.jpg \/><\/a><br \/>\n^ Die teurere der beiden Mautbr\u00fccken, \u00d6resundsbron<\/p>\n<p><a href='http:\/\/extra.inmontanis.info\/d\/47139-2\/DSC01296.jpg'><img src=http:\/\/extra.inmontanis.info\/d\/47138-3\/DSC01296.jpg \/><\/a><br \/>\n^ \u00d6resundsbron<\/p>\n<p><a href='http:\/\/extra.inmontanis.info\/d\/47143-2\/DSC01297.jpg'><img src=http:\/\/extra.inmontanis.info\/d\/47142-3\/DSC01297.jpg \/><\/a><br \/>\n^ \u00d6resundsbron \/ Malm\u00f6<\/p>\n<p>In D\u00e4nemark, Schweden und Norwegen gab es kurze Grenzkontrollen (fr\u00fcher hatte ich da selten was), lief aber problemlos. Ich hatte zwar f\u00fcr Trincerone einige alkoholische Getr\u00e4nke dabei (weil die in Skandinavien bekanntlich sehr teuer sind), mich aber zuvor informiert, wieviel man in Norwegen einf\u00fchren darf. Stau hatte ich nur um G\u00f6teborg aufgrund einer Baustelle. Nachdem ich in Schweden 2 Superm\u00e4rkte besucht hab, hatte ich auch die von mir gew\u00fcnschten Sachen alle bekommen. Da es keinen Frasses auf dem Weg gab, fiel der sonst \u00fcbliche schwedische &#8220;Laxburger&#8221; leider aus, stattdessen eben K\u00f6ttbullar an einer Autobahnrastst\u00e4tte (recht g\u00fcnstig \u00fcbrigens), wobei es die bei Ikea ja auch geben w\u00fcrde (und vmtl. besser sind). Auch in Norwegen hab ich noch schnell die Sachen eingekauft, die ich haben wollte und kam nach 21 Uhr bei Trincerone an, der direkt am Oslofjord wohnt und ein kleines BBQ hatte. Nebenbei war es hier und heute Abend ziemlich warm und richtig dunkel wird&#8217;s momentan in Oslo nachts auch nicht mehr.<\/p>\n<p><a href='http:\/\/extra.inmontanis.info\/d\/47147-2\/DSC01299.jpg'><img src=http:\/\/extra.inmontanis.info\/d\/47146-3\/DSC01299.jpg \/><\/a><br \/>\n^ Ganz sch\u00f6n warm heute in S\u00fcdschweden, 28\u00b0C, pf\u00fch..<\/p>\n<p><a href='http:\/\/extra.inmontanis.info\/d\/47151-2\/IMG_4684.jpg'><img src=http:\/\/extra.inmontanis.info\/d\/47150-3\/IMG_4684.jpg \/><\/a><br \/>\n^ K\u00f6ttbullar, plus Getr\u00e4nk, 112 SEK (ca. 11,- \u20ac) in einer Rasta-Autobahnrastst\u00e4tte<\/p>\n<p><a href='http:\/\/extra.inmontanis.info\/d\/47155-2\/DSC01301.jpg'><img src=http:\/\/extra.inmontanis.info\/d\/47154-3\/DSC01301.jpg \/><\/a><br \/>\n^ Oslo\/Fjord, die Sonne steht noch recht hoch um 20:40 Uhr.<\/p>\n<p>Ich machte mich dann aber bald wieder auf dem Weg, einen Parkplatz zu suchen, wo ich in meinem Quobo schlafen k\u00f6nnte. Die Nacht w\u00fcrde etwas verk\u00fcrzt sein, da wir morgen schon vor 5 Uhr losfahren wollen, weil man doch 5,5-6,5h in die norwegischen Sommerskigebiete f\u00e4hrt. Sofern man sich (wie ich, im Gegensatz zu Trincerone ;) ) an die Geschwindigkeitsbegrenzungen h\u00e4lt&#8230;<\/p>\n<p>Kleiner Dashcam-Film vom 1.6., haupts\u00e4chlich die Br\u00fcckenquerungen:<br \/>\n<object style=\"height: 500px; width: 900px\"><param name=\"movie\" value=\"http:\/\/www.youtube.com\/v\/4i6O3hS5z4s\"><\/param><param name=\"wmode\" value=\"transparent\"><\/param><embed src=\"http:\/\/www.youtube.com\/v\/4i6O3hS5z4s\" type=\"application\/x-shockwave-flash\" wmode=\"transparent\"  width=\"900\" height=\"480\"><\/embed><\/object><\/p>\n<p>(Fortsetzung folgt.)<\/p>\n","protected":false},"excerpt":{"rendered":"<p>DVKIFME\u00dcWNNZST &#8211; Die verr\u00fcckte kleine &#8220;Ich fahr mal eben \u00fcber&#8217;s Wochenende nach Norwegen zum Sommerskifahren&#8221; &#8211; Tour Tag 1 &#8211; Do, 31.5.2018 &#8211; Innsbruck\/Hintertux\/Deutschlanddurchfahrung<\/p>\n<p>Nach meiner letzten Skandinavien-Tour im Fr\u00fchjahr 2017 wollte ich eigentlich mal ein paar Jahre aussetzen, aber nachdem Trincerone seit letztem Jahr in Oslo lebt, brachte er mich im April doch wieder <a href=\"http:\/\/blog.inmontanis.info\/?p=5059\">[&#8230;]<\/a><\/p>\n","protected":false},"author":1,"featured_media":0,"comment_status":"closed","ping_status":"closed","sticky":false,"template":"","format":"standard","meta":{"footnotes":""},"categories":[171,246,18,13,19,28],"tags":[37],"class_list":["post-5059","post","type-post","status-publish","format-standard","hentry","category-2018-06-dvkifmeuwnnzst","category-hintertux","category-norwegennorway","category-austria","category-schwedensweden","category-skifahren-sommer","tag-meer","odd"],"_links":{"self":[{"href":"http:\/\/blog.inmontanis.info\/index.php?rest_route=\/wp\/v2\/posts\/5059","targetHints":{"allow":["GET"]}}],"collection":[{"href":"http:\/\/blog.inmontanis.info\/index.php?rest_route=\/wp\/v2\/posts"}],"about":[{"href":"http:\/\/blog.inmontanis.info\/index.php?rest_route=\/wp\/v2\/types\/post"}],"author":[{"embeddable":true,"href":"http:\/\/blog.inmontanis.info\/index.php?rest_route=\/wp\/v2\/users\/1"}],"replies":[{"embeddable":true,"href":"http:\/\/blog.inmontanis.info\/index.php?rest_route=%2Fwp%2Fv2%2Fcomments&post=5059"}],"version-history":[{"count":6,"href":"http:\/\/blog.inmontanis.info\/index.php?rest_route=\/wp\/v2\/posts\/5059\/revisions"}],"predecessor-version":[{"id":5065,"href":"http:\/\/blog.inmontanis.info\/index.php?rest_route=\/wp\/v2\/posts\/5059\/revisions\/5065"}],"wp:attachment":[{"href":"http:\/\/blog.inmontanis.info\/index.php?rest_route=%2Fwp%2Fv2%2Fmedia&parent=5059"}],"wp:term":[{"taxonomy":"category","embeddable":true,"href":"http:\/\/blog.inmontanis.info\/index.php?rest_route=%2Fwp%2Fv2%2Fcategories&post=5059"},{"taxonomy":"post_tag","embeddable":true,"href":"http:\/\/blog.inmontanis.info\/index.php?rest_route=%2Fwp%2Fv2%2Ftags&post=5059"}],"curies":[{"name":"wp","href":"https:\/\/api.w.org\/{rel}","templated":true}]}}