{"id":5054,"date":"2018-05-13T18:29:21","date_gmt":"2018-05-13T16:29:21","guid":{"rendered":"http:\/\/blog.inmontanis.info\/?p=5054"},"modified":"2023-08-03T22:27:14","modified_gmt":"2023-08-03T20:27:14","slug":"cervinia-13-5-2018","status":"publish","type":"post","link":"http:\/\/blog.inmontanis.info\/?p=5054","title":{"rendered":"Cervinia, 13.5.2018"},"content":{"rendered":"<p><strong>Best of May &#8211; Tag 4, So, 13.5.2018: Cervinia<\/strong><\/p>\n<p>Nach diversen negativen Erfahrungen hatte ich Cervinia ja egtl. letztes Jahr auf meine &#8220;Sperrliste&#8221; gesetzt. Allerdings waren Skipass und Pistenangebot zu gut heute, als dass ich stattdessen den doppelten Preis irgendwo anders in der Schweiz h\u00e4tte zahlen wollen&#8230;<\/p>\n<p>Tageskarte kostete &#8211; nur f\u00fcr die italienische Seite &#8211; 32,50 \u20ac, ge\u00f6ffnet waren die 3 Sektionen bis Testa Grigia mit der Ventina-Abfahrt an der obersten PB und der linken Abfahrt zum Plan Maison. Dass die rechte Talabfahrt m\u00f6glich sein sollte, hatte ich erwartet, aber obwohl offiziell nicht ge\u00f6ffnet, war sie sogar pr\u00e4pariert und die beste des Tages. Nebenbei macht sie ca. 1450 hm, was f\u00fcr Mitte Mai kaum zu \u00fcberbieten ist &#8211; au\u00dfer man kauft sich den internationalen Skipass hier und f\u00e4hrt vom Kleinmatterhorn los :)<\/p>\n<p>Allerdings war mir der Aufpreis f\u00fcr das bisschen Zermatt nicht wert, zumal man bei den langen Abfahrten hier in Cervinia eh nicht oft fahren kann, bis der Tag vorbei ist. Das Wetter blieb leider hinter den Erwartungen, es war oftmals etwas neblig, schneite teilweise und der Neuschnee von der Nacht war auf der Plan-Maison-Abfahrt recht pappig. Auf der Ventina oben war&#8217;s sehr windig, der Schnee allerdings gut griffig. Und auf der pr\u00e4parierten Talabfahrt war der Schnee firnig-nass gut zu fahren.<\/p>\n<p>In Summe bin ich 2x links herum, davon 1x bis Plan Maison und 1x bis Tal, sowie 4x rechts herum, davon 1x nur an der PB und 3x ins Tal, d.h. also gesamt &#8220;nur&#8221; 6 Abfahrten, bei 6,5h und insg. 76 km mit Liftfahrten.<\/p>\n<p>(Fotos anklicken zum Vergr\u00f6\u00dfern)<\/p>\n<p><a href='http:\/\/extra.inmontanis.info\/d\/47077-2\/ge20180510-13j.jpg'><img src=http:\/\/extra.inmontanis.info\/d\/47076-3\/ge20180510-13j.jpg \/><\/a><br \/>\n^ Strecke und POI 10.-13.5.2018<br \/>\nE) Cervinia<br \/>\nRot: Strecke 13.5.2018<\/p>\n<p><a href='http:\/\/ski.inmontanis.info\/d\/248394-2\/DSC01054.jpg'><img src=http:\/\/ski.inmontanis.info\/d\/248393-3\/DSC01054.jpg \/><\/a><br \/>\n^ Die rechte Talabfahrt ist pr\u00e4pariert, obwohl egtl. offiziell nicht ge\u00f6ffnet, wie nett!<\/p>\n<p><a href='http:\/\/ski.inmontanis.info\/d\/248398-2\/DSC01057.jpg'><img src=http:\/\/ski.inmontanis.info\/d\/248397-3\/DSC01057.jpg \/><\/a><br \/>\n^ Das Schild ist egtl. unn\u00fctz, da es am Ausgang der ehemaligen PB Sektion 2 steht ..<\/p>\n<p><a href='http:\/\/ski.inmontanis.info\/d\/248402-2\/DSC01058.jpg'><img src=http:\/\/ski.inmontanis.info\/d\/248401-3\/DSC01058.jpg \/><\/a><br \/>\n^ Pistenplan und \u00d6ffnungsstatus. Lt. diesem und anderen Schildern w\u00e4re die Verbindung zur Schweiz heute nicht richtig offen gewesen. Allerdings sah man die unteren SL fahren und auch ein paar Skifahrer vom Kleinmatterhorn kommen.<\/p>\n<p><a href='http:\/\/ski.inmontanis.info\/d\/248406-2\/DSC01063.jpg'><img src=http:\/\/ski.inmontanis.info\/d\/248405-3\/DSC01063.jpg \/><\/a><br \/>\n^ Durch den Neuschnee nochmal bremsiger, so dass es auch zu Plan Maison viel Lauferei war.<\/p>\n<p><a href='http:\/\/ski.inmontanis.info\/d\/248410-2\/DSC01074.jpg'><img src=http:\/\/ski.inmontanis.info\/d\/248409-3\/DSC01074.jpg \/><\/a><br \/>\n^ Rechte Talabfahrt, pr\u00e4pariert trotz des freigeschaufelten Weges<\/p>\n<p><a href='http:\/\/ski.inmontanis.info\/d\/248414-2\/DSC01077.jpg'><img src=http:\/\/ski.inmontanis.info\/d\/248413-3\/DSC01077.jpg \/><\/a><br \/>\n^ (Geschlossene) rechte Talabfahrt, pr\u00e4pariert trotz des freigeschaufelten Weges. Sehr positiv. Das wenn man am Stubaier auch mal so hinbekommen k\u00f6nnte ..<\/p>\n<p><a href='http:\/\/ski.inmontanis.info\/d\/248418-2\/DSC01079.jpg'><img src=http:\/\/ski.inmontanis.info\/d\/248417-3\/DSC01079.jpg \/><\/a><br \/>\n^ Rechte Talabfahrt und \u00fcberschaubar leerer Parkplatz<\/p>\n<p><a href='http:\/\/ski.inmontanis.info\/d\/248422-2\/DSC01083.jpg'><img src=http:\/\/ski.inmontanis.info\/d\/248421-3\/DSC01083.jpg \/><\/a><br \/>\n^ Talstationen<\/p>\n<p><a href='http:\/\/ski.inmontanis.info\/d\/248426-2\/DSC01086.jpg'><img src=http:\/\/ski.inmontanis.info\/d\/248425-3\/DSC01086.jpg \/><\/a><br \/>\n^ PB Laghi Cime Bianche &#8211; Testa Grigia<\/p>\n<p><a href='http:\/\/ski.inmontanis.info\/d\/248430-2\/DSC01087.jpg'><img src=http:\/\/ski.inmontanis.info\/d\/248429-3\/DSC01087.jpg \/><\/a><br \/>\n^ PB Testa Grigia &#8211; Klein Matterhorn ;-)<\/p>\n<p><a href='http:\/\/ski.inmontanis.info\/d\/248434-2\/DSC01090.jpg'><img src=http:\/\/ski.inmontanis.info\/d\/248433-3\/DSC01090.jpg \/><\/a><br \/>\n^ Auf schweizer Seite w\u00e4re das Wetter wohl etwas besser gewesen<\/p>\n<p><a href='http:\/\/ski.inmontanis.info\/d\/248438-2\/DSC01091.jpg'><img src=http:\/\/ski.inmontanis.info\/d\/248437-3\/DSC01091.jpg \/><\/a><br \/>\n^ Die heute wieder einmal sehr windige Ventina &#8211; Schnee war aber recht gut.<\/p>\n<p><a href='http:\/\/ski.inmontanis.info\/d\/248442-2\/DSC01093.jpg'><img src=http:\/\/ski.inmontanis.info\/d\/248441-3\/DSC01093.jpg \/><\/a><br \/>\n^ Sch\u00f6n firnig-nasser Sahnecremeschnee (oder Buttercremeschnee, was passt besser?) auf der Talabfahrt<\/p>\n<p><a href='http:\/\/ski.inmontanis.info\/d\/248446-2\/DSC01095.jpg'><img src=http:\/\/ski.inmontanis.info\/d\/248445-3\/DSC01095.jpg \/><\/a><br \/>\n^ SB Lago Goilet<\/p>\n<p><a href='http:\/\/ski.inmontanis.info\/d\/248450-2\/DSC01097.jpg'><img src=http:\/\/ski.inmontanis.info\/d\/248449-3\/DSC01097.jpg \/><\/a><br \/>\n^ Rechte Talabfahrt, parallel zum frei gemachten Weg &#8211; nett!<\/p>\n<p><a href='http:\/\/ski.inmontanis.info\/d\/248454-2\/DSC01100.jpg'><img src=http:\/\/ski.inmontanis.info\/d\/248453-3\/DSC01100.jpg \/><\/a><br \/>\n^ Rechte Talabfahrt, abschnittsweise auch breiter pr\u00e4pariert<\/p>\n<p><a href='http:\/\/ski.inmontanis.info\/d\/248458-2\/DSC01103.jpg'><img src=http:\/\/ski.inmontanis.info\/d\/248457-3\/DSC01103.jpg \/><\/a><br \/>\n^ Rechte Talabfahrt, abschnittsweise auch breiter pr\u00e4pariert und toller Schnee<\/p>\n<p><a href='http:\/\/ski.inmontanis.info\/d\/248462-2\/DSC01107.jpg'><img src=http:\/\/ski.inmontanis.info\/d\/248461-3\/DSC01107.jpg \/><\/a><br \/>\n^ Ex-PB Sektion 2<\/p>\n<p><a href='http:\/\/ski.inmontanis.info\/d\/248466-2\/DSC01109.jpg'><img src=http:\/\/ski.inmontanis.info\/d\/248465-3\/DSC01109.jpg \/><\/a><br \/>\n^ Ex-PB Sektion 2<\/p>\n<p><a href='http:\/\/ski.inmontanis.info\/d\/248470-2\/DSC01111.jpg'><img src=http:\/\/ski.inmontanis.info\/d\/248469-3\/DSC01111.jpg \/><\/a><br \/>\n^ Abfahrt Bontadini \/ Plan Maison, leider halt arg flach und nachmittags mit erh\u00f6htem Schiebeanteil weil pappiger Neuschnee<\/p>\n<p><a href='http:\/\/ski.inmontanis.info\/d\/248474-2\/DSC01112.jpg'><img src=http:\/\/ski.inmontanis.info\/d\/248473-3\/DSC01112.jpg \/><\/a><br \/>\n^ Bontadini<\/p>\n<p><a href='http:\/\/ski.inmontanis.info\/d\/248478-2\/DSC01116.jpg'><img src=http:\/\/ski.inmontanis.info\/d\/248477-3\/DSC01116.jpg \/><\/a><br \/>\n^ Links die Abfahrt zu Plan Maison, geradeaus probierte ich die Abfahrt ins Tal. Beides sehr schiebelastig.<\/p>\n<p><a href='http:\/\/ski.inmontanis.info\/d\/248482-2\/DSC01118.jpg'><img src=http:\/\/ski.inmontanis.info\/d\/248481-3\/DSC01118.jpg \/><\/a><br \/>\n^ Linke Talabfahrt, auch nicht wirklich lohnenswert bei dem heutigen Pappschnee<\/p>\n<p><a href='http:\/\/ski.inmontanis.info\/d\/248486-2\/DSC01120.jpg'><img src=http:\/\/ski.inmontanis.info\/d\/248485-3\/DSC01120.jpg \/><\/a><br \/>\n^ PB Sektion 1<\/p>\n<p><a href='http:\/\/ski.inmontanis.info\/d\/248490-2\/DSC01121.jpg'><img src=http:\/\/ski.inmontanis.info\/d\/248489-3\/DSC01121.jpg \/><\/a><br \/>\n^ An der Mittelstation kann man einiges in Russisch lesen.<\/p>\n<p><a href='http:\/\/ski.inmontanis.info\/d\/248494-2\/DSC01123.jpg'><img src=http:\/\/ski.inmontanis.info\/d\/248493-3\/DSC01123.jpg \/><\/a><br \/>\n^ PB Laghi Cime Bianche &#8211; Testa Grigia und daneben die Baustellenseilbahn zur Bergstation der 3S am Klein Matterhorn<\/p>\n<p><a href='http:\/\/ski.inmontanis.info\/d\/248498-2\/DSC01125.jpg'><img src=http:\/\/ski.inmontanis.info\/d\/248497-3\/DSC01125.jpg \/><\/a><br \/>\n^ Talstationen in Cervinia, die alte abgebrannte Station steht also immer noch.<\/p>\n<p><a href='http:\/\/ski.inmontanis.info\/d\/248502-2\/DSC01126.jpg'><img src=http:\/\/ski.inmontanis.info\/d\/248501-3\/DSC01126.jpg \/><\/a><br \/>\n^ Ehemalige Talstation<\/p>\n<p><a href='http:\/\/ski.inmontanis.info\/d\/248506-2\/ge20180513e.jpg'><img src=http:\/\/ski.inmontanis.info\/d\/248505-3\/ge20180513e.jpg \/><\/a><br \/>\n^ GPS-Track 13.5.2018 in Rot und vorherige Besuche in Blau<br \/>\nAuf der R\u00fcckseite des Pistenplans ist ein Sommerplan, auf dem ein Zug zum Lago Goillet eingezeichnet ist. Bissl im Netz gesucht, da gibt es wohl tats\u00e4chlich \u00dcberreste von Standseilbahnen und alten Z\u00fcgen vom Bau des Stausees, in Betrieb ist da aber nicht mehr. Foto z.B.:<br \/>\n<a href='http:\/\/3.bp.blogspot.com\/-RueWuRNyZXk\/VnsVAbxU2-I\/AAAAAAAACa8\/WOAWOjcBeTw\/s1600\/P1080632.JPG'>http:\/\/3.bp.blogspot.com\/-RueWuRNyZXk\/VnsVAbxU2-I\/AAAAAAAACa8\/WOAWOjcBeTw\/s1600\/P1080632.JPG<\/a><\/p>\n<p>Zur\u00fcck gings grundlegend \u00fcber Mailand-St. Moritz, wobei ich im Aosta-Tal erst noch ein bisschen die mautpflichtige Autobahn umfahren hatte. In Mailand gab&#8217;s etwas Stau bis ich dann auf der Stra\u00dfe nach Lecco war, wo es allerdings in Gegenrichtung viel mehr Stau gegeben h\u00e4tte. Noch ein kurzer Halt bei str\u00f6menden Regen in Chiavenna f\u00fcr eine Pizza, ansonsten verlief die restliche Heimfahrt st\u00f6rungsfrei.<\/p>\n<p>## Ende der Tour ##<\/p>\n","protected":false},"excerpt":{"rendered":"<p>Best of May &#8211; Tag 4, So, 13.5.2018: Cervinia<\/p>\n<p>Nach diversen negativen Erfahrungen hatte ich Cervinia ja egtl. letztes Jahr auf meine &#8220;Sperrliste&#8221; gesetzt. Allerdings waren Skipass und Pistenangebot zu gut heute, als dass ich stattdessen den doppelten Preis irgendwo anders in der Schweiz h\u00e4tte zahlen wollen&#8230;<\/p>\n<p>Tageskarte kostete &#8211; nur f\u00fcr die italienische Seite <a href=\"http:\/\/blog.inmontanis.info\/?p=5054\">[&#8230;]<\/a><\/p>\n","protected":false},"author":1,"featured_media":0,"comment_status":"closed","ping_status":"closed","sticky":false,"template":"","format":"standard","meta":{"footnotes":""},"categories":[170,508,15,28,27],"tags":[52,47],"class_list":["post-5054","post","type-post","status-publish","format-standard","hentry","category-2018-05-best-of-may","category-cervinia-zermatt","category-italienitaly","category-skifahren-sommer","category-skifahren-winterskiing-winter","tag-pb","tag-sl","odd"],"_links":{"self":[{"href":"http:\/\/blog.inmontanis.info\/index.php?rest_route=\/wp\/v2\/posts\/5054","targetHints":{"allow":["GET"]}}],"collection":[{"href":"http:\/\/blog.inmontanis.info\/index.php?rest_route=\/wp\/v2\/posts"}],"about":[{"href":"http:\/\/blog.inmontanis.info\/index.php?rest_route=\/wp\/v2\/types\/post"}],"author":[{"embeddable":true,"href":"http:\/\/blog.inmontanis.info\/index.php?rest_route=\/wp\/v2\/users\/1"}],"replies":[{"embeddable":true,"href":"http:\/\/blog.inmontanis.info\/index.php?rest_route=%2Fwp%2Fv2%2Fcomments&post=5054"}],"version-history":[{"count":2,"href":"http:\/\/blog.inmontanis.info\/index.php?rest_route=\/wp\/v2\/posts\/5054\/revisions"}],"predecessor-version":[{"id":5056,"href":"http:\/\/blog.inmontanis.info\/index.php?rest_route=\/wp\/v2\/posts\/5054\/revisions\/5056"}],"wp:attachment":[{"href":"http:\/\/blog.inmontanis.info\/index.php?rest_route=%2Fwp%2Fv2%2Fmedia&parent=5054"}],"wp:term":[{"taxonomy":"category","embeddable":true,"href":"http:\/\/blog.inmontanis.info\/index.php?rest_route=%2Fwp%2Fv2%2Fcategories&post=5054"},{"taxonomy":"post_tag","embeddable":true,"href":"http:\/\/blog.inmontanis.info\/index.php?rest_route=%2Fwp%2Fv2%2Ftags&post=5054"}],"curies":[{"name":"wp","href":"https:\/\/api.w.org\/{rel}","templated":true}]}}