{"id":5049,"date":"2018-05-12T06:15:32","date_gmt":"2018-05-12T04:15:32","guid":{"rendered":"http:\/\/blog.inmontanis.info\/?p=5049"},"modified":"2023-08-04T19:26:23","modified_gmt":"2023-08-04T17:26:23","slug":"prali-palit-valchiusella-12-5-2018","status":"publish","type":"post","link":"http:\/\/blog.inmontanis.info\/?p=5049","title":{"rendered":"Prali (&#038; Palit-Valchiusella), 12.5.2018"},"content":{"rendered":"<p><strong>Best of May &#8211; Tag 3, Sa, 12.5.2018: Prali &#038; Palit-Valchiusella<\/strong><\/p>\n<p>Hauptgrund f\u00fcr das verl\u00e4ngerte Wochenende war nat\u00fcrlich Prali und \u00fcberraschenderweise war die Talabfahrt sogar noch offiziell ge\u00f6ffnet und pr\u00e4pariert, wodurch man 1000 hm befahren konnte (ca. 1480-2470m). Morgens war auch gut was los, zumindest an der oberen DSB trollten sich einige Renngruppen. Ich fuhr die ge\u00f6ffnete Talabfahrt mehrfach, weil sie gut zu fahren ging, allerdings wurde es mit der Zeit auch immer bremsiger.<\/p>\n<p>Vor ein paar Jahren bin ich die Talabfahrten ja schon mal im geschlossenen Zustand runtergefahren, teilweise mit l\u00e4ngeren Fu\u00dfwegen, und einmal hatte ich dieses Ph\u00e4nomen der Klebeschicht am Belag beschrieben. Nun, das hatte ich auch heute wieder. Ob auch von der offiziell pr\u00e4parierten Abfahrt oder nur von den unp\u00e4rparierten St\u00fccken, wei\u00df ich nicht, aber ich hatte wieder eine Klebeschicht am Belag, die ich wegkratzen konnte und auch musste, weil es sonst noch mehr bremste. Da ich das noch nirgends sonst hatte, vermute ich ja mittlerweile irgendein Harz oder Bl\u00fctensekret &#8211; wei\u00df jemand, ob das an den L\u00e4rchen liegen k\u00f6nnte, dass die im Fr\u00fchjahr so eine Sauerei verspritzen?<\/p>\n<p>Davon abgesehen war es aber recht nett und auch das Wetter hielt einigerma\u00dfen durch. Gefahren bin ich mit verschiedenen Skiern, erst die FR2, als die Piste noch hart war, sp\u00e4ter die alten K2 Allmountains, als es pappiger und &#8220;offpistiger&#8221; wurde.<\/p>\n<p>(Fotos anklicken zum Vergr\u00f6\u00dfern)<\/p>\n<p><a href='http:\/\/extra.inmontanis.info\/d\/47077-2\/ge20180510-13j.jpg'><img src=http:\/\/extra.inmontanis.info\/d\/47076-3\/ge20180510-13j.jpg \/><\/a><br \/>\n^ Strecke und POI 10.-13.5.2018<br \/>\nC) Prali<br \/>\nD) Palit-Valchiusella<br \/>\nDunkelblau: Strecke 12.5.2018<\/p>\n<p><a href='http:\/\/ski.inmontanis.info\/d\/248222-2\/DSC00930.jpg'><img src=http:\/\/ski.inmontanis.info\/d\/248221-3\/DSC00930.jpg \/><\/a><br \/>\n^ 12. Mai und die rechte Talabfahrt ist noch offiziell ge\u00f6ffnet, wie geil!<\/p>\n<p><a href='http:\/\/ski.inmontanis.info\/d\/248226-2\/DSC00931.jpg'><img src=http:\/\/ski.inmontanis.info\/d\/248225-3\/DSC00931.jpg \/><\/a><br \/>\n^ Die linke Talabfahrt ist schon etwas schnee\u00e4rmer, aber auch noch ausreichend f\u00fcr mich ;)<\/p>\n<p><a href='http:\/\/ski.inmontanis.info\/d\/248230-2\/DSC00932.jpg'><img src=http:\/\/ski.inmontanis.info\/d\/248229-3\/DSC00932.jpg \/><\/a><br \/>\n^ Ex-SL Salei; vor der DSB stand ja ein ESL und parallel dazu gab es 2 Sektionen SL, der obere ist mittlerweile abgebaut, der untere steht noch, aber geschlossen.<\/p>\n<p><a href='http:\/\/ski.inmontanis.info\/d\/248234-2\/DSC00934.jpg'><img src=http:\/\/ski.inmontanis.info\/d\/248233-3\/DSC00934.jpg \/><\/a><br \/>\n^ DSB Sektion 1, links die Abfahrt zum SL war heute eine der nettesten<\/p>\n<p><a href='http:\/\/ski.inmontanis.info\/d\/248238-2\/DSC00935.jpg'><img src=http:\/\/ski.inmontanis.info\/d\/248237-3\/DSC00935.jpg \/><\/a><br \/>\n^ Schneeh\u00f6he am Restaurant<\/p>\n<p><a href='http:\/\/ski.inmontanis.info\/d\/248242-2\/DSC00936.jpg'><img src=http:\/\/ski.inmontanis.info\/d\/248241-3\/DSC00936.jpg \/><\/a><br \/>\n^ Pistenplan; die schwarze unterhalb des SL tr\u00e4gt keine Nummer mehr und war glaub ich auch heuer wieder kein einziges mal offiziell ge\u00f6ffnet?! Jedenfalls fehlt mir die noch, muss ich mal im Winter her.<\/p>\n<p><a href='http:\/\/ski.inmontanis.info\/d\/248390-2\/ge20180512d.jpg'><img src=http:\/\/ski.inmontanis.info\/d\/248389-3\/ge20180512d.jpg \/><\/a><br \/>\n^ GPS-Track 12.5.2018 in Gelb und einige vorherige Besuche in Blau.<\/p>\n<p><a href='http:\/\/ski.inmontanis.info\/d\/248246-2\/DSC00937.jpg'><img src=http:\/\/ski.inmontanis.info\/d\/248245-3\/DSC00937.jpg \/><\/a><br \/>\n^ Abfahrt zum SL Ciatlet und links in Verl\u00e4ngerung diese omin\u00f6se schwarze Abfahrt, die abschnittsweise sehr altmodisch nett ausschaut.<\/p>\n<p><a href='http:\/\/ski.inmontanis.info\/d\/248250-2\/DSC00938.jpg'><img src=http:\/\/ski.inmontanis.info\/d\/248249-3\/DSC00938.jpg \/><\/a><br \/>\n^ SL Ciatlet<\/p>\n<p><a href='http:\/\/ski.inmontanis.info\/d\/248254-2\/DSC00939.jpg'><img src=http:\/\/ski.inmontanis.info\/d\/248253-3\/DSC00939.jpg \/><\/a><br \/>\n^ SL Ciatlet, so sch\u00f6n<\/p>\n<p><a href='http:\/\/ski.inmontanis.info\/d\/248258-2\/DSC00941.jpg'><img src=http:\/\/ski.inmontanis.info\/d\/248257-3\/DSC00941.jpg \/><\/a><br \/>\n^ SL Ciatlet<\/p>\n<p><a href='http:\/\/ski.inmontanis.info\/d\/248262-2\/DSC00944.jpg'><img src=http:\/\/ski.inmontanis.info\/d\/248261-3\/DSC00944.jpg \/><\/a><br \/>\n^ DSB Sektion 2<\/p>\n<p><a href='http:\/\/ski.inmontanis.info\/d\/248266-2\/DSC00946.jpg'><img src=http:\/\/ski.inmontanis.info\/d\/248265-3\/DSC00946.jpg \/><\/a><br \/>\n^ Abfahrt am SL<\/p>\n<p><a href='http:\/\/ski.inmontanis.info\/d\/248270-2\/DSC00947.jpg'><img src=http:\/\/ski.inmontanis.info\/d\/248269-3\/DSC00947.jpg \/><\/a><br \/>\n^ Bisher querte die linke Piste den SL einfach, jetzt gibt&#8217;s hier eine Unterfahrung.<\/p>\n<p><a href='http:\/\/ski.inmontanis.info\/d\/248274-2\/DSC00949.jpg'><img src=http:\/\/ski.inmontanis.info\/d\/248273-3\/DSC00949.jpg \/><\/a><br \/>\n^ Zwischen SL und DSB; die diagonale Piste hier links im Bild wurde von den Renngruppen sogar gesalzen. War dann nachmittags bl\u00f6d zu fahren, eisig hart zwischen den Kursen und daneben pappig-bremsig<\/p>\n<p><a href='http:\/\/ski.inmontanis.info\/d\/248278-2\/DSC00952.jpg'><img src=http:\/\/ski.inmontanis.info\/d\/248277-3\/DSC00952.jpg \/><\/a><br \/>\n^ Die ge\u00f6ffnete, rechte Talabfahrt hatte auf 2 Abschnitten 2 ge\u00f6ffnete Varianten<\/p>\n<p><a href='http:\/\/ski.inmontanis.info\/d\/248282-2\/DSC00953.jpg'><img src=http:\/\/ski.inmontanis.info\/d\/248281-3\/DSC00953.jpg \/><\/a><br \/>\n^ Offpiste rechts der DSB ging auch heuer wieder nicht so besonders, aber man konnte fahren.<\/p>\n<p><a href='http:\/\/ski.inmontanis.info\/d\/248286-2\/DSC00954.jpg'><img src=http:\/\/ski.inmontanis.info\/d\/248285-3\/DSC00954.jpg \/><\/a><br \/>\n^ DSB Sektion 2, morgens war&#8217;s recht voll<\/p>\n<p><a href='http:\/\/ski.inmontanis.info\/d\/248290-2\/DSC00957.jpg'><img src=http:\/\/ski.inmontanis.info\/d\/248289-3\/DSC00957.jpg \/><\/a><br \/>\n^ DSB und Abfahrten<\/p>\n<p><a href='http:\/\/ski.inmontanis.info\/d\/248294-2\/DSC00958.jpg'><img src=http:\/\/ski.inmontanis.info\/d\/248293-3\/DSC00958.jpg \/><\/a><br \/>\n^ Die ge\u00f6ffnete, rechte Talabfahrt<\/p>\n<p><a href='http:\/\/ski.inmontanis.info\/d\/248298-2\/DSC00959.jpg'><img src=http:\/\/ski.inmontanis.info\/d\/248297-3\/DSC00959.jpg \/><\/a><br \/>\n^ Die ge\u00f6ffnete, rechte Talabfahrt hatte auf 2 Abschnitten 2 ge\u00f6ffnete Varianten<\/p>\n<p><a href='http:\/\/ski.inmontanis.info\/d\/248302-2\/DSC00962.jpg'><img src=http:\/\/ski.inmontanis.info\/d\/248301-3\/DSC00962.jpg \/><\/a><br \/>\n^ Die ge\u00f6ffnete, rechte Talabfahrt<\/p>\n<p><a href='http:\/\/ski.inmontanis.info\/d\/248306-2\/DSC00963.jpg'><img src=http:\/\/ski.inmontanis.info\/d\/248305-3\/DSC00963.jpg \/><\/a><br \/>\n^ Die ge\u00f6ffnete, rechte Talabfahrt; der Bereich gleich war dann nachmittags etwas sehr dreckig, da h\u00e4ttens noch etwas mehr Schnee hinfahren sollen..<\/p>\n<p><a href='http:\/\/ski.inmontanis.info\/d\/248310-2\/DSC00964.jpg'><img src=http:\/\/ski.inmontanis.info\/d\/248309-3\/DSC00964.jpg \/><\/a><br \/>\n^ Die ge\u00f6ffnete, rechte Talabfahrt<\/p>\n<p><a href='http:\/\/ski.inmontanis.info\/d\/248314-2\/DSC00968.jpg'><img src=http:\/\/ski.inmontanis.info\/d\/248313-3\/DSC00968.jpg \/><\/a><br \/>\n^ Die ge\u00f6ffnete, rechte Talabfahrt, ging zumeist recht gut zu fahren und bin ich somit \u00f6fters gefahren.<\/p>\n<p><a href='http:\/\/ski.inmontanis.info\/d\/248318-2\/DSC00977.jpg'><img src=http:\/\/ski.inmontanis.info\/d\/248317-3\/DSC00977.jpg \/><\/a><br \/>\n^ Die ge\u00f6ffnete, rechte Talabfahrt hatte auf 2 Abschnitten 2 ge\u00f6ffnete Varianten<\/p>\n<p><a href='http:\/\/ski.inmontanis.info\/d\/248322-2\/DSC00978.jpg'><img src=http:\/\/ski.inmontanis.info\/d\/248321-3\/DSC00978.jpg \/><\/a><br \/>\n^ SL Ciatlet<\/p>\n<p><a href='http:\/\/ski.inmontanis.info\/d\/248326-2\/DSC00981.jpg'><img src=http:\/\/ski.inmontanis.info\/d\/248325-3\/DSC00981.jpg \/><\/a><br \/>\n^ Die geschlossene, linke Talabfahrt im oberen Bereich<\/p>\n<p><a href='http:\/\/ski.inmontanis.info\/d\/248330-2\/DSC00984.jpg'><img src=http:\/\/ski.inmontanis.info\/d\/248329-3\/DSC00984.jpg \/><\/a><br \/>\n^ Die geschlossene, linke Talabfahrt im oberen Bereich<\/p>\n<p><a href='http:\/\/ski.inmontanis.info\/d\/248334-2\/DSC00986.jpg'><img src=http:\/\/ski.inmontanis.info\/d\/248333-3\/DSC00986.jpg \/><\/a><br \/>\n^ Die geschlossene, linke Talabfahrt im oberen Bereich<\/p>\n<p><a href='http:\/\/ski.inmontanis.info\/d\/248338-2\/DSC00990.jpg'><img src=http:\/\/ski.inmontanis.info\/d\/248337-3\/DSC00990.jpg \/><\/a><br \/>\n^ Ex-SL Salei mit Bike-Downhill-Strecke<\/p>\n<p><a href='http:\/\/ski.inmontanis.info\/d\/248342-2\/DSC00993.jpg'><img src=http:\/\/ski.inmontanis.info\/d\/248341-3\/DSC00993.jpg \/><\/a><br \/>\n^ Die geschlossene, linke Talabfahrt im unteren Bereich<\/p>\n<p><a href='http:\/\/ski.inmontanis.info\/d\/248346-2\/DSC00994.jpg'><img src=http:\/\/ski.inmontanis.info\/d\/248345-3\/DSC00994.jpg \/><\/a><br \/>\n^ Ex-SL Salei<\/p>\n<p><a href='http:\/\/ski.inmontanis.info\/d\/248350-2\/DSC00995.jpg'><img src=http:\/\/ski.inmontanis.info\/d\/248349-3\/DSC00995.jpg \/><\/a><br \/>\n^ Ex-SL Salei<\/p>\n<p><a href='http:\/\/ski.inmontanis.info\/d\/248354-2\/DSC00997.jpg'><img src=http:\/\/ski.inmontanis.info\/d\/248353-3\/DSC00997.jpg \/><\/a><br \/>\n^ Die geschlossene, linke Talabfahrt im unteren Bereich<\/p>\n<p><a href='http:\/\/ski.inmontanis.info\/d\/248358-2\/DSC00998.jpg'><img src=http:\/\/ski.inmontanis.info\/d\/248357-3\/DSC00998.jpg \/><\/a><br \/>\n^ Die geschlossene, linke Talabfahrt im unteren Bereich; ein paar wenige apere Stellen waren zu \u00fcbersteigen<\/p>\n<p><a href='http:\/\/ski.inmontanis.info\/d\/248362-2\/DSC01002.jpg'><img src=http:\/\/ski.inmontanis.info\/d\/248361-3\/DSC01002.jpg \/><\/a><br \/>\n^ Die geschlossene, linke Talabfahrt im unteren Bereich<\/p>\n<p><a href='http:\/\/ski.inmontanis.info\/d\/248366-2\/DSC01004.jpg'><img src=http:\/\/ski.inmontanis.info\/d\/248365-3\/DSC01004.jpg \/><\/a><br \/>\n^ Ende der geschlossenen, linke Talabfahrt<\/p>\n<p><a href='http:\/\/ski.inmontanis.info\/d\/248370-2\/DSC01009.jpg'><img src=http:\/\/ski.inmontanis.info\/d\/248369-3\/DSC01009.jpg \/><\/a><br \/>\n^ Nachmittags war es dann leer<\/p>\n<p><a href='http:\/\/ski.inmontanis.info\/d\/248374-2\/IMG_4649.jpg'><img src=http:\/\/ski.inmontanis.info\/d\/248373-3\/IMG_4649.jpg \/><\/a><br \/>\n^ Wie schon einmal bei einer Befahrung geschlosener Talabfahrten in Prali war auch heute wieder mein Skibelag mit einer Klebeschicht versehen, die m\u00fchsam abgekratzt werden musste, hier mit einer alten Keycard, am Auto dann mit dem Vignetten-Abzieher, ging leichter.<\/p>\n<p><a href='http:\/\/ski.inmontanis.info\/d\/248378-2\/DSC01015.jpg'><img src=http:\/\/ski.inmontanis.info\/d\/248377-3\/DSC01015.jpg \/><\/a><br \/>\n^ Die ge\u00f6ffnete, rechte Talabfahrt inmitten hellgr\u00fcner L\u00e4rchen,  sieht man auch nicht h\u00e4ufig.<\/p>\n<p><a href='http:\/\/ski.inmontanis.info\/d\/248382-2\/DSC01021.jpg'><img src=http:\/\/ski.inmontanis.info\/d\/248381-3\/DSC01021.jpg \/><\/a><br \/>\n^ Ex-SL Salei<\/p>\n<p><a href='http:\/\/ski.inmontanis.info\/d\/248386-2\/DSC01023.jpg'><img src=http:\/\/ski.inmontanis.info\/d\/248385-3\/DSC01023.jpg \/><\/a><br \/>\n^ Ex-SL Salei<\/p>\n<p>Nachmittags checkte ich nochmals die Wettervorhersagen f\u00fcr die in Frage kommenden Gebiete morgen. Tonale etc. wurde schlecht gemeldet; Cervinia von einigen schlecht, von einigen recht sonnig; in der Schweiz k\u00f6nnte am ehesten am Titlis das Wetter besser werden, allerdings zu einem wesentlich teureren Preis, der mir dann auch ein eventuell schlechteres Wetter in Cervinia vers\u00fc\u00dfen w\u00fcrde. Also entschied ich mich f\u00fcr Cervinia.<\/p>\n<p>Auf dem Weg dorthin wollte ich erst nochmals nach Usseglio fahren und die alte ESL-Talstation suchen, allerdings w\u00e4re das zeitlich doch ein zu langes Unterfangen gewesen. So entschied ich mich nur, das n\u00e4here Palit-Valchiusella anzufahren, an dessen Parkplatz ich \u00fcbernachten wollte. Im Sommer 2007 war ich schon mal hier, damals hie\u00df es, dass man plane, den Lift wieder in Betrieb nehmen zu wollen, zumindest die DSB f\u00fcr den Sommer, ob nun mit oder ohne Skibetrieb und dem SL oben. Vor ca. 2-3 Jahren hat man die Reparaturen tats\u00e4chlich durchgef\u00fchrt (geh\u00f6rt wohl, wie vermutlich h\u00e4ufig in Italien, der Gemeinde), allein man fand bis heute keinen P\u00e4chter, der den Betrieb der DSB \u00fcbernehmen w\u00fcrde! So hat man jetzt um teuer Geld die DSB wieder betriebsbereit gemacht und sie ist noch kein einziges Mal offiziell gefahren :-((<\/p>\n<p><a href='http:\/\/ski.inmontanis.info\/d\/248194-2\/DSC01027.jpg'><img src=http:\/\/ski.inmontanis.info\/d\/248193-3\/DSC01027.jpg \/><\/a><br \/>\n^ Zugegeben, die Anfahrt durchs Valchiusella ist, wie so h\u00e4ufg in Italien, lang und schmal, das Skigebiet abgelegen ganz hinten.<\/p>\n<p><a href='http:\/\/ski.inmontanis.info\/d\/248198-2\/DSC01035.jpg'><img src=http:\/\/ski.inmontanis.info\/d\/248197-3\/DSC01035.jpg \/><\/a><br \/>\n^ Ankunft an der Talstation der DSB, die seit meinem letzten Besuch tats\u00e4chlich repariert wurde<\/p>\n<p><a href='http:\/\/ski.inmontanis.info\/d\/248202-2\/DSC01038.jpg'><img src=http:\/\/ski.inmontanis.info\/d\/248201-3\/DSC01038.jpg \/><\/a><br \/>\n^ Auch ein neues Infrastrukturgeb\u00e4ude, wohl f\u00fcr Kasse und Bar, wurde gebaut<\/p>\n<p>Hier das Ristorante anno 2007:<\/p>\n<p><a href='http:\/\/ski.inmontanis.info\/d\/45262-3\/P1180477.JPG'><img src=http:\/\/ski.inmontanis.info\/d\/45261-4\/P1180477.JPG \/><\/a><\/p>\n<p><a href='http:\/\/ski.inmontanis.info\/d\/248206-2\/DSC01039.jpg'><img src=http:\/\/ski.inmontanis.info\/d\/248205-3\/DSC01039.jpg \/><\/a><br \/>\n^ Strecke der DSB, auf den Leitner-Sesseln kleben nun CCM-Aufkleber<\/p>\n<p><a href='http:\/\/ski.inmontanis.info\/d\/248210-2\/DSC01040.jpg'><img src=http:\/\/ski.inmontanis.info\/d\/248209-3\/DSC01040.jpg \/><\/a><br \/>\n^ Der Einstieg wurde repariert<\/p>\n<p><a href='http:\/\/ski.inmontanis.info\/d\/248214-2\/DSC01041.jpg'><img src=http:\/\/ski.inmontanis.info\/d\/248213-3\/DSC01041.jpg \/><\/a><br \/>\n^ Das Lifthaus wurde neu gebaut<\/p>\n<p><a href='http:\/\/ski.inmontanis.info\/d\/248218-2\/DSC01042.jpg'><img src=http:\/\/ski.inmontanis.info\/d\/248217-3\/DSC01042.jpg \/><\/a><br \/>\n^ Die Steuerung wurde vmtl. auch etwas modernisiert<\/p>\n<p>Vergleich anno 2007:<br \/>\n<a href='http:\/\/ski.inmontanis.info\/d\/45258-3\/P1180475.JPG'><img src=http:\/\/ski.inmontanis.info\/d\/45257-4\/P1180475.JPG \/><\/a><\/p>\n<p>(Fortsetzung folgt.)<\/p>\n","protected":false},"excerpt":{"rendered":"<p>Best of May &#8211; Tag 3, Sa, 12.5.2018: Prali &#038; Palit-Valchiusella<\/p>\n<p>Hauptgrund f\u00fcr das verl\u00e4ngerte Wochenende war nat\u00fcrlich Prali und \u00fcberraschenderweise war die Talabfahrt sogar noch offiziell ge\u00f6ffnet und pr\u00e4pariert, wodurch man 1000 hm befahren konnte (ca. 1480-2470m). Morgens war auch gut was los, zumindest an der oberen DSB trollten sich einige Renngruppen. Ich fuhr <a href=\"http:\/\/blog.inmontanis.info\/?p=5049\">[&#8230;]<\/a><\/p>\n","protected":false},"author":1,"featured_media":0,"comment_status":"closed","ping_status":"closed","sticky":false,"template":"","format":"standard","meta":{"footnotes":""},"categories":[170,15,226,28,27,550],"tags":[38,78,47],"class_list":["post-5049","post","type-post","status-publish","format-standard","hentry","category-2018-05-best-of-may","category-italienitaly","category-prali","category-skifahren-sommer","category-skifahren-winterskiing-winter","category-valchiusella","tag-dsb","tag-restschnee","tag-sl","odd"],"_links":{"self":[{"href":"http:\/\/blog.inmontanis.info\/index.php?rest_route=\/wp\/v2\/posts\/5049","targetHints":{"allow":["GET"]}}],"collection":[{"href":"http:\/\/blog.inmontanis.info\/index.php?rest_route=\/wp\/v2\/posts"}],"about":[{"href":"http:\/\/blog.inmontanis.info\/index.php?rest_route=\/wp\/v2\/types\/post"}],"author":[{"embeddable":true,"href":"http:\/\/blog.inmontanis.info\/index.php?rest_route=\/wp\/v2\/users\/1"}],"replies":[{"embeddable":true,"href":"http:\/\/blog.inmontanis.info\/index.php?rest_route=%2Fwp%2Fv2%2Fcomments&post=5049"}],"version-history":[{"count":3,"href":"http:\/\/blog.inmontanis.info\/index.php?rest_route=\/wp\/v2\/posts\/5049\/revisions"}],"predecessor-version":[{"id":5052,"href":"http:\/\/blog.inmontanis.info\/index.php?rest_route=\/wp\/v2\/posts\/5049\/revisions\/5052"}],"wp:attachment":[{"href":"http:\/\/blog.inmontanis.info\/index.php?rest_route=%2Fwp%2Fv2%2Fmedia&parent=5049"}],"wp:term":[{"taxonomy":"category","embeddable":true,"href":"http:\/\/blog.inmontanis.info\/index.php?rest_route=%2Fwp%2Fv2%2Fcategories&post=5049"},{"taxonomy":"post_tag","embeddable":true,"href":"http:\/\/blog.inmontanis.info\/index.php?rest_route=%2Fwp%2Fv2%2Ftags&post=5049"}],"curies":[{"name":"wp","href":"https:\/\/api.w.org\/{rel}","templated":true}]}}