{"id":5039,"date":"2018-05-27T18:04:15","date_gmt":"2018-05-27T16:04:15","guid":{"rendered":"http:\/\/blog.inmontanis.info\/?p=5039"},"modified":"2023-07-01T20:57:40","modified_gmt":"2023-07-01T18:57:40","slug":"hintertuxer-gletscher-26-27-5-2018","status":"publish","type":"post","link":"http:\/\/blog.inmontanis.info\/?p=5039","title":{"rendered":"Hintertuxer Gletscher, 26.+27.5.2018"},"content":{"rendered":"<p>Am Samstag fr\u00fch war&#8217;s recht sonnig, die Wolken hingen wieder tiefer, im S\u00fcden in den Dolomiten. Olperer war am Morgen genial zu fahren, bisschen weich, darunter kompakt, bin ich gleich mal ein paar Mal gefahren bevor es richtung Kaserer ging. Die eine Abfahrt an der 6KSB ging ebenfalls gut, war Sa+So eine der besten. Aber: Es war nur eine pr\u00e4pariert. Dass die schwarze die ganze Zeit nicht pr\u00e4pariert wird, ist ja noch verst\u00e4ndlich. Allerdings war auch die rote (diagonale) via Olperer nicht mehr pr\u00e4pariert.<\/p>\n<p>Noch schlimmer am rechten SL Kaserer: S\u00e4mtliche 3 (2,5) Abfahrten schienen hier zuletzt vor einer Woche pr\u00e4pariert worden zu sein! D.h. morgens sind die alten Spuren eklig hart gefroren (am Samtag sogar bis Mittag noch nicht richtig weich) und wenn es dann weich wird, dann gleich mal pappig oder eklig unschmierig und eher br\u00fcchig, wie auch immer man das jetzt bezeichnen k\u00f6nnte. Am Samstag gab&#8217;s immerhin auf einer der Abfahrten in der unteren H\u00e4lfte eine frische Pistenraupenspur &#8211; wenn man die anderen Abfahrten wenigstens auch 1-2 Spuren pr\u00e4pariert h\u00e4tte, aber so waren die 3 Abfahrten komplett Spa\u00df befreit. Entsprechend leer war&#8217;s dann auch am SL, nur selten hat sich mal einer verirrt, und wenn, ist der gleich wieder gefl\u00fcchtet. Wenn man schon keine Lust hat, die Abfahrten zu pr\u00e4parieren (nicht mal 1-2 Spuren), kann man bei derartig nervigen Pistenverh\u00e4ltnissen den SL auch gleich komplett zu lassen!<\/p>\n<p>Die Wettervorhersage h\u00e4tte f\u00fcr Sonntag ja noch einen halben Tag trockenes und aufgelockerteres Wetter versprochen, aber es war von der fr\u00fch weg bedeckt und regnete \/ schneeregnete \/ eisregnete, nur gegen Mittag sah man mal so einen wei\u00dfen Kreis durch die Wolkendecke schimmern und es blieb etwas trockner. Ohne eine klare Nacht war der Schnee schon morgens recht weich, was teilweise ganz nett zu fahren war, insb. die 6KSB-Abfahrt ging recht gut. Aber in Summe war der Samstag in jeder Hinsicht der bessere Tag.<\/p>\n<p><strong>26.5.2018<\/strong><\/p>\n<p><a href='http:\/\/ski.inmontanis.info\/d\/247954-3\/DSC01206_001.jpg'><img src=http:\/\/ski.inmontanis.info\/d\/247953-3\/DSC01206_001.jpg \/><\/a><br \/>\n^ Standard-Blick von der Sektion 1 zum Gletscher<\/p>\n<p><a href='http:\/\/ski.inmontanis.info\/d\/247958-3\/DSC01208_001.jpg'><img src=http:\/\/ski.inmontanis.info\/d\/247957-3\/DSC01208_001.jpg \/><\/a><br \/>\n^ Wer sich im Juli wundert, warum es auf der Zufahrt zum GB3 noch Schnee hat: Deshalb ;)<\/p>\n<p><a href='http:\/\/ski.inmontanis.info\/d\/247962-3\/DSC01211_001.jpg'><img src=http:\/\/ski.inmontanis.info\/d\/247961-3\/DSC01211_001.jpg \/><\/a><br \/>\n^ TFH-Hang von der 10EUB f\u00fcr sommerliche Vergleichsfotos<\/p>\n<p><a href='http:\/\/ski.inmontanis.info\/d\/247966-3\/DSC01216_001.jpg'><img src=http:\/\/ski.inmontanis.info\/d\/247965-3\/DSC01216_001.jpg \/><\/a><br \/>\n^ GW-SL<\/p>\n<p><a href='http:\/\/ski.inmontanis.info\/d\/247970-2\/DSC01224_001.jpg'><img src=http:\/\/ski.inmontanis.info\/d\/247969-3\/DSC01224_001.jpg \/><\/a><br \/>\n^ Vermattung unter der 6KSB. W\u00e4hrend man anderswo Depots macht und vermattet, vermattet man hier den ganzen Weg.<\/p>\n<p><a href='http:\/\/ski.inmontanis.info\/d\/247974-2\/DSC01232.jpg'><img src=http:\/\/ski.inmontanis.info\/d\/247973-3\/DSC01232.jpg \/><\/a><br \/>\n^ Wie in den letzten Jahren \u00fcblich, wird hier wieder ein Wasserabfluss-Kanal gebaggert<\/p>\n<p><a href='http:\/\/ski.inmontanis.info\/d\/247978-2\/DSC01234_001.jpg'><img src=http:\/\/ski.inmontanis.info\/d\/247977-3\/DSC01234_001.jpg \/><\/a><br \/>\n^ Die direkte rechte Abfahrt am rechten SL Kaserer ist im unteren Bereich nun geschlossen und vermattet. Alle 2,5 Abfahrten hier sind leider schon seit ca. letztem WE nicht mehr pr\u00e4pariert worden und schlecht zu fahren.<\/p>\n<p><a href='http:\/\/ski.inmontanis.info\/d\/247982-2\/DSC01239.jpg'><img src=http:\/\/ski.inmontanis.info\/d\/247981-3\/DSC01239.jpg \/><\/a><br \/>\n^ Depotarbeiten am TFH<\/p>\n<p><strong>27.5.2018<\/strong><\/p>\n<p><a href='http:\/\/ski.inmontanis.info\/d\/247986-2\/DSC01242.jpg'><img src=http:\/\/ski.inmontanis.info\/d\/247985-3\/DSC01242.jpg \/><\/a><br \/>\n^ TFH-Hang<\/p>\n<p><a href='http:\/\/ski.inmontanis.info\/d\/247990-2\/DSC01245_001.jpg'><img src=http:\/\/ski.inmontanis.info\/d\/247989-3\/DSC01245_001.jpg \/><\/a><br \/>\n^ Spaltenbergungstraining?<\/p>\n<p><a href='http:\/\/ski.inmontanis.info\/d\/247994-2\/DSC01246.jpg'><img src=http:\/\/ski.inmontanis.info\/d\/247993-3\/DSC01246.jpg \/><\/a><br \/>\n^ Leider ist auch am Hintertuxer sehr viel Sand aus der Sahara gelandet. Das bedeutet, dass insb. die Abfahrten am Olperer-SL den ganzen Sommer \u00fcber noch pappiger sein werden.<\/p>\n<p><a href='http:\/\/ski.inmontanis.info\/d\/247998-2\/DSC01249_001.jpg'><img src=http:\/\/ski.inmontanis.info\/d\/247997-3\/DSC01249_001.jpg \/><\/a><br \/>\n^ Hab vor ein paar Tagen bei meinen Spigolino die beige Kante (die mich schon immer etwas gest\u00f6rt hat) mit einem blauen Edding angemalt, schaut doch gleich viel besser aus ;)<\/p>\n","protected":false},"excerpt":{"rendered":"<p>Am Samstag fr\u00fch war&#8217;s recht sonnig, die Wolken hingen wieder tiefer, im S\u00fcden in den Dolomiten. Olperer war am Morgen genial zu fahren, bisschen weich, darunter kompakt, bin ich gleich mal ein paar Mal gefahren bevor es richtung Kaserer ging. Die eine Abfahrt an der 6KSB ging ebenfalls gut, war Sa+So eine der besten. Aber: <a href=\"http:\/\/blog.inmontanis.info\/?p=5039\">[&#8230;]<\/a><\/p>\n","protected":false},"author":1,"featured_media":0,"comment_status":"closed","ping_status":"closed","sticky":false,"template":"","format":"standard","meta":{"footnotes":""},"categories":[246,13,28],"tags":[56,47],"class_list":["post-5039","post","type-post","status-publish","format-standard","hentry","category-hintertux","category-austria","category-skifahren-sommer","tag-6sb","tag-sl","odd"],"_links":{"self":[{"href":"http:\/\/blog.inmontanis.info\/index.php?rest_route=\/wp\/v2\/posts\/5039","targetHints":{"allow":["GET"]}}],"collection":[{"href":"http:\/\/blog.inmontanis.info\/index.php?rest_route=\/wp\/v2\/posts"}],"about":[{"href":"http:\/\/blog.inmontanis.info\/index.php?rest_route=\/wp\/v2\/types\/post"}],"author":[{"embeddable":true,"href":"http:\/\/blog.inmontanis.info\/index.php?rest_route=\/wp\/v2\/users\/1"}],"replies":[{"embeddable":true,"href":"http:\/\/blog.inmontanis.info\/index.php?rest_route=%2Fwp%2Fv2%2Fcomments&post=5039"}],"version-history":[{"count":2,"href":"http:\/\/blog.inmontanis.info\/index.php?rest_route=\/wp\/v2\/posts\/5039\/revisions"}],"predecessor-version":[{"id":5041,"href":"http:\/\/blog.inmontanis.info\/index.php?rest_route=\/wp\/v2\/posts\/5039\/revisions\/5041"}],"wp:attachment":[{"href":"http:\/\/blog.inmontanis.info\/index.php?rest_route=%2Fwp%2Fv2%2Fmedia&parent=5039"}],"wp:term":[{"taxonomy":"category","embeddable":true,"href":"http:\/\/blog.inmontanis.info\/index.php?rest_route=%2Fwp%2Fv2%2Fcategories&post=5039"},{"taxonomy":"post_tag","embeddable":true,"href":"http:\/\/blog.inmontanis.info\/index.php?rest_route=%2Fwp%2Fv2%2Ftags&post=5039"}],"curies":[{"name":"wp","href":"https:\/\/api.w.org\/{rel}","templated":true}]}}