{"id":4984,"date":"2018-05-19T22:18:47","date_gmt":"2018-05-19T20:18:47","guid":{"rendered":"http:\/\/blog.inmontanis.info\/?p=4984"},"modified":"2023-07-01T20:57:38","modified_gmt":"2023-07-01T18:57:38","slug":"hintertuxer-gletscher-19-21-5-2018","status":"publish","type":"post","link":"http:\/\/blog.inmontanis.info\/?p=4984","title":{"rendered":"Hintertuxer Gletscher, 19.-21.5.2018"},"content":{"rendered":"<p>Am diesj\u00e4hrigen Pfingstwochenende startete meine Hintertuxer Sommersaison mit dem Kauf der kurzen Sommersaisonkarte, die bis 30.9. gelten wird, somit ich also bis auf wenige Ausnahmen jedes WE mind. 1x hier herkommen werde. Das Wetter war leider recht durchwachsen, aber immerhin zumeist trocken, am meisten Sonne gab&#8217;s am Montag. Aufgrund des Neuschnees war es aber auch oft recht pappig, sp\u00e4stens nachmittags. Da ich die Skier oben beim Service hatte, ging es am Montag bis ca. 13 Uhr sehr gut, danach war das Wachs wohl wieder ziemlich weg &#8211; und ggf. der Schnee auch selbst pappiger. So blieb ich an den 3 Tagen auch jeweils nur bis ca. 13 Uhr, was mich mit der Saisonkarte dann nat\u00fcrlich nicht wirklich st\u00f6rt. Au\u00dferdem wei\u00df ich ja, dass der Mai selten mein Lieblings-Gletschermonat ist und es im Juni+Juli normalerweise besser ist.<\/p>\n<p>Da der Kasererbereich ja f\u00fcr gew\u00f6hnlich nur bis Ende Mai \/ erstes Juni-WE offen haben wird, lag mein Fokus in den 3 Tagen eindeutig dort. Auch war das Wetter dort meistens besser. Schlegeis und Mittelstationsabfahrt waren leider schon zu. <\/p>\n<p><strong>19.5.2018<\/strong><\/p>\n<p><a href='http:\/\/extra.inmontanis.info\/d\/47085-2\/DSC01135.jpg'><img src=http:\/\/extra.inmontanis.info\/d\/47084-3\/DSC01135.jpg \/><\/a><br \/>\n^ Vor Finkenberg ist eine Baustelle mit Ampelregelung, anscheinend wird die Stra\u00dfe verbreitert.<\/p>\n<p><a href='http:\/\/ski.inmontanis.info\/d\/247814-2\/DSC01141.jpg'><img src=http:\/\/ski.inmontanis.info\/d\/247813-3\/DSC01141.jpg \/><\/a><br \/>\n^ F\u00fcr die Mittelstationsabfahrt hat&#8217;s wohl knapp nicht mehr zum offiziellen \u00d6ffnen gereicht. Einfach schade, dass die Gondelstationen nicht hier unten sind, k\u00f6nnte man wie am Stubaier noch einige Zeit runter fahren.<\/p>\n<p><a href='http:\/\/ski.inmontanis.info\/d\/247818-2\/DSC01143.jpg'><img src=http:\/\/ski.inmontanis.info\/d\/247817-3\/DSC01143.jpg \/><\/a><br \/>\n^ Die TFH-Abfahrt war im unteren Teil noch auf Links &#8211; kaum zu glauben, aber ab morgen war bereits nur noch die rechte Seite offen, wo gerade noch so viel Schnee hinverschoben wird.<\/p>\n<p><a href='http:\/\/ski.inmontanis.info\/d\/247822-2\/DSC01146.jpg'><img src=http:\/\/ski.inmontanis.info\/d\/247821-3\/DSC01146.jpg \/><\/a><br \/>\n^ Schneestatus an den Talstationen der 3. Sektion<\/p>\n<p><a href='http:\/\/ski.inmontanis.info\/d\/247826-2\/DSC01149.jpg'><img src=http:\/\/ski.inmontanis.info\/d\/247825-3\/DSC01149.jpg \/><\/a><br \/>\n^ Schneestatus Bergstation 10EUB\/DSB<\/p>\n<p><a href='http:\/\/ski.inmontanis.info\/d\/247830-2\/DSC01151.jpg'><img src=http:\/\/ski.inmontanis.info\/d\/247829-3\/DSC01151.jpg \/><\/a><br \/>\n^ Vermattungsarbeiten TFH-Abfahrt von der 10EUB kommend<\/p>\n<p><a href='http:\/\/ski.inmontanis.info\/d\/247834-2\/DSC01153.jpg'><img src=http:\/\/ski.inmontanis.info\/d\/247833-3\/DSC01153.jpg \/><\/a><br \/>\n^ 6KSB und Neutrassierung der TFH-Abfahrt ohne den Schlenker<\/p>\n<p><a href='http:\/\/ski.inmontanis.info\/d\/247838-2\/DSC01154.jpg'><img src=http:\/\/ski.inmontanis.info\/d\/247837-3\/DSC01154.jpg \/><\/a><br \/>\n^ Rechter SL Kaserer mit seinen noch 3 ge\u00f6ffneten Abfahrten<\/p>\n<p><a href='http:\/\/ski.inmontanis.info\/d\/247842-2\/DSC01155.jpg'><img src=http:\/\/ski.inmontanis.info\/d\/247841-3\/DSC01155.jpg \/><\/a><br \/>\n^ Linker SL Kaserer (schon im Sommerschlaf) + 6KSB<\/p>\n<p><a href='http:\/\/ski.inmontanis.info\/d\/247846-2\/DSC01156.jpg'><img src=http:\/\/ski.inmontanis.info\/d\/247845-3\/DSC01156.jpg \/><\/a><br \/>\n^ Rechter SL Kaserer vs. Tal<\/p>\n<p><a href='http:\/\/ski.inmontanis.info\/d\/247850-2\/DSC01158.jpg'><img src=http:\/\/ski.inmontanis.info\/d\/247849-3\/DSC01158.jpg \/><\/a><br \/>\n^ An der Bergstation rechter SL Kaserer<\/p>\n<p><a href='http:\/\/ski.inmontanis.info\/d\/247854-2\/DSC01160.jpg'><img src=http:\/\/ski.inmontanis.info\/d\/247853-3\/DSC01160.jpg \/><\/a><br \/>\n^ Die Wolken dr\u00fcckt&#8217;s von S\u00fcden r\u00fcber, daher GW+Olperer wesentlich weniger sonnig als im Kaserer-Bereich<\/p>\n<p><a href='http:\/\/ski.inmontanis.info\/d\/247858-2\/DSC01162.jpg'><img src=http:\/\/ski.inmontanis.info\/d\/247857-3\/DSC01162.jpg \/><\/a><br \/>\n^ Sonne und Wolken<\/p>\n<p><a href='http:\/\/ski.inmontanis.info\/d\/247862-2\/DSC01164.jpg'><img src=http:\/\/ski.inmontanis.info\/d\/247861-3\/DSC01164.jpg \/><\/a><br \/>\n^ Das, was da links vom SL Olperer vermattet wurde, war also kein Schneedepot, sondern wurde zur Halfpipe. Ein recht ungewohnter Anblick heutzutage, haben doch nur noch die wenigsten Funparks eine Halfpipe.<\/p>\n<p><a href='http:\/\/ski.inmontanis.info\/d\/247866-2\/DSC01165_001.jpg'><img src=http:\/\/ski.inmontanis.info\/d\/247865-3\/DSC01165_001.jpg \/><\/a><br \/>\n^ Der obere, flache Retourweg vom Kasererbereich wird derzeit mit Schnee bef\u00fcllt, bevor er wohl vermattet wird &#8211; somit ist der untere Weg, der bisher eher den Status der inoffiziellen Verbindung hatte, pr\u00e4pariert. Gef\u00e4llt mir eh besser.<\/p>\n<p><a href='http:\/\/ski.inmontanis.info\/d\/247870-2\/DSC01168.jpg'><img src=http:\/\/ski.inmontanis.info\/d\/247869-3\/DSC01168.jpg \/><\/a><br \/>\n^ Die Felsen auf der schwarzen Abfahrt vom Kasererbereich, die erst vor wenigen Jahren zum Ausapern angefangen haben, sind schon ganz sch\u00f6n hoch.<\/p>\n<p><a href='http:\/\/ski.inmontanis.info\/d\/247874-2\/DSC01170.jpg'><img src=http:\/\/ski.inmontanis.info\/d\/247873-3\/DSC01170.jpg \/><\/a><br \/>\n^ Die schwarze Abfahrt vom Kasererbereich war heute f\u00fcr viele zu schwer zu fahren ;) Mit meinen Spigolino ging&#8217;s ganz gut (nat\u00fcrlich anstrengend).<\/p>\n<p><a href='http:\/\/ski.inmontanis.info\/d\/247878-2\/DSC01171.jpg'><img src=http:\/\/ski.inmontanis.info\/d\/247877-3\/DSC01171.jpg \/><\/a><br \/>\n^ Vermattung .. in verschiedenen Graut\u00f6nen ;)<\/p>\n<p><a href='http:\/\/ski.inmontanis.info\/d\/247882-2\/DSC01176.jpg'><img src=http:\/\/ski.inmontanis.info\/d\/247881-3\/DSC01176.jpg \/><\/a><br \/>\n^ Schneestatus Ausstieg GB3<\/p>\n<p><strong>20.5.2018<\/strong><\/p>\n<p><a href='http:\/\/ski.inmontanis.info\/d\/247886-2\/DSC01180_001.jpg'><img src=http:\/\/ski.inmontanis.info\/d\/247885-3\/DSC01180_001.jpg \/><\/a><br \/>\n^ Da das Wetter im Kasererbereich wieder besser war, war es hier vormittags etwas voller<\/p>\n<p><strong>21.5.2018<\/strong><\/p>\n<p><a href='http:\/\/ski.inmontanis.info\/d\/247890-2\/DSC01181.jpg'><img src=http:\/\/ski.inmontanis.info\/d\/247889-3\/DSC01181.jpg \/><\/a><br \/>\n^ Standard-Blick von der 1. Sektion hinauf zum Gletscher<\/p>\n<p><a href='http:\/\/ski.inmontanis.info\/d\/247894-2\/DSC01183.jpg'><img src=http:\/\/ski.inmontanis.info\/d\/247893-3\/DSC01183.jpg \/><\/a><br \/>\n^ Die TFH-Variante unten links ist nun geschlossen ..<\/p>\n<p><a href='http:\/\/ski.inmontanis.info\/d\/247898-2\/DSC01185.jpg'><img src=http:\/\/ski.inmontanis.info\/d\/247897-3\/DSC01185.jpg \/><\/a><br \/>\n^ .. und der Schnee im unteren (gletscherfreien) Bereich wird wohl nach rechts auf den Gletscher geschoben. K\u00f6nnte man nicht einfach den kompletten Bereich links abdecken?<\/p>\n<p><a href='http:\/\/ski.inmontanis.info\/d\/247902-2\/DSC01186.jpg'><img src=http:\/\/ski.inmontanis.info\/d\/247901-3\/DSC01186.jpg \/><\/a><br \/>\n^ Noch eine Neutrassierung: Die rote diagonal-Abfahrt vom Olperer richtung Kaserer ist nun nach links gewandert. Weiter rechts sind da ja vor kurzem ein paar Felsen ausgeapert und wurden abgedeckt. Schade, dadurch wird der Hang nat\u00fcrlich k\u00fcrzer. Rechts die schwarze verlief fr\u00fcher ja auch anders.<\/p>\n<p><a href='http:\/\/ski.inmontanis.info\/d\/247906-2\/DSC01187_001.jpg'><img src=http:\/\/ski.inmontanis.info\/d\/247905-3\/DSC01187_001.jpg \/><\/a><br \/>\n^ Das Gletscherplateau, morgens waren die Wolken im S\u00fcden noch tief, zogen aber bald wieder hier her.<\/p>\n<p><a href='http:\/\/ski.inmontanis.info\/d\/247910-2\/DSC01188.jpg'><img src=http:\/\/ski.inmontanis.info\/d\/247909-3\/DSC01188.jpg \/><\/a><br \/>\n^ Mit frisch gewachsten Skiern musste ich hier nur wenig schieben. Vorgestern war das ziemlich m\u00fchselig.<\/p>\n<p><a href='http:\/\/ski.inmontanis.info\/d\/247914-2\/DSC01190.jpg'><img src=http:\/\/ski.inmontanis.info\/d\/247913-3\/DSC01190.jpg \/><\/a><br \/>\n^ 6KSB und Talblick<\/p>\n<p><a href='http:\/\/ski.inmontanis.info\/d\/247918-2\/DSC01191_001.jpg'><img src=http:\/\/ski.inmontanis.info\/d\/247917-3\/DSC01191_001.jpg \/><\/a><br \/>\n^ Die rechte Abfahrt am SL Olperer ist auch weiter links gesteckt als fr\u00fcher.<\/p>\n<p><a href='http:\/\/ski.inmontanis.info\/d\/247922-2\/DSC01192.jpg'><img src=http:\/\/ski.inmontanis.info\/d\/247921-3\/DSC01192.jpg \/><\/a><br \/>\n^ Sch\u00f6n, dass die Wolken noch so weit im S\u00fcden sind :)<\/p>\n<p><a href='http:\/\/ski.inmontanis.info\/d\/247926-2\/DSC01193.jpg'><img src=http:\/\/ski.inmontanis.info\/d\/247925-3\/DSC01193.jpg \/><\/a><br \/>\n^ Nicht-ganz-Standardfoto zur GW<\/p>\n<p><a href='http:\/\/ski.inmontanis.info\/d\/247930-2\/DSC01196.jpg'><img src=http:\/\/ski.inmontanis.info\/d\/247929-3\/DSC01196.jpg \/><\/a><br \/>\n^ Die Pistenpr\u00e4parierung an diesen 3 Tagen am Hintertuxer h\u00e4tten kaum schlimmer sein k\u00f6nnen, insb. die ganzen unteren Bereiche am Kaserer<\/p>\n<p><a href='http:\/\/ski.inmontanis.info\/d\/247934-2\/DSC01197_001.jpg'><img src=http:\/\/ski.inmontanis.info\/d\/247933-3\/DSC01197_001.jpg \/><\/a><br \/>\n^ Vermattung am langen Kaserer-SL<\/p>\n<p><a href='http:\/\/ski.inmontanis.info\/d\/247938-2\/DSC01198_001.jpg'><img src=http:\/\/ski.inmontanis.info\/d\/247937-3\/DSC01198_001.jpg \/><\/a><br \/>\n^ Standard-Blick zu den Olperer-SL<\/p>\n<p><a href='http:\/\/ski.inmontanis.info\/d\/247942-2\/DSC01201.jpg'><img src=http:\/\/ski.inmontanis.info\/d\/247941-3\/DSC01201.jpg \/><\/a><br \/>\n^ Irgendwelche Wartungsarbeiten unter der DSB<\/p>\n<p><a href='http:\/\/ski.inmontanis.info\/d\/247946-2\/DSC01202.jpg'><img src=http:\/\/ski.inmontanis.info\/d\/247945-3\/DSC01202.jpg \/><\/a><br \/>\n^ Schneestatus Ausstieg DSB Sektion IV<\/p>\n<p><a href='http:\/\/ski.inmontanis.info\/d\/247950-2\/DSC01205_001.jpg'><img src=http:\/\/ski.inmontanis.info\/d\/247949-3\/DSC01205_001.jpg \/><\/a><br \/>\n^ Mitten am Tag wurde die Abfahrt direkt rechts am Kaserer-SL halbseitig gesperrt, um dort mit der Vermattung zu beginnen. \u00dcbrigens wawr die ganz rechte Abfahrt an allen 3 Tagen die schlechteste im Kaserer-Bereich &#8211; voll, aufgefahren, unruhig .. Am besten und wenigsten befahren war genau die gleich rechts vom SL.<\/p>\n","protected":false},"excerpt":{"rendered":"<p>Am diesj\u00e4hrigen Pfingstwochenende startete meine Hintertuxer Sommersaison mit dem Kauf der kurzen Sommersaisonkarte, die bis 30.9. gelten wird, somit ich also bis auf wenige Ausnahmen jedes WE mind. 1x hier herkommen werde. Das Wetter war leider recht durchwachsen, aber immerhin zumeist trocken, am meisten Sonne gab&#8217;s am Montag. Aufgrund des Neuschnees war es aber auch <a href=\"http:\/\/blog.inmontanis.info\/?p=4984\">[&#8230;]<\/a><\/p>\n","protected":false},"author":1,"featured_media":0,"comment_status":"closed","ping_status":"closed","sticky":false,"template":"","format":"standard","meta":{"footnotes":""},"categories":[246,13,28],"tags":[72,56,38,47],"class_list":["post-4984","post","type-post","status-publish","format-standard","hentry","category-hintertux","category-austria","category-skifahren-sommer","tag-10eub","tag-6sb","tag-dsb","tag-sl","odd"],"_links":{"self":[{"href":"http:\/\/blog.inmontanis.info\/index.php?rest_route=\/wp\/v2\/posts\/4984","targetHints":{"allow":["GET"]}}],"collection":[{"href":"http:\/\/blog.inmontanis.info\/index.php?rest_route=\/wp\/v2\/posts"}],"about":[{"href":"http:\/\/blog.inmontanis.info\/index.php?rest_route=\/wp\/v2\/types\/post"}],"author":[{"embeddable":true,"href":"http:\/\/blog.inmontanis.info\/index.php?rest_route=\/wp\/v2\/users\/1"}],"replies":[{"embeddable":true,"href":"http:\/\/blog.inmontanis.info\/index.php?rest_route=%2Fwp%2Fv2%2Fcomments&post=4984"}],"version-history":[{"count":3,"href":"http:\/\/blog.inmontanis.info\/index.php?rest_route=\/wp\/v2\/posts\/4984\/revisions"}],"predecessor-version":[{"id":4988,"href":"http:\/\/blog.inmontanis.info\/index.php?rest_route=\/wp\/v2\/posts\/4984\/revisions\/4988"}],"wp:attachment":[{"href":"http:\/\/blog.inmontanis.info\/index.php?rest_route=%2Fwp%2Fv2%2Fmedia&parent=4984"}],"wp:term":[{"taxonomy":"category","embeddable":true,"href":"http:\/\/blog.inmontanis.info\/index.php?rest_route=%2Fwp%2Fv2%2Fcategories&post=4984"},{"taxonomy":"post_tag","embeddable":true,"href":"http:\/\/blog.inmontanis.info\/index.php?rest_route=%2Fwp%2Fv2%2Ftags&post=4984"}],"curies":[{"name":"wp","href":"https:\/\/api.w.org\/{rel}","templated":true}]}}