{"id":4981,"date":"2018-05-10T21:46:20","date_gmt":"2018-05-10T19:46:20","guid":{"rendered":"http:\/\/blog.inmontanis.info\/?p=4981"},"modified":"2023-08-06T20:58:37","modified_gmt":"2023-08-06T18:58:37","slug":"kaunertaler-gletscher-10-5-2018","status":"publish","type":"post","link":"http:\/\/blog.inmontanis.info\/?p=4981","title":{"rendered":"Kaunertaler Gletscher, 10.5.2018"},"content":{"rendered":"<p><strong>Best of May &#8211; Tag 1, Do, 10.5.2018: Kaunertaler Gletscher<\/strong><\/p>\n<p>Da ich ja auf Urlaub am 30.4. verzichtet hatte, wollte ich mir alternativ dieses verl\u00e4ngerte WE frei nehmen. F\u00fcr Sonntag schien zwar nirgends brauchbares Wetter gemeldet zu werden, aber immerhin k\u00f6nnte es am Samstag in Prali halbwegs brauchbar werden. Da Prali und Cervinia allerdings nur SA+SO offen haben, ist es egal, wie das Wetter dort heute+morgen (und: wohl besser als SO) ist. Tonale hat derzeit unter der Woche auch nur bis Mittags offen, ist also f\u00fcr DO+FR ebenfalls nicht so empfehlenswert. Zumal ich keine Webcam finden konnte, die ein aktuelles Bild vom Pass b\u00f6te, inwieweit die Talabfahrt noch inoffiziell m\u00f6glich w\u00e4re.<\/p>\n<p>Blieben in Tirol Stubaier und Kaunertaler, sowie in der Schweiz Titlis, Andermatt und Glacier 3000 f\u00fcr mich in der n\u00e4heren Auswahl. Kaunertal mag ich, ist recht g\u00fcnstig und mit Ausnahme der 1. 4KSB-Sektion alles offen, zudem sollte es am heutigen Donnerstag halbwegs sonnig werden. Zwischen Kaunertal am Donnerstag und Prali am Samstag l\u00e4ge die Schweiz, insb. Andermatt und Glacier 3000 l\u00e4gen durchaus brauchbar auf dem Weg, die Entscheidung wollte ich erst heute Abend gem\u00e4\u00df Wetter- und \u00d6ffnungsstatus treffen. Wobei ich im Laufe des Tages noch beim Glacier 3000 per EMail nachgefragt hatte, ob und was offen sein sollte, denn da war gestern und\/oder heute geschlossen &#8211; wg. Schlechtwetter, wie es sich herausstellte. Die EMail-Antwort kam recht schnell und war recht positiv: die 4KSB samt Abfahrt, die neue Abfahrt an der PB Sektion 2 und alle Gletscherlifte.<\/p>\n<p>Glacier 3000 h\u00e4tte weiters den Vorteil, dass ich \u00fcber Frankreich nach Prali fahren k\u00f6nnte. Kein Vorteil ohne Nachteil allerdings, denn ich wollte jetzt endlich wieder mit dem Qubo unterwegs sein und in meinem Auto-Bett schlafen. Und da die Schweizer Autobahnvignette auf dem Ignis klebt und ich mit dem Qubo heuer eher keinen zweiten Besuch in der Schweiz geplant h\u00e4tte, hie\u00df es, auf Autobahnen zu verzichten. Da ich das bei meinem Glacier 3000 &#8211; Besuch vor 2 Jahren aber auch schon mal so gemacht hatte und es mich nicht weiter gest\u00f6rt hatte (eher im Gegenteil), sprach das nicht wirklich dagegen. Die Zeit w\u00fcrde auch reichen. Im Falle eines Andermatt-Besuchs w\u00fcrde ich dann allerdings wieder \u00fcber Oberalp und Lukmanier fahren m\u00fcssen, da die anderen P\u00e4sse noch geschlossen sind. Retour am Sonntag aus Italien ist dagegen kein Problem, einfach \u00fcber Maloja\/St.Moritz, fertig.<\/p>\n<p>Am Kaunertaler heute hatte es mir wieder einmal recht gut gefallen, die Abfahrten waren meist sehr gut, insb. je weiter runter man kam, weiter oben war&#8217;s dann im Tagesverlauf aber pappiger, z.B. am N\u00f6rderjoch-SL, der mir zuvor wg. den Parkbenutzern zu voll war &#8211; und dann sp\u00e4ter am Nachmittag leider zu pappig. An der EUB waren auch ab und zu ein paar mehr Boarder unterwegs, an den Wei\u00dfseeferner-SL war es leerer. Das Wetter war vormittags auch sonniger als gemeldet, insofern war das heute das richtige Skigebiet. Und ich musste mal nicht so fr\u00fch losfahren ;)<\/p>\n<p>(Fotos anklicken zum Vergr\u00f6\u00dfern)<\/p>\n<p><a href='http:\/\/extra.inmontanis.info\/d\/47077-2\/ge20180510-13j.jpg'><img src=http:\/\/extra.inmontanis.info\/d\/47076-3\/ge20180510-13j.jpg \/><\/a><br \/>\n^ Strecke und POI 10.-13.5.2018<br \/>\nA) Kaunertaler Gletscher<br \/>\nT\u00fcrkis: Strecke 10.5.2018<\/p>\n<p><a href='http:\/\/ski.inmontanis.info\/d\/247714-2\/DSC00725.jpg'><img src=http:\/\/ski.inmontanis.info\/d\/247713-3\/DSC00725.jpg \/><\/a><br \/>\n^ Auffahrt auf den Gletscher und viel mehr Sonne als gemeldet<\/p>\n<p><a href='http:\/\/ski.inmontanis.info\/d\/247718-2\/DSC00728.jpg'><img src=http:\/\/ski.inmontanis.info\/d\/247717-3\/DSC00728.jpg \/><\/a><br \/>\n^ Abfahrt zur 4KSB Talstation w\u00fcrd schon noch gehen.<\/p>\n<p><a href='http:\/\/ski.inmontanis.info\/d\/247722-2\/DSC00733.jpg'><img src=http:\/\/ski.inmontanis.info\/d\/247721-3\/DSC00733.jpg \/><\/a><br \/>\n^ Parkpl\u00e4tze an der 4KSB Mittelstation, \u00fcber die Wiesejaggl-Abfahrt gut zu erreichen, warum also weiter hinauf fahren.<\/p>\n<p>Witziger Zufall: bei meinem vorherigen Skitag am Kaunertaler im Oktober ist einer meiner beiden modifizierten Skistecken abgebrochen &#8211; heute dann der zweite, gleich als ich vom Parkplatz zur Piste schieben wollte. Aber ich hatte noch einen weiteren Ersatzstecken dabei.<\/p>\n<p><a href='http:\/\/ski.inmontanis.info\/d\/247726-2\/DSC00736.jpg'><img src=http:\/\/ski.inmontanis.info\/d\/247725-3\/DSC00736.jpg \/><\/a><br \/>\n^ Mittelstation 4KSB<\/p>\n<p><a href='http:\/\/ski.inmontanis.info\/d\/247730-2\/DSC00738.jpg'><img src=http:\/\/ski.inmontanis.info\/d\/247729-3\/DSC00738.jpg \/><\/a><br \/>\n^ SL N\u00f6rderjoch 1<\/p>\n<p><a href='http:\/\/ski.inmontanis.info\/d\/247734-3\/DSC00739.jpg'><img src=http:\/\/ski.inmontanis.info\/d\/247733-3\/DSC00739.jpg \/><\/a><br \/>\n^ Parkplatz \/ SL Wei\u00dfseeferner, die heute \u00fcbrigens beide durchgehend bis rauf liefen (kein Zwangsausstieg links an der Mittelstation &#8211; daher war der rechte nachmittags zeitweise zu)<\/p>\n<p><a href='http:\/\/ski.inmontanis.info\/d\/247738-3\/DSC00744.jpg'><img src=http:\/\/ski.inmontanis.info\/d\/247737-3\/DSC00744.jpg \/><\/a><br \/>\n^ Abfahrten SL Wei\u00dfseeferner<\/p>\n<p><a href='http:\/\/ski.inmontanis.info\/d\/247742-3\/DSC00746.jpg'><img src=http:\/\/ski.inmontanis.info\/d\/247741-3\/DSC00746.jpg \/><\/a><br \/>\n^ Sogar der untere Abfahrtshang von der EUB ist noch offen<\/p>\n<p><a href='http:\/\/ski.inmontanis.info\/d\/247746-3\/DSC00747.jpg'><img src=http:\/\/ski.inmontanis.info\/d\/247745-3\/DSC00747.jpg \/><\/a><br \/>\n^ Blick von der EUB zu den SL und Funpark<\/p>\n<p><a href='http:\/\/ski.inmontanis.info\/d\/247750-3\/DSC00750.jpg'><img src=http:\/\/ski.inmontanis.info\/d\/247749-3\/DSC00750.jpg \/><\/a><br \/>\n^ Blick von der EUB zu den Wei\u00dfseeferner-SL und Wei\u00dfseespitze<\/p>\n<p><a href='http:\/\/ski.inmontanis.info\/d\/247754-2\/DSC00751.jpg'><img src=http:\/\/ski.inmontanis.info\/d\/247753-3\/DSC00751.jpg \/><\/a><br \/>\n^ An der EUB war bis auf eine (die sch\u00f6nste) Abfahrtsvariante alle Abfahrten offen.<\/p>\n<p><a href='http:\/\/ski.inmontanis.info\/d\/247758-2\/DSC00754.jpg'><img src=http:\/\/ski.inmontanis.info\/d\/247757-3\/DSC00754.jpg \/><\/a><br \/>\n^ EUB-Pano<\/p>\n<p><a href='http:\/\/ski.inmontanis.info\/d\/247762-2\/DSC00758.jpg'><img src=http:\/\/ski.inmontanis.info\/d\/247761-3\/DSC00758.jpg \/><\/a><br \/>\n^ Auch die Wiesejaggl-Abfahrt zur KSB-Mittelstation durch den Tunnel war offen<\/p>\n<p><a href='http:\/\/ski.inmontanis.info\/d\/247766-2\/DSC00759.jpg'><img src=http:\/\/ski.inmontanis.info\/d\/247765-3\/DSC00759.jpg \/><\/a><br \/>\n^ Wiesejaggl-Abfahrt<\/p>\n<p><a href='http:\/\/ski.inmontanis.info\/d\/247770-2\/DSC00760.jpg'><img src=http:\/\/ski.inmontanis.info\/d\/247769-3\/DSC00760.jpg \/><\/a><br \/>\n^ Wiesejaggl-Abfahrt, ging so gut, dass ich sie gleich nochmal fahren wollte -> 4KSB -> SL -> 8EUB. Aber kaum bin ich an der 8EUB, muss ich auch da erst mal noch die eine oder andere Abfahrt mitnehmen ;)<\/p>\n<p><a href='http:\/\/ski.inmontanis.info\/d\/247774-2\/DSC00763.jpg'><img src=http:\/\/ski.inmontanis.info\/d\/247773-3\/DSC00763.jpg \/><\/a><br \/>\n^ Am SL N\u00f6rderjoch 1 hatte es wg. des Funparks laufend Wartezeiten, erst am sp\u00e4ten Nachmittag wurde es hier mal leerer, daher nur sehr sp\u00e4t 2-3x gefahren.<\/p>\n<p><a href='http:\/\/ski.inmontanis.info\/d\/247778-2\/DSC00764.jpg'><img src=http:\/\/ski.inmontanis.info\/d\/247777-3\/DSC00764.jpg \/><\/a><br \/>\n^ Wiesejaggl-Abfahrt, neben der Stra\u00dfe mit einer Spur von den Parkpl\u00e4tzen oben &#8211; bin ich aber nicht rum gefahren, w\u00e4re ich nur, wenn Tunnel\/Steilhang gesperrt worden w\u00e4re, weil ich ja nachmittags zum Auto an der Mittelstation zur\u00fcck musste &#8211; und das von den direkten 4KSB-Abfahrten nicht gut gegangen w\u00e4re.<\/p>\n<p><a href='http:\/\/ski.inmontanis.info\/d\/247782-2\/DSC00767.jpg'><img src=http:\/\/ski.inmontanis.info\/d\/247781-3\/DSC00767.jpg \/><\/a><br \/>\n^ Depotarbeiten an der EUB, ob der Schnee rechts wohl bleiben soll, um die Abfahrt mal wieder zu verbreitern?<\/p>\n<p><a href='http:\/\/ski.inmontanis.info\/d\/247786-2\/DSC00770.jpg'><img src=http:\/\/ski.inmontanis.info\/d\/247785-3\/DSC00770.jpg \/><\/a><br \/>\n^ Mittelstationsabfahrten<\/p>\n<p><a href='http:\/\/ski.inmontanis.info\/d\/247790-2\/DSC00771.jpg'><img src=http:\/\/ski.inmontanis.info\/d\/247789-3\/DSC00771.jpg \/><\/a><br \/>\n^ 4KSB<\/p>\n<p><a href='http:\/\/ski.inmontanis.info\/d\/247794-2\/DSC00772.jpg'><img src=http:\/\/ski.inmontanis.info\/d\/247793-3\/DSC00772.jpg \/><\/a><br \/>\n^ 4KSB \/ Mittelstationsabfahrten und Depots<\/p>\n<p><a href='http:\/\/ski.inmontanis.info\/d\/247798-2\/DSC00776.jpg'><img src=http:\/\/ski.inmontanis.info\/d\/247797-3\/DSC00776.jpg \/><\/a><br \/>\n^ Depot am SL Wei\u00dfseeferner bzw. EUB<\/p>\n<p><a href='http:\/\/ski.inmontanis.info\/d\/247802-2\/DSC00777.jpg'><img src=http:\/\/ski.inmontanis.info\/d\/247801-3\/DSC00777.jpg \/><\/a><br \/>\n^ Depot am SL Wei\u00dfseeferner<\/p>\n<p><a href='http:\/\/ski.inmontanis.info\/d\/247806-2\/DSC00778.jpg'><img src=http:\/\/ski.inmontanis.info\/d\/247805-3\/DSC00778.jpg \/><\/a><br \/>\n^ Ex-SL N\u00f6rderjoch II war auch pr\u00e4pariert.<\/p>\n<p><a href='http:\/\/ski.inmontanis.info\/d\/247810-2\/DSC00780.jpg'><img src=http:\/\/ski.inmontanis.info\/d\/247809-3\/DSC00780.jpg \/><\/a><br \/>\n^ Die vermatteten \u00dcberreste der Sommerattraktion &#8220;begehbare Gletscherspalte&#8221;<\/p>\n<p>Die Wettervorhersagen am Nachmittag f\u00fcr morgen schienen sich zwischen den 3 m\u00f6glichen schweizer Zielen nicht sonderlich zu unterscheiden, mal l\u00e4ge das eine vorne, mal das andere, schlussendlich gewann Glacier 3000, weil ich die eine neue Abfahrt gerne fahren m\u00f6chte und aufgrund der Option, nachmittags \u00fcber Frankreich fahren und dort einkaufen und essen zu k\u00f6nnen. Die Fahrt ging \u00fcber&#8217;n Arlberg, Toggenburg und Luzern, wobei die Fahrt durch Luzern navibedingt etwas verbesserungsf\u00e4hig gewesen w\u00e4re, weil sich meine beiden Navis (und somit auch ich mich) nicht entscheiden konnten, ob man bei der Vermeidung aller Mautstra\u00dfen nun \u00fcber den Br\u00fcningpass k\u00e4me oder nicht bzw. welche Variante nun die schnellere sei. Zwischen Luzern und Thun nahm ich dann schlie\u00dflich einen ungeteerten Platz neben der Stra\u00dfe f\u00fcr die Nacht, nat\u00fcrlich nicht ohne am n\u00e4chsten Morgen festzustellen, dass ein paar vielleicht nettere Parkpl\u00e4tze noch gekommen w\u00e4ren :) Aber egal, jedenfalls relativ ruhig gewesen.<\/p>\n<p><a href='http:\/\/extra.inmontanis.info\/d\/47081-2\/DSC00785.jpg'><img src=http:\/\/extra.inmontanis.info\/d\/47080-3\/DSC00785.jpg \/><\/a><br \/>\n^ .. in der schweiz ist also dieses weltber\u00fchmte root, die wurzel aller dinge..<br \/>\n.. root@root hat schon was ;-)<\/p>\n<p>(Fortsetzung folgt.)<\/p>\n","protected":false},"excerpt":{"rendered":"<p>Best of May &#8211; Tag 1, Do, 10.5.2018: Kaunertaler Gletscher<\/p>\n<p>Da ich ja auf Urlaub am 30.4. verzichtet hatte, wollte ich mir alternativ dieses verl\u00e4ngerte WE frei nehmen. F\u00fcr Sonntag schien zwar nirgends brauchbares Wetter gemeldet zu werden, aber immerhin k\u00f6nnte es am Samstag in Prali halbwegs brauchbar werden. Da Prali und Cervinia allerdings nur <a href=\"http:\/\/blog.inmontanis.info\/?p=4981\">[&#8230;]<\/a><\/p>\n","protected":false},"author":1,"featured_media":0,"comment_status":"closed","ping_status":"closed","sticky":false,"template":"","format":"standard","meta":{"footnotes":""},"categories":[170,905,13,14,27],"tags":[49,53,45,47],"class_list":["post-4981","post","type-post","status-publish","format-standard","hentry","category-2018-05-best-of-may","category-kaunertaler-gletscher","category-austria","category-swiss","category-skifahren-winterskiing-winter","tag-4sb","tag-8eub","tag-see","tag-sl","odd"],"_links":{"self":[{"href":"http:\/\/blog.inmontanis.info\/index.php?rest_route=\/wp\/v2\/posts\/4981","targetHints":{"allow":["GET"]}}],"collection":[{"href":"http:\/\/blog.inmontanis.info\/index.php?rest_route=\/wp\/v2\/posts"}],"about":[{"href":"http:\/\/blog.inmontanis.info\/index.php?rest_route=\/wp\/v2\/types\/post"}],"author":[{"embeddable":true,"href":"http:\/\/blog.inmontanis.info\/index.php?rest_route=\/wp\/v2\/users\/1"}],"replies":[{"embeddable":true,"href":"http:\/\/blog.inmontanis.info\/index.php?rest_route=%2Fwp%2Fv2%2Fcomments&post=4981"}],"version-history":[{"count":2,"href":"http:\/\/blog.inmontanis.info\/index.php?rest_route=\/wp\/v2\/posts\/4981\/revisions"}],"predecessor-version":[{"id":4983,"href":"http:\/\/blog.inmontanis.info\/index.php?rest_route=\/wp\/v2\/posts\/4981\/revisions\/4983"}],"wp:attachment":[{"href":"http:\/\/blog.inmontanis.info\/index.php?rest_route=%2Fwp%2Fv2%2Fmedia&parent=4981"}],"wp:term":[{"taxonomy":"category","embeddable":true,"href":"http:\/\/blog.inmontanis.info\/index.php?rest_route=%2Fwp%2Fv2%2Fcategories&post=4981"},{"taxonomy":"post_tag","embeddable":true,"href":"http:\/\/blog.inmontanis.info\/index.php?rest_route=%2Fwp%2Fv2%2Ftags&post=4981"}],"curies":[{"name":"wp","href":"https:\/\/api.w.org\/{rel}","templated":true}]}}