{"id":4977,"date":"2018-05-06T18:02:11","date_gmt":"2018-05-06T16:02:11","guid":{"rendered":"http:\/\/blog.inmontanis.info\/?p=4977"},"modified":"2023-08-03T22:01:55","modified_gmt":"2023-08-03T20:01:55","slug":"fedaia-marmolada-6-5-2018-sandig","status":"publish","type":"post","link":"http:\/\/blog.inmontanis.info\/?p=4977","title":{"rendered":"Fedaia \/ Marmolada, 6.5.2018 &#8211; Sandig"},"content":{"rendered":"<p><strong>So, 6.5.2018 &#8211; Fedaia \/ Marmolada<\/strong><\/p>\n<p>Letztes Jahr war ich ja nicht am Fedaia-Korblift, war ja auch kein schneereicher Winter in den Dolomiten. Mein letzter Skitag war hier am 28.5.2016. Heuer hat es wieder viel Schnee, aber leider ist der Korblift vom 7.5. bis 2.6. geschlossen. Dazu k\u00f6nnte noch sein, dass der Lift Ende des Sommers still gelegt werden muss. Also musste ich heute nochmal her. Kaliningrad h\u00e4tte auch mit dabei sein wollen, ihm waren die Wettervorhersagen f\u00fcr dieses WE aber wohl zu unsicher. Da ich ja mit dem Allrad-Ignis unterwegs war, hatte ich es erst mal auf dem obersten Parkplatz probieren wollen &#8211; die Stra\u00dfe war aber tats\u00e4chlich noch nicht ganz frei ger\u00e4umt &#8211; und somit noch unbenutzbar. Zuf\u00e4llig fuhr aber jemand fast direkt vor der Talstation weg und ich konnte mich da hinstellen :-)  <\/p>\n<p>Der Korblift hat ja mittlerweile einen neuen Betreiber &#8211; und zwar aus dem Gr\u00f6dner Tal. In Folge sprechen die Liftbediensteten Deutsch und zumindest der eine war recht begeistert von meinem Spigolino mit den vielen alten Bildern. Soweit ich das verstanden hab, hat er ein Modell vom Korblift (glaub von jemand gekauft oder die K\u00f6rbe von jemand gekauft). Und er erz\u00e4hlte mir, dass der Grund f\u00fcr den Boom der Korblifte in Italien die maximale \u00dcberfahrtsh\u00f6he war &#8211; bei Korbliften meinte er, w\u00e4ren 60m erlaubt gewesen (kommt mir ja extrem viel vor), bei Sesselliften dagegen nur 6m oder so.<\/p>\n<p>Die Tageskarte kostete 20,- statt 23,- (Einmal-Keycard), weil die Piste nicht mehr so gut sei, wurde wohl auch nicht komplett pr\u00e4pariert. Aber es war eh so warm, dass man fast von der fr\u00fch weg offpiste weiche Schneeverh\u00e4ltnisse hatte, allerdings zumeist recht pappig-bremsig. Schnee lag f\u00fcr Anfang Mai jedenfalls noch recht viel, so dass man damit spekulieren kann, Anfang Juni noch die eine oder andere Variante fahren zu k\u00f6nnen. Die heutigen Wettervorhersagen meldeten ab Mittag schlechter, aber die kleine Schlechtwetterfront blieb weiter \u00f6stlich und so blieb es &#8211; nach ein paar mehr Wolken um die Mittagszeit &#8211; bis kurz vor Betriebsschluss sehr sonnig.<\/p>\n<p>Nachmittags probierte ich noch die 2 anderen Ski, die ich dabei hatte (die FR2 und die Racetiger), auf dem mittlerweile noch pappigeren Schnee onpiste war der Unterschied aber tats\u00e4chlich geringer als erwartet, offpiste dagegen waren die Spigolino sp\u00fcrbar angenehmer zu fahren &#8211; was aber nicht am Papp lag, sondern an der geringeren Bissigkeit und besseren Offpistetauglichkeit. Vielleicht w\u00e4re ein kleiner Regenschauer nachmittags doch nicht so schlecht gewesen um den Schnee wieder schneller zu machen ;-)<\/p>\n<p>(Fotos anklicken zum Vergr\u00f6\u00dfern)<\/p>\n<p><a href='http:\/\/extra.inmontanis.info\/d\/47073-2\/DSC00560.jpg'><img src=http:\/\/extra.inmontanis.info\/d\/47072-3\/DSC00560.jpg \/><\/a><br \/>\n^ Fassatal; eigenartige &#8220;Wolken&#8221;<\/p>\n<p><a href='http:\/\/ski.inmontanis.info\/d\/247510-2\/DSC00564.jpg'><img src=http:\/\/ski.inmontanis.info\/d\/247509-3\/DSC00564.jpg \/><\/a><br \/>\n^ Standard-Blick von der Staumauer\u00fcberfahrt ins Skigebiet, noch viel Schnee.<\/p>\n<p><a href='http:\/\/ski.inmontanis.info\/d\/247514-2\/ge20180506a.jpg'><img src=http:\/\/ski.inmontanis.info\/d\/247513-3\/ge20180506a.jpg \/><\/a><br \/>\n^ GPS-Track 6.5.2018 in Gelb und vorherige Besuche in Blau<\/p>\n<p><a href='http:\/\/ski.inmontanis.info\/d\/247518-2\/DSC00566.jpg'><img src=http:\/\/ski.inmontanis.info\/d\/247517-3\/DSC00566.jpg \/><\/a><br \/>\n^ Die Talstation wurde etwas ver\u00e4ndert<\/p>\n<p><a href='http:\/\/ski.inmontanis.info\/d\/247522-2\/DSC00568.jpg'><img src=http:\/\/ski.inmontanis.info\/d\/247521-3\/DSC00568.jpg \/><\/a><br \/>\n^ Hielt nachmittag nicht mehr so ganz durch, das St\u00fcck. Man h\u00e4tte aber ja genug Schnee gehabt, um hier etwas hin zu schieben f\u00fcr den letzten Betriebstag &#8230;<\/p>\n<p><a href='http:\/\/ski.inmontanis.info\/d\/247526-2\/DSC00570.jpg'><img src=http:\/\/ski.inmontanis.info\/d\/247525-3\/DSC00570.jpg \/><\/a><br \/>\n^ Talstation und Parkpl\u00e4tze, ich hatte Gl\u00fcck, dass hier oben gerade einer raus gefahren ist, als ich kam<\/p>\n<p><a href='http:\/\/ski.inmontanis.info\/d\/247530-2\/DSC00575.jpg'><img src=http:\/\/ski.inmontanis.info\/d\/247529-3\/DSC00575.jpg \/><\/a><br \/>\n^ Offpiste-Areal am Korblift<\/p>\n<p><a href='http:\/\/ski.inmontanis.info\/d\/247534-2\/DSC00576.jpg'><img src=http:\/\/ski.inmontanis.info\/d\/247533-3\/DSC00576.jpg \/><\/a><br \/>\n^ Die Stra\u00dfe zu den oberen Parkpl\u00e4tzen konnte noch nicht ger\u00e4umt werden &#8211; also, da h\u00e4tte man auf die fast-apere Stelle der Abfahrt schon etwas Schnee runterschieben k\u00f6nnen.<\/p>\n<p><a href='http:\/\/ski.inmontanis.info\/d\/247538-2\/DSC00583.jpg'><img src=http:\/\/ski.inmontanis.info\/d\/247537-3\/DSC00583.jpg \/><\/a><br \/>\n^ Korblift, Abfahrt und Offpisteareal<\/p>\n<p><a href='http:\/\/ski.inmontanis.info\/d\/247542-2\/DSC00585.jpg'><img src=http:\/\/ski.inmontanis.info\/d\/247541-3\/DSC00585.jpg \/><\/a><br \/>\n^ Korblift und Offpisteareal<\/p>\n<p><a href='http:\/\/ski.inmontanis.info\/d\/247546-2\/DSC00592.jpg'><img src=http:\/\/ski.inmontanis.info\/d\/247545-3\/DSC00592.jpg \/><\/a><br \/>\n^ Abfahrt und Stausee<\/p>\n<p><a href='http:\/\/ski.inmontanis.info\/d\/247550-2\/DSC00596.jpg'><img src=http:\/\/ski.inmontanis.info\/d\/247549-3\/DSC00596.jpg \/><\/a><br \/>\n^ Leider war die Abfahrt hier oben nicht frisch pr\u00e4pariert. Das bedeutet bei solchen warmen Tagen und Schneeverh\u00e4ltnissen leider pappigere Verh\u00e4ltnisse.<\/p>\n<p><a href='http:\/\/ski.inmontanis.info\/d\/247554-2\/DSC00600.jpg'><img src=http:\/\/ski.inmontanis.info\/d\/247553-3\/DSC00600.jpg \/><\/a><br \/>\n^ Jawollo, nieder mit den Z\u00e4unen. Schon kann man die Offpiste-Steilh\u00e4nge leichter erreichen ;)<\/p>\n<p><a href='http:\/\/ski.inmontanis.info\/d\/247558-2\/DSC00602.jpg'><img src=http:\/\/ski.inmontanis.info\/d\/247557-3\/DSC00602.jpg \/><\/a><br \/>\n^ Diese Gruppe ist schon offpiste unterwegs<\/p>\n<p><a href='http:\/\/ski.inmontanis.info\/d\/247562-2\/DSC00605.jpg'><img src=http:\/\/ski.inmontanis.info\/d\/247561-3\/DSC00605.jpg \/><\/a><br \/>\n^ Viele Tourengeher gingen weiter hinauf<\/p>\n<p><a href='http:\/\/ski.inmontanis.info\/d\/247566-2\/DSC00608.jpg'><img src=http:\/\/ski.inmontanis.info\/d\/247565-3\/DSC00608.jpg \/><\/a><br \/>\n^ Bergstation<\/p>\n<p><a href='http:\/\/ski.inmontanis.info\/d\/247570-2\/DSC00610.jpg'><img src=http:\/\/ski.inmontanis.info\/d\/247569-3\/DSC00610.jpg \/><\/a><br \/>\n^ Na, lieber etwas weiter unten queren .. ;)<\/p>\n<p><a href='http:\/\/ski.inmontanis.info\/d\/247574-2\/DSC00611.jpg'><img src=http:\/\/ski.inmontanis.info\/d\/247573-3\/DSC00611.jpg \/><\/a><br \/>\n^ Offpiste und Abfahrt<\/p>\n<p><a href='http:\/\/ski.inmontanis.info\/d\/247578-2\/DSC00613.jpg'><img src=http:\/\/ski.inmontanis.info\/d\/247577-3\/DSC00613.jpg \/><\/a><br \/>\n^ Das wie \u00fcblich schnee\u00e4rmste und steinigste St\u00fcck der Abfahrt<\/p>\n<p><a href='http:\/\/ski.inmontanis.info\/d\/247582-2\/DSC00616.jpg'><img src=http:\/\/ski.inmontanis.info\/d\/247581-3\/DSC00616.jpg \/><\/a><br \/>\n^ Bergstation<\/p>\n<p><a href='http:\/\/ski.inmontanis.info\/d\/247586-2\/DSC00619.jpg'><img src=http:\/\/ski.inmontanis.info\/d\/247585-3\/DSC00619.jpg \/><\/a><br \/>\n^ Offpiste rechts vom Korblift<\/p>\n<p><a href='http:\/\/ski.inmontanis.info\/d\/247590-2\/DSC00620.jpg'><img src=http:\/\/ski.inmontanis.info\/d\/247589-3\/DSC00620.jpg \/><\/a><br \/>\n^ Offpiste rechts vom Korblift, sandig und weich<\/p>\n<p><a href='http:\/\/ski.inmontanis.info\/d\/247594-2\/DSC00621.jpg'><img src=http:\/\/ski.inmontanis.info\/d\/247593-3\/DSC00621.jpg \/><\/a><br \/>\n^ Offpiste rechts vom Korblift<\/p>\n<p><a href='http:\/\/ski.inmontanis.info\/d\/247598-2\/DSC00623.jpg'><img src=http:\/\/ski.inmontanis.info\/d\/247597-3\/DSC00623.jpg \/><\/a><br \/>\n^ Piz Boe (Sella)<\/p>\n<p><a href='http:\/\/ski.inmontanis.info\/d\/247602-2\/DSC00624.jpg'><img src=http:\/\/ski.inmontanis.info\/d\/247601-3\/DSC00624.jpg \/><\/a><br \/>\n^ Offpiste rechts vom Korblift, sandig und weich, aber nicht zu tief. Aber lieber weicher als zu hart.<\/p>\n<p><a href='http:\/\/ski.inmontanis.info\/d\/247606-2\/DSC00628.jpg'><img src=http:\/\/ski.inmontanis.info\/d\/247605-3\/DSC00628.jpg \/><\/a><br \/>\n^ Offpiste<\/p>\n<p><a href='http:\/\/ski.inmontanis.info\/d\/247610-2\/DSC00630.jpg'><img src=http:\/\/ski.inmontanis.info\/d\/247609-3\/DSC00630.jpg \/><\/a><br \/>\n^ Alte Fundamente hat&#8217;s hier ja genug ,-)<\/p>\n<p><a href='http:\/\/ski.inmontanis.info\/d\/247614-2\/DSC00631.jpg'><img src=http:\/\/ski.inmontanis.info\/d\/247613-3\/DSC00631.jpg \/><\/a><br \/>\n^ Offpiste im unteren Teil<\/p>\n<p><a href='http:\/\/ski.inmontanis.info\/d\/247618-2\/DSC00635.jpg'><img src=http:\/\/ski.inmontanis.info\/d\/247617-3\/DSC00635.jpg \/><\/a><br \/>\n^ Graffer-Niederhalter<\/p>\n<p><a href='http:\/\/ski.inmontanis.info\/d\/247622-2\/DSC00637.jpg'><img src=http:\/\/ski.inmontanis.info\/d\/247621-3\/DSC00637.jpg \/><\/a><br \/>\n^ Offpiste<\/p>\n<p><a href='http:\/\/ski.inmontanis.info\/d\/247626-2\/DSC00638.jpg'><img src=http:\/\/ski.inmontanis.info\/d\/247625-3\/DSC00638.jpg \/><\/a><br \/>\n^ Offpiste, der &#8220;Eierkarton&#8221;-Schnee war wenigstens schon fr\u00fch weich genug.<\/p>\n<p><a href='http:\/\/ski.inmontanis.info\/d\/247630-2\/DSC00641.jpg'><img src=http:\/\/ski.inmontanis.info\/d\/247629-3\/DSC00641.jpg \/><\/a><br \/>\n^ St\u00fctze 13-14<\/p>\n<p><a href='http:\/\/ski.inmontanis.info\/d\/247634-2\/DSC00645.jpg'><img src=http:\/\/ski.inmontanis.info\/d\/247633-3\/DSC00645.jpg \/><\/a><br \/>\n^ St\u00fctze 15-16-17<\/p>\n<p><a href='http:\/\/ski.inmontanis.info\/d\/247638-2\/DSC00647.jpg'><img src=http:\/\/ski.inmontanis.info\/d\/247637-3\/DSC00647.jpg \/><\/a><br \/>\n^ St\u00fctze 15-16-17<\/p>\n<p><a href='http:\/\/ski.inmontanis.info\/d\/247642-2\/DSC00649.jpg'><img src=http:\/\/ski.inmontanis.info\/d\/247641-3\/DSC00649.jpg \/><\/a><br \/>\n^ St\u00fctze 21<\/p>\n<p><a href='http:\/\/ski.inmontanis.info\/d\/247646-2\/DSC00652.jpg'><img src=http:\/\/ski.inmontanis.info\/d\/247645-3\/DSC00652.jpg \/><\/a><br \/>\n^ St\u00fctze 22<\/p>\n<p><a href='http:\/\/ski.inmontanis.info\/d\/247650-2\/DSC00656.jpg'><img src=http:\/\/ski.inmontanis.info\/d\/247649-3\/DSC00656.jpg \/><\/a><br \/>\n^ St\u00fctze 23-24<\/p>\n<p><a href='http:\/\/ski.inmontanis.info\/d\/247654-2\/DSC00660.jpg'><img src=http:\/\/ski.inmontanis.info\/d\/247653-3\/DSC00660.jpg \/><\/a><br \/>\n^ St\u00fctze 23 bis Bergstation<\/p>\n<p><a href='http:\/\/ski.inmontanis.info\/d\/247658-2\/DSC00662.jpg'><img src=http:\/\/ski.inmontanis.info\/d\/247657-3\/DSC00662.jpg \/><\/a><br \/>\n^ Nein, nicht meine Spur.<\/p>\n<p><a href='http:\/\/ski.inmontanis.info\/d\/247662-2\/DSC00664.jpg'><img src=http:\/\/ski.inmontanis.info\/d\/247661-3\/DSC00664.jpg \/><\/a><br \/>\n^ Nachmittags waren auch die Pistenstecken entfernt, so erkannte man die Abfahrt nur noch am wei\u00dferen Schnee ;-)<\/p>\n<p><a href='http:\/\/ski.inmontanis.info\/d\/247666-2\/DSC00673.jpg'><img src=http:\/\/ski.inmontanis.info\/d\/247665-3\/DSC00673.jpg \/><\/a><br \/>\n^ Abfahrt, nachmittags leider arg bremsig\/pappig<\/p>\n<p><a href='http:\/\/ski.inmontanis.info\/d\/247670-2\/DSC00676.jpg'><img src=http:\/\/ski.inmontanis.info\/d\/247669-3\/DSC00676.jpg \/><\/a><br \/>\n^ Der Schnee war egtl. \u00fcberall \u00e4hnlich pappig, egal ob wei\u00df oder braun. <\/p>\n<p>Weil ich da dieses Fr\u00fchjahr mal etwas aufgepasst hab: Also prinzipiell scheint mir der Sahara-Sand auf dem Schnee schon ein gewisses Grund-Bremsen zu haben. Wenn es etwas k\u00e4lter ist und der wei\u00dfe Schnee schnell ist (ggf. firnig ist), ist der Saharasandschnee schon sp\u00fcrbar bremsiger. Bei den heutigen Temperaturen und in der H\u00f6he auf Nordh\u00e4ngen schaut es wieder anders aus, denn der wei\u00dfe Schnee ist hier noch nicht k\u00f6rnig genug und pappt bei den Temperaturen ebenfalls stark &#8211; da macht es kaum einen Unterschied ob mit oder ohne Sand. Neuschnee w\u00e4re nat\u00fcrlich noch pappiger, somit ein paralleles Sandschneefeld ohne Neuschnee daneben wiederum weniger pappig w\u00e4re. <\/p>\n<p><a href='http:\/\/ski.inmontanis.info\/d\/247674-2\/DSC00679.jpg'><img src=http:\/\/ski.inmontanis.info\/d\/247673-3\/DSC00679.jpg \/><\/a><br \/>\n^ Die letzten Sonnenstrahlen um 15:30 Uhr.<\/p>\n<p><a href='http:\/\/ski.inmontanis.info\/d\/247678-2\/DSC00680.jpg'><img src=http:\/\/ski.inmontanis.info\/d\/247677-3\/DSC00680.jpg \/><\/a><br \/>\n^ Das B\u00f6se kommt vom Westen.<\/p>\n<p><a href='http:\/\/ski.inmontanis.info\/d\/247682-2\/DSC00682.jpg'><img src=http:\/\/ski.inmontanis.info\/d\/247681-3\/DSC00682.jpg \/><\/a><br \/>\n^ .. ergibt aber zuvor noch ein paar nette Wolkenfotos<\/p>\n<p><a href='http:\/\/ski.inmontanis.info\/d\/247686-2\/DSC00685.jpg'><img src=http:\/\/ski.inmontanis.info\/d\/247685-3\/DSC00685.jpg \/><\/a><br \/>\n^ St\u00fctze 18<\/p>\n<p><a href='http:\/\/ski.inmontanis.info\/d\/247690-2\/DSC00688.jpg'><img src=http:\/\/ski.inmontanis.info\/d\/247689-3\/DSC00688.jpg \/><\/a><br \/>\n^ Blick runter zum See<\/p>\n<p><a href='http:\/\/ski.inmontanis.info\/d\/247694-2\/DSC00690.jpg'><img src=http:\/\/ski.inmontanis.info\/d\/247693-3\/DSC00690.jpg \/><\/a><br \/>\n^ Korb 34 des letzten Graffer-Korblifts mit Skibetrieb an seinem vielleicht letzten offiziellen Skibetriebstag. Die Sommer-Korblifte \/ Parklifte von Graffer werden ja hoffentlich noch ein paar Jahre \u00fcberleben.<\/p>\n<p><a href='http:\/\/ski.inmontanis.info\/d\/247698-2\/DSC00691.jpg'><img src=http:\/\/ski.inmontanis.info\/d\/247697-3\/DSC00691.jpg \/><\/a><br \/>\n^ Genug vom Pappschnee, bei der kommenden Schlechtwetterfront h\u00f6r ich jetzt lieber mal auf.<\/p>\n<p><a href='http:\/\/ski.inmontanis.info\/d\/247702-2\/DSC00699.jpg'><img src=http:\/\/ski.inmontanis.info\/d\/247701-3\/DSC00699.jpg \/><\/a><br \/>\n^ Abfahrt. Lieber tief und sulzig-nass als weniger tief und pappig wie heute hier. Aber ich hatte schon schlechtere Verh\u00e4ltnisse am Fedaia.<\/p>\n<p><a href='http:\/\/ski.inmontanis.info\/d\/247706-2\/DSC00702.jpg'><img src=http:\/\/ski.inmontanis.info\/d\/247705-3\/DSC00702.jpg \/><\/a><br \/>\n^ Bergstation, ein letztes Mal mit Skiern r\u00fcckw\u00e4rts aussteigen.<\/p>\n<p>Fazit: Ich hatte schon bessere, aber auch schon schlechtere Tage am Fedaia. Fotografisch w\u00e4re es jedenfalls ein w\u00fcrdiger Abschluss, falls das mein letzter Skitag hier gewesen sein sollte. Falls man den Korblift mit einer neuen Bahn ersetzt, bleibt ja erst mal fraglich, ob man Anfang Mai dann \u00fcberhaupt noch offen l\u00e4sst. Und selbst wenn &#8211; w\u00fcrde es sich f\u00fcr mich nicht mehr besonders hervorheben und es g\u00e4be wohl kaum einen Grund mehr, hier her zu fahren.<\/p>\n<p>Zur\u00fcck ging&#8217;s \u00fcber&#8217;s Sellajoch und dann autobahnfrei bis Innsbruck. Die S\u00fcdtiroler Autobahn hatte ich bei meinen Ortler-Saisonkarten-Skitagen nachmittags sowieso immer gemieden und was die \u00f6sterreichische Brennerautobahn angeht &#8211; wie gesagt, Jahresmaut ist abgelaufen und momentan wei\u00df ich nicht, wann ich mal wieder \u00fcber den Brenner komm, also wird der Neukauf wohl bis Herbst\/Winter verschoben.<\/p>\n<p><a href='http:\/\/ski.inmontanis.info\/d\/247710-2\/DSC00723.jpg'><img src=http:\/\/ski.inmontanis.info\/d\/247709-3\/DSC00723.jpg \/><\/a><br \/>\n^ Auf&#8217;s Sellajoch gab&#8217;s Eisregen\/leichten Hagel &#8211; hier der R\u00fcckblick zur Marmolada um 16:35 Uhr nun dort auch schlecht.<\/p>\n","protected":false},"excerpt":{"rendered":"<p>So, 6.5.2018 &#8211; Fedaia \/ Marmolada<\/p>\n<p>Letztes Jahr war ich ja nicht am Fedaia-Korblift, war ja auch kein schneereicher Winter in den Dolomiten. Mein letzter Skitag war hier am 28.5.2016. Heuer hat es wieder viel Schnee, aber leider ist der Korblift vom 7.5. bis 2.6. geschlossen. Dazu k\u00f6nnte noch sein, dass der Lift Ende des <a href=\"http:\/\/blog.inmontanis.info\/?p=4977\">[&#8230;]<\/a><\/p>\n","protected":false},"author":1,"featured_media":0,"comment_status":"closed","ping_status":"closed","sticky":false,"template":"","format":"standard","meta":{"footnotes":""},"categories":[489,15,59,28,81],"tags":[91,63,45],"class_list":["post-4977","post","type-post","status-publish","format-standard","hentry","category-fedaia-fiacconi","category-italienitaly","category-nostalgie","category-skifahren-sommer","category-kurztrips","tag-graffer","tag-korblift","tag-see","odd"],"_links":{"self":[{"href":"http:\/\/blog.inmontanis.info\/index.php?rest_route=\/wp\/v2\/posts\/4977","targetHints":{"allow":["GET"]}}],"collection":[{"href":"http:\/\/blog.inmontanis.info\/index.php?rest_route=\/wp\/v2\/posts"}],"about":[{"href":"http:\/\/blog.inmontanis.info\/index.php?rest_route=\/wp\/v2\/types\/post"}],"author":[{"embeddable":true,"href":"http:\/\/blog.inmontanis.info\/index.php?rest_route=\/wp\/v2\/users\/1"}],"replies":[{"embeddable":true,"href":"http:\/\/blog.inmontanis.info\/index.php?rest_route=%2Fwp%2Fv2%2Fcomments&post=4977"}],"version-history":[{"count":2,"href":"http:\/\/blog.inmontanis.info\/index.php?rest_route=\/wp\/v2\/posts\/4977\/revisions"}],"predecessor-version":[{"id":4979,"href":"http:\/\/blog.inmontanis.info\/index.php?rest_route=\/wp\/v2\/posts\/4977\/revisions\/4979"}],"wp:attachment":[{"href":"http:\/\/blog.inmontanis.info\/index.php?rest_route=%2Fwp%2Fv2%2Fmedia&parent=4977"}],"wp:term":[{"taxonomy":"category","embeddable":true,"href":"http:\/\/blog.inmontanis.info\/index.php?rest_route=%2Fwp%2Fv2%2Fcategories&post=4977"},{"taxonomy":"post_tag","embeddable":true,"href":"http:\/\/blog.inmontanis.info\/index.php?rest_route=%2Fwp%2Fv2%2Ftags&post=4977"}],"curies":[{"name":"wp","href":"https:\/\/api.w.org\/{rel}","templated":true}]}}