{"id":4973,"date":"2018-05-05T18:47:21","date_gmt":"2018-05-05T16:47:21","guid":{"rendered":"http:\/\/blog.inmontanis.info\/?p=4973"},"modified":"2023-07-31T20:08:51","modified_gmt":"2023-07-31T18:08:51","slug":"schnalstaler-gletscher-5-5-2018","status":"publish","type":"post","link":"http:\/\/blog.inmontanis.info\/?p=4973","title":{"rendered":"Schnalstaler Gletscher, 5.5.2018"},"content":{"rendered":"<p><strong>Sa, 5.5.2018 &#8211; Schnalstaler Gletscher<\/strong><\/p>\n<p>Das Wochenende, so nicht irgendwas au\u00dfertourliches dazwischen kommt, war schon lange vorgeplant mit dem Schnalstaler Gletscher als Abschluss meiner Ortler Saisonkarte und dem Passo Fedaia, beide w\u00fcrden dieses WE den Betrieb einstellen. Die Wettervorhersagen waren schon seit einigen Tagen eindeutig, dass es am Sonntag am Fedaia besser als am Samstag werden sollte &#8211; also ging es am heutigen Samstag auf den Schnalstaler.<\/p>\n<p>Dort h\u00e4tte es ja egtl. etwas mehr Sonne geben sollen als nur ein paar wenige Minuten. Stattdessen teilweise neblig und ab Mittag leichter Eisregen\/Regen. Naja. Die Pisten waren teilweise ganz nett, oben nass &#038; schnell, weiter unten nass &#038; bremsig, so dass man nachmittags nicht  mal mehr zur Talstation DSB Hintereis von ihrer Abfahrt ohne Schieben kam. Los war kaum was, nachmittags noch weniger. In Summe gefiel es mir ganz gut heute und mit der ge\u00f6ffneten Hintereis-DSB und der Talabfahrt find ich den Schnalstaler doch wesentlich interessanter als Sulden, wenn nur Madritsch (selbst mit Abfahrt bis Mittelstation) offen hat. Die heute schon geschlossenen Anlagen, die ich im April ja noch fahren konnte, sind f\u00fcr mich dagegen ohne Mehrwert und verzichtbar. Ein bisschen Offpiste ging sich morgens am Hintereis aus, danach war die Sicht und auch der Schnee eher suboptimal. Schade, das w\u00e4re ein toller Hang, wenn es heute nacht klar gewesen w\u00e4re und der Hang bei Sonne aufgefirnt w\u00e4re.<\/p>\n<p>Das war mein 3. Besuch am Schnalstaler in dieser Saison und jeden Tag sah ich au\u00dfer mir noch weitere Skifahrer mit Carpani Ski. Die Skitests hier funktionieren ;) Diesmal hab ich den einen sogar angesprochen, weil er gerade im Restaurant war, w\u00e4hrend ich auch meine Skier dort hatte (kam gerade vom WC zur\u00fcck) &#8211; er wollte dann gleich ein Foto von mir und meinen Ski machen, weil er Carpani wohl gut kennt. Jedenfalls ist er auch sehr begeistert von seinen Carpani (er f\u00e4hrt die F3).<\/p>\n<p>Mein Timing f\u00fcr die letzte Talabfahrt war auch gut, weil es gerade  wohl dringende Wartungsarbeiten gab, was mir ein paar nette Fotos bescherte.<\/p>\n<p>(Fotos anklicken zum Vergr\u00f6\u00dfern)<\/p>\n<p><a href='http:\/\/ski.inmontanis.info\/d\/247426-2\/DSC00506.jpg'><img src=http:\/\/ski.inmontanis.info\/d\/247425-3\/DSC00506.jpg \/><\/a><br \/>\n^ Sonne und insb. blauer Himmel gab es nur ganz selten<\/p>\n<p><a href='http:\/\/ski.inmontanis.info\/d\/247430-2\/DSC00510.jpg'><img src=http:\/\/ski.inmontanis.info\/d\/247429-3\/DSC00510.jpg \/><\/a><br \/>\n^ Abfahrt DSB Hintereis, ging morgens ganz gut, bzw. im oberen Bereich war es auch nachmittags noch sehr nett.<\/p>\n<p><a href='http:\/\/ski.inmontanis.info\/d\/247434-2\/DSC00511.jpg'><img src=http:\/\/ski.inmontanis.info\/d\/247433-3\/DSC00511.jpg \/><\/a><br \/>\n^ Hintereis-Gletschersee-Finail<\/p>\n<p><a href='http:\/\/ski.inmontanis.info\/d\/247438-2\/DSC00514.jpg'><img src=http:\/\/ski.inmontanis.info\/d\/247437-3\/DSC00514.jpg \/><\/a><br \/>\n^ DSB Hintereis<\/p>\n<p><a href='http:\/\/ski.inmontanis.info\/d\/247442-2\/DSC00515.jpg'><img src=http:\/\/ski.inmontanis.info\/d\/247441-3\/DSC00515.jpg \/><\/a><br \/>\n^ Offpiste an der DSB Hintereis. Ging morgens ganz gut.<\/p>\n<p><a href='http:\/\/ski.inmontanis.info\/d\/247446-2\/DSC00516.jpg'><img src=http:\/\/ski.inmontanis.info\/d\/247445-3\/DSC00516.jpg \/><\/a><br \/>\n^ Blick ins Gletscherskigebiet von der DSB Hintereis<\/p>\n<p><a href='http:\/\/ski.inmontanis.info\/d\/247450-2\/DSC00517.jpg'><img src=http:\/\/ski.inmontanis.info\/d\/247449-3\/DSC00517.jpg \/><\/a><br \/>\n^ Talstation und Parkpl\u00e4tze<\/p>\n<p><a href='http:\/\/ski.inmontanis.info\/d\/247454-2\/DSC00518.jpg'><img src=http:\/\/ski.inmontanis.info\/d\/247453-3\/DSC00518.jpg \/><\/a><br \/>\n^ An der 4SB Grawand waren zus\u00e4tzlich zum Trainingsareal (heute nur ganz links) tats\u00e4chlich mal 3 Abfahrten f\u00fcr die Allgemeinheit offen.<\/p>\n<p><a href='http:\/\/ski.inmontanis.info\/d\/247458-2\/DSC00521.jpg'><img src=http:\/\/ski.inmontanis.info\/d\/247457-3\/DSC00521.jpg \/><\/a><br \/>\n^ F\u00fcr ca. 2-3 Abfahrten war ich nachmittags mal ganz alleine an der DSB Hintereis<\/p>\n<p><a href='http:\/\/ski.inmontanis.info\/d\/247462-2\/DSC00522.jpg'><img src=http:\/\/ski.inmontanis.info\/d\/247461-3\/DSC00522.jpg \/><\/a><br \/>\n^ Bei dem Pappschnee kam man heute nicht mal mehr von der DSB-Hintereis-Abfahrt zur Talstation. Das Geschiebe r\u00fcber zu den Gletschersee-SB (wie \u00fcblich nur die 3SB offen) hab ich mir noch nie angetan.<\/p>\n<p><a href='http:\/\/ski.inmontanis.info\/d\/247466-2\/DSC00524.jpg'><img src=http:\/\/ski.inmontanis.info\/d\/247465-3\/DSC00524.jpg \/><\/a><br \/>\n^ Talabfahrt<\/p>\n<p><a href='http:\/\/ski.inmontanis.info\/d\/247470-2\/DSC00525.jpg'><img src=http:\/\/ski.inmontanis.info\/d\/247469-3\/DSC00525.jpg \/><\/a><br \/>\n^ Die linke Abfahrt am SL Finail ging nachmittags auch recht gut<\/p>\n<p><a href='http:\/\/ski.inmontanis.info\/d\/247474-2\/DSC00528.jpg'><img src=http:\/\/ski.inmontanis.info\/d\/247473-3\/DSC00528.jpg \/><\/a><br \/>\n^ Nur der rechte SL Finail war in Betrieb<\/p>\n<p><a href='http:\/\/ski.inmontanis.info\/d\/247478-2\/DSC00529.jpg'><img src=http:\/\/ski.inmontanis.info\/d\/247477-3\/DSC00529.jpg \/><\/a><br \/>\n^ Ins \u00d6tztal ist ein Weg pr\u00e4pariert<\/p>\n<p><a href='http:\/\/ski.inmontanis.info\/d\/247482-2\/DSC00530.jpg'><img src=http:\/\/ski.inmontanis.info\/d\/247481-3\/DSC00530.jpg \/><\/a><br \/>\n^ DSB Hintereis, b\u00f6te viele nette Varianten, schade dass es heute nicht hart bzw. firnig war\/blieb.<\/p>\n<p><a href='http:\/\/ski.inmontanis.info\/d\/247486-2\/DSC00533.jpg'><img src=http:\/\/ski.inmontanis.info\/d\/247485-3\/DSC00533.jpg \/><\/a><br \/>\n^ W\u00e4hrend meiner letzten Talabfahrt stand eine der PB-Kabinen dort oben ..<\/p>\n<p><a href='http:\/\/ski.inmontanis.info\/d\/247490-2\/DSC00534.jpg'><img src=http:\/\/ski.inmontanis.info\/d\/247489-3\/DSC00534.jpg \/><\/a><br \/>\n^ .. und auf der anderen Kabine fuhren dann 2 Leute ganz oben am Laufwerk mit, als sie sich wieder in Betrieb setzte! Also das w\u00e4r nix f\u00fcr mich.<\/p>\n<p><a href='http:\/\/ski.inmontanis.info\/d\/247494-2\/DSC00538.jpg'><img src=http:\/\/ski.inmontanis.info\/d\/247493-3\/DSC00538.jpg \/><\/a><br \/>\n^ Anscheinend gab es irgendwelche dringenden Arbeiten am folgenden Seilreiter.<\/p>\n<p><a href='http:\/\/ski.inmontanis.info\/d\/247498-2\/DSC00540.jpg'><img src=http:\/\/ski.inmontanis.info\/d\/247497-3\/DSC00540.jpg \/><\/a><br \/>\n^ Wartung am Seilreiter<\/p>\n<p><a href='http:\/\/ski.inmontanis.info\/d\/247502-2\/DSC00542.jpg'><img src=http:\/\/ski.inmontanis.info\/d\/247501-3\/DSC00542.jpg \/><\/a><br \/>\n^ Wartung am Seilreiter<\/p>\n<p><a href='http:\/\/ski.inmontanis.info\/d\/247506-2\/ge20180505c.jpg'><img src=http:\/\/ski.inmontanis.info\/d\/247505-3\/ge20180505c.jpg \/><\/a><br \/>\n^ GPS-Track 5.5.2018 in Blau und vorherige Besuche in dieser Saison in Orange<\/p>\n<p>Einerseits h\u00e4tte ich gerne die Keycard heute abgegeben und evtl. das Pfand kassiert, sofern m\u00f6glich, aber wer wei\u00df, ob ich morgen wirklich zum Fedaia komme &#8211; dann brauch ich vielleicht die Karte morgen doch noch :) Muss ich also ein ander Mal abgeben oder bis zur n\u00e4chsten Saisonkarte aufheben.<\/p>\n<p>Ich h\u00e4tte heute Abend nat\u00fcrlich nicht unbedingt ein Hotel ben\u00f6tigt, sondern h\u00e4tte auch einfach heimfahren k\u00f6nnen, aber auf booking hab ich im Fassatal ein 3-Sterne-Hotel mit Halbpension um 45,- \u20ac gefunden und da ich heuer nicht viele italienische Men\u00fcs hatte, hab ich zugeschlagen. Auch wenn die Fahrt zum Fedaia morgen ca. 1h dauern sollte und es erst ab 7:30 Uhr Fr\u00fchst\u00fcck gibt.<\/p>\n<p>Leider war die Men\u00fcauswahl jetzt nicht soooo ganz mein Fall, bei der Vorspeise gab es die Wahl zwischen Spinatkn\u00f6del, Zucchini und Suppe &#8211; da waren f\u00fcr mich die Spinatkn\u00f6del noch das geringste &#8220;\u00dcbel&#8221; (in Buttersauce halt extrem s\u00e4ttigend). Als Hauptspeise konnte man zwischen irgendwas vom Schwein mit Salsiccia, irgendwas mit Thunfisch und -vergessen- w\u00e4hlen. Da wurde es das Schwein. Nachspeise Strudel oder Frucht(salat?) oder Eis &#8211; ich nahm das Eis. Zimmer ist leider ohne Schreibtisch, aber wenigstens mit Stuhl und etwas k\u00fchl &#8211; aber lieber so als die +30\u00b0 wie in Pinerolo letztens..<\/p>\n<p><a href='http:\/\/extra.inmontanis.info\/d\/47057-2\/DSC00552.jpg'><img src=http:\/\/extra.inmontanis.info\/d\/47056-3\/DSC00552.jpg \/><\/a><br \/>\n^ Nicht dass mich das st\u00f6ren w\u00fcrde, aber das hab ich auch noch nicht in einem Hotel gesehen, dass man extra zahlen muss, wenn man die Handt\u00fccher t\u00e4glich statt nur jeden 2. Tag frisch haben will. Wobei 10,- \u20ac f\u00fcr das Duschhandtuch dann doch heftig ist.<\/p>\n<p><a href='http:\/\/extra.inmontanis.info\/d\/47061-2\/DSC00554.jpg'><img src=http:\/\/extra.inmontanis.info\/d\/47060-3\/DSC00554.jpg \/><\/a><br \/>\n^ Und der Kleber ist f\u00fcr mich auch ungew\u00f6hnlich. Also ich musste das Warmwasser ewig laufen lassen, bis es endlich mal warm wurde, nicht meine Schuld ;-)<\/p>\n<p><a href='http:\/\/extra.inmontanis.info\/d\/47065-2\/IMG_4633.jpg'><img src=http:\/\/extra.inmontanis.info\/d\/47064-3\/IMG_4633.jpg \/><\/a><br \/>\n^ Abendessen, Salsiccia im Schweineschnitzelmantel oder so.<\/p>\n<p><a href='http:\/\/extra.inmontanis.info\/d\/47069-2\/IMG_4634.jpg'><img src=http:\/\/extra.inmontanis.info\/d\/47068-3\/IMG_4634.jpg \/><\/a><br \/>\n^ Wie so h\u00e4ufig, bekam ich das letzte Zimmer am Ende des Flurs<\/p>\n<p>(Fortsetzung folgt.)<\/p>\n","protected":false},"excerpt":{"rendered":"<p>Sa, 5.5.2018 &#8211; Schnalstaler Gletscher<\/p>\n<p>Das Wochenende, so nicht irgendwas au\u00dfertourliches dazwischen kommt, war schon lange vorgeplant mit dem Schnalstaler Gletscher als Abschluss meiner Ortler Saisonkarte und dem Passo Fedaia, beide w\u00fcrden dieses WE den Betrieb einstellen. Die Wettervorhersagen waren schon seit einigen Tagen eindeutig, dass es am Sonntag am Fedaia besser als am Samstag <a href=\"http:\/\/blog.inmontanis.info\/?p=4973\">[&#8230;]<\/a><\/p>\n","protected":false},"author":1,"featured_media":0,"comment_status":"closed","ping_status":"closed","sticky":false,"template":"","format":"standard","meta":{"footnotes":""},"categories":[15,397,27,81],"tags":[38,52,47],"class_list":["post-4973","post","type-post","status-publish","format-standard","hentry","category-italienitaly","category-schnalstal","category-skifahren-winterskiing-winter","category-kurztrips","tag-dsb","tag-pb","tag-sl","odd"],"_links":{"self":[{"href":"http:\/\/blog.inmontanis.info\/index.php?rest_route=\/wp\/v2\/posts\/4973","targetHints":{"allow":["GET"]}}],"collection":[{"href":"http:\/\/blog.inmontanis.info\/index.php?rest_route=\/wp\/v2\/posts"}],"about":[{"href":"http:\/\/blog.inmontanis.info\/index.php?rest_route=\/wp\/v2\/types\/post"}],"author":[{"embeddable":true,"href":"http:\/\/blog.inmontanis.info\/index.php?rest_route=\/wp\/v2\/users\/1"}],"replies":[{"embeddable":true,"href":"http:\/\/blog.inmontanis.info\/index.php?rest_route=%2Fwp%2Fv2%2Fcomments&post=4973"}],"version-history":[{"count":2,"href":"http:\/\/blog.inmontanis.info\/index.php?rest_route=\/wp\/v2\/posts\/4973\/revisions"}],"predecessor-version":[{"id":4975,"href":"http:\/\/blog.inmontanis.info\/index.php?rest_route=\/wp\/v2\/posts\/4973\/revisions\/4975"}],"wp:attachment":[{"href":"http:\/\/blog.inmontanis.info\/index.php?rest_route=%2Fwp%2Fv2%2Fmedia&parent=4973"}],"wp:term":[{"taxonomy":"category","embeddable":true,"href":"http:\/\/blog.inmontanis.info\/index.php?rest_route=%2Fwp%2Fv2%2Fcategories&post=4973"},{"taxonomy":"post_tag","embeddable":true,"href":"http:\/\/blog.inmontanis.info\/index.php?rest_route=%2Fwp%2Fv2%2Ftags&post=4973"}],"curies":[{"name":"wp","href":"https:\/\/api.w.org\/{rel}","templated":true}]}}