{"id":4943,"date":"2018-04-22T22:57:14","date_gmt":"2018-04-22T20:57:14","guid":{"rendered":"http:\/\/blog.inmontanis.info\/?p=4943"},"modified":"2023-08-03T22:13:17","modified_gmt":"2023-08-03T20:13:17","slug":"crissolo-22-4-2018-sommerski-im-april","status":"publish","type":"post","link":"http:\/\/blog.inmontanis.info\/?p=4943","title":{"rendered":"Crissolo, 22.4.2018 \/ Sommerski im April"},"content":{"rendered":"<p><strong>Crissolo, 22.4.2018<\/strong> (Teil 3 und Ende von diesem Wochenendausflug)<\/p>\n<p>F\u00fcr heute war es tats\u00e4chlich eine Qual der Wahl, denn sowohl Pian Mun\u00e9 wie auch Crissolo haben bis 1.5. ge\u00f6ffnet und h\u00e4tte ich gerne besucht, wenn nicht bis n\u00e4chstes bzw. am n\u00e4chsten WE Schlechtwetter und Schneefall gemeldet w\u00e4re. Da ich Crissolo erst letztes Jahr war, wollte ich Pian Mun\u00e9 den Vorzug geben, evtl. mit der Option, ab Mittag noch zu wechseln. <\/p>\n<p>Leider wurde am Pian Mun\u00e9 ja der gebrauchte und schon vor vielen Jahren aufgestellte untere SL, der das Skigebiet toll erweitern w\u00fcrde, auch in den letzten Jahren noch nicht in Betrieb genommen. Eine Neuerung gibt es aber doch: Anstatt Klebep\u00e4sse hat man jetzt Alfi-Zutrittsleser (irgendwo gebraucht?) gekauft. Skigebiete mit Alfi-Lesern haben oftmals die unangenehme Angewohnheit, keine anderen Keycards zu akzeptieren und eigene nicht als Kaution ab zu geben. So auch hier, s\u00e4mtliche meiner Alfi-Keycards wurden abgewiesen, weil sie nicht von hier waren. Und man h\u00e4tte eine von hier kaufen m\u00fcssen. Ich hasse das. Darauf hab ich keinen Bock. Ich trag schon so viele Alfi-Karten mit mir rum, ich will mir da keine zus\u00e4tzliche mehr kaufen. Erst recht nicht, wenn es ein alternatives Skigebiet in der N\u00e4he gibt. Damit landet Pian Mun\u00e9 also vorerst leider unbefristet auf meine Sperrliste.<\/p>\n<p>Ski wieder eingepackt, runter gefahren und weiter nach Crissolo, wo es zum Gl\u00fcck weiterhin die Klebe-Skip\u00e4sse gibt &#8211; und gut, dass ich schon so fr\u00fch dran war heute. Tageskarte kostete 21,- \u20ac. Die DSB-Mittelstation war netterweise ge\u00f6ffnet, obwohl die Abfahrt nicht pr\u00e4pariert war und kaum einer gefahren ist. Also ich war sicherlich der, der am \u00f6ftesten an der Mittelstation heute eingestiegen ist, allerdings war ich auch nur selten auf der Abfahrt, meistens nahm ich irgendwelche Offpiste-Varianten. Leider gab es noch etwas frischeren Neuschnee in den oberen Bereichen, der f\u00fcr zus\u00e4tzliche Bremsungen sorgte. Generell war es bei den warmen Temperaturen nat\u00fcrlich auch wieder sehr weich und nass, aber immer noch besser so als Bruchharsch oder Sinkschnee oder sonstwas in der Richtung. So fuhr ich heute erstmals einige Offpiste-Varianten, die ich noch nicht gefahren bin, z.B. auch den &#8220;diagonalen Steilhang&#8221; zwischen den beiden SL, der mich schon letztes Jahr angel\u00e4chelt hatte. Und zum Abschluss nahm ich auch noch die (ehemalige) Talabfahrt mit, die mit nur kurzen aperen St\u00fccken auch noch fahrbar war &#8211; und nicht nur von mir befahren wurde ;-)<\/p>\n<p>(Fotos anklicken zum Vergr\u00f6\u00dfern)<br \/>\n<a href='http:\/\/extra.inmontanis.info\/d\/46997-3\/ge20180421-22a.jpg'><img src=http:\/\/extra.inmontanis.info\/d\/46996-4\/ge20180421-22a.jpg \/><\/a><br \/>\nC) Pian Mun\u00e9<br \/>\nD) Crissolo<\/p>\n<p><a href='http:\/\/ski.inmontanis.info\/d\/246602-2\/DSC09991.jpg'><img src=http:\/\/ski.inmontanis.info\/d\/246601-3\/DSC09991.jpg \/><\/a><br \/>\n^ 22.4. und beide Skigebiete bei Paesana sind offen, cool.<\/p>\n<p><a href='http:\/\/ski.inmontanis.info\/d\/246606-2\/DSC09994.jpg'><img src=http:\/\/ski.inmontanis.info\/d\/246605-3\/DSC09994.jpg \/><\/a><br \/>\n^ Pian Mun\u00e9, nun leider auf der Sperrliste.<\/p>\n<p>&#8211;<\/p>\n<p><a href='http:\/\/ski.inmontanis.info\/d\/246614-2\/DSC09997.jpg'><img src=http:\/\/ski.inmontanis.info\/d\/246613-3\/DSC09997.jpg \/><\/a><br \/>\n^ Crissolo mit DSB-Talstation (in Verl\u00e4ngerung: Ex-ESL-Talstation)<\/p>\n<p><a href='http:\/\/ski.inmontanis.info\/d\/246610-2\/ge20180422b.jpg'><img src=http:\/\/ski.inmontanis.info\/d\/246609-3\/ge20180422b.jpg \/><\/a><br \/>\n^ GPS-Track 22.4.2018 in Gelb, vorherige Besuche in Blau und die vielen ehemaligen Lifte in Rot. Der ganz rechte soll evtl. wieder neu gebaut werden, evtl. plus einem Skiweg (bzw. Ausbau des vorhandenen Wegs) runter zur DSB. Auch der Ausbau der Talabfahrt vorne rum stand ja im Gespr\u00e4ch, aber entschieden hat man sich erstmal f\u00fcr eine Sesselbahn oben statt dem langen SL.<\/p>\n<p><a href='http:\/\/ski.inmontanis.info\/d\/246618-2\/DSC09999.jpg'><img src=http:\/\/ski.inmontanis.info\/d\/246617-3\/DSC09999.jpg \/><\/a><br \/>\n^ Mittelstation, besetzt und ge\u00f6ffnet, aber die Abfahrt war nicht pr\u00e4pariert<\/p>\n<p><a href='http:\/\/ski.inmontanis.info\/d\/246622-2\/DSC00001.jpg'><img src=http:\/\/ski.inmontanis.info\/d\/246621-3\/DSC00001.jpg \/><\/a><br \/>\n^ .. bis hierhin wurde die Mittelstationsabfahrt pr\u00e4pariert.<\/p>\n<p><a href='http:\/\/ski.inmontanis.info\/d\/246626-2\/DSC00004.jpg'><img src=http:\/\/ski.inmontanis.info\/d\/246625-3\/DSC00004.jpg \/><\/a><br \/>\n^ Bergstation DSB und SL Granero Lungo<\/p>\n<p><a href='http:\/\/ski.inmontanis.info\/d\/246630-2\/DSC00005.jpg'><img src=http:\/\/ski.inmontanis.info\/d\/246629-3\/DSC00005.jpg \/><\/a><br \/>\n^ SL Granero Lungo<\/p>\n<p><a href='http:\/\/ski.inmontanis.info\/d\/246634-2\/DSC00006.jpg'><img src=http:\/\/ski.inmontanis.info\/d\/246633-3\/DSC00006.jpg \/><\/a><br \/>\n^ SL Granero Lungo, die Abfahrt links vom SL hier oben direkt am SL war &#8211; wenn &#8211; dann auch nur selten offen\/pr\u00e4pariert bei meinen Besuchen bisher<\/p>\n<p><a href='http:\/\/ski.inmontanis.info\/d\/246638-2\/DSC00007.jpg'><img src=http:\/\/ski.inmontanis.info\/d\/246637-3\/DSC00007.jpg \/><\/a><br \/>\n^ SL Granero Lungo und SL Ghincia Pastour<\/p>\n<p><a href='http:\/\/ski.inmontanis.info\/d\/246642-2\/DSC00010.jpg'><img src=http:\/\/ski.inmontanis.info\/d\/246641-3\/DSC00010.jpg \/><\/a><br \/>\n^ Die coole Grat-Abfahrt am unteren SL mit dem nach links folgenden Steilhang<\/p>\n<p><a href='http:\/\/ski.inmontanis.info\/d\/246646-2\/DSC00011.jpg'><img src=http:\/\/ski.inmontanis.info\/d\/246645-3\/DSC00011.jpg \/><\/a><br \/>\n^ .. aber ich fuhr offpiste zum Bereich des Ex-SL Nuovi Piani<\/p>\n<p><a href='http:\/\/ski.inmontanis.info\/d\/246650-2\/DSC00012.jpg'><img src=http:\/\/ski.inmontanis.info\/d\/246649-3\/DSC00012.jpg \/><\/a><br \/>\n^ Offpiste im Bereich des Ex-SL Nuovi Piani (ca. 1963-1993)<\/p>\n<p><a href='http:\/\/ski.inmontanis.info\/d\/246654-2\/DSC00016.jpg'><img src=http:\/\/ski.inmontanis.info\/d\/246653-3\/DSC00016.jpg \/><\/a><br \/>\n^ Mittelstationsabfahrt, unpr\u00e4pariert und geradeaus weiter zur Talabfahrt<\/p>\n<p><a href='http:\/\/ski.inmontanis.info\/d\/246658-2\/DSC00020.jpg'><img src=http:\/\/ski.inmontanis.info\/d\/246657-3\/DSC00020.jpg \/><\/a><br \/>\n^ SL Ghincia Pastour<\/p>\n<p><a href='http:\/\/ski.inmontanis.info\/d\/246662-2\/DSC00021.jpg'><img src=http:\/\/ski.inmontanis.info\/d\/246661-3\/DSC00021.jpg \/><\/a><br \/>\n^ Linke Abfahrt am SL Ghincia Pastour mit Monviso<\/p>\n<p><a href='http:\/\/ski.inmontanis.info\/d\/246666-2\/DSC00024.jpg'><img src=http:\/\/ski.inmontanis.info\/d\/246665-3\/DSC00024.jpg \/><\/a><br \/>\n^ SL Ghincia Pastour, die R\u00fcckseiten-Freeride-Variante fuhr ich heute nicht.<\/p>\n<p><a href='http:\/\/ski.inmontanis.info\/d\/246670-2\/DSC00025.jpg'><img src=http:\/\/ski.inmontanis.info\/d\/246669-3\/DSC00025.jpg \/><\/a><br \/>\n^ SL Ghincia Pastour auf dem Weg zur diagonalen Offpiste-Variante<\/p>\n<p><a href='http:\/\/ski.inmontanis.info\/d\/246674-2\/DSC00027.jpg'><img src=http:\/\/ski.inmontanis.info\/d\/246673-3\/DSC00027.jpg \/><\/a><br \/>\n^ SL Granero Lungo<\/p>\n<p><a href='http:\/\/ski.inmontanis.info\/d\/246678-2\/DSC00029.jpg'><img src=http:\/\/ski.inmontanis.info\/d\/246677-3\/DSC00029.jpg \/><\/a><br \/>\n^ Diagonale Offpiste-Variante<\/p>\n<p><a href='http:\/\/ski.inmontanis.info\/d\/246682-2\/DSC00030.jpg'><img src=http:\/\/ski.inmontanis.info\/d\/246681-3\/DSC00030.jpg \/><\/a><br \/>\n^ Diagonale Offpiste-Variante mit SL Granero Lungo und Ex-ESL-Bergstation<\/p>\n<p><a href='http:\/\/ski.inmontanis.info\/d\/246686-2\/DSC00033.jpg'><img src=http:\/\/ski.inmontanis.info\/d\/246685-3\/DSC00033.jpg \/><\/a><br \/>\n^ SL Granero Lungo von der diagonalen Offpiste-Variante<\/p>\n<p><a href='http:\/\/ski.inmontanis.info\/d\/246690-2\/DSC00034.jpg'><img src=http:\/\/ski.inmontanis.info\/d\/246689-3\/DSC00034.jpg \/><\/a><br \/>\n^ Diagonale Offpiste-Variante<\/p>\n<p><a href='http:\/\/ski.inmontanis.info\/d\/246694-2\/DSC00035.jpg'><img src=http:\/\/ski.inmontanis.info\/d\/246693-3\/DSC00035.jpg \/><\/a><br \/>\n^ Diagonale Offpiste-Variante. Da links runter sollte man vorsichtig sein, k\u00f6nnte ins Tal extrem steil werden. Rechts der Bildmitte Ex-Talstationsh\u00e4uschen \u00dcbungs-SL Visolotto<\/p>\n<p><a href='http:\/\/ski.inmontanis.info\/d\/246698-2\/DSC00036.jpg'><img src=http:\/\/ski.inmontanis.info\/d\/246697-3\/DSC00036.jpg \/><\/a><br \/>\n^ Mittelstationsabfahrt, unpr\u00e4pariert. Wobei sie hier unten bei meinen Besuchen eh selten (gut) p\u00e4rpariert war..<\/p>\n<p><a href='http:\/\/ski.inmontanis.info\/d\/246702-2\/DSC00037.jpg'><img src=http:\/\/ski.inmontanis.info\/d\/246701-3\/DSC00037.jpg \/><\/a><br \/>\n^ Verl\u00e4ngerung der Grat-Abfahrt f\u00fcr die steileren Offpistevariante.  Wollte erst links rein, aber dann sah ich einen lecker braunen (neuschneelosen) S\u00fcdhang nach rechts ..<\/p>\n<p><a href='http:\/\/ski.inmontanis.info\/d\/246706-2\/DSC00040.jpg'><img src=http:\/\/ski.inmontanis.info\/d\/246705-3\/DSC00040.jpg \/><\/a><br \/>\n^ .. der ging echt gut. Danach wurde der Schnee durch den noch recht neuen, wei\u00dfen Schnee wieder pappig.<\/p>\n<p><a href='http:\/\/ski.inmontanis.info\/d\/246710-2\/DSC00043.jpg'><img src=http:\/\/ski.inmontanis.info\/d\/246709-3\/DSC00043.jpg \/><\/a><br \/>\n^ .. wobei es hier teilweise auch ganz gut.<\/p>\n<p><a href='http:\/\/ski.inmontanis.info\/d\/246714-2\/DSC00044.jpg'><img src=http:\/\/ski.inmontanis.info\/d\/246713-3\/DSC00044.jpg \/><\/a><br \/>\n^ In der Senke (bzw. dem Plateau) sollte man wieder nach links queren, um zur DSB-Mittelstation zu kommen.<\/p>\n<p><a href='http:\/\/ski.inmontanis.info\/d\/246718-2\/DSC00045.jpg'><img src=http:\/\/ski.inmontanis.info\/d\/246717-3\/DSC00045.jpg \/><\/a><br \/>\n^ Der Hang von eben. Je weniger Neuschnee auf dem braunen Sahara-Sand-Schnee, desto besser ging es.<\/p>\n<p><a href='http:\/\/ski.inmontanis.info\/d\/246722-2\/DSC00046.jpg'><img src=http:\/\/ski.inmontanis.info\/d\/246721-3\/DSC00046.jpg \/><\/a><br \/>\n^ Querung richtung DSB-Mittelstation. Hier startete einst der SL Nuovi Piani, der mir schon sehr abgeht, da man mit dem recht viel Variantenm\u00f6glichkeiten h\u00e4tte.<\/p>\n<p><a href='http:\/\/ski.inmontanis.info\/d\/246726-2\/DSC00047.jpg'><img src=http:\/\/ski.inmontanis.info\/d\/246725-3\/DSC00047.jpg \/><\/a><br \/>\n^ Schon wieder auf der verl\u00e4ngerten Gratabfahrt, links meine vorherige braune S\u00fcdabfahrt, jetzt nehm ich eine andere Variante. Links wie \u00fcblich der Monviso.<\/p>\n<p><a href='http:\/\/ski.inmontanis.info\/d\/246730-2\/DSC00049.jpg'><img src=http:\/\/ski.inmontanis.info\/d\/246729-3\/DSC00049.jpg \/><\/a><br \/>\n^ Ging auch gut hier.<\/p>\n<p><a href='http:\/\/ski.inmontanis.info\/d\/246734-2\/DSC00051.jpg'><img src=http:\/\/ski.inmontanis.info\/d\/246733-3\/DSC00051.jpg \/><\/a><br \/>\n^ .. ist doch viel einfacher zu fahren als Tiefschnee ;-)<\/p>\n<p><a href='http:\/\/ski.inmontanis.info\/d\/246738-2\/DSC00056.jpg'><img src=http:\/\/ski.inmontanis.info\/d\/246737-3\/DSC00056.jpg \/><\/a><br \/>\n^ SL Granero Lungo. K\u00f6nnte leider schon bald Geschichte sein, da eine Sesselbahn ernsthaft geplant ist.<\/p>\n<p><a href='http:\/\/ski.inmontanis.info\/d\/246742-2\/DSC00059.jpg'><img src=http:\/\/ski.inmontanis.info\/d\/246741-3\/DSC00059.jpg \/><\/a><br \/>\n^ SL Ghincia Pastour und Speichersee<\/p>\n<p><a href='http:\/\/ski.inmontanis.info\/d\/246746-2\/DSC00060.jpg'><img src=http:\/\/ski.inmontanis.info\/d\/246745-3\/DSC00060.jpg \/><\/a><br \/>\n^ SL Ghincia Pastour und Monviso \/ Monte Viso, die markanteste Pyramiden-Spitze in der Po-Ebene<\/p>\n<p><a href='http:\/\/ski.inmontanis.info\/d\/246750-2\/DSC00061.jpg'><img src=http:\/\/ski.inmontanis.info\/d\/246749-3\/DSC00061.jpg \/><\/a><br \/>\n^ SL Ghincia Pastour. Fernsicht in die Ebene war heut leider nix.<\/p>\n<p><a href='http:\/\/ski.inmontanis.info\/d\/246754-2\/DSC00064.jpg'><img src=http:\/\/ski.inmontanis.info\/d\/246753-3\/DSC00064.jpg \/><\/a><br \/>\n^ SL Granero Lungo und DSB-Bergstation<\/p>\n<p><a href='http:\/\/ski.inmontanis.info\/d\/246758-2\/DSC00066.jpg'><img src=http:\/\/ski.inmontanis.info\/d\/246757-3\/DSC00066.jpg \/><\/a><br \/>\n^ Variante zur DSB-Mittelstation mit R\u00fcckblick zu den netten Offpisteh\u00e4ngen im linken Skigebietsteil<\/p>\n<p><a href='http:\/\/ski.inmontanis.info\/d\/246762-2\/DSC00067.jpg'><img src=http:\/\/ski.inmontanis.info\/d\/246761-3\/DSC00067.jpg \/><\/a><br \/>\n^ Eine der zahlreichen alten Siedlungen hier am Berg (wie man sie \u00fcberhaupt sehr h\u00e4ufig im Piemont findet.)<\/p>\n<p><a href='http:\/\/ski.inmontanis.info\/d\/246766-2\/DSC00069.jpg'><img src=http:\/\/ski.inmontanis.info\/d\/246765-3\/DSC00069.jpg \/><\/a><br \/>\n^ Nochmal auf der braunen S\u00fcdvariante, bei so warmen Temperaturen kann man schon mal so kleine und langsame Schneerutsche lostreten..<\/p>\n<p><a href='http:\/\/ski.inmontanis.info\/d\/246770-2\/DSC00070.jpg'><img src=http:\/\/ski.inmontanis.info\/d\/246769-3\/DSC00070.jpg \/><\/a><br \/>\n^ .. na, gut dass man es nicht von vorne sieht, bevor es noch \u00c4rger mit den Carabinieri gibt ;)<\/p>\n<p><a href='http:\/\/ski.inmontanis.info\/d\/246774-2\/DSC00074.jpg'><img src=http:\/\/ski.inmontanis.info\/d\/246773-3\/DSC00074.jpg \/><\/a><br \/>\n^ Ex-ESL-Bergstation. F\u00fcr den Fall, dass das im Zuge der Liftneubauten hier geschliffen wird, auch nochmal bissl fotografiert..<\/p>\n<p><a href='http:\/\/ski.inmontanis.info\/d\/246778-2\/DSC00075.jpg'><img src=http:\/\/ski.inmontanis.info\/d\/246777-3\/DSC00075.jpg \/><\/a><br \/>\n^ Ex-ESL-Bergstation bzw. Restaurant daneben<\/p>\n<p><a href='http:\/\/ski.inmontanis.info\/d\/246782-2\/DSC00078.jpg'><img src=http:\/\/ski.inmontanis.info\/d\/246781-3\/DSC00078.jpg \/><\/a><br \/>\n^ .. da drin fand sich folgender Plan. Interessant, dass der Plan bereits die DSB (aber ohne Mittelstation) beinhaltet. Evtl. war das Restaurant hier also noch nach dem ESL-Abbau ge\u00f6ffnet? Die SL La Sea und Pra Grant sollen bis 2004 in Betrieb gewesen sein. Der projektierte gedoppelte Granero Lungo II wurde nie gebaut.<\/p>\n<p><a href='http:\/\/ski.inmontanis.info\/d\/246786-2\/DSC00080.jpg'><img src=http:\/\/ski.inmontanis.info\/d\/246785-3\/DSC00080.jpg \/><\/a><br \/>\n^ Darunter finden sich ehemalige Gesch\u00e4fte (Ski-Verleih, ..)<\/p>\n<p><a href='http:\/\/ski.inmontanis.info\/d\/246790-2\/DSC00084.jpg'><img src=http:\/\/ski.inmontanis.info\/d\/246789-3\/DSC00084.jpg \/><\/a><br \/>\n^ .. in denen es auch schon ziemlich reingeschneit hat :)<\/p>\n<p><a href='http:\/\/ski.inmontanis.info\/d\/246794-2\/DSC00085.jpg'><img src=http:\/\/ski.inmontanis.info\/d\/246793-3\/DSC00085.jpg \/><\/a><br \/>\n^ Etwas unterhalb der ESL-Bergstation war das Rifugio Stella Alpina<\/p>\n<p><a href='http:\/\/ski.inmontanis.info\/d\/246798-2\/DSC00087.jpg'><img src=http:\/\/ski.inmontanis.info\/d\/246797-3\/DSC00087.jpg \/><\/a><br \/>\n^ Ex-Rifugio Stella Alpina<\/p>\n<p><a href='http:\/\/ski.inmontanis.info\/d\/246802-2\/DSC00089.jpg'><img src=http:\/\/ski.inmontanis.info\/d\/246801-3\/DSC00089.jpg \/><\/a><br \/>\n^ Ex-Abfahrt SL Le Grotte (1963-1976)<\/p>\n<p><a href='http:\/\/ski.inmontanis.info\/d\/246806-2\/DSC00092.jpg'><img src=http:\/\/ski.inmontanis.info\/d\/246805-3\/DSC00092.jpg \/><\/a><br \/>\n^ Ex-Abfahrt SL Le Grotte. Von meinem Besuch vom letzten Mal wusste ich ja, dass da ein altes Schild zur\u00fcck zur Mittelstation weist. Das Schild sah aber schon recht alt aus und ich frage mich, ob die Mittelstation des ESL auch dort war, wo die DSB ihre Mittelstation hatte oder an der DSB-Bergstation war oder dazwischen &#8211; was evtl. bedeuten k\u00f6nnte, dass das Schild ggf. erst nach dem Bau der DSB aufgestellt worden w\u00e4re?!<\/p>\n<p><a href='http:\/\/ski.inmontanis.info\/d\/246810-2\/DSC00094.jpg'><img src=http:\/\/ski.inmontanis.info\/d\/246809-3\/DSC00094.jpg \/><\/a><br \/>\n^ Die diagonale Offpiste-Variante, die ich vorhin gefahren bin. Mittlerweile sind da irgendwelche Fu\u00dfg\u00e4nger rauf- oder runtergelaufen. Na, die trauen sich auch was..<\/p>\n<p><a href='http:\/\/ski.inmontanis.info\/d\/246814-2\/DSC00098.jpg'><img src=http:\/\/ski.inmontanis.info\/d\/246813-3\/DSC00098.jpg \/><\/a><br \/>\n^ SL Granero Lungo und Monviso<\/p>\n<p><a href='http:\/\/ski.inmontanis.info\/d\/246818-2\/DSC00107.jpg'><img src=http:\/\/ski.inmontanis.info\/d\/246817-3\/DSC00107.jpg \/><\/a><br \/>\n^ SL Granero Lungo und Monviso<\/p>\n<p><a href='http:\/\/ski.inmontanis.info\/d\/246822-2\/DSC00110.jpg'><img src=http:\/\/ski.inmontanis.info\/d\/246821-3\/DSC00110.jpg \/><\/a><br \/>\n^ SL Granero Lungo und Monviso<\/p>\n<p><a href='http:\/\/ski.inmontanis.info\/d\/246826-2\/DSC00112.jpg'><img src=http:\/\/ski.inmontanis.info\/d\/246825-3\/DSC00112.jpg \/><\/a><br \/>\n^ DSB-Mittelstation (offpiste)<\/p>\n<p><a href='http:\/\/ski.inmontanis.info\/d\/246830-2\/DSC00114.jpg'><img src=http:\/\/ski.inmontanis.info\/d\/246829-3\/DSC00114.jpg \/><\/a><br \/>\n^ Spezieller Sessel<\/p>\n<p><a href='http:\/\/ski.inmontanis.info\/d\/246834-2\/DSC00115.jpg'><img src=http:\/\/ski.inmontanis.info\/d\/246833-3\/DSC00115.jpg \/><\/a><br \/>\n^ SL Granero Lungo<\/p>\n<p><a href='http:\/\/ski.inmontanis.info\/d\/246838-2\/DSC00118.jpg'><img src=http:\/\/ski.inmontanis.info\/d\/246837-3\/DSC00118.jpg \/><\/a><br \/>\n^ SL Granero Lungo<\/p>\n<p><a href='http:\/\/ski.inmontanis.info\/d\/246842-2\/DSC00119.jpg'><img src=http:\/\/ski.inmontanis.info\/d\/246841-3\/DSC00119.jpg \/><\/a><br \/>\n^ Variante vom SL Granero Lungo zur DSB-Mittelstation<\/p>\n<p><a href='http:\/\/ski.inmontanis.info\/d\/246846-2\/DSC00122.jpg'><img src=http:\/\/ski.inmontanis.info\/d\/246845-3\/DSC00122.jpg \/><\/a><br \/>\n^ Mittelstationsabfahrt<\/p>\n<p><a href='http:\/\/ski.inmontanis.info\/d\/246850-2\/DSC00123.jpg'><img src=http:\/\/ski.inmontanis.info\/d\/246849-3\/DSC00123.jpg \/><\/a><br \/>\n^ Mittelstationsabfahrt nach links und .. geradeaus zur ehemaligen Talabfahrt! Am 22.4.!<\/p>\n<p><a href='http:\/\/ski.inmontanis.info\/d\/246854-2\/DSC00124.jpg'><img src=http:\/\/ski.inmontanis.info\/d\/246853-3\/DSC00124.jpg \/><\/a><br \/>\n^ (ehemalige) Talabfahrt; in dem Bereich kam man noch ohne Abschnallen durch (die Bl\u00e4tter \u00fcberdeckten s\u00e4mtliche Steine ;) )<\/p>\n<p><a href='http:\/\/ski.inmontanis.info\/d\/246858-2\/DSC00126.jpg'><img src=http:\/\/ski.inmontanis.info\/d\/246857-3\/DSC00126.jpg \/><\/a><br \/>\n^ Der Paradehang der ehemaligen Talabfahrt<\/p>\n<p><a href='http:\/\/ski.inmontanis.info\/d\/246862-2\/DSC00128.jpg'><img src=http:\/\/ski.inmontanis.info\/d\/246861-3\/DSC00128.jpg \/><\/a><br \/>\n^ .. und von unten<\/p>\n<p><a href='http:\/\/ski.inmontanis.info\/d\/246866-2\/DSC00129.jpg'><img src=http:\/\/ski.inmontanis.info\/d\/246865-3\/DSC00129.jpg \/><\/a><br \/>\n^ .. Gl\u00fcck gehabt, auch hier reicht der Schnee auf dem Skiweg zumeist ..<\/p>\n<p><a href='http:\/\/ski.inmontanis.info\/d\/246870-2\/DSC00130.jpg'><img src=http:\/\/ski.inmontanis.info\/d\/246869-3\/DSC00130.jpg \/><\/a><br \/>\n^ .. bis auf ein paar kurze St\u00fcckchen.<\/p>\n<p><a href='http:\/\/ski.inmontanis.info\/d\/246874-2\/DSC00133.jpg'><img src=http:\/\/ski.inmontanis.info\/d\/246873-3\/DSC00133.jpg \/><\/a><br \/>\n^ Schlusshang der ehemaligen Talabfahrt vor dem Ort<\/p>\n<p><a href='http:\/\/ski.inmontanis.info\/d\/246878-2\/DSC00135.jpg'><img src=http:\/\/ski.inmontanis.info\/d\/246877-3\/DSC00135.jpg \/><\/a><br \/>\n^ F\u00fcr mich war heute hier Ende, ich ging auf der Stra\u00dfe retour.<\/p>\n<p><a href='http:\/\/ski.inmontanis.info\/d\/246882-2\/DSC00136.jpg'><img src=http:\/\/ski.inmontanis.info\/d\/246881-3\/DSC00136.jpg \/><\/a><br \/>\n^ .. da ich nicht wusste, ob man noch \u00fcber die Z\u00e4une kommt. Wobei man hinter dem gro\u00dfen Haus in Bildmitte auch runter zur Stra\u00dfe gekommen w\u00e4re, wie ich dann gesehen hab.<\/p>\n<p>Fazit: Im Prinzip bin ich ganz froh, dass ich Pian Mun\u00e9 heute den Laufpass gegeben haben, denn so toll und abwechslungsreich wie in Crissolo w\u00e4re es wohl in Mune bei weitem nicht gewesen. Extrem schade nur, dass es die n\u00e4chsten Tage bis zum 1.5. nicht so sonnig weiter gehen soll, evtl. etwas weniger warm und man h\u00e4tte vielleicht geniale Firnh\u00e4nge zum 1.5. gehabt. Aber es musste ja Regen und Neuschnee gemeldet sein.<\/p>\n<p>Es gab da ja letztens ein interssantes PDF mit den Projekten in Crissolo, wo auch ausf\u00fchrlich die Geschichte der Liftanlagen aufgef\u00fchrt wurde:<\/p>\n<p>1957 ESL<br \/>\n1959 \u00dcbungs-SL neben der ESL-Bergstation (Visolotto)<br \/>\n1959 Dreieck-SL (Granero)<br \/>\n1962 SL Colletto (\u00e4hnlich\/gleich aktueller SL Ghincia Pastour)<br \/>\n1962 SL Pian Grande (R\u00fcckseitig zu diesem im oberen Teil, k\u00fcrzer als La Sea)<br \/>\n1963 SL I nuovi Piani<br \/>\n1963 SL Le Grotte<br \/>\n1966 SL Parallel (im oberen Bereich des ESL parallel zu diesem)<br \/>\n1974 SL Pra Grant (Pian della Regina, der untere Lift)<br \/>\n1976 SL Le Grotte wird stillgelegt (Reste der Talstation heute noch vorhanden)<br \/>\nirgendwann vor 1979 SL Colletto und Pian Grande werden stillgelegt<br \/>\n1979 SL La Sea (ersetzt SL Pian Grande bis weiter hinunter und stellt die Vebrindung von Pian Regina her)<br \/>\nAnfang der 90er: SL Visolotto, Granero m\u00fcssen wg. fine-vita-tecnica stillgelegt werden, danach ESL und die SL Piani und Parallel<br \/>\n1993 derzeitiger SL Granero Lungo geht in Betrieb<br \/>\n1994 derzeitiger SL Ghincia Pastour geht in Betrieb<br \/>\nsp\u00e4testens 1995 waren wohl nur noch die SL in Betrieb, der ESL fiel ja weg und DSB gab es noch nicht, d.h. man konnte die neuen Lifte wohl einige Jahre nur \u00fcber den Einstieg vom Pian della Regina aus n\u00fctzen<br \/>\n1998 die DSB geht in Betrieb<br \/>\n2004 letztes Betriebsjahr der r\u00fcckseitigen SL La Sea und Pra Grant (fine vita tecnica)<\/p>\n<p>Aktuelles und wohl ziemlich fixes Projekt: Ersatz des SL Granero Lungo auf ggf. etwas versetzter Trasse mit einer (evtl. gebrauchten?) Sesselbahn, die auch im Sommer genutzt werden kann. Ergibt f\u00fcr uns Skifahrer wieder einmal 0 Zusatznutzen. F\u00fcr die anderen Projekte, wie der Ausbau der Talabfahrt, das Einbauen eines talseitigen Einstiegs an der Mittelstation oder der Wiederaufbau des r\u00fcckseitigen H\u00f6hen-SL \u00e0 la Pian Grande \/ Sea bleibt dann nat\u00fcrlich kein Geld mehr \u00fcbrig. <\/p>\n<p>Um 15:30 war ich am Auto und fuhr wieder heim. Leider wieder mit Stau auf der Autobahn bei Sesto Calende, allerdings danach, so dass ich die Ausfahrt und die diagonale Verbindung nach Varese wenigstens staufrei fahren konnte. Im Rheintal ging sich noch eine Portion \u00c4lplermaccaroni aus &#8211; voraussichtlich die letzten bis zum n\u00e4chsten Winter, jetzt reicht&#8217;s aber dann auch. Und aufgrund des momentan g\u00fcnstigen Schweizer Frankens (1,20) hob ich mir in Liechtenstein auch gleich mal ein bisschen mehr ab, falls es n\u00e4chsten Winter wieder teurer wird ;)<\/p>\n<p>\u00dcbern Arlbergpass hab ich noch ein kleines Experiment mit dem Bordcomputer meines Ignis gemacht und da der Tunnel beidseitig auf ca. gleicher H\u00f6he liegt.. \u00dcber&#8217;n Pass hat der Bordcomputer mir 4,5 l \/ 100 km Verbrauch angezeigt. Sp\u00e4ter auf der Autobahn mit konstanten 80 km\/h (testweise, weil man so viel im Arlbergtunnel fahren d\u00fcrfte) w\u00e4ren es 3,3 l \/ 100 km gewesen. Bei ca. 5km Umweg ergibt die Passstra\u00dfe dann also einen errechneten Mehrverbrauch von knapp unter einem halben Liter, sowie eine <= 10 min\u00fctige l\u00e4ngere Fahrzeit und eine Mautersparnis von dzt. 10,- \u20ac, die durch den Mehrverbrauch also um lediglich ca. 50-80 Cent geschm\u00e4lert wird. \n\nDurch das Abendessen an der Autobahnraststation war ich wieder einmal erst gegen 0:30 Uhr oder etwas sp\u00e4ter daheim. Nochmal, f\u00fcr nur so ein 2-t\u00e4giges WE ist mir das auf Dauer doch zu heftig, aber f\u00fcr das verl\u00e4ngerte 1.-Mai-WE war eben das Wetter zu schlecht gemeldet und die beiden Tage gestern in Usseglio und heute in Crissolo waren die Fahrt auf jeden Fall wert, ich hab sie beide mit 4 von 5 Sternen in der App bewertet. \n\n<\/p>\n","protected":false},"excerpt":{"rendered":"<p>Crissolo, 22.4.2018 (Teil 3 und Ende von diesem Wochenendausflug)<\/p>\n<p>F\u00fcr heute war es tats\u00e4chlich eine Qual der Wahl, denn sowohl Pian Mun\u00e9 wie auch Crissolo haben bis 1.5. ge\u00f6ffnet und h\u00e4tte ich gerne besucht, wenn nicht bis n\u00e4chstes bzw. am n\u00e4chsten WE Schlechtwetter und Schneefall gemeldet w\u00e4re. Da ich Crissolo erst letztes Jahr war, wollte <a href=\"http:\/\/blog.inmontanis.info\/?p=4943\">[&#8230;]<\/a><\/p>\n","protected":false},"author":1,"featured_media":0,"comment_status":"closed","ping_status":"closed","sticky":false,"template":"","format":"standard","meta":{"footnotes":""},"categories":[497,15,59,27,81],"tags":[38,91,78,47],"class_list":["post-4943","post","type-post","status-publish","format-standard","hentry","category-crissolo","category-italienitaly","category-nostalgie","category-skifahren-winterskiing-winter","category-kurztrips","tag-dsb","tag-graffer","tag-restschnee","tag-sl","odd"],"_links":{"self":[{"href":"http:\/\/blog.inmontanis.info\/index.php?rest_route=\/wp\/v2\/posts\/4943","targetHints":{"allow":["GET"]}}],"collection":[{"href":"http:\/\/blog.inmontanis.info\/index.php?rest_route=\/wp\/v2\/posts"}],"about":[{"href":"http:\/\/blog.inmontanis.info\/index.php?rest_route=\/wp\/v2\/types\/post"}],"author":[{"embeddable":true,"href":"http:\/\/blog.inmontanis.info\/index.php?rest_route=\/wp\/v2\/users\/1"}],"replies":[{"embeddable":true,"href":"http:\/\/blog.inmontanis.info\/index.php?rest_route=%2Fwp%2Fv2%2Fcomments&post=4943"}],"version-history":[{"count":2,"href":"http:\/\/blog.inmontanis.info\/index.php?rest_route=\/wp\/v2\/posts\/4943\/revisions"}],"predecessor-version":[{"id":4945,"href":"http:\/\/blog.inmontanis.info\/index.php?rest_route=\/wp\/v2\/posts\/4943\/revisions\/4945"}],"wp:attachment":[{"href":"http:\/\/blog.inmontanis.info\/index.php?rest_route=%2Fwp%2Fv2%2Fmedia&parent=4943"}],"wp:term":[{"taxonomy":"category","embeddable":true,"href":"http:\/\/blog.inmontanis.info\/index.php?rest_route=%2Fwp%2Fv2%2Fcategories&post=4943"},{"taxonomy":"post_tag","embeddable":true,"href":"http:\/\/blog.inmontanis.info\/index.php?rest_route=%2Fwp%2Fv2%2Ftags&post=4943"}],"curies":[{"name":"wp","href":"https:\/\/api.w.org\/{rel}","templated":true}]}}