{"id":4938,"date":"2018-04-21T21:34:13","date_gmt":"2018-04-21T19:34:13","guid":{"rendered":"http:\/\/blog.inmontanis.info\/?p=4938"},"modified":"2023-08-04T19:19:25","modified_gmt":"2023-08-04T17:19:25","slug":"colle-del-lis-21-4-2018","status":"publish","type":"post","link":"http:\/\/blog.inmontanis.info\/?p=4938","title":{"rendered":"Colle del Lis, 21.4.2018"},"content":{"rendered":"<p><strong>Colle del Lis, 21.4.2018<\/strong> (Teil 2 von diesem Wochenendausflug)<\/p>\n<p>Danach ging&#8217;s \u00fcber den Colle del Lis, das dortige (ehemalige) Skigebiet besuchen und weiter nach Pinerolo auf einen kurzen Einkauf und ins Hotel.<\/p>\n<p>Am ersten SL vor dem Colle del Lis hatte ich zuf\u00e4llig gemerkt, dass die T\u00fcr zur Antriebsstation offen war &#8211; was ein paar zus\u00e4tzliche Fotos ergab. Am zweiten angefahrenen SL dagegen war ich etwas \u00fcberrascht, dass die Talstation neu gestrichen ist und Geh\u00e4nge am Seil h\u00e4ngen. Lt. sp\u00e4ter angesehenem Sat-Bild wurde der Lift wohl tats\u00e4chlich seit meinem letzten Besuch im Sommer 2007 wieder in Betrieb genommen, das Bild vom 5.3.2014 zeigt eine pr\u00e4parierte Abfahrt. W\u00e4re ja nett, k\u00f6nnte man mal sch\u00f6n mit Usseglio kombinieren. Auch wenn es nat\u00fcrlich schade ist, dass der rechte SL fehlt.<\/p>\n<p><a href='http:\/\/extra.inmontanis.info\/d\/46997-3\/ge20180421-22a.jpg'><img src=http:\/\/extra.inmontanis.info\/d\/46996-4\/ge20180421-22a.jpg \/><\/a><br \/>\n^ B) Colle del Lis \/ Sciovie del Lys<\/p>\n<p><a href='http:\/\/ski.inmontanis.info\/d\/45766-3\/P1180734.JPG'><img src=http:\/\/ski.inmontanis.info\/d\/45764-4\/P1180734.JPG \/><\/a><br \/>\n^ Pistenplan (2007 fotografiert)<\/p>\n<p><a href='http:\/\/ski.inmontanis.info\/d\/246494-2\/DSC09909.jpg'><img src=http:\/\/ski.inmontanis.info\/d\/246493-3\/DSC09909.jpg \/><\/a><br \/>\n^ Fahrt zum Colle del Lis, in Bildmitte das (ehemalige) Skigebiet<\/p>\n<p><a href='http:\/\/ski.inmontanis.info\/d\/246498-2\/DSC09915.jpg'><img src=http:\/\/ski.inmontanis.info\/d\/246497-3\/DSC09915.jpg \/><\/a><br \/>\n^ Ex-SL Cumba mit seinen Abfahrten<\/p>\n<p><a href='http:\/\/ski.inmontanis.info\/d\/246502-2\/DSC09918.jpg'><img src=http:\/\/ski.inmontanis.info\/d\/246501-3\/DSC09918.jpg \/><\/a><br \/>\n^ Ex-SL Cumba<\/p>\n<p><a href='http:\/\/ski.inmontanis.info\/d\/246506-2\/DSC09922.jpg'><img src=http:\/\/ski.inmontanis.info\/d\/246505-3\/DSC09922.jpg \/><\/a><br \/>\n^ Ex-SL Cumba<\/p>\n<p><a href='http:\/\/ski.inmontanis.info\/d\/246510-2\/DSC09923.jpg'><img src=http:\/\/ski.inmontanis.info\/d\/246509-3\/DSC09923.jpg \/><\/a><br \/>\n^ Ex-SL Cumba, auch schon recht verwachsen mittlerweile<\/p>\n<p><a href='http:\/\/ski.inmontanis.info\/d\/246514-2\/DSC09926.jpg'><img src=http:\/\/ski.inmontanis.info\/d\/246513-3\/DSC09926.jpg \/><\/a><br \/>\n^ Ex-SL Cumba<\/p>\n<p><a href='http:\/\/ski.inmontanis.info\/d\/246518-2\/DSC09937.jpg'><img src=http:\/\/ski.inmontanis.info\/d\/246517-3\/DSC09937.jpg \/><\/a><br \/>\n^ Ex-SL Cumba<\/p>\n<p><a href='http:\/\/ski.inmontanis.info\/d\/246522-2\/DSC09939.jpg'><img src=http:\/\/ski.inmontanis.info\/d\/246521-3\/DSC09939.jpg \/><\/a><br \/>\n^ Ex-SL Cumba<\/p>\n<p><a href='http:\/\/ski.inmontanis.info\/d\/246526-2\/DSC09940.jpg'><img src=http:\/\/ski.inmontanis.info\/d\/246525-3\/DSC09940.jpg \/><\/a><br \/>\n^ Ex-SL Cumba<\/p>\n<p><a href='http:\/\/ski.inmontanis.info\/d\/246530-2\/DSC09941.jpg'><img src=http:\/\/ski.inmontanis.info\/d\/246529-3\/DSC09941.jpg \/><\/a><br \/>\n^ Ex-SL Cumba<\/p>\n<p><a href='http:\/\/ski.inmontanis.info\/d\/246534-2\/DSC09942.jpg'><img src=http:\/\/ski.inmontanis.info\/d\/246533-3\/DSC09942.jpg \/><\/a><br \/>\n^ Ex-SL Cumba<\/p>\n<p><a href='http:\/\/ski.inmontanis.info\/d\/246538-2\/DSC09944.jpg'><img src=http:\/\/ski.inmontanis.info\/d\/246537-3\/DSC09944.jpg \/><\/a><br \/>\n^ Ex-SL Cumba, ggf. sein letztes Betriebsjahr<\/p>\n<p><a href='http:\/\/ski.inmontanis.info\/d\/246542-2\/DSC09945.jpg'><img src=http:\/\/ski.inmontanis.info\/d\/246541-3\/DSC09945.jpg \/><\/a><br \/>\n^ Ex-SL Cumba<\/p>\n<p><a href='http:\/\/ski.inmontanis.info\/d\/246546-2\/DSC09946.jpg'><img src=http:\/\/ski.inmontanis.info\/d\/246545-3\/DSC09946.jpg \/><\/a><br \/>\n^ Ex-SL Cumba<\/p>\n<p><a href='http:\/\/ski.inmontanis.info\/d\/246550-2\/DSC09950.jpg'><img src=http:\/\/ski.inmontanis.info\/d\/246549-3\/DSC09950.jpg \/><\/a><br \/>\n^ Ex-SL Cumba<\/p>\n<p><a href='http:\/\/ski.inmontanis.info\/d\/246554-2\/DSC09948.jpg'><img src=http:\/\/ski.inmontanis.info\/d\/246553-3\/DSC09948.jpg \/><\/a><br \/>\n^ Ex-SL Cumba<\/p>\n<p><a href='http:\/\/ski.inmontanis.info\/d\/246558-2\/DSC09949.jpg'><img src=http:\/\/ski.inmontanis.info\/d\/246557-3\/DSC09949.jpg \/><\/a><br \/>\n^ Ex-SL Cumba<\/p>\n<p><a href='http:\/\/ski.inmontanis.info\/d\/246562-2\/DSC09951.jpg'><img src=http:\/\/ski.inmontanis.info\/d\/246561-3\/DSC09951.jpg \/><\/a><br \/>\n^ Ex-SL Cumba<\/p>\n<p><a href='http:\/\/ski.inmontanis.info\/d\/246566-2\/DSC09954.jpg'><img src=http:\/\/ski.inmontanis.info\/d\/246565-3\/DSC09954.jpg \/><\/a><br \/>\n^ Ex-SL Cumba<\/p>\n<p><a href='http:\/\/ski.inmontanis.info\/d\/246570-2\/DSC09955.jpg'><img src=http:\/\/ski.inmontanis.info\/d\/246569-3\/DSC09955.jpg \/><\/a><br \/>\n^ Ex-SL Cumba<\/p>\n<p><a href='http:\/\/ski.inmontanis.info\/d\/246574-2\/DSC09957.jpg'><img src=http:\/\/ski.inmontanis.info\/d\/246573-3\/DSC09957.jpg \/><\/a><br \/>\n^ Am SL Belvedere eine kleine \u00dcberraschung: Der wurde tats\u00e4chlich seit 2007 renoviert und sp\u00e4ter lt. Sat-Bild wieder in Betrieb genommen!<\/p>\n<p><a href='http:\/\/ski.inmontanis.info\/d\/246578-2\/DSC09958.jpg'><img src=http:\/\/ski.inmontanis.info\/d\/246577-3\/DSC09958.jpg \/><\/a><br \/>\n^ SL Belvedere<\/p>\n<p><a href='http:\/\/ski.inmontanis.info\/d\/246582-2\/DSC09959.jpg'><img src=http:\/\/ski.inmontanis.info\/d\/246581-3\/DSC09959.jpg \/><\/a><br \/>\n^ SL Belvedere<\/p>\n<p><a href='http:\/\/ski.inmontanis.info\/d\/246586-2\/DSC09961.jpg'><img src=http:\/\/ski.inmontanis.info\/d\/246585-3\/DSC09961.jpg \/><\/a><br \/>\n^ Ex-SL Betulla<\/p>\n<p><a href='http:\/\/ski.inmontanis.info\/d\/246590-2\/DSC09962.jpg'><img src=http:\/\/ski.inmontanis.info\/d\/246589-3\/DSC09962.jpg \/><\/a><br \/>\n^ Ex-SL Betulla<\/p>\n<p><a href='http:\/\/ski.inmontanis.info\/d\/246594-2\/DSC09964.jpg'><img src=http:\/\/ski.inmontanis.info\/d\/246593-3\/DSC09964.jpg \/><\/a><br \/>\n^ Ex-SL Betulla<\/p>\n<p><a href='http:\/\/ski.inmontanis.info\/d\/246598-2\/DSC09967.jpg'><img src=http:\/\/ski.inmontanis.info\/d\/246597-3\/DSC09967.jpg \/><\/a><br \/>\n^ SL Belvedere<\/p>\n<p>Einquartiert hatte ich mich in einem Hotel in Pinerolo, wo ich vor ein paar Jahren schon mal f\u00fcr eine Nacht war. Die hatten via booking insofern ein g\u00fcnstiges Angebot, dass die \u00dcbernachtung um 39,- \u20ac ohne Fr\u00fchst\u00fcck (11,- Aufpreis, n\u00f6 danke) zu haben war. Auf dieses wollte ich verzichten, um morgen um 7 Uhr los zu kommen, um gegen 8-8:30 in Pian Mune zu sein. Leider war das Hotel heute ein ziemlicher Reinfall, weil:<br \/>\n&#8211; Klimaanlage im Zimmer ohne Funktion und es hatte lt. Thermometer im Zimmer 30\u00b0 (S\u00fcdseite, Sonne bis zum Sonnenuntergang, Jalousie kann man nur runterziehen, wenn das Fenster fast komplett geschlossen ist)<br \/>\n&#8211; au\u00dferdem ging das Wlan\/Internet nicht (irgendein Problem momentan) und das Restaurant ist auch gschlossen (obwohl etliche G\u00e4ste da sind). Ok, im Haus nebendran ist eine kleine Pizzeria, die hatte bis zu den ganzen Platzreservierungen um 8 Uhr was f\u00fcr mich frei..<\/p>\n<p><a href='http:\/\/extra.inmontanis.info\/d\/47001-2\/DSC09974.jpg'><img src=http:\/\/extra.inmontanis.info\/d\/47000-3\/DSC09974.jpg \/><\/a><br \/>\n^ Heutiges Hotelzimmer<\/p>\n<p><a href='http:\/\/extra.inmontanis.info\/d\/47005-2\/DSC09975.jpg'><img src=http:\/\/extra.inmontanis.info\/d\/47004-3\/DSC09975.jpg \/><\/a><br \/>\n^ Hotel-Pano<\/p>\n<p><a href='http:\/\/extra.inmontanis.info\/d\/47025-2\/IMG_4569.jpg'><img src=http:\/\/extra.inmontanis.info\/d\/47024-3\/IMG_4569.jpg \/><\/a><br \/>\n^ Pizza mit Salsiccia, W\u00fcrstel und f\u00fcr mich etwas zu scharfer Salami<\/p>\n<p><a href='http:\/\/extra.inmontanis.info\/d\/47009-2\/DSC09978.jpg'><img src=http:\/\/extra.inmontanis.info\/d\/47008-3\/DSC09978.jpg \/><\/a><br \/>\n^ n\u00e4chtliches Hotel-Pano<\/p>\n<p><a href='http:\/\/extra.inmontanis.info\/d\/47013-2\/DSC09979.jpg'><img src=http:\/\/extra.inmontanis.info\/d\/47012-3\/DSC09979.jpg \/><\/a><br \/>\n^ n\u00e4chtliches Hotel-Pano<\/p>\n<p><a href='http:\/\/extra.inmontanis.info\/d\/47017-2\/DSC09985.jpg'><img src=http:\/\/extra.inmontanis.info\/d\/47016-3\/DSC09985.jpg \/><\/a><br \/>\n^ n\u00e4chtliches Hotel-Pano (10s)<\/p>\n<p><a href='http:\/\/extra.inmontanis.info\/d\/47021-2\/IMG_4568.jpg'><img src=http:\/\/extra.inmontanis.info\/d\/47020-3\/IMG_4568.jpg \/><\/a><br \/>\n^ Leicht kuriose Uhrenauswahl, Turin OK, London OK, New York OK, aber wieso Almaty\/Kasachstan?<\/p>\n<p>(Fortsetzung folgt.)<\/p>\n","protected":false},"excerpt":{"rendered":"<p>Colle del Lis, 21.4.2018 (Teil 2 von diesem Wochenendausflug)<\/p>\n<p>Danach ging&#8217;s \u00fcber den Colle del Lis, das dortige (ehemalige) Skigebiet besuchen und weiter nach Pinerolo auf einen kurzen Einkauf und ins Hotel.<\/p>\n<p>Am ersten SL vor dem Colle del Lis hatte ich zuf\u00e4llig gemerkt, dass die T\u00fcr zur Antriebsstation offen war &#8211; was ein paar <a href=\"http:\/\/blog.inmontanis.info\/?p=4938\">[&#8230;]<\/a><\/p>\n","protected":false},"author":1,"featured_media":0,"comment_status":"closed","ping_status":"closed","sticky":false,"template":"","format":"standard","meta":{"footnotes":""},"categories":[547,15,32,81],"tags":[91,100,47],"class_list":["post-4938","post","type-post","status-publish","format-standard","hentry","category-colle-del-lis-lys","category-italienitaly","category-lostplaces","category-kurztrips","tag-graffer","tag-langzeitbelichtung","tag-sl","odd"],"_links":{"self":[{"href":"http:\/\/blog.inmontanis.info\/index.php?rest_route=\/wp\/v2\/posts\/4938","targetHints":{"allow":["GET"]}}],"collection":[{"href":"http:\/\/blog.inmontanis.info\/index.php?rest_route=\/wp\/v2\/posts"}],"about":[{"href":"http:\/\/blog.inmontanis.info\/index.php?rest_route=\/wp\/v2\/types\/post"}],"author":[{"embeddable":true,"href":"http:\/\/blog.inmontanis.info\/index.php?rest_route=\/wp\/v2\/users\/1"}],"replies":[{"embeddable":true,"href":"http:\/\/blog.inmontanis.info\/index.php?rest_route=%2Fwp%2Fv2%2Fcomments&post=4938"}],"version-history":[{"count":2,"href":"http:\/\/blog.inmontanis.info\/index.php?rest_route=\/wp\/v2\/posts\/4938\/revisions"}],"predecessor-version":[{"id":4940,"href":"http:\/\/blog.inmontanis.info\/index.php?rest_route=\/wp\/v2\/posts\/4938\/revisions\/4940"}],"wp:attachment":[{"href":"http:\/\/blog.inmontanis.info\/index.php?rest_route=%2Fwp%2Fv2%2Fmedia&parent=4938"}],"wp:term":[{"taxonomy":"category","embeddable":true,"href":"http:\/\/blog.inmontanis.info\/index.php?rest_route=%2Fwp%2Fv2%2Fcategories&post=4938"},{"taxonomy":"post_tag","embeddable":true,"href":"http:\/\/blog.inmontanis.info\/index.php?rest_route=%2Fwp%2Fv2%2Ftags&post=4938"}],"curies":[{"name":"wp","href":"https:\/\/api.w.org\/{rel}","templated":true}]}}