{"id":4925,"date":"2018-04-16T18:47:38","date_gmt":"2018-04-16T16:47:38","guid":{"rendered":"http:\/\/blog.inmontanis.info\/?p=4925"},"modified":"2023-07-31T18:07:32","modified_gmt":"2023-07-31T16:07:32","slug":"semnoz-clusaz-16-4-2018","status":"publish","type":"post","link":"http:\/\/blog.inmontanis.info\/?p=4925","title":{"rendered":"Semnoz &#038; Clusaz, 16.4.2018"},"content":{"rendered":"<p>Le Semnoz &#038; La Clusaz, 16.4.2018 (Tag 3)<\/p>\n<p>Tja, der heutige Tag war leider ein Griff ins Klo. Wie schon gesagt, entschied ich mich ja gestern f\u00fcr Karellis und somit blieb Semnoz heute \u00fcbrig. Das hatte mir ganz gut gefallen bei meinem ersten Kurzbesuch vor ein paar Jahren und es sollte noch fast alles offen sein lt. Website. Auf dem Weg richtung Annecy gab&#8217;s 20 Minuten Stau wg. einer Baustelle. Als ich mir den g\u00fcnstigen 3 oder 4 Stunden Pass auf die alte Keycard laden lie\u00df, hatte die Kassiererin glaub ich sogar noch erw\u00e4hnt, dass beide Seiten offen w\u00e4ren. Waren sie aber nicht. Es war nur die langweilige vordere Seite ge\u00f6ffnet (au\u00dfer dem Kurven-KSSL, der mir lieber gewesen w\u00e4re als die 4SB). Dazu noch Pappschnee weil Neuschnee, dass man nicht mal zum Einstieg der 4SB kam ohne zu schieben. <\/p>\n<p>Gegen 10:30 Uhr hatte ich die Schnauze voll, die R\u00fcckseite blieb geschlossen und ich hab somit ein neues Skigebiet auf meiner Sperrliste. Damit ich hier auch ja nicht wieder herkomme, hab ich die Keycard (die ich letztes Mal kaufen musste und seither &#8211; bis auf heute &#8211; unbenutzt bei jedem Skitag mitgeschleppt hatte) gleich mal vernichtet.<\/p>\n<p><a href='http:\/\/ski.inmontanis.info\/d\/246186-2\/DSC09706.jpg'><img src=http:\/\/ski.inmontanis.info\/d\/246185-3\/DSC09706.jpg \/><\/a><br \/>\n^ g\u00fcnstige Skip\u00e4sse &#8211; keine Tageskarten, nur Stundenkarten, z.B. maximal 8h 10,70 (Mo\/Di\/Do\/Fr au\u00dferhalb der Ferien) bzw. 15,20<\/p>\n<p><a href='http:\/\/ski.inmontanis.info\/d\/246190-2\/DSC09707.jpg'><img src=http:\/\/ski.inmontanis.info\/d\/246189-3\/DSC09707.jpg \/><\/a><br \/>\n^ Vorderseite<\/p>\n<p><a href='http:\/\/ski.inmontanis.info\/d\/246194-2\/DSC09708.jpg'><img src=http:\/\/ski.inmontanis.info\/d\/246193-3\/DSC09708.jpg \/><\/a><br \/>\n^ Einziger heute ge\u00f6ffneter KSSL<\/p>\n<p><a href='http:\/\/ski.inmontanis.info\/d\/246198-2\/DSC09711.jpg'><img src=http:\/\/ski.inmontanis.info\/d\/246197-3\/DSC09711.jpg \/><\/a><br \/>\n^ Einziger heute ge\u00f6ffneter KSSL<\/p>\n<p><a href='http:\/\/ski.inmontanis.info\/d\/246202-2\/DSC09715.jpg'><img src=http:\/\/ski.inmontanis.info\/d\/246201-3\/DSC09715.jpg \/><\/a><br \/>\n^ Blick zur linken Au\u00dfenrumabfahrt der 4SB<\/p>\n<p><a href='http:\/\/ski.inmontanis.info\/d\/246206-2\/DSC09719.jpg'><img src=http:\/\/ski.inmontanis.info\/d\/246205-3\/DSC09719.jpg \/><\/a><br \/>\n^ Linke Au\u00dfenrumabfahrt der 4SB<\/p>\n<p><a href='http:\/\/ski.inmontanis.info\/d\/246210-2\/DSC09723.jpg'><img src=http:\/\/ski.inmontanis.info\/d\/246209-3\/DSC09723.jpg \/><\/a><br \/>\n^ An der (vorderen) 4SB k\u00f6nnte man auch ein paar steilere Abfahrten machen, aber n\u00f6\u00f6\u00f6..<\/p>\n<p><a href='http:\/\/ski.inmontanis.info\/d\/246214-2\/DSC09725.jpg'><img src=http:\/\/ski.inmontanis.info\/d\/246213-3\/DSC09725.jpg \/><\/a><br \/>\n^ Wehm\u00fctiger Blick zur interessanteren R\u00fcckseite mit der zweiten 4SB und dahinter einem SL. Bei meinem letzten Besuch war es noch ein KSSL, auf der Webcam sieht es mittlerweile nach SL aus, leider.<\/p>\n<p><a href='http:\/\/ski.inmontanis.info\/d\/246218-2\/DSC09726.jpg'><img src=http:\/\/ski.inmontanis.info\/d\/246217-3\/DSC09726.jpg \/><\/a><br \/>\n^ Der zur vorderen 4SB halb parallele KSSL war heute leider auch nicht offen<\/p>\n<p><a href='http:\/\/ski.inmontanis.info\/d\/246222-2\/DSC09727.jpg'><img src=http:\/\/ski.inmontanis.info\/d\/246221-3\/DSC09727.jpg \/><\/a><br \/>\n^ Die R\u00fcckseite blieb leider gesperrt. Nerv.<\/p>\n<p><a href='http:\/\/ski.inmontanis.info\/d\/246226-2\/DSC09729.jpg'><img src=http:\/\/ski.inmontanis.info\/d\/246225-3\/DSC09729.jpg \/><\/a><br \/>\n^ Durch den Bremsschnee (Neuschnee!) kam man nicht mal zur Talstation der 4SB ohne zu schieben. Also, zur Talstation schon, aber nicht zum Eingang.<\/p>\n<p><a href='http:\/\/ski.inmontanis.info\/d\/246230-2\/ge20180416a.jpg'><img src=http:\/\/ski.inmontanis.info\/d\/246229-3\/ge20180416a.jpg \/><\/a><br \/>\n^ GPS-Track 16.4.2018 in Gelb, vorheriger Besuch in Blau<\/p>\n<p>Alternatives Skigebiet f\u00fcr heute war La Clusaz. Da ging die Nerverei weiter. Ungen\u00fcgende Beschilderung, ein Finden von Parkpl\u00e4tzen und Liftstationen schwierig &#8211; bin dann zur KDSB weiter, die aber nicht lief. Oder irgendwie doch, vmtl. nur auf Abruf. Aber die Abfahrt war auch nicht mehr offen. Also zum linken Teil, aber an der Kombibahn waren nur kostenpflichtige Parkpl\u00e4tze. Dann weiter bis ganz hinten zum Balme-Sektor, da hat&#8217;s gratis Parkpl\u00e4tze. Dort der n\u00e4chste D\u00e4mpfer, die Verbindungsbahn zum vorderen Teil war nicht offen, angeblich wg. Lawinengefahr gesperrt. Die leichten Verbindungsskiwege w\u00e4ren zwar noch offen, aber ob man sich darauf verlassen sollte, dass sie das bis zum Schluss blieben? F\u00fcr Skibusse hab ich heut keine Zeit.<\/p>\n<p>Na gut, mit der EUB in den Balme-Sektor rauf, dort nat\u00fcrlich nur extrem pappigen Neuschnee vorgefunden und bald wieder zum Auto und wieder vor gefahren. Am \u00dcbungslift nahe der Kombibahn schien es ein paar kostenlose Parkpl\u00e4tze zu geben, gut. Hier und da noch ein bisschen was abgefahren, mehr oder weniger pappig. <\/p>\n<p><a href='http:\/\/ski.inmontanis.info\/d\/246234-2\/DSC09733.jpg'><img src=http:\/\/ski.inmontanis.info\/d\/246233-3\/DSC09733.jpg \/><\/a><br \/>\n^ EUB La Balme; die rechten Abfahrten waren wg. Lawinengefahr gesperrt<\/p>\n<p><a href='http:\/\/ski.inmontanis.info\/d\/246238-2\/DSC09734.jpg'><img src=http:\/\/ski.inmontanis.info\/d\/246237-3\/DSC09734.jpg \/><\/a><br \/>\n^ 4SB Col de Balme; die gleichen schei\u00df Matten am Einstieg wie in La Plagne.<\/p>\n<p><a href='http:\/\/ski.inmontanis.info\/d\/246242-2\/DSC09735.jpg'><img src=http:\/\/ski.inmontanis.info\/d\/246241-3\/DSC09735.jpg \/><\/a><br \/>\n^ 4SB Col de Balme \/ 3SB Bergerie<\/p>\n<p><a href='http:\/\/ski.inmontanis.info\/d\/246246-2\/DSC09738.jpg'><img src=http:\/\/ski.inmontanis.info\/d\/246245-3\/DSC09738.jpg \/><\/a><br \/>\n^ 4SB Col de Balme<\/p>\n<p><a href='http:\/\/ski.inmontanis.info\/d\/246250-2\/DSC09741.jpg'><img src=http:\/\/ski.inmontanis.info\/d\/246249-3\/DSC09741.jpg \/><\/a><br \/>\n^ SL Torchere, Pappschnee ohne Ende.<\/p>\n<p><a href='http:\/\/ski.inmontanis.info\/d\/246254-2\/DSC09746.jpg'><img src=http:\/\/ski.inmontanis.info\/d\/246253-3\/DSC09746.jpg \/><\/a><br \/>\n^ \u00dcbungslifte, dort unten gibt&#8217;s anscheinend ein paar wenige kostenlose Parkpl\u00e4tze<\/p>\n<p><a href='http:\/\/ski.inmontanis.info\/d\/246258-2\/DSC09747.jpg'><img src=http:\/\/ski.inmontanis.info\/d\/246257-3\/DSC09747.jpg \/><\/a><br \/>\n^ Kombibahn Bossonnet. Heut war&#8217;s so warm, dass ich tats\u00e4chlich mal den Sessel genommen hatte ;)<\/p>\n<p><a href='http:\/\/ski.inmontanis.info\/d\/246262-2\/DSC09749.jpg'><img src=http:\/\/ski.inmontanis.info\/d\/246261-3\/DSC09749.jpg \/><\/a><br \/>\n^ Kombibahn Bossonnet. Links die KSSL mit der Stade-Abfahrt, da gab&#8217;s heut den besten Schnee<\/p>\n<p><a href='http:\/\/ski.inmontanis.info\/d\/246266-2\/DSC09753.jpg'><img src=http:\/\/ski.inmontanis.info\/d\/246265-3\/DSC09753.jpg \/><\/a><br \/>\n^ 4SB Aiguille, bin ich nicht gefahren (wohl eh nur Pappschnee oben), aber der rechte KSSL Jument lief auch, da wars noch OK.)<\/p>\n<p><a href='http:\/\/ski.inmontanis.info\/d\/246270-2\/DSC09756.jpg'><img src=http:\/\/ski.inmontanis.info\/d\/246269-3\/DSC09756.jpg \/><\/a><br \/>\n^ 6KSB Cret du Merle<\/p>\n<p><a href='http:\/\/ski.inmontanis.info\/d\/246274-2\/DSC09757.jpg'><img src=http:\/\/ski.inmontanis.info\/d\/246273-3\/DSC09757.jpg \/><\/a><br \/>\n^ La Patinoire \/ Beauregard<\/p>\n<p><a href='http:\/\/ski.inmontanis.info\/d\/246278-2\/DSC09758.jpg'><img src=http:\/\/ski.inmontanis.info\/d\/246277-3\/DSC09758.jpg \/><\/a><br \/>\n^ Beauregard, die SL lie\u00df ich aus, aber den KSSL nahm ich noch mit ..<\/p>\n<p><a href='http:\/\/ski.inmontanis.info\/d\/246282-2\/DSC09759.jpg'><img src=http:\/\/ski.inmontanis.info\/d\/246281-3\/DSC09759.jpg \/><\/a><br \/>\n^ KSSL Aiglons<\/p>\n<p><a href='http:\/\/ski.inmontanis.info\/d\/246286-2\/DSC09761.jpg'><img src=http:\/\/ski.inmontanis.info\/d\/246285-3\/DSC09761.jpg \/><\/a><br \/>\n^ Abfahrt an der Beauregard-EUB und Blick ins Aiguille\/Balme-Gebiet<\/p>\n<p><a href='http:\/\/ski.inmontanis.info\/d\/246290-2\/DSC09763.jpg'><img src=http:\/\/ski.inmontanis.info\/d\/246289-3\/DSC09763.jpg \/><\/a><br \/>\n^ Um zur\u00fcck zum \u00dcbungslift und meinem Auto zu gelangen, musste ich ein bisschen Restschneefelder queren<\/p>\n<p><a href='http:\/\/ski.inmontanis.info\/d\/246294-2\/ge20180416c.jpg'><img src=http:\/\/ski.inmontanis.info\/d\/246293-3\/ge20180416c.jpg \/><\/a><br \/>\n^ GPS-Track 16.4.2018 in Gelb (inkl der Autofahrt zwischen den Parkpl\u00e4tzen), vorheriger Besuch in Blau<\/p>\n<p>Also .. auf den Urlaubstag heute h\u00e4tte ich verzichten k\u00f6nnen und w\u00e4r besser gleich gestern Abend wieder heim. Auf dem R\u00fcckweg noch in einem Carrefour eingekauft und dann heim gefahren. Gegen 17:45 Uhr sah ich auf der Gegenfahrbahn der Autobahn viele km Stau in der Schweiz vor der Grenze zu Frankreich. Ich hatte zum Gl\u00fcck nur  bei Lausanne ein kurzes St\u00fcck stockenden Verkehr, ansonsten ging es ohne Zwischenf\u00e4lle. Erstaunlich, wie wenig LKWs auf den schweizer Autobahnen unter der Woche unterwegs sind. Im Rheintal ging sich um 21:45 noch eine Portion \u00c4lplermaccaroni aus. Um 0:45 Uhr war ich dann wieder daheim, \u00fcbrigens genau die Zeit, wo ich am Samstag Morgen aufgestanden bin..<\/p>\n<p><a href='http:\/\/extra.inmontanis.info\/d\/46993-2\/ge20180414-16.jpg'><img src=http:\/\/extra.inmontanis.info\/d\/46992-3\/ge20180414-16.jpg \/><\/a><br \/>\n^ Strecke 14.-16.4.2018<br \/>\nA) La Plagne<br \/>\nB) Les Karellis<br \/>\nC) Le Semnoz<br \/>\nD) La Clusaz<\/p>\n","protected":false},"excerpt":{"rendered":"<p>Le Semnoz &#038; La Clusaz, 16.4.2018 (Tag 3)<\/p>\n<p>Tja, der heutige Tag war leider ein Griff ins Klo. Wie schon gesagt, entschied ich mich ja gestern f\u00fcr Karellis und somit blieb Semnoz heute \u00fcbrig. Das hatte mir ganz gut gefallen bei meinem ersten Kurzbesuch vor ein paar Jahren und es sollte noch fast alles offen <a href=\"http:\/\/blog.inmontanis.info\/?p=4925\">[&#8230;]<\/a><\/p>\n","protected":false},"author":1,"featured_media":0,"comment_status":"closed","ping_status":"closed","sticky":false,"template":"","format":"standard","meta":{"footnotes":""},"categories":[243,16,333,27,81],"tags":[49,56,48,47],"class_list":["post-4925","post","type-post","status-publish","format-standard","hentry","category-clusaz","category-france","category-semnoz","category-skifahren-winterskiing-winter","category-kurztrips","tag-4sb","tag-6sb","tag-kssl","tag-sl","odd"],"_links":{"self":[{"href":"http:\/\/blog.inmontanis.info\/index.php?rest_route=\/wp\/v2\/posts\/4925","targetHints":{"allow":["GET"]}}],"collection":[{"href":"http:\/\/blog.inmontanis.info\/index.php?rest_route=\/wp\/v2\/posts"}],"about":[{"href":"http:\/\/blog.inmontanis.info\/index.php?rest_route=\/wp\/v2\/types\/post"}],"author":[{"embeddable":true,"href":"http:\/\/blog.inmontanis.info\/index.php?rest_route=\/wp\/v2\/users\/1"}],"replies":[{"embeddable":true,"href":"http:\/\/blog.inmontanis.info\/index.php?rest_route=%2Fwp%2Fv2%2Fcomments&post=4925"}],"version-history":[{"count":4,"href":"http:\/\/blog.inmontanis.info\/index.php?rest_route=\/wp\/v2\/posts\/4925\/revisions"}],"predecessor-version":[{"id":4928,"href":"http:\/\/blog.inmontanis.info\/index.php?rest_route=\/wp\/v2\/posts\/4925\/revisions\/4928"}],"wp:attachment":[{"href":"http:\/\/blog.inmontanis.info\/index.php?rest_route=%2Fwp%2Fv2%2Fmedia&parent=4925"}],"wp:term":[{"taxonomy":"category","embeddable":true,"href":"http:\/\/blog.inmontanis.info\/index.php?rest_route=%2Fwp%2Fv2%2Fcategories&post=4925"},{"taxonomy":"post_tag","embeddable":true,"href":"http:\/\/blog.inmontanis.info\/index.php?rest_route=%2Fwp%2Fv2%2Ftags&post=4925"}],"curies":[{"name":"wp","href":"https:\/\/api.w.org\/{rel}","templated":true}]}}