{"id":4914,"date":"2018-04-14T07:07:05","date_gmt":"2018-04-14T05:07:05","guid":{"rendered":"http:\/\/blog.inmontanis.info\/?p=4914"},"modified":"2023-07-30T21:48:48","modified_gmt":"2023-07-30T19:48:48","slug":"la-plagne-14-4-2018","status":"publish","type":"post","link":"http:\/\/blog.inmontanis.info\/?p=4914","title":{"rendered":"La Plagne, 14.4.2018"},"content":{"rendered":"<p>La Plagne, 14.4.2018 (Tag 1)<\/p>\n<p>Das Wetter sollte f\u00fcr dieses WE so halbwegs sonnig werden und wer wei\u00df, wie es die n\u00e4chsten wird &#8211; also nahm ich mir am Montag frei und fuhr nochmals 3 Tage nach Frankreich. La Plagne hat, wie schon in den letzten Jahren (und wie manch andere Skigebiete), einen g\u00fcnstigen Samstags-Skipass, wenn man ihn online kauft, das wollte ich heute ausn\u00fctzen (30,- \u20ac). Schwerpunkt sollte nochmal die alte 6EUB zum Gletscher, bevor sie nun bald ersetzt wird, sowie alles, was ich letztes mal nicht gefahren bin \/ nicht fahren konnte sein.<\/p>\n<p>Obwohl ich die letzten Tage meine Schlafzeit etwas angepasst hatte, konnte ich gestern nicht ganz so fr\u00fch einschlafen, wie gewollt, aber f\u00fcr ein paar Stunden Schlaf hatte es dann doch gereicht, bevor ich heute um 0:45 Uhr aufstehen musste, damit ich um 1:15 los kam und gegen 9:15 in La Plagne ankam. Auf dem Weg hab ich noch ein g\u00fcnstiges, belegtes 30cm-Baguette mitgenommen, das mir dann auch als Mittagessen gereicht hatte.<\/p>\n<p>Eingestiegen bin ich wieder an der Roche-6KSB, was ich nachmittags aber nicht optimal fand, denn in den anderen Randsektoren Montchavin bzw. Montalbert h\u00e4tte man den Tag wohl besser mit diversen Abfahrten ausklingen lassen k\u00f6nnen. Leider waren die schwarzen Abfahrten links vom Gletscher nicht offen, weder zu Mittag, noch sp\u00e4ter. Zum Gl\u00fcck bin ich gegen Mittag zum Gletscher rauf, denn die 4SB war heute nur bis 13 Uhr in Betrieb. Allerdings war&#8217;s zu der Zeit wetterm\u00e4\u00dfig nicht besonders, es schneite sogar leicht.<\/p>\n<p>Leider haben sie sich im ganzen Skigebiet was ganz besonders nerviges einfallen lassen &#8211; an jedem Sessel- und jedem Schlepplift sind nun zwischen Skipass-Drehkreuz und Einstiegs-Schranke Plastikmatten, die t\u00e4glich vom Schnee befreit werden. Auf Skibelag und wenn trocken = nicht rutschig. Also kann man nur langsam vorlaufen .. Zudem sind fast alle Sessel mit Kindersicherung versehen und sie kommen sehr tief (so 20cm \u00fcber dem Boden). Eigentlich ist das Skigbebiet ja ganz nett, aber das nervige Zeug da .. da werd ich wohl ein paar Jahre verstreichen lassen vor meinem n\u00e4chsten Besuch.<\/p>\n<p>(Fotos anklicken zum Vergr\u00f6\u00dfern)<\/p>\n<p><a href='http:\/\/ski.inmontanis.info\/d\/245654-2\/DSC09332.jpg'><img src=http:\/\/ski.inmontanis.info\/d\/245653-3\/DSC09332.jpg \/><\/a><br \/>\n^ Aime<\/p>\n<p><a href='http:\/\/ski.inmontanis.info\/d\/245658-2\/DSC09337.jpg'><img src=http:\/\/ski.inmontanis.info\/d\/245657-3\/DSC09337.jpg \/><\/a><br \/>\n^ Plagne Aime 2000 \/ 6KSB Roche; der KSSL war leider nicht in Betrieb<\/p>\n<p><a href='http:\/\/ski.inmontanis.info\/d\/245662-2\/DSC09342.jpg'><img src=http:\/\/ski.inmontanis.info\/d\/245661-3\/DSC09342.jpg \/><\/a><br \/>\n^ 4SB Adrets, die schwarzen Abfahrten da hinten im Tal konnte ich heute nicht mehr fahren<\/p>\n<p><a href='http:\/\/ski.inmontanis.info\/d\/245666-2\/DSC09345.jpg'><img src=http:\/\/ski.inmontanis.info\/d\/245665-3\/DSC09345.jpg \/><\/a><br \/>\n^ Eine der Waldabfahrten in Montalbert; sah von der Stra\u00dfe recht nett aus, war nur leider nicht pr\u00e4pariert und trotz \u00f6stlicher Ausrichtung noch zu hart<\/p>\n<p><a href='http:\/\/ski.inmontanis.info\/d\/245670-2\/DSC09347.jpg'><img src=http:\/\/ski.inmontanis.info\/d\/245669-3\/DSC09347.jpg \/><\/a><br \/>\n^ 6KSB Envers vom deutschen Hersteller LST<\/p>\n<p><a href='http:\/\/ski.inmontanis.info\/d\/245674-2\/DSC09348.jpg'><img src=http:\/\/ski.inmontanis.info\/d\/245673-3\/DSC09348.jpg \/><\/a><br \/>\n^ .. hat links und rechts au\u00dfen Mini-Fu\u00dfraster, die aber wesentlich besser sind als die anderer Hersteller<\/p>\n<p><a href='http:\/\/ski.inmontanis.info\/d\/245678-2\/DSC09350.jpg'><img src=http:\/\/ski.inmontanis.info\/d\/245677-3\/DSC09350.jpg \/><\/a><br \/>\n^ 6KSB Envers mit interessantem Sessel-Design<\/p>\n<p><a href='http:\/\/ski.inmontanis.info\/d\/245682-2\/DSC09352.jpg'><img src=http:\/\/ski.inmontanis.info\/d\/245681-3\/DSC09352.jpg \/><\/a><br \/>\n^ 6KSB Envers (LST), Bergstation. Gelungene Bahn.<\/p>\n<p><a href='http:\/\/ski.inmontanis.info\/d\/245686-2\/DSC09354.jpg'><img src=http:\/\/ski.inmontanis.info\/d\/245685-3\/DSC09354.jpg \/><\/a><br \/>\n^ Was f\u00fcr ein Schei\u00df. S\u00e4mtliche Einstiege an den Sessel- und Skiliften wurden mit Matten ausgelegt, von denen der Schnee regelm\u00e4\u00dfig abgekehrt wird, so dass man nicht einfach und schnell vorfahren\/vorschieben kann sondern langsam vorlaufen muss. Dazu an jeder Sesselbahn Kindersicherungen, hier die nervigste Variante<\/p>\n<p><a href='http:\/\/ski.inmontanis.info\/d\/245690-2\/DSC09357.jpg'><img src=http:\/\/ski.inmontanis.info\/d\/245689-3\/DSC09357.jpg \/><\/a><br \/>\n^ .. allerdings kommt man ohne der 6KSB Becoin nicht zum KSSL Cr\u00eates<\/p>\n<p><a href='http:\/\/ski.inmontanis.info\/d\/245694-2\/DSC09358.jpg'><img src=http:\/\/ski.inmontanis.info\/d\/245693-3\/DSC09358.jpg \/><\/a><br \/>\n^ KSSL Cr\u00eates<\/p>\n<p><a href='http:\/\/ski.inmontanis.info\/d\/245698-2\/DSC09359.jpg'><img src=http:\/\/ski.inmontanis.info\/d\/245697-3\/DSC09359.jpg \/><\/a><br \/>\n^ KSSL Cr\u00eates<\/p>\n<p><a href='http:\/\/ski.inmontanis.info\/d\/245702-2\/DSC09361.jpg'><img src=http:\/\/ski.inmontanis.info\/d\/245701-3\/DSC09361.jpg \/><\/a><br \/>\n^ KSSL Cr\u00eates mit Kurve<\/p>\n<p><a href='http:\/\/ski.inmontanis.info\/d\/245706-2\/DSC09366.jpg'><img src=http:\/\/ski.inmontanis.info\/d\/245705-3\/DSC09366.jpg \/><\/a><br \/>\n^ Pano vom KSSL Cr\u00eates<\/p>\n<p><a href='http:\/\/ski.inmontanis.info\/d\/245710-2\/DSC09367.jpg'><img src=http:\/\/ski.inmontanis.info\/d\/245709-3\/DSC09367.jpg \/><\/a><br \/>\n^ Pano vom KSSL Cr\u00eates<\/p>\n<p><a href='http:\/\/ski.inmontanis.info\/d\/245714-2\/DSC09374.jpg'><img src=http:\/\/ski.inmontanis.info\/d\/245713-3\/DSC09374.jpg \/><\/a><br \/>\n^ 6KSB Bergerie \/ Plagne Soleil 2050<\/p>\n<p><a href='http:\/\/ski.inmontanis.info\/d\/245718-2\/DSC09376.jpg'><img src=http:\/\/ski.inmontanis.info\/d\/245717-3\/DSC09376.jpg \/><\/a><br \/>\n^ KSSL Aollets<\/p>\n<p><a href='http:\/\/ski.inmontanis.info\/d\/245722-2\/DSC09379.jpg'><img src=http:\/\/ski.inmontanis.info\/d\/245721-3\/DSC09379.jpg \/><\/a><br \/>\n^ KSSL Aollets<\/p>\n<p><a href='http:\/\/ski.inmontanis.info\/d\/245726-2\/DSC09381.jpg'><img src=http:\/\/ski.inmontanis.info\/d\/245725-3\/DSC09381.jpg \/><\/a><br \/>\n^ SL Dou du Praz, elends lahm und auch wieder dieser schwachsinnige Matteneinstieg<\/p>\n<p><a href='http:\/\/ski.inmontanis.info\/d\/245730-2\/DSC09382.jpg'><img src=http:\/\/ski.inmontanis.info\/d\/245729-3\/DSC09382.jpg \/><\/a><br \/>\n^ Blick von der Bergstation SL Dou du Praz ins Bellecote-Teilgebiet<\/p>\n<p><a href='http:\/\/ski.inmontanis.info\/d\/245734-2\/DSC09383.jpg'><img src=http:\/\/ski.inmontanis.info\/d\/245733-3\/DSC09383.jpg \/><\/a><br \/>\n^ 6EUB Bellecote, obwohl die doch ersetzt werden soll, wurden die alten Kabinen nochmal frisch gestrichen, diesmal allerdings einheitlich alle in Rot<\/p>\n<p><a href='http:\/\/ski.inmontanis.info\/d\/245738-2\/DSC09391.jpg'><img src=http:\/\/ski.inmontanis.info\/d\/245737-3\/DSC09391.jpg \/><\/a><br \/>\n^ 6EUB Bellecote Mittelstation<\/p>\n<p><a href='http:\/\/ski.inmontanis.info\/d\/245742-2\/DSC09395.jpg'><img src=http:\/\/ski.inmontanis.info\/d\/245741-3\/DSC09395.jpg \/><\/a><br \/>\n^ 6EUB Bellecote<\/p>\n<p><a href='http:\/\/ski.inmontanis.info\/d\/245746-2\/DSC09399.jpg'><img src=http:\/\/ski.inmontanis.info\/d\/245745-3\/DSC09399.jpg \/><\/a><br \/>\n^ 6EUB Bellecote<\/p>\n<p><a href='http:\/\/ski.inmontanis.info\/d\/245750-2\/DSC09408.jpg'><img src=http:\/\/ski.inmontanis.info\/d\/245749-3\/DSC09408.jpg \/><\/a><br \/>\n^ 6EUB Bellecote Bergstation am Gletscher<\/p>\n<p><a href='http:\/\/ski.inmontanis.info\/d\/245754-2\/DSC09409.jpg'><img src=http:\/\/ski.inmontanis.info\/d\/245753-3\/DSC09409.jpg \/><\/a><br \/>\n^ 6EUB Bellecote Bergstation<\/p>\n<p><a href='http:\/\/ski.inmontanis.info\/d\/245758-2\/DSC09410.jpg'><img src=http:\/\/ski.inmontanis.info\/d\/245757-3\/DSC09410.jpg \/><\/a><br \/>\n^ Von der 6EUB muss man leider recht nervig zur 4SB Glacier r\u00fcber- und rauflaufen. Man musste ja auch alle Gletscher-SL abbauen.<\/p>\n<p><a href='http:\/\/ski.inmontanis.info\/d\/245762-2\/DSC09412.jpg'><img src=http:\/\/ski.inmontanis.info\/d\/245761-3\/DSC09412.jpg \/><\/a><br \/>\n^ 4SB Glacier<\/p>\n<p><a href='http:\/\/ski.inmontanis.info\/d\/245766-2\/DSC09414.jpg'><img src=http:\/\/ski.inmontanis.info\/d\/245765-3\/DSC09414.jpg \/><\/a><br \/>\n^ 4SB Glacier<\/p>\n<p><a href='http:\/\/ski.inmontanis.info\/d\/245770-2\/DSC09422.jpg'><img src=http:\/\/ski.inmontanis.info\/d\/245769-3\/DSC09422.jpg \/><\/a><br \/>\n^ 4SB Glacier \/ da oben ist doch tats\u00e4chlich eine Schneilanze!<\/p>\n<p><a href='http:\/\/ski.inmontanis.info\/d\/245774-2\/DSC09423.jpg'><img src=http:\/\/ski.inmontanis.info\/d\/245773-3\/DSC09423.jpg \/><\/a><br \/>\n^ 4SB Glacier, die Abfahrten waren leider nicht frisch pr\u00e4pariert &#8211; das wurde erst nachmittags gemacht, nachdem die 4SB um 13 Uhr eingestellt wurde.<\/p>\n<p><a href='http:\/\/ski.inmontanis.info\/d\/245778-2\/DSC09424.jpg'><img src=http:\/\/ski.inmontanis.info\/d\/245777-3\/DSC09424.jpg \/><\/a><br \/>\n^ 4SB Glacier<\/p>\n<p><a href='http:\/\/ski.inmontanis.info\/d\/245782-2\/DSC09430.jpg'><img src=http:\/\/ski.inmontanis.info\/d\/245781-3\/DSC09430.jpg \/><\/a><br \/>\n^ 6EUB Bellecote<\/p>\n<p><a href='http:\/\/ski.inmontanis.info\/d\/245786-2\/DSC09431.jpg'><img src=http:\/\/ski.inmontanis.info\/d\/245785-3\/DSC09431.jpg \/><\/a><br \/>\n^ 6EUB Bellecote<\/p>\n<p><a href='http:\/\/ski.inmontanis.info\/d\/245790-2\/DSC09432.jpg'><img src=http:\/\/ski.inmontanis.info\/d\/245789-3\/DSC09432.jpg \/><\/a><br \/>\n^ 6EUB Bellecote; da die Abfahrt Derochoir gesperrt war, musste man mit der EUB wieder zur\u00fcck<\/p>\n<p><a href='http:\/\/ski.inmontanis.info\/d\/245794-2\/DSC09436.jpg'><img src=http:\/\/ski.inmontanis.info\/d\/245793-3\/DSC09436.jpg \/><\/a><br \/>\n^ 6EUB Bellecote; da die alten Poma\/Sigma-Kabinen keine Fenster haben, kann man die T\u00fcr einen Spalt zur Bel\u00fcftung \u00f6ffnen<\/p>\n<p><a href='http:\/\/ski.inmontanis.info\/d\/245798-2\/DSC09439.jpg'><img src=http:\/\/ski.inmontanis.info\/d\/245797-3\/DSC09439.jpg \/><\/a><br \/>\n^ Roche de Mio<\/p>\n<p><a href='http:\/\/ski.inmontanis.info\/d\/245802-2\/DSC09440.jpg'><img src=http:\/\/ski.inmontanis.info\/d\/245801-3\/DSC09440.jpg \/><\/a><br \/>\n^ 6EUB Bellecote Talstation<\/p>\n<p><a href='http:\/\/ski.inmontanis.info\/d\/245806-2\/DSC09441.jpg'><img src=http:\/\/ski.inmontanis.info\/d\/245805-3\/DSC09441.jpg \/><\/a><br \/>\n^ 6EUB Bellecote Talstation<\/p>\n<p><a href='http:\/\/ski.inmontanis.info\/d\/245810-2\/DSC09443.jpg'><img src=http:\/\/ski.inmontanis.info\/d\/245809-3\/DSC09443.jpg \/><\/a><br \/>\n^ 6EUB Roche de Mio \/ 6KSB Carella<\/p>\n<p><a href='http:\/\/ski.inmontanis.info\/d\/245814-2\/DSC09445.jpg'><img src=http:\/\/ski.inmontanis.info\/d\/245813-3\/DSC09445.jpg \/><\/a><br \/>\n^ Abfahrt Sources<\/p>\n<p><a href='http:\/\/ski.inmontanis.info\/d\/245818-2\/DSC09447.jpg'><img src=http:\/\/ski.inmontanis.info\/d\/245817-3\/DSC09447.jpg \/><\/a><br \/>\n^ Auch bei den KSSL (hier: Col de Forcle) &#8211; anstatt auf Schnee vor zu gleiten, muss man nun auf diesen bl\u00f6den Matten vorgehen. Was f\u00fcr ein Schei\u00df!! Es sind einfach so kleine Dinge, die einem anderswo den Tag vers\u00fc\u00dfen, was man erst merkt, wenn wie hier das Gegenteil der Fall ist.<\/p>\n<p><a href='http:\/\/ski.inmontanis.info\/d\/245822-2\/DSC09461.jpg'><img src=http:\/\/ski.inmontanis.info\/d\/245821-3\/DSC09461.jpg \/><\/a><br \/>\n^ Bergstation \/ Abfahrten 6KSB Verdons Sud mit Blick r\u00fcber nach Courchevel \/ 3V<\/p>\n<p><a href='http:\/\/ski.inmontanis.info\/d\/245826-2\/DSC09462.jpg'><img src=http:\/\/ski.inmontanis.info\/d\/245825-3\/DSC09462.jpg \/><\/a><br \/>\n^ 6KSB Verdons Sud, bietet einige nette Abfahrten<\/p>\n<p><a href='http:\/\/ski.inmontanis.info\/d\/245830-2\/DSC09469.jpg'><img src=http:\/\/ski.inmontanis.info\/d\/245829-3\/DSC09469.jpg \/><\/a><br \/>\n^ 6KSB Verdons Sud<\/p>\n<p><a href='http:\/\/ski.inmontanis.info\/d\/245834-2\/DSC09476.jpg'><img src=http:\/\/ski.inmontanis.info\/d\/245833-3\/DSC09476.jpg \/><\/a><br \/>\n^ 6KSB Carella \/ 6SB Quillis<\/p>\n<p><a href='http:\/\/ski.inmontanis.info\/d\/245838-2\/DSC09484.jpg'><img src=http:\/\/ski.inmontanis.info\/d\/245837-3\/DSC09484.jpg \/><\/a><br \/>\n^ 6EUB Bellecote<\/p>\n<p><a href='http:\/\/ski.inmontanis.info\/d\/245842-2\/DSC09489.jpg'><img src=http:\/\/ski.inmontanis.info\/d\/245841-3\/DSC09489.jpg \/><\/a><br \/>\n^ 6EUB Bellecote<\/p>\n<p><a href='http:\/\/ski.inmontanis.info\/d\/245846-2\/DSC09492.jpg'><img src=http:\/\/ski.inmontanis.info\/d\/245845-3\/DSC09492.jpg \/><\/a><br \/>\n^ Jetzt am Nachmittag w\u00e4re das Wetter am Gletscher besser, aber der Lift fuhr heute nur bis 13 Uhr<\/p>\n<p><a href='http:\/\/ski.inmontanis.info\/d\/245850-2\/DSC09496.jpg'><img src=http:\/\/ski.inmontanis.info\/d\/245849-3\/DSC09496.jpg \/><\/a><br \/>\n^ Leider blieben die schwarzen Au\u00dfenrumabfahrten (4SB Traversee &#8211; DSB) wohl heute gesperrt<\/p>\n<p><a href='http:\/\/ski.inmontanis.info\/d\/245854-2\/DSC09497.jpg'><img src=http:\/\/ski.inmontanis.info\/d\/245853-3\/DSC09497.jpg \/><\/a><br \/>\n^ 6EUB Bellecote<\/p>\n<p><a href='http:\/\/ski.inmontanis.info\/d\/245858-2\/DSC09499.jpg'><img src=http:\/\/ski.inmontanis.info\/d\/245857-3\/DSC09499.jpg \/><\/a><br \/>\n^ Tunnelabfahrt von Roche de Mio nach Belle Plagne<\/p>\n<p><a href='http:\/\/ski.inmontanis.info\/d\/245862-2\/DSC09502.jpg'><img src=http:\/\/ski.inmontanis.info\/d\/245861-3\/DSC09502.jpg \/><\/a><br \/>\n^ Tunnelabfahrt<\/p>\n<p><a href='http:\/\/ski.inmontanis.info\/d\/245866-2\/DSC09505.jpg'><img src=http:\/\/ski.inmontanis.info\/d\/245865-3\/DSC09505.jpg \/><\/a><br \/>\n^ Skitunnel an sich reicht heute wohl auch nicht mehr aus, er muss mit Musik und einer Lichtshow aufgepeppt werden?!<\/p>\n<p><a href='http:\/\/ski.inmontanis.info\/d\/245870-2\/DSC09508.jpg'><img src=http:\/\/ski.inmontanis.info\/d\/245869-3\/DSC09508.jpg \/><\/a><br \/>\n^ 8KSB Arpette<\/p>\n<p><a href='http:\/\/ski.inmontanis.info\/d\/245874-2\/DSC09511.jpg'><img src=http:\/\/ski.inmontanis.info\/d\/245873-3\/DSC09511.jpg \/><\/a><br \/>\n^ Arbeiten an der 6SB Salla &#8211; Bergung oder Berge\u00fcbung<\/p>\n<p><a href='http:\/\/ski.inmontanis.info\/d\/245878-2\/DSC09512.jpg'><img src=http:\/\/ski.inmontanis.info\/d\/245877-3\/DSC09512.jpg \/><\/a><br \/>\n^ 6SB Salla \/ Abfahrt ins linke Teilgebiet Montchavin<\/p>\n<p><a href='http:\/\/ski.inmontanis.info\/d\/245882-2\/DSC09514.jpg'><img src=http:\/\/ski.inmontanis.info\/d\/245881-3\/DSC09514.jpg \/><\/a><br \/>\n^ Da die vordere 6SB Salla au\u00dfer Betrieb war, \u00fcbernahm die 6KSB Crozats die R\u00fcckbringerfunktion<\/p>\n<p><a href='http:\/\/ski.inmontanis.info\/d\/245886-2\/DSC09516.jpg'><img src=http:\/\/ski.inmontanis.info\/d\/245885-3\/DSC09516.jpg \/><\/a><br \/>\n^ Die Waldabfahrten im Montchavin-Sektor sind recht nett<\/p>\n<p><a href='http:\/\/ski.inmontanis.info\/d\/245890-2\/DSC09517.jpg'><img src=http:\/\/ski.inmontanis.info\/d\/245889-3\/DSC09517.jpg \/><\/a><br \/>\n^ Die Waldabfahrten im Montchavin-Sektor sind recht nett<\/p>\n<p><a href='http:\/\/ski.inmontanis.info\/d\/245894-2\/DSC09519.jpg'><img src=http:\/\/ski.inmontanis.info\/d\/245893-3\/DSC09519.jpg \/><\/a><br \/>\n^ 6KSB Bijolin &#8211; aller guten Dinge sind 3 oder was hat das f\u00fcr einen Sinn..<\/p>\n<p><a href='http:\/\/ski.inmontanis.info\/d\/245898-2\/DSC09520.jpg'><img src=http:\/\/ski.inmontanis.info\/d\/245897-3\/DSC09520.jpg \/><\/a><br \/>\n^ EUB Lac Noir, war da mal noch ein Lift unten dran ?<\/p>\n<p><a href='http:\/\/ski.inmontanis.info\/d\/245902-2\/DSC09521.jpg'><img src=http:\/\/ski.inmontanis.info\/d\/245901-3\/DSC09521.jpg \/><\/a><br \/>\n^ Abfahrt Coches<\/p>\n<p><a href='http:\/\/ski.inmontanis.info\/d\/245906-2\/DSC09522.jpg'><img src=http:\/\/ski.inmontanis.info\/d\/245905-3\/DSC09522.jpg \/><\/a><br \/>\n^ Coches \/ 6KSB Plan Bois<\/p>\n<p><a href='http:\/\/ski.inmontanis.info\/d\/245910-2\/DSC09524.jpg'><img src=http:\/\/ski.inmontanis.info\/d\/245909-3\/DSC09524.jpg \/><\/a><br \/>\n^ EUB Lac Noir<\/p>\n<p><a href='http:\/\/ski.inmontanis.info\/d\/245914-2\/DSC09527.jpg'><img src=http:\/\/ski.inmontanis.info\/d\/245913-3\/DSC09527.jpg \/><\/a><br \/>\n^ KSSL Plan Leschaux<\/p>\n<p><a href='http:\/\/ski.inmontanis.info\/d\/245918-2\/DSC09529.jpg'><img src=http:\/\/ski.inmontanis.info\/d\/245917-3\/DSC09529.jpg \/><\/a><br \/>\n^ 6KSB Crozats, die Zeit reichte nicht mehr f\u00fcr eine Wiederholungsfahrt hier<\/p>\n<p><a href='http:\/\/ski.inmontanis.info\/d\/245922-2\/DSC09530.jpg'><img src=http:\/\/ski.inmontanis.info\/d\/245921-3\/DSC09530.jpg \/><\/a><br \/>\n^ Blick von der Bergstation 6KSB Crozats ins Hauptgebiet<\/p>\n<p><a href='http:\/\/ski.inmontanis.info\/d\/245926-2\/DSC09531.jpg'><img src=http:\/\/ski.inmontanis.info\/d\/245925-3\/DSC09531.jpg \/><\/a><br \/>\n^ 6EUB Roche de Mio<\/p>\n<p><a href='http:\/\/ski.inmontanis.info\/d\/245930-2\/DSC09532.jpg'><img src=http:\/\/ski.inmontanis.info\/d\/245929-3\/DSC09532.jpg \/><\/a><br \/>\n^ KSSL Tyrolien<\/p>\n<p><a href='http:\/\/ski.inmontanis.info\/d\/245934-2\/DSC09533.jpg'><img src=http:\/\/ski.inmontanis.info\/d\/245933-3\/DSC09533.jpg \/><\/a><br \/>\n^ 6EUB Roche de Mio \/ KSSL Tyrolien \/ Belle Plagne<\/p>\n<p><a href='http:\/\/ski.inmontanis.info\/d\/245938-2\/DSC09538.jpg'><img src=http:\/\/ski.inmontanis.info\/d\/245937-3\/DSC09538.jpg \/><\/a><br \/>\n^ Belle Plagne, klassisches Ski-in-ski-out bei jedem Haus<\/p>\n<p><a href='http:\/\/ski.inmontanis.info\/d\/245942-2\/DSC09540.jpg'><img src=http:\/\/ski.inmontanis.info\/d\/245941-3\/DSC09540.jpg \/><\/a><br \/>\n^ Plagne Bellecote<\/p>\n<p><a href='http:\/\/ski.inmontanis.info\/d\/245946-2\/DSC09541.jpg'><img src=http:\/\/ski.inmontanis.info\/d\/245945-3\/DSC09541.jpg \/><\/a><br \/>\n^ 6KSB Bergerie \/ Plagne Soleil<\/p>\n<p><a href='http:\/\/ski.inmontanis.info\/d\/245950-2\/DSC09542.jpg'><img src=http:\/\/ski.inmontanis.info\/d\/245949-3\/DSC09542.jpg \/><\/a><br \/>\n^ 4SB Melezes \/ Abfahrt Plagne 1800<\/p>\n<p><a href='http:\/\/ski.inmontanis.info\/d\/245954-2\/DSC09544.jpg'><img src=http:\/\/ski.inmontanis.info\/d\/245953-3\/DSC09544.jpg \/><\/a><br \/>\n^ 4SB 1800 mit schwarzer Abfahrt<\/p>\n<p><a href='http:\/\/ski.inmontanis.info\/d\/245958-2\/DSC09546.jpg'><img src=http:\/\/ski.inmontanis.info\/d\/245957-3\/DSC09546.jpg \/><\/a><br \/>\n^ Plagne Aime 2000<\/p>\n<p><a href='http:\/\/ski.inmontanis.info\/d\/245962-2\/DSC09547.jpg'><img src=http:\/\/ski.inmontanis.info\/d\/245961-3\/DSC09547.jpg \/><\/a><br \/>\n^ 4SB 1800 \/ Plagne 1800<\/p>\n<p><a href='http:\/\/ski.inmontanis.info\/d\/245966-2\/DSC09551.jpg'><img src=http:\/\/ski.inmontanis.info\/d\/245965-3\/DSC09551.jpg \/><\/a><br \/>\n^ Plagne Aime 2000 mit der netten Orts-PB (Telemetro), f\u00fcr die ich leider auch keine Zeit mehr hatte<\/p>\n<p><a href='http:\/\/ski.inmontanis.info\/d\/245970-2\/ge20180414a.jpg'><img src=http:\/\/ski.inmontanis.info\/d\/245969-3\/ge20180414a.jpg \/><\/a><br \/>\n^ GPS-Track 14.4.2018 in Gelb und der vorherige Besuch in Blau. Hab versucht, m\u00f6glichst keine Abfahrt zu fahren, die ich letztes Mal gefahren bin, gibt aber immer noch viele Abfahrten und einige Lifte, die ich nicht gefahren bin.<\/p>\n<p>Im Anschluss ging&#8217;s wieder zur\u00fcck nach Albertville, wo ich nun 2 N\u00e4chte im Ibis Budget \u00fcbernachte. Egtl. ja ganz nett, wenn nur die Betten (Stroh?) nicht so extrem hart w\u00e4ren. Das Fr\u00fchst\u00fcck morgen (am Wochenende erst ab 7:30 Uhr) geht sich auch aus. Und die indische Ofenkartofel in der Pataterie (ohne Foto) war am Abend auch lecker. <\/p>\n<p>(Fortsetzung folgt.)<\/p>\n","protected":false},"excerpt":{"rendered":"<p>La Plagne, 14.4.2018 (Tag 1)<\/p>\n<p>Das Wetter sollte f\u00fcr dieses WE so halbwegs sonnig werden und wer wei\u00df, wie es die n\u00e4chsten wird &#8211; also nahm ich mir am Montag frei und fuhr nochmals 3 Tage nach Frankreich. La Plagne hat, wie schon in den letzten Jahren (und wie manch andere Skigebiete), einen g\u00fcnstigen Samstags-Skipass, <a href=\"http:\/\/blog.inmontanis.info\/?p=4914\">[&#8230;]<\/a><\/p>\n","protected":false},"author":1,"featured_media":0,"comment_status":"closed","ping_status":"closed","sticky":false,"template":"","format":"standard","meta":{"footnotes":""},"categories":[16,314,27,81],"tags":[49,39,56,51,48,47],"class_list":["post-4914","post","type-post","status-publish","format-standard","hentry","category-france","category-la-plagne","category-skifahren-winterskiing-winter","category-kurztrips","tag-4sb","tag-6eub","tag-6sb","tag-architektur","tag-kssl","tag-sl","odd"],"_links":{"self":[{"href":"http:\/\/blog.inmontanis.info\/index.php?rest_route=\/wp\/v2\/posts\/4914","targetHints":{"allow":["GET"]}}],"collection":[{"href":"http:\/\/blog.inmontanis.info\/index.php?rest_route=\/wp\/v2\/posts"}],"about":[{"href":"http:\/\/blog.inmontanis.info\/index.php?rest_route=\/wp\/v2\/types\/post"}],"author":[{"embeddable":true,"href":"http:\/\/blog.inmontanis.info\/index.php?rest_route=\/wp\/v2\/users\/1"}],"replies":[{"embeddable":true,"href":"http:\/\/blog.inmontanis.info\/index.php?rest_route=%2Fwp%2Fv2%2Fcomments&post=4914"}],"version-history":[{"count":3,"href":"http:\/\/blog.inmontanis.info\/index.php?rest_route=\/wp\/v2\/posts\/4914\/revisions"}],"predecessor-version":[{"id":4919,"href":"http:\/\/blog.inmontanis.info\/index.php?rest_route=\/wp\/v2\/posts\/4914\/revisions\/4919"}],"wp:attachment":[{"href":"http:\/\/blog.inmontanis.info\/index.php?rest_route=%2Fwp%2Fv2%2Fmedia&parent=4914"}],"wp:term":[{"taxonomy":"category","embeddable":true,"href":"http:\/\/blog.inmontanis.info\/index.php?rest_route=%2Fwp%2Fv2%2Fcategories&post=4914"},{"taxonomy":"post_tag","embeddable":true,"href":"http:\/\/blog.inmontanis.info\/index.php?rest_route=%2Fwp%2Fv2%2Ftags&post=4914"}],"curies":[{"name":"wp","href":"https:\/\/api.w.org\/{rel}","templated":true}]}}