{"id":4911,"date":"2018-04-08T06:18:54","date_gmt":"2018-04-08T04:18:54","guid":{"rendered":"http:\/\/blog.inmontanis.info\/?p=4911"},"modified":"2023-07-31T20:08:57","modified_gmt":"2023-07-31T18:08:57","slug":"schnalstaler-gletscher-8-4-2018","status":"publish","type":"post","link":"http:\/\/blog.inmontanis.info\/?p=4911","title":{"rendered":"Schnalstaler Gletscher, 8.4.2018"},"content":{"rendered":"<p>Heute sollte der letzte Betriebstag der beiden 4KSB und der Lazaun-EUB am Schnalstaler Gletscher dieser Saison sein. W\u00e4hrend letztere nur m\u00fchselig zu erreichen und auch nicht wirklich lohnenswert ist, ist zumindest die obere 4KSB schon etwas interessanter. Der Schnee war allerdings wie schon gestern eher pappig und schwer, insb. an den Liften abseits des Gletschers. Am besten abseits des Gletschers gefiel&#8217;s mir eigentlich an der Hintereis-DSB, die ja bis zum Saisonende am 6.5. offen bleiben soll.<\/p>\n<p>(Fotos anklicken zum Vergr\u00f6\u00dfern)<\/p>\n<p><a href='http:\/\/ski.inmontanis.info\/d\/245498-2\/DSC09266.jpg'><img src=http:\/\/ski.inmontanis.info\/d\/245497-3\/DSC09266.jpg \/><\/a><br \/>\n^ Pano an der PB-Bergstation, im Tal lag eine Nebeldecke.<\/p>\n<p><a href='http:\/\/ski.inmontanis.info\/d\/245502-2\/DSC09267.jpg'><img src=http:\/\/ski.inmontanis.info\/d\/245501-3\/DSC09267.jpg \/><\/a><br \/>\n^ Pano an der PB-Bergstation, im Tal lag eine Nebeldecke.<\/p>\n<p><a href='http:\/\/ski.inmontanis.info\/d\/245506-2\/DSC09268.jpg'><img src=http:\/\/ski.inmontanis.info\/d\/245505-3\/DSC09268.jpg \/><\/a><br \/>\n^ 4SB und Schneeverschiebungen auf den Gletscher<\/p>\n<p><a href='http:\/\/ski.inmontanis.info\/d\/245510-2\/DSC09269.jpg'><img src=http:\/\/ski.inmontanis.info\/d\/245509-3\/DSC09269.jpg \/><\/a><br \/>\n^ Gletscherabfahrten<\/p>\n<p><a href='http:\/\/ski.inmontanis.info\/d\/245514-2\/DSC09270.jpg'><img src=http:\/\/ski.inmontanis.info\/d\/245513-3\/DSC09270.jpg \/><\/a><br \/>\n^ DSB\/3SB Gletschersee und hinten die DSB Hintereis<\/p>\n<p><a href='http:\/\/ski.inmontanis.info\/d\/245518-2\/DSC09273.jpg'><img src=http:\/\/ski.inmontanis.info\/d\/245517-3\/DSC09273.jpg \/><\/a><br \/>\n^ 4SB Grawand und Schneeverschiebungen<\/p>\n<p><a href='http:\/\/ski.inmontanis.info\/d\/245522-2\/DSC09274.jpg'><img src=http:\/\/ski.inmontanis.info\/d\/245521-3\/DSC09274.jpg \/><\/a><br \/>\n^ SL Finail<\/p>\n<p><a href='http:\/\/ski.inmontanis.info\/d\/245526-2\/DSC09276.jpg'><img src=http:\/\/ski.inmontanis.info\/d\/245525-3\/DSC09276.jpg \/><\/a><br \/>\n^ R\u00fcckseitenpano mit dem heutigen Nebelmeer am SL Finail<\/p>\n<p><a href='http:\/\/ski.inmontanis.info\/d\/245530-2\/DSC09279.jpg'><img src=http:\/\/ski.inmontanis.info\/d\/245529-3\/DSC09279.jpg \/><\/a><br \/>\n^ SL Finail<\/p>\n<p><a href='http:\/\/ski.inmontanis.info\/d\/245534-2\/DSC09281.jpg'><img src=http:\/\/ski.inmontanis.info\/d\/245533-3\/DSC09281.jpg \/><\/a><br \/>\n^ Blick richtung \u00d6tztal<\/p>\n<p><a href='http:\/\/ski.inmontanis.info\/d\/245538-2\/DSC09282.jpg'><img src=http:\/\/ski.inmontanis.info\/d\/245537-3\/DSC09282.jpg \/><\/a><br \/>\n^ Die beiden oberen Abfahrtsteile an der DSB Hintereis<\/p>\n<p><a href='http:\/\/ski.inmontanis.info\/d\/245542-2\/DSC09283.jpg'><img src=http:\/\/ski.inmontanis.info\/d\/245541-3\/DSC09283.jpg \/><\/a><br \/>\n^ Das kastrierte St\u00fcck der DSB Hintereis, die fr\u00fcher bis zum Gipfel ging<\/p>\n<p><a href='http:\/\/ski.inmontanis.info\/d\/245546-2\/DSC09284.jpg'><img src=http:\/\/ski.inmontanis.info\/d\/245545-3\/DSC09284.jpg \/><\/a><br \/>\n^ DSB Hintereis<\/p>\n<p><a href='http:\/\/ski.inmontanis.info\/d\/245550-2\/DSC09288.jpg'><img src=http:\/\/ski.inmontanis.info\/d\/245549-3\/DSC09288.jpg \/><\/a><br \/>\n^ DSB Hintereis<\/p>\n<p><a href='http:\/\/ski.inmontanis.info\/d\/245554-2\/DSC09289.jpg'><img src=http:\/\/ski.inmontanis.info\/d\/245553-3\/DSC09289.jpg \/><\/a><br \/>\n^ DSB Hintereis, ganz nett<\/p>\n<p><a href='http:\/\/ski.inmontanis.info\/d\/245558-2\/DSC09292.jpg'><img src=http:\/\/ski.inmontanis.info\/d\/245557-3\/DSC09292.jpg \/><\/a><br \/>\n^ DSB Hintereis \/ DSB+3SB Gletschersee<\/p>\n<p><a href='http:\/\/ski.inmontanis.info\/d\/245562-2\/DSC09293.jpg'><img src=http:\/\/ski.inmontanis.info\/d\/245561-3\/DSC09293.jpg \/><\/a><br \/>\n^ Talabfahrt<\/p>\n<p><a href='http:\/\/ski.inmontanis.info\/d\/245566-2\/DSC09294.jpg'><img src=http:\/\/ski.inmontanis.info\/d\/245565-3\/DSC09294.jpg \/><\/a><br \/>\n^ Ich frag mich, ob die Talabfahrt fr\u00fcher durch diese Rinne ging? Dann w\u00e4re die Kategorisierung als Schwarz jedenfalls gerechtfertigt ;)<\/p>\n<p><a href='http:\/\/ski.inmontanis.info\/d\/245570-2\/DSC09295.jpg'><img src=http:\/\/ski.inmontanis.info\/d\/245569-3\/DSC09295.jpg \/><\/a><br \/>\n^ Talabfahrt, Umfahrung der Rinne<\/p>\n<p><a href='http:\/\/ski.inmontanis.info\/d\/245574-2\/DSC09296.jpg'><img src=http:\/\/ski.inmontanis.info\/d\/245573-3\/DSC09296.jpg \/><\/a><br \/>\n^ Ich frag mich, ob die Talabfahrt fr\u00fcher durch diese Rinne ging? Dann w\u00e4re die Kategorisierung als Schwarz jedenfalls gerechtfertigt ;)<\/p>\n<p><a href='http:\/\/ski.inmontanis.info\/d\/245578-2\/DSC09297.jpg'><img src=http:\/\/ski.inmontanis.info\/d\/245577-3\/DSC09297.jpg \/><\/a><br \/>\n^ Talabfahrt, unterer Teil<\/p>\n<p><a href='http:\/\/ski.inmontanis.info\/d\/245582-2\/DSC09299.jpg'><img src=http:\/\/ski.inmontanis.info\/d\/245581-3\/DSC09299.jpg \/><\/a><br \/>\n^ Talabfahrt und die beiden PB<\/p>\n<p><a href='http:\/\/ski.inmontanis.info\/d\/245586-2\/DSC09302.jpg'><img src=http:\/\/ski.inmontanis.info\/d\/245585-3\/DSC09302.jpg \/><\/a><br \/>\n^ PB<\/p>\n<p><a href='http:\/\/ski.inmontanis.info\/d\/245590-2\/DSC09304.jpg'><img src=http:\/\/ski.inmontanis.info\/d\/245589-3\/DSC09304.jpg \/><\/a><br \/>\n^ Die kleine PB zur H\u00fctte<\/p>\n<p><a href='http:\/\/ski.inmontanis.info\/d\/245594-2\/DSC09305.jpg'><img src=http:\/\/ski.inmontanis.info\/d\/245593-3\/DSC09305.jpg \/><\/a><br \/>\n^ Ins Teilgebiet Lazaun kommt man leider nur mit Fu\u00dfweg hin und Fu\u00dfweg retour. Da weder Lift noch Abfahrten f\u00fcr mich lohnenswert sind, hatte ich schwer \u00fcberlegt, ob ich mir das heute \u00fcberhaupt antue &#8211; hab&#8217;s dann aber doch noch gemacht. Wird aber wohl eine einmalige Aktion bleiben, so lang sich die Anbindung nicht verbessert.<\/p>\n<p><a href='http:\/\/ski.inmontanis.info\/d\/245598-2\/DSC09306.jpg'><img src=http:\/\/ski.inmontanis.info\/d\/245597-3\/DSC09306.jpg \/><\/a><br \/>\n^ 4KSB Roter Kofel<\/p>\n<p><a href='http:\/\/ski.inmontanis.info\/d\/245602-2\/DSC09308.jpg'><img src=http:\/\/ski.inmontanis.info\/d\/245601-3\/DSC09308.jpg \/><\/a><br \/>\n^ Beide 4KSB<\/p>\n<p><a href='http:\/\/ski.inmontanis.info\/d\/245606-2\/DSC09309.jpg'><img src=http:\/\/ski.inmontanis.info\/d\/245605-3\/DSC09309.jpg \/><\/a><br \/>\n^ Beide 4KSB<\/p>\n<p><a href='http:\/\/ski.inmontanis.info\/d\/245610-2\/DSC09310.jpg'><img src=http:\/\/ski.inmontanis.info\/d\/245609-3\/DSC09310.jpg \/><\/a><br \/>\n^ 4KSB Teufelsegg mit ihren 3 Abfahrtsvarianten<\/p>\n<p><a href='http:\/\/ski.inmontanis.info\/d\/245614-2\/DSC09311.jpg'><img src=http:\/\/ski.inmontanis.info\/d\/245613-3\/DSC09311.jpg \/><\/a><br \/>\n^ 4KSB Teufelsegg<\/p>\n<p><a href='http:\/\/ski.inmontanis.info\/d\/245618-2\/DSC09312.jpg'><img src=http:\/\/ski.inmontanis.info\/d\/245617-3\/DSC09312.jpg \/><\/a><br \/>\n^ 4KSB Teufelsegg<\/p>\n<p><a href='http:\/\/ski.inmontanis.info\/d\/245622-2\/DSC09314.jpg'><img src=http:\/\/ski.inmontanis.info\/d\/245621-3\/DSC09314.jpg \/><\/a><br \/>\n^ Blick r\u00fcber zur Talabfahrt links und der Rinne rechts<\/p>\n<p><a href='http:\/\/ski.inmontanis.info\/d\/245626-2\/DSC09315.jpg'><img src=http:\/\/ski.inmontanis.info\/d\/245625-3\/DSC09315.jpg \/><\/a><br \/>\n^ Talabfahrt, unterer Teil, hier gibt es eine Abzweigung<\/p>\n<p><a href='http:\/\/ski.inmontanis.info\/d\/245630-2\/DSC09316.jpg'><img src=http:\/\/ski.inmontanis.info\/d\/245629-3\/DSC09316.jpg \/><\/a><br \/>\n^ Die neue Lazaun-EUB<\/p>\n<p><a href='http:\/\/ski.inmontanis.info\/d\/245634-2\/DSC09320.jpg'><img src=http:\/\/ski.inmontanis.info\/d\/245633-3\/DSC09320.jpg \/><\/a><br \/>\n^ Abfahrten Lazaun, recht uninteressant<\/p>\n<p><a href='http:\/\/ski.inmontanis.info\/d\/245638-2\/DSC09321.jpg'><img src=http:\/\/ski.inmontanis.info\/d\/245637-3\/DSC09321.jpg \/><\/a><br \/>\n^ Lazaun \/ Leider kommt man auch vom Parkplatz nicht direkt zur Talstation, die einzige Br\u00fccke ist ganz links im Bild<\/p>\n<p><a href='http:\/\/ski.inmontanis.info\/d\/245642-2\/DSC09322.jpg'><img src=http:\/\/ski.inmontanis.info\/d\/245641-3\/DSC09322.jpg \/><\/a><br \/>\n^ Abfahrten Lazaun, recht uninteressant<\/p>\n<p><a href='http:\/\/ski.inmontanis.info\/d\/245646-2\/DSC09326.jpg'><img src=http:\/\/ski.inmontanis.info\/d\/245645-3\/DSC09326.jpg \/><\/a><br \/>\n^ Die rechte Abfahrt am Glocken-SL war sch\u00f6n firnig und unbefahren<\/p>\n<p><a href='http:\/\/ski.inmontanis.info\/d\/245650-2\/ge20180408b.jpg'><img src=http:\/\/ski.inmontanis.info\/d\/245649-3\/ge20180408b.jpg \/><\/a><br \/>\n^ GPS-Track 8.4.2018; in Rot das kastrierte St\u00fcck der DSB Hintereis<\/p>\n<p>Fazit: Wie schon gestern das Skigebiet Schwemmalm hat mich auch der heutige Tag nicht vom Hocker gerissen.<\/p>\n<p>Nachdem ich nun alle Skigebiete der Ortler Skiarena besucht habe, hier meine Rangliste:<\/p>\n<p>++ Rittner Horn<br \/>\n++ Trafoi<br \/>\n++ Sulden<br \/>\n+ Meran 2000<br \/>\n+ Schnalstaler Gletscher<br \/>\n+ Rosskopf (insb. wenn die Talabfahrt wieder kommt)<br \/>\n+ Minschuns<br \/>\n+- Sch\u00f6neben\/Haideralm (ab 2018\/19 verbunden, daher schon zusammen genannt)<br \/>\n+- Ladurns<br \/>\n+- Pfelders<br \/>\n+- Vigiljoch (nur wg. der alten Lifte aufgewertet)<br \/>\n&#8211; Schwemmalm<br \/>\n&#8211; Reinswald<br \/>\n&#8212; Watles<br \/>\n&#8212; Nauders (hat&#8217;s ja auf meine Sperrliste geschafft.)<\/p>\n<p>Wie schon gesagt, k\u00f6nnte es durchaus sein, dass ich mir die Ortler Skiarena Saisonkarte in 2-3 Jahren nochmals kaufen werde.<\/p>\n","protected":false},"excerpt":{"rendered":"<p>Heute sollte der letzte Betriebstag der beiden 4KSB und der Lazaun-EUB am Schnalstaler Gletscher dieser Saison sein. W\u00e4hrend letztere nur m\u00fchselig zu erreichen und auch nicht wirklich lohnenswert ist, ist zumindest die obere 4KSB schon etwas interessanter. Der Schnee war allerdings wie schon gestern eher pappig und schwer, insb. an den Liften abseits des Gletschers. <a href=\"http:\/\/blog.inmontanis.info\/?p=4911\">[&#8230;]<\/a><\/p>\n","protected":false},"author":1,"featured_media":0,"comment_status":"closed","ping_status":"closed","sticky":false,"template":"","format":"standard","meta":{"footnotes":""},"categories":[15,397,27],"tags":[72,49,38,77,52,47],"class_list":["post-4911","post","type-post","status-publish","format-standard","hentry","category-italienitaly","category-schnalstal","category-skifahren-winterskiing-winter","tag-10eub","tag-4sb","tag-dsb","tag-nebelmeer","tag-pb","tag-sl","odd"],"_links":{"self":[{"href":"http:\/\/blog.inmontanis.info\/index.php?rest_route=\/wp\/v2\/posts\/4911","targetHints":{"allow":["GET"]}}],"collection":[{"href":"http:\/\/blog.inmontanis.info\/index.php?rest_route=\/wp\/v2\/posts"}],"about":[{"href":"http:\/\/blog.inmontanis.info\/index.php?rest_route=\/wp\/v2\/types\/post"}],"author":[{"embeddable":true,"href":"http:\/\/blog.inmontanis.info\/index.php?rest_route=\/wp\/v2\/users\/1"}],"replies":[{"embeddable":true,"href":"http:\/\/blog.inmontanis.info\/index.php?rest_route=%2Fwp%2Fv2%2Fcomments&post=4911"}],"version-history":[{"count":3,"href":"http:\/\/blog.inmontanis.info\/index.php?rest_route=\/wp\/v2\/posts\/4911\/revisions"}],"predecessor-version":[{"id":4989,"href":"http:\/\/blog.inmontanis.info\/index.php?rest_route=\/wp\/v2\/posts\/4911\/revisions\/4989"}],"wp:attachment":[{"href":"http:\/\/blog.inmontanis.info\/index.php?rest_route=%2Fwp%2Fv2%2Fmedia&parent=4911"}],"wp:term":[{"taxonomy":"category","embeddable":true,"href":"http:\/\/blog.inmontanis.info\/index.php?rest_route=%2Fwp%2Fv2%2Fcategories&post=4911"},{"taxonomy":"post_tag","embeddable":true,"href":"http:\/\/blog.inmontanis.info\/index.php?rest_route=%2Fwp%2Fv2%2Ftags&post=4911"}],"curies":[{"name":"wp","href":"https:\/\/api.w.org\/{rel}","templated":true}]}}