{"id":4907,"date":"2018-04-07T17:59:03","date_gmt":"2018-04-07T15:59:03","guid":{"rendered":"http:\/\/blog.inmontanis.info\/?p=4907"},"modified":"2023-07-31T20:05:54","modified_gmt":"2023-07-31T18:05:54","slug":"schwemmalm-7-4-2018","status":"publish","type":"post","link":"http:\/\/blog.inmontanis.info\/?p=4907","title":{"rendered":"Schwemmalm, 7.4.2018"},"content":{"rendered":"<p>Nachdem ich die letzten beiden WE ja unterwegs war und evtl. n\u00e4chstes und\/oder \u00fcbern\u00e4chstes wieder unterweges sein will, bin ich dieses WE &#8211; naja, egtl. auch unterwegs, aber eben nur in den nahen Saisonkartenskigebieten in S\u00fcdtirol. Genauer gesagt fehlten mir ja noch 2 Gebiete, Schwemmalm und der Winter-Teil vom Schnalstaler, wo ich bisher nur im Fr\u00fchsommer, Sommer und Herbst war und somit nur einen kleinen Teil des Gebiets kenne.<\/p>\n<p>Heute ging es erst mal auf die Schwemmalm, von der ich nicht viel erwartet hatte, und dabei blieb es dann auch. Eher langweilig und der Schnee war auch nicht so besonders, tendenziell eher Nass\/Pappschnee, kein Firn und auch kein wirklicher Sulz, leider. Offpiste war&#8217;s genauso. Ein paar ganz wenige Stellen gingen besser, auch die Talabfahrt ging etwas besser, weil weniger pappig, aber kein Vergleich zu letztem WE.<\/p>\n<p>(Fotos anklicken zum Vergr\u00f6\u00dfern)<\/p>\n<p><a href='http:\/\/ski.inmontanis.info\/d\/245406-2\/DSC09199.jpg'><img src=http:\/\/ski.inmontanis.info\/d\/245404-3\/DSC09199.jpg \/><\/a><br \/>\n^ Fahrt ins Ultental (wo sich das Skigebiet Schwemmalm befindet)<\/p>\n<p><a href='http:\/\/ski.inmontanis.info\/d\/245410-2\/DSC09230.jpg'><img src=http:\/\/ski.inmontanis.info\/d\/245409-3\/DSC09230.jpg \/><\/a><br \/>\n^ Pistenplan, die projektierte Zubringer-EUB ist nat\u00fcrlich schon l\u00e4ngst in Betrieb, bin ich aber nicht gefahren, da keine Talabfahrt ..<\/p>\n<p><a href='http:\/\/ski.inmontanis.info\/d\/245414-2\/ge20180407a.jpg'><img src=http:\/\/ski.inmontanis.info\/d\/245413-3\/ge20180407a.jpg \/><\/a><br \/>\n^ GPS-Track 7.4.2018 (ohne EUB, die erst nach dem Sat-Bild gebaut wurde, somit auch keine Trasse sichtbar)<\/p>\n<p><a href='http:\/\/ski.inmontanis.info\/d\/245418-2\/DSC09201.jpg'><img src=http:\/\/ski.inmontanis.info\/d\/245417-3\/DSC09201.jpg \/><\/a><br \/>\n^ Talstation der DSB, alternativer (und alter) Einstieg ins Skigebiet, mit Talabfahrt.<\/p>\n<p><a href='http:\/\/ski.inmontanis.info\/d\/245422-2\/DSC09204.jpg'><img src=http:\/\/ski.inmontanis.info\/d\/245421-3\/DSC09204.jpg \/><\/a><br \/>\n^ Bergstation DSB<\/p>\n<p><a href='http:\/\/ski.inmontanis.info\/d\/245426-2\/DSC09208.jpg'><img src=http:\/\/ski.inmontanis.info\/d\/245425-3\/DSC09208.jpg \/><\/a><br \/>\n^ Talstation 4SB (Sektion 2) und kurzer \u00dcbungs-SL<\/p>\n<p><a href='http:\/\/ski.inmontanis.info\/d\/245430-2\/DSC09215.jpg'><img src=http:\/\/ski.inmontanis.info\/d\/245429-3\/DSC09215.jpg \/><\/a><br \/>\n^ An der 4KSB waren die beiden direkteren Abfahrten im unteren Bereich wg. eines Rennens zeitweise gesperrt<\/p>\n<p><a href='http:\/\/ski.inmontanis.info\/d\/245434-2\/DSC09218.jpg'><img src=http:\/\/ski.inmontanis.info\/d\/245433-3\/DSC09218.jpg \/><\/a><br \/>\n^ Bergstation der EUB, mit der Veranstaltung auch etwas bl\u00f6d zu umfahren<\/p>\n<p><a href='http:\/\/ski.inmontanis.info\/d\/245438-2\/DSC09219.jpg'><img src=http:\/\/ski.inmontanis.info\/d\/245437-3\/DSC09219.jpg \/><\/a><br \/>\n^ 4KSB von unten<\/p>\n<p><a href='http:\/\/ski.inmontanis.info\/d\/245442-2\/DSC09224.jpg'><img src=http:\/\/ski.inmontanis.info\/d\/245441-3\/DSC09224.jpg \/><\/a><br \/>\n^ 4KSB von oben<\/p>\n<p><a href='http:\/\/ski.inmontanis.info\/d\/245446-2\/DSC09227.jpg'><img src=http:\/\/ski.inmontanis.info\/d\/245445-3\/DSC09227.jpg \/><\/a><br \/>\n^ Talabfahrt an der DSB<\/p>\n<p><a href='http:\/\/ski.inmontanis.info\/d\/245450-2\/DSC09228.jpg'><img src=http:\/\/ski.inmontanis.info\/d\/245449-3\/DSC09228.jpg \/><\/a><br \/>\n^ Alternative Skiweg-Abfahrt an der DSB zu einem weiteren Parkplatz<\/p>\n<p><a href='http:\/\/ski.inmontanis.info\/d\/245454-2\/DSC09231.jpg'><img src=http:\/\/ski.inmontanis.info\/d\/245453-3\/DSC09231.jpg \/><\/a><br \/>\n^ Offpiste an der 3SB (Sektion 3)<\/p>\n<p><a href='http:\/\/ski.inmontanis.info\/d\/245458-2\/DSC09235.jpg'><img src=http:\/\/ski.inmontanis.info\/d\/245457-3\/DSC09235.jpg \/><\/a><br \/>\n^ Pano links der 4KSB<\/p>\n<p><a href='http:\/\/ski.inmontanis.info\/d\/245462-2\/DSC09238.jpg'><img src=http:\/\/ski.inmontanis.info\/d\/245461-3\/DSC09238.jpg \/><\/a><br \/>\n^ Abfahrt rechts der 4SB mit Blick zur DSB-Bergstation<\/p>\n<p><a href='http:\/\/ski.inmontanis.info\/d\/245466-2\/DSC09239.jpg'><img src=http:\/\/ski.inmontanis.info\/d\/245465-3\/DSC09239.jpg \/><\/a><br \/>\n^ Die 4SB hat ca. 10 Sturmsessel (kann dann also nur so funktionieren, dass diese beim Stillstand der Sesselbahn im windanf\u00e4lligeren Bereich au\u00dferhalb des Waldes bleiben?!)<\/p>\n<p><a href='http:\/\/ski.inmontanis.info\/d\/245470-2\/DSC09244.jpg'><img src=http:\/\/ski.inmontanis.info\/d\/245469-3\/DSC09244.jpg \/><\/a><br \/>\n^ Pano links der 4KSB<\/p>\n<p><a href='http:\/\/ski.inmontanis.info\/d\/245474-2\/DSC09245.jpg'><img src=http:\/\/ski.inmontanis.info\/d\/245473-3\/DSC09245.jpg \/><\/a><br \/>\n^ 3SB (Sektion 3) mit Abfahrten und Offpiste-Gel\u00e4nde<\/p>\n<p><a href='http:\/\/ski.inmontanis.info\/d\/245478-2\/DSC09246.jpg'><img src=http:\/\/ski.inmontanis.info\/d\/245477-3\/DSC09246.jpg \/><\/a><br \/>\n^ 3SB (Sektion 3) mit Abfahrten und Offpiste-Gel\u00e4nde<\/p>\n<p><a href='http:\/\/ski.inmontanis.info\/d\/245482-2\/DSC09249.jpg'><img src=http:\/\/ski.inmontanis.info\/d\/245481-3\/DSC09249.jpg \/><\/a><br \/>\n^ Alter Ortler-Skiarena-Plan; damals hatte die Schwemmalm noch keine Zubringer-EUB aber eine Abfahrt da runter?! Heute gibts die EUB aber keine Abfahrt mehr .. Und: Skigebiet Tarscheralm gibt&#8217;s momentan ja auch nicht. Und: Die Skigebiete Sulden und Schwemmalm sind nicht so nah beinander.<\/p>\n<p><a href='http:\/\/ski.inmontanis.info\/d\/245486-2\/DSC09252.jpg'><img src=http:\/\/ski.inmontanis.info\/d\/245485-3\/DSC09252.jpg \/><\/a><br \/>\n^ Alter Ortler-Skiarena-Plan; am Rittnerhorn gab&#8217;s wohl tats\u00e4chlich mal den parallelen SL oben; au\u00dferdem ist am ESL am Hierzer noch eine Skipiste eingetragen (w\u00e4hrend der Rest vom Hierzer-Skigebiet schon stillgelegt war).<\/p>\n<p><a href='http:\/\/ski.inmontanis.info\/d\/245490-2\/DSC09253.jpg'><img src=http:\/\/ski.inmontanis.info\/d\/245489-3\/DSC09253.jpg \/><\/a><br \/>\n^ Parkplatz an der DSB<\/p>\n<p>Ob ich, wenn ich das n\u00e4chste Mal die Ortler-Skiarena-Saisonkarte habe, hier nochmal herfahre oder nicht &#8211; also wenn, dann maximal f\u00fcr einen halben Tag in Verbindung mit Vigiljoch, weil letzteres auf dem Weg richtung Schwemmalm liegt. Das hei\u00dft, es hat mir hier etwas besser gefallen als in Watles oder Reinswald.<\/p>\n<p>\u00dcbernachtet wird nicht ganz auf dem Weg, etwas weiter richtung Reschen hab ich ein g\u00fcnstigstes Hotel um ca. 40,- \u00dcF gebucht. Da lohnt sich die Heimfahrt dann immer nicht so wirklich, auch weil der Schnalstaler ja recht lang anzufahren ist. Fr\u00fchst\u00fcck gibt&#8217;s hier bereits ab 6 Uhr, aber das brauch ich morgen auch nicht, wenn die Lifte erst ab 9 Uhr in Betrieb sein sollen, dann reicht 7 Uhr locker ;) Abends in der Hotel eigenen Pizzeria noch eine Lachspizza gegessen &#8211; sieht man ja auch nicht so h\u00e4ufig auf der Karte.<\/p>\n<p>Da ich aber doch schon recht fr\u00fch ins Bett bin, bin ich auch fr\u00fch aufgestanden und um 6:30 zum Fr\u00fchst\u00fccken &#8211; war noch nicht mal der erste, aber so viel wie gedeckt ist, war das sicherlich sinnvoll, fr\u00fch dran zu sein. Fr\u00fchst\u00fccksbuffet ist gro\u00df, man wird sogar gefragt, ob man R\u00fchr- oder Spiegeleier will; gro\u00dfe St\u00fccke wie Croissants und Brezen sind durchgeschnitten (gut so), Kuchen gab&#8217;s allerdings keinen.<\/p>\n<p><a href='http:\/\/extra.inmontanis.info\/d\/46973-2\/DSC09257.jpg'><img src=http:\/\/extra.inmontanis.info\/d\/46972-3\/DSC09257.jpg \/><\/a><br \/>\n^ Hotelzimmer mit riesigem TV &#8211; wie \u00fcblich nicht ben\u00f6tigt.<\/p>\n<p><a href='http:\/\/extra.inmontanis.info\/d\/46977-2\/DSC09259.jpg'><img src=http:\/\/extra.inmontanis.info\/d\/46976-3\/DSC09259.jpg \/><\/a><br \/>\n^ .. der F\u00f6hn w\u00e4re mir im Badezimmer allerdings lieber gewesen als hier ..<\/p>\n<p><a href='http:\/\/ski.inmontanis.info\/d\/245494-2\/DSC09255.jpg'><img src=http:\/\/ski.inmontanis.info\/d\/245493-3\/DSC09255.jpg \/><\/a><br \/>\n^ Zoom (Ex-)Skigebiet Tarscheralm vom Hotel aus<\/p>\n","protected":false},"excerpt":{"rendered":"<p>Nachdem ich die letzten beiden WE ja unterwegs war und evtl. n\u00e4chstes und\/oder \u00fcbern\u00e4chstes wieder unterweges sein will, bin ich dieses WE &#8211; naja, egtl. auch unterwegs, aber eben nur in den nahen Saisonkartenskigebieten in S\u00fcdtirol. Genauer gesagt fehlten mir ja noch 2 Gebiete, Schwemmalm und der Winter-Teil vom Schnalstaler, wo ich bisher nur im <a href=\"http:\/\/blog.inmontanis.info\/?p=4907\">[&#8230;]<\/a><\/p>\n","protected":false},"author":1,"featured_media":0,"comment_status":"closed","ping_status":"closed","sticky":false,"template":"","format":"standard","meta":{"footnotes":""},"categories":[15,395,27],"tags":[55,49,38],"class_list":["post-4907","post","type-post","status-publish","format-standard","hentry","category-italienitaly","category-schwemmalm","category-skifahren-winterskiing-winter","tag-3sb","tag-4sb","tag-dsb","odd"],"_links":{"self":[{"href":"http:\/\/blog.inmontanis.info\/index.php?rest_route=\/wp\/v2\/posts\/4907","targetHints":{"allow":["GET"]}}],"collection":[{"href":"http:\/\/blog.inmontanis.info\/index.php?rest_route=\/wp\/v2\/posts"}],"about":[{"href":"http:\/\/blog.inmontanis.info\/index.php?rest_route=\/wp\/v2\/types\/post"}],"author":[{"embeddable":true,"href":"http:\/\/blog.inmontanis.info\/index.php?rest_route=\/wp\/v2\/users\/1"}],"replies":[{"embeddable":true,"href":"http:\/\/blog.inmontanis.info\/index.php?rest_route=%2Fwp%2Fv2%2Fcomments&post=4907"}],"version-history":[{"count":2,"href":"http:\/\/blog.inmontanis.info\/index.php?rest_route=\/wp\/v2\/posts\/4907\/revisions"}],"predecessor-version":[{"id":4909,"href":"http:\/\/blog.inmontanis.info\/index.php?rest_route=\/wp\/v2\/posts\/4907\/revisions\/4909"}],"wp:attachment":[{"href":"http:\/\/blog.inmontanis.info\/index.php?rest_route=%2Fwp%2Fv2%2Fmedia&parent=4907"}],"wp:term":[{"taxonomy":"category","embeddable":true,"href":"http:\/\/blog.inmontanis.info\/index.php?rest_route=%2Fwp%2Fv2%2Fcategories&post=4907"},{"taxonomy":"post_tag","embeddable":true,"href":"http:\/\/blog.inmontanis.info\/index.php?rest_route=%2Fwp%2Fv2%2Ftags&post=4907"}],"curies":[{"name":"wp","href":"https:\/\/api.w.org\/{rel}","templated":true}]}}