{"id":4902,"date":"2018-04-02T19:16:22","date_gmt":"2018-04-02T17:16:22","guid":{"rendered":"http:\/\/blog.inmontanis.info\/?p=4902"},"modified":"2023-08-02T22:13:57","modified_gmt":"2023-08-02T20:13:57","slug":"lurisia-2-4-2018","status":"publish","type":"post","link":"http:\/\/blog.inmontanis.info\/?p=4902","title":{"rendered":"Lurisia, 2.4.2018"},"content":{"rendered":"<p><strong>Ostern 2018 Teil 2 &#8211; Tag 4: Mo, 2.4.2018 &#8211; Lurisia<\/strong><\/p>\n<p>Am letzten Tag der Tour ging&#8217;s noch nach Lurisia, das ich diese Saison bisher auslassen hatte. Netterweise wurde die Talabfahrt noch als ge\u00f6ffnet angegeben &#8211; wenn auch nicht mehr ganz ohne Abschnallen, wie sich herausstellen sollte. Aber trotzdem sch\u00f6n, dass sie pr\u00e4pariert wurde. Bin sie 3x gefahren, bester Schnee, toller Firn.<\/p>\n<p>Oben waren die Pisten morgens etwas h\u00e4rter und offpiste war&#8217;s auch nicht besonders toll, au\u00dfer den beiden Varianten, die ich nachmittags noch gefahren bin. Jacopo hab ich gleich bei meiner ersten SL-Fahrt gesehen, er erz\u00e4hlte mir, dass der Gipfel-SL evtl. noch diesen Sommer mit einer 4SB (nicht 4KSB) ersetzt werden soll &#8211; angeblich aus Meran, aber da wird ja nur die alte DSB ersetzt und es gibt noch nicht mal eine 4SB?! Na, lassen wir uns \u00fcberraschen, werden sich wohl nicht die alte Leitner-DSB andrehen lassen :) Jedenfalls soll die 4SB tats\u00e4chlich nur auf der Trasse des SL Genzianella verlaufen, minimal verl\u00e4ngert, so dass man bequemer ein- und aussteigen kann. F\u00fcr die rechten Abfahrten (am Ex-SL Pineta) bedeutet es aber, dass sie weiterhin nur kompliziert zu erreichen sind. Und nebenbei werden wohl auch jetzt schon 2 Abfahrten nicht mehr pr\u00e4pariert. Als ob man nicht eh schon genug verloren h\u00e4tte :-(<\/p>\n<p>(Fotos anklicken zum Vergr\u00f6\u00dfern)<\/p>\n<p><a href='http:\/\/extra.inmontanis.info\/d\/46893-3\/ge201803-04b.jpg'><img src=http:\/\/extra.inmontanis.info\/d\/46892-4\/ge201803-04b.jpg \/><\/a><br \/>\n^ Die beiden Oster-Wochenend-Touren 2018:<br \/>\nA) Savognin (CH)<br \/>\nB) Pontechianale (IT)<br \/>\nC) Sampeyre (IT)<br \/>\nD) Frabosa\/Mondole (IT)<br \/>\n&#8211;<br \/>\nE) Jungfrau (CH)<br \/>\nF) Cr\u00e9voux (FR)<br \/>\nG) Gr\u00e9oli\u00e8res (FR)<br \/>\nH) Lurisia (IT)<\/p>\n<p><a href='http:\/\/ski.inmontanis.info\/d\/245272-2\/DSC09116.jpg'><img src=http:\/\/ski.inmontanis.info\/d\/245271-3\/DSC09116.jpg \/><\/a><br \/>\n^ An der Talstation des Gondellifts gab&#8217;s kurze Wartezeiten<\/p>\n<p><a href='http:\/\/ski.inmontanis.info\/d\/245276-2\/DSC09121.jpg'><img src=http:\/\/ski.inmontanis.info\/d\/245275-3\/DSC09121.jpg \/><\/a><br \/>\n^ SL Betulla<\/p>\n<p><a href='http:\/\/ski.inmontanis.info\/d\/245280-2\/DSC09127.jpg'><img src=http:\/\/ski.inmontanis.info\/d\/245279-3\/DSC09127.jpg \/><\/a><br \/>\n^ Gondellift, Abfahrt und Talpano Cuneo \/ Monviso<\/p>\n<p><a href='http:\/\/ski.inmontanis.info\/d\/245284-2\/DSC09129.jpg'><img src=http:\/\/ski.inmontanis.info\/d\/245283-3\/DSC09129.jpg \/><\/a><br \/>\n^ Monte Pigna &#8211; ab n\u00e4chstem Winter evtl. mit einer Sesselbahn erschlossen<\/p>\n<p><a href='http:\/\/ski.inmontanis.info\/d\/245288-2\/DSC09131.jpg'><img src=http:\/\/ski.inmontanis.info\/d\/245287-3\/DSC09131.jpg \/><\/a><br \/>\n^ Der sch\u00f6ne blaue SL Genzianella, wohl bald Geschichte.<\/p>\n<p><a href='http:\/\/ski.inmontanis.info\/d\/245292-2\/DSC09133.jpg'><img src=http:\/\/ski.inmontanis.info\/d\/245291-3\/DSC09133.jpg \/><\/a><br \/>\n^ SL Genzianella, hatte an einer St\u00fctze morgens etwas rumgezickt<\/p>\n<p><a href='http:\/\/ski.inmontanis.info\/d\/245296-2\/DSC09135.jpg'><img src=http:\/\/ski.inmontanis.info\/d\/245295-3\/DSC09135.jpg \/><\/a><br \/>\n^ Ex-SL Pineta, ging leider auch nicht mehr in Betrieb, was die rechten Abfahrten erschwert m\u00f6glich macht (Skiweg retour zum SL Betulla, dann entweder Aufstieg oder zum SL Margherita, dann r\u00fcber schieben zum SL Genzianella&#8230;)<\/p>\n<p><a href='http:\/\/ski.inmontanis.info\/d\/245300-2\/DSC09138.jpg'><img src=http:\/\/ski.inmontanis.info\/d\/245299-3\/DSC09138.jpg \/><\/a><br \/>\n^ SL Margherita<\/p>\n<p><a href='http:\/\/ski.inmontanis.info\/d\/245304-2\/DSC09140.jpg'><img src=http:\/\/ski.inmontanis.info\/d\/245303-3\/DSC09140.jpg \/><\/a><br \/>\n^ SL Margherita<\/p>\n<p><a href='http:\/\/ski.inmontanis.info\/d\/245308-2\/DSC09143.jpg'><img src=http:\/\/ski.inmontanis.info\/d\/245307-3\/DSC09143.jpg \/><\/a><br \/>\n^ SL Genzianella<\/p>\n<p><a href='http:\/\/ski.inmontanis.info\/d\/245312-2\/DSC09144.jpg'><img src=http:\/\/ski.inmontanis.info\/d\/245311-3\/DSC09144.jpg \/><\/a><br \/>\n^ Panorama r\u00fcckseits<\/p>\n<p><a href='http:\/\/ski.inmontanis.info\/d\/245316-2\/DSC09148.jpg'><img src=http:\/\/ski.inmontanis.info\/d\/245315-3\/DSC09148.jpg \/><\/a><br \/>\n^ Ex-SL Pineta<\/p>\n<p><a href='http:\/\/ski.inmontanis.info\/d\/245320-2\/DSC09154.jpg'><img src=http:\/\/ski.inmontanis.info\/d\/245319-3\/DSC09154.jpg \/><\/a><br \/>\n^ SL Genzianella<\/p>\n<p><a href='http:\/\/ski.inmontanis.info\/d\/245264-2\/DSC09155.jpg'><img src=http:\/\/ski.inmontanis.info\/d\/245263-3\/DSC09155.jpg \/><\/a><br \/>\n^ Zoom Artesina \/ SL Rocche Giardina \/ SL Turra .. Nochmal ein letztes Abschiedsfoto :)<\/p>\n<p><a href='http:\/\/ski.inmontanis.info\/d\/245268-2\/DSC09156.jpg'><img src=http:\/\/ski.inmontanis.info\/d\/245267-3\/DSC09156.jpg \/><\/a><br \/>\n^ Zoom Farbosa \/ Monte Moro zum ehemaligen Gipfel-SL, von hier aus sieht man gut den Skiweg zum SL<\/p>\n<p><a href='http:\/\/ski.inmontanis.info\/d\/245324-2\/DSC09161.jpg'><img src=http:\/\/ski.inmontanis.info\/d\/245323-3\/DSC09161.jpg \/><\/a><br \/>\n^ Ex-SL Pineta<\/p>\n<p><a href='http:\/\/ski.inmontanis.info\/d\/245328-2\/DSC09162.jpg'><img src=http:\/\/ski.inmontanis.info\/d\/245327-3\/DSC09162.jpg \/><\/a><br \/>\n^ Die sch\u00f6ne ganz rechte (Grat-) Abfahrt, die sch\u00f6nste Abfahrt im Skigebiet<\/p>\n<p><a href='http:\/\/ski.inmontanis.info\/d\/245332-2\/DSC09163.jpg'><img src=http:\/\/ski.inmontanis.info\/d\/245331-3\/DSC09163.jpg \/><\/a><br \/>\n^ Ex-SL Pineta; die Piste dar\u00fcber wird wohl auch seit einiger Zeit nicht mehr pr\u00e4pariert.<\/p>\n<p><a href='http:\/\/ski.inmontanis.info\/d\/245336-2\/DSC09164.jpg'><img src=http:\/\/ski.inmontanis.info\/d\/245335-3\/DSC09164.jpg \/><\/a><br \/>\n^ Die (unbeschneite und bis auf ca. 830m runter gehende) Talabfahrt war offiziell ge\u00f6ffnet, allerdings fehlte unten etwas Schnee.<\/p>\n<p><a href='http:\/\/ski.inmontanis.info\/d\/245340-2\/DSC09166.jpg'><img src=http:\/\/ski.inmontanis.info\/d\/245339-3\/DSC09166.jpg \/><\/a><br \/>\n^ Talabfahrt, schon auch ganz nett<\/p>\n<p><a href='http:\/\/ski.inmontanis.info\/d\/245344-2\/DSC09168.jpg'><img src=http:\/\/ski.inmontanis.info\/d\/245343-3\/DSC09168.jpg \/><\/a><br \/>\n^ Talabfahrt, hier kam man noch rum<\/p>\n<p><a href='http:\/\/ski.inmontanis.info\/d\/245348-2\/DSC09169.jpg'><img src=http:\/\/ski.inmontanis.info\/d\/245347-3\/DSC09169.jpg \/><\/a><br \/>\n^ Talabfahrt, hier musste man ein St\u00fcck abschnallen<\/p>\n<p><a href='http:\/\/ski.inmontanis.info\/d\/245352-2\/DSC09170.jpg'><img src=http:\/\/ski.inmontanis.info\/d\/245351-3\/DSC09170.jpg \/><\/a><br \/>\n^ Talabfahrt, ab hier konnte man wieder bis zur Talstation abfahren<\/p>\n<p><a href='http:\/\/ski.inmontanis.info\/d\/245356-2\/DSC09171.jpg'><img src=http:\/\/ski.inmontanis.info\/d\/245355-3\/DSC09171.jpg \/><\/a><br \/>\n^ Gondellift und SL Betulla<\/p>\n<p><a href='http:\/\/ski.inmontanis.info\/d\/245360-2\/DSC09173.jpg'><img src=http:\/\/ski.inmontanis.info\/d\/245359-3\/DSC09173.jpg \/><\/a><br \/>\n^ SL Margherita vs. Cuneo \/ Monviso<\/p>\n<p><a href='http:\/\/ski.inmontanis.info\/d\/245364-2\/DSC09175.jpg'><img src=http:\/\/ski.inmontanis.info\/d\/245363-3\/DSC09175.jpg \/><\/a><br \/>\n^ Nachdem der SL Genzianella evtl. schon diesen Sommer mit einer 3SB\/4SB ersetzt werden soll, die wohl bis hier rauf gehen wird, wird man den Bereich wohl etwas kahl schlagen und einebnen<\/p>\n<p><a href='http:\/\/ski.inmontanis.info\/d\/245368-2\/DSC09180.jpg'><img src=http:\/\/ski.inmontanis.info\/d\/245367-3\/DSC09180.jpg \/><\/a><br \/>\n^ Wie schon gestern in Greolieres gab es auch hier und heute sch\u00f6ne farbig schimmernde W\u00f6lkchen<\/p>\n<p><a href='http:\/\/ski.inmontanis.info\/d\/245372-2\/DSC09182.jpg'><img src=http:\/\/ski.inmontanis.info\/d\/245371-3\/DSC09182.jpg \/><\/a><br \/>\n^ Offpiste ganz rechts au\u00dfen, toller Firn, aber schon fast etwas zu sp\u00e4t (jetzt bei der 2. Abfahrt)<\/p>\n<p><a href='http:\/\/ski.inmontanis.info\/d\/245376-2\/DSC09185.jpg'><img src=http:\/\/ski.inmontanis.info\/d\/245375-3\/DSC09185.jpg \/><\/a><br \/>\n^ Offpiste ganz rechts au\u00dfen<\/p>\n<p><a href='http:\/\/ski.inmontanis.info\/d\/245380-2\/DSC09186.jpg'><img src=http:\/\/ski.inmontanis.info\/d\/245379-3\/DSC09186.jpg \/><\/a><br \/>\n^ Offpiste ganz rechts au\u00dfen; der Skiweg retour war etwas schiebelastig.<\/p>\n<p><a href='http:\/\/ski.inmontanis.info\/d\/245384-2\/DSC09187.jpg'><img src=http:\/\/ski.inmontanis.info\/d\/245383-3\/DSC09187.jpg \/><\/a><br \/>\n^ An der SL-Br\u00fccke (Betulla) hat&#8217;s mal wieder viel Schnee<\/p>\n<p><a href='http:\/\/ski.inmontanis.info\/d\/245388-2\/DSC09191.jpg'><img src=http:\/\/ski.inmontanis.info\/d\/245387-3\/DSC09191.jpg \/><\/a><br \/>\n^ SL Genzianella<\/p>\n<p><a href='http:\/\/ski.inmontanis.info\/d\/245392-2\/DSC09193.jpg'><img src=http:\/\/ski.inmontanis.info\/d\/245391-3\/DSC09193.jpg \/><\/a><br \/>\n^ SL Genzianella<\/p>\n<p><a href='http:\/\/ski.inmontanis.info\/d\/245396-2\/DSC09194.jpg'><img src=http:\/\/ski.inmontanis.info\/d\/245395-3\/DSC09194.jpg \/><\/a><br \/>\n^ SL Genzianella<\/p>\n<p><a href='http:\/\/ski.inmontanis.info\/d\/245400-2\/ge20180402d.jpg'><img src=http:\/\/ski.inmontanis.info\/d\/245399-3\/ge20180402d.jpg \/><\/a><br \/>\n^ GPS-Track 2.4.2018 in Gelb und einige der vorherigen Besuche in Blau.<\/p>\n<p>Fazit: Schnee- und wartezeitenm\u00e4\u00dfig einer der besseren Lurisia-Besuche der letzten Zeit.<\/p>\n<p>Gegen 15 Uhr h\u00f6rte ich auf, um etwas Pufferzeit zum Heimfahren zu haben bzw. um in der Schweiz noch eine Portion \u00c4lplermakkaroni essen zu k\u00f6nnen. Letzteres war auch der Grund, warum ich mich wieder f\u00fcr die Fahrt \u00fcber den San Bernadino entschied. Und weil es letzte Woche auch so gut ging, sowohl Turin, wie auch Mailand umfahrend. (Ansonsten ist die Variante Mailand &#8211; Maloja von hier aus ja meine bevorzugte Strecke und w\u00e4r es noch mehr, wenn man nicht durch Mailand durch m\u00fcsste, Maut w\u00e4re g\u00fcnstiger, Strecke ist k\u00fcrzer und zeitm\u00e4\u00dfig sind beide ca. gleich, allerdings bef\u00fcrchtete ich Stau vor\/um Mailand..)<\/p>\n<p>Ja, wie etwas bef\u00fcrchtet war am heutigen Ostermontag doch etwas mehr Reiseverkehr. Zwar traf mich kein Verkehr \u00fcbern Bernardino und die 2-4-Stunden Wartezeit am Gotthard treffen mich ja auch nicht, auch weiter bei Chur gab es nur noch kurze stockende Stellen, aber der R\u00fcckreiseverkehr vom Lago Maggiore nach Mailand hat mich leider doch erwischt &#8211; n\u00e4mlich bei Sesto Calende. Und weil ich gleich vor Sesto Calende von der Autobahn runter bin, stand ich stattdessen durch Sesto Calende im Stau &#8211; Zeitverlust 30-40 Minuten in Summe nur dort, Abendessen somit nicht mehr drin, dazu noch ein paar weitere Verz\u00f6gerungen &#8211; gegen 0:30 Uhr war ich wieder daheim. Evtl. w\u00e4re es staum\u00e4\u00dfig heute also sinnvoller gewesen, zumindest eine der Varianten \u00fcbern Brenner zu fahren, wo man nicht an Turin und Mailand h\u00e4tte vorbei m\u00fcssen.<br \/>\n(Italienische Mautkosten vom Bereich Mondovi via Alba\/Asti\/Varese ca. 14 \u20ac, via Alba\/Asti\/Piacenza\/Brenner ca. 39,- \u20ac, via Turin\/Mailand oder Savona\/Piacenza ca. 46-52,- \u20ac)<\/p>\n<p>##Ende##<\/p>\n","protected":false},"excerpt":{"rendered":"<p>Ostern 2018 Teil 2 &#8211; Tag 4: Mo, 2.4.2018 &#8211; Lurisia<\/p>\n<p>Am letzten Tag der Tour ging&#8217;s noch nach Lurisia, das ich diese Saison bisher auslassen hatte. Netterweise wurde die Talabfahrt noch als ge\u00f6ffnet angegeben &#8211; wenn auch nicht mehr ganz ohne Abschnallen, wie sich herausstellen sollte. Aber trotzdem sch\u00f6n, dass sie pr\u00e4pariert wurde. Bin <a href=\"http:\/\/blog.inmontanis.info\/?p=4902\">[&#8230;]<\/a><\/p>\n","protected":false},"author":1,"featured_media":0,"comment_status":"closed","ping_status":"closed","sticky":false,"template":"","format":"standard","meta":{"footnotes":""},"categories":[169,15,231,59,27],"tags":[44,80,47],"class_list":["post-4902","post","type-post","status-publish","format-standard","hentry","category-2018-03-ostern","category-italienitaly","category-lurisia","category-nostalgie","category-skifahren-winterskiing-winter","tag-2eub","tag-marchisio","tag-sl","odd"],"_links":{"self":[{"href":"http:\/\/blog.inmontanis.info\/index.php?rest_route=\/wp\/v2\/posts\/4902","targetHints":{"allow":["GET"]}}],"collection":[{"href":"http:\/\/blog.inmontanis.info\/index.php?rest_route=\/wp\/v2\/posts"}],"about":[{"href":"http:\/\/blog.inmontanis.info\/index.php?rest_route=\/wp\/v2\/types\/post"}],"author":[{"embeddable":true,"href":"http:\/\/blog.inmontanis.info\/index.php?rest_route=\/wp\/v2\/users\/1"}],"replies":[{"embeddable":true,"href":"http:\/\/blog.inmontanis.info\/index.php?rest_route=%2Fwp%2Fv2%2Fcomments&post=4902"}],"version-history":[{"count":4,"href":"http:\/\/blog.inmontanis.info\/index.php?rest_route=\/wp\/v2\/posts\/4902\/revisions"}],"predecessor-version":[{"id":4915,"href":"http:\/\/blog.inmontanis.info\/index.php?rest_route=\/wp\/v2\/posts\/4902\/revisions\/4915"}],"wp:attachment":[{"href":"http:\/\/blog.inmontanis.info\/index.php?rest_route=%2Fwp%2Fv2%2Fmedia&parent=4902"}],"wp:term":[{"taxonomy":"category","embeddable":true,"href":"http:\/\/blog.inmontanis.info\/index.php?rest_route=%2Fwp%2Fv2%2Fcategories&post=4902"},{"taxonomy":"post_tag","embeddable":true,"href":"http:\/\/blog.inmontanis.info\/index.php?rest_route=%2Fwp%2Fv2%2Ftags&post=4902"}],"curies":[{"name":"wp","href":"https:\/\/api.w.org\/{rel}","templated":true}]}}