{"id":4887,"date":"2018-03-31T21:50:25","date_gmt":"2018-03-31T19:50:25","guid":{"rendered":"http:\/\/blog.inmontanis.info\/?p=4887"},"modified":"2023-07-30T21:36:03","modified_gmt":"2023-07-30T19:36:03","slug":"crevoux-31-3-2018","status":"publish","type":"post","link":"http:\/\/blog.inmontanis.info\/?p=4887","title":{"rendered":"Cr\u00e9voux, 31.3.2018"},"content":{"rendered":"<p><strong>Ostern 2018 Teil 2 &#8211; Tag 2: Sa, 31.3.2018 &#8211; Cr\u00e9voux<\/strong><\/p>\n<p>So ungef\u00e4hr vor gehabt hatte ich heute Crevoux, da ich schon wieder einige Jahre nicht mehr hier war, allerdings w\u00e4re ich bereit gewesen, f\u00fcr besseres Wetter auch wo anders hin zu fahren, z.B. St. Jean Montclar, wo ich noch viel l\u00e4nger nicht mehr war. Wie so h\u00e4ufig gab es recht kontr\u00e4re Wettervorhersagen zwischen trocken und recht sonnig am Nachmittag bis zu leichtem Schneefall vormittags, nachmittags st\u00e4rker werdend. F\u00fcr Crevoux. Bei St. Jean Montclar, Villard de Lans, Alpe du Grand Serre etc. \u00e4hnlich oder ggf. auch etwas umgedreht, der eine meldete dann besser, daf\u00fcr der andere schlechter. Da es hier im Hotel in Grenoble ab 7 Uhr (am WE) Fr\u00fchst\u00fcck gab und es nur 5,- \u20ac kostete, ging ich um kurz nach 7 zum Fr\u00fchst\u00fccken, kurz vor 8 Uhr kam ich dann weg, die Fahrzeit nach Crevoux w\u00e4ren ca. 2,5h.<\/p>\n<p>Kurz vor Gap ein letzter Webcam-Check und ich blieb bei Crevoux, wobei es wohl zumindest in Montclar besser gewesen w\u00e4re. Egal. Tageskarte in Crevoux kostete 21,- \u20ac (fremde Keycards werden akzeptiert), es war durchaus einiges los, es zwinkerte hin und wieder auch die Sonne, aber es war auch mal neblig und es gab einige Schneeflocken und Eisregen, insb. nachmittags letzteres. <\/p>\n<p>Schnee war oben recht pulvrig, da es \u00fcber Nacht ca. 30cm schneite, weiter unten dann langsam etwas pappig werdend. Die meisten Pisten wurden nach dem Neuschnee heute Morgen leider nicht nochmals pr\u00e4pariert, was also in Summe recht anstrengend war. Nach ein paar Abfahrten mit dem Spigolino fuhr ich nochmal zum Parkplatz runter (was danach leider wieder Fu\u00dfweg hinauf zu den SL bedeutete), weil ich die neuen Fr2 mal im Pulver probieren wollte. Auf der Piste waren sie jedenfalls angenehmer, weil der leichte Papp ja mit den Spigolino nervig ist, weil die recht kantenbissig sind, w\u00e4hrend sich die FR2 leichter driftend fahren lassen &#8211; so lang man sie nicht st\u00e4rker belastet bzw. mehr auf die Kante legt, dann sind sie nat\u00fcrlich k\u00fcrzer zu carven. Auf den leicht bis mehr zerfahrenen Neuschneepisten gingen sie auch sp\u00fcrbar besser, im Tiefschnee waren sie m.E. im Pulver auch nicht (sp\u00fcrbar) schlechter. (Sp\u00e4testens bei leichtem Bruchharsch d\u00fcrften die Spigolino aber besser sein, sch\u00e4tze ich. Aber auf Sulz find ich die FR2 wesentlich besser, um mal vorweg zu greifen.)<\/p>\n<p>Liftm\u00e4\u00dfig hat sich in Crevoux noch nichts getan, es gibt weiterhin nur die 3 KSSL (plus \u00dcbungslifte), die geplante Sesselbahn auf der 1. Sektion wurde noch nicht gebaut. Einerseits gut so, andererseits ist es schon sehr anstrengend, den ganzen Tag nur KSSL zu fahren. Nochmal anstrengender, als den ganzen Tag &#8220;normale&#8221; SL zu fahren. Aber f\u00fcr lahme &#8220;normale&#8221; SL w\u00fcrd ich ja hier auch nicht herfahren, in Frankreich will ich KSSL fahren ;)<\/p>\n<p>(Fotos anklicken zum Vergr\u00f6\u00dfern)<\/p>\n<p><a href='http:\/\/extra.inmontanis.info\/d\/46893-3\/ge201803-04b.jpg'><img src=http:\/\/extra.inmontanis.info\/d\/46892-4\/ge201803-04b.jpg \/><\/a><br \/>\n^ Die beiden Oster-Wochenend-Touren 2018:<br \/>\nA) Savognin (CH)<br \/>\nB) Pontechianale (IT)<br \/>\nC) Sampeyre (IT)<br \/>\nD) Frabosa\/Mondole (IT)<br \/>\n&#8211;<br \/>\nE) Jungfrau (CH)<br \/>\nF) Cr\u00e9voux (FR)<br \/>\nG) Gr\u00e9oli\u00e8res (FR)<br \/>\nH) Lurisia (IT)<\/p>\n<p><a href='http:\/\/extra.inmontanis.info\/d\/46897-2\/DSC08904.jpg'><img src=http:\/\/extra.inmontanis.info\/d\/46896-3\/DSC08904.jpg \/><\/a><br \/>\n^ W\u00e4hrend im Norden Grenobles eine hochnebelartige Wolkendecke liegt, ist es im S\u00fcden schon recht sonnig<\/p>\n<p><a href='http:\/\/extra.inmontanis.info\/d\/46901-2\/DSC08911.jpg'><img src=http:\/\/extra.inmontanis.info\/d\/46900-3\/DSC08911.jpg \/><\/a><br \/>\n^ Ein bisschen Neuschnee gab&#8217;s in den etwas h\u00f6her gelegeneren T\u00e4lern auch<\/p>\n<p><a href='http:\/\/extra.inmontanis.info\/d\/46905-2\/DSC08914.jpg'><img src=http:\/\/extra.inmontanis.info\/d\/46904-3\/DSC08914.jpg \/><\/a><br \/>\n^ Die Fahrt von Grenoble nach Gap ist etwas zeitaufw\u00e4ndig, aber landschaftlich nett.<\/p>\n<p><a href='http:\/\/extra.inmontanis.info\/d\/46909-2\/DSC08918.jpg'><img src=http:\/\/extra.inmontanis.info\/d\/46908-3\/DSC08918.jpg \/><\/a><br \/>\n^ Im S\u00fcden wieder sehr viel Sonne, aber im Osten richtung Crevoux, Vars usw. liegen die Wolken dichter.<\/p>\n<p><a href='http:\/\/extra.inmontanis.info\/d\/46913-2\/DSC08923.jpg'><img src=http:\/\/extra.inmontanis.info\/d\/46912-3\/DSC08923.jpg \/><\/a><br \/>\n^ Lac de Serre-Pon\u00e7on<\/p>\n<p><a href='http:\/\/extra.inmontanis.info\/d\/46917-2\/DSC08927.jpg'><img src=http:\/\/extra.inmontanis.info\/d\/46916-3\/DSC08927.jpg \/><\/a><br \/>\n^ Lac de Serre-Pon\u00e7on<\/p>\n<p><a href='http:\/\/ski.inmontanis.info\/d\/244984-3\/DSC08930.jpg'><img src=http:\/\/ski.inmontanis.info\/d\/244983-3\/DSC08930.jpg \/><\/a><br \/>\n^ Auch in Crevoux gab es einigen Neuschnee, leider heute aber auch viele Wolken und eher wenig Sonne.<\/p>\n<p><a href='http:\/\/ski.inmontanis.info\/d\/244988-2\/ge20180331b.jpg'><img src=http:\/\/ski.inmontanis.info\/d\/244987-3\/ge20180331b.jpg \/><\/a><br \/>\n^ GPS-Track 31.3.2018 in Rot; einige der vorherigen Besuche in Blau<\/p>\n<p><a href='http:\/\/ski.inmontanis.info\/d\/244992-2\/DSC08931.jpg'><img src=http:\/\/ski.inmontanis.info\/d\/244991-3\/DSC08931.jpg \/><\/a><br \/>\n^ Ein enges Tal mit steilen Felsw\u00e4nden gibt&#8217;s hier auch.. (hier im Bereich der \u00dcbungslifte)<\/p>\n<p><a href='http:\/\/ski.inmontanis.info\/d\/244996-2\/DSC08936.jpg'><img src=http:\/\/ski.inmontanis.info\/d\/244995-3\/DSC08936.jpg \/><\/a><br \/>\n^ KSSL Sektion 3, der neuere, linke.<\/p>\n<p><a href='http:\/\/ski.inmontanis.info\/d\/245000-2\/DSC08937.jpg'><img src=http:\/\/ski.inmontanis.info\/d\/244999-3\/DSC08937.jpg \/><\/a><br \/>\n^ Offpiste war&#8217;s vormittags nett pulvrig<\/p>\n<p><a href='http:\/\/ski.inmontanis.info\/d\/245004-2\/DSC08943.jpg'><img src=http:\/\/ski.inmontanis.info\/d\/245003-3\/DSC08943.jpg \/><\/a><br \/>\n^ Am linken KSSL zeigte sich die Sonne auch h\u00e4ufiger<\/p>\n<p><a href='http:\/\/ski.inmontanis.info\/d\/245008-2\/DSC08944.jpg'><img src=http:\/\/ski.inmontanis.info\/d\/245007-3\/DSC08944.jpg \/><\/a><br \/>\n^ Linker KSSL<\/p>\n<p><a href='http:\/\/ski.inmontanis.info\/d\/245012-2\/DSC08947.jpg'><img src=http:\/\/ski.inmontanis.info\/d\/245011-3\/DSC08947.jpg \/><\/a><br \/>\n^ Linker KSSL<\/p>\n<p><a href='http:\/\/ski.inmontanis.info\/d\/245016-2\/DSC08948.jpg'><img src=http:\/\/ski.inmontanis.info\/d\/245015-3\/DSC08948.jpg \/><\/a><br \/>\n^ Verbindung KSSL Sektion 2 (hier war&#8217;s meist wolkiger) zum dritten, linken KSSL<\/p>\n<p><a href='http:\/\/ski.inmontanis.info\/d\/245020-2\/DSC08949.jpg'><img src=http:\/\/ski.inmontanis.info\/d\/245019-3\/DSC08949.jpg \/><\/a><br \/>\n^ Am linken KSSL war&#8217;s einfach sonniger, daher fotogener.<\/p>\n<p><a href='http:\/\/ski.inmontanis.info\/d\/245024-2\/DSC08950.jpg'><img src=http:\/\/ski.inmontanis.info\/d\/245023-3\/DSC08950.jpg \/><\/a><br \/>\n^ Offpiste, auch nachmittags noch fahrbar, wenn auch etwas schwerer<\/p>\n<p><a href='http:\/\/ski.inmontanis.info\/d\/245028-2\/DSC08953.jpg'><img src=http:\/\/ski.inmontanis.info\/d\/245027-3\/DSC08953.jpg \/><\/a><br \/>\n^ Leider waren auch die meisten Abfahrten nicht morgens pr\u00e4pariert und auf Dauer mit ca. 30cm tiefen Neuschnee schwer zu fahren<\/p>\n<p><a href='http:\/\/ski.inmontanis.info\/d\/245040-2\/IMG_4516.jpg'><img src=http:\/\/ski.inmontanis.info\/d\/245039-3\/IMG_4516.jpg \/><\/a><br \/>\n^ Nutella-Cr\u00eape zum nachmitt\u00e4glichem Snack<\/p>\n<p><a href='http:\/\/ski.inmontanis.info\/d\/245032-2\/DSC08957.jpg'><img src=http:\/\/ski.inmontanis.info\/d\/245031-3\/DSC08957.jpg \/><\/a><br \/>\n^ Eine der Talabfahrten<\/p>\n<p><a href='http:\/\/ski.inmontanis.info\/d\/245036-2\/DSC08958.jpg'><img src=http:\/\/ski.inmontanis.info\/d\/245035-3\/DSC08958.jpg \/><\/a><br \/>\n^ KSSL Sektion 1<\/p>\n<p>Mit seinen 3 KSSL bietet Crevoux nach wie vor genug Abwechslung f\u00fcr einen (fast) ganzen Tag und reiht sich in die omin\u00f6se &#8220;geniale 3-SL-Gebiete&#8221;-Liste, n\u00e4chstes Mal ist in der Gegend aber doch mal wieder Montclar an der Reihe. Kurz nach 16 Uhr h\u00f6rte ich auf, f\u00fcllte ein paar Flaschen mit Schnee und besuchte noch 2 Superm\u00e4rkte. Dass es in Gap ein G\u00e9ant Casino gibt, werd ich mir wohl auch nie merken, insb. weil ich die Einfahrt vom Osten nach Gap immer mit Bourg St Maurice verwechsle. In Gap a\u00df ich noch im Buffalo und fuhr dann weiter nach Sisteron, wo ich mal wieder im Ibis Budget \u00fcbernachtete (40,80 oder so, vor 2 Tagen gebucht). Hier gibt&#8217;s morgen leider erst ab 7:30 Uhr Fr\u00fchst\u00fcck (weil Wochenende), also muss ich morgen darauf verzichten (bei 2,5h Fahrt nach Greolieres wird das sonst zu sp\u00e4t).<\/p>\n<p><a href='http:\/\/extra.inmontanis.info\/d\/46921-2\/DSC08961.jpg'><img src=http:\/\/extra.inmontanis.info\/d\/46920-3\/DSC08961.jpg \/><\/a><br \/>\n^ Lac de Serre-Pon\u00e7on und Skigebiete Montclar (direkt links vom See) und Reallon (rechts im Schatten)<\/p>\n<p><a href='http:\/\/extra.inmontanis.info\/d\/46925-2\/DSC08962.jpg'><img src=http:\/\/extra.inmontanis.info\/d\/46924-3\/DSC08962.jpg \/><\/a><br \/>\n^ Sp\u00e4ter und weiter im S\u00fcden wieder mehr Wolken, morgen soll es doch sehr sonnig werden!? Aber helle Wolken vor dunklen Wolken sind auch immer fotogen.<\/p>\n<p>(Fortsetzung folgt.)<\/p>\n","protected":false},"excerpt":{"rendered":"<p>Ostern 2018 Teil 2 &#8211; Tag 2: Sa, 31.3.2018 &#8211; Cr\u00e9voux<\/p>\n<p>So ungef\u00e4hr vor gehabt hatte ich heute Crevoux, da ich schon wieder einige Jahre nicht mehr hier war, allerdings w\u00e4re ich bereit gewesen, f\u00fcr besseres Wetter auch wo anders hin zu fahren, z.B. St. Jean Montclar, wo ich noch viel l\u00e4nger nicht mehr war. <a href=\"http:\/\/blog.inmontanis.info\/?p=4887\">[&#8230;]<\/a><\/p>\n","protected":false},"author":1,"featured_media":0,"comment_status":"closed","ping_status":"closed","sticky":false,"template":"","format":"standard","meta":{"footnotes":""},"categories":[169,304,16,59,27],"tags":[48,45],"class_list":["post-4887","post","type-post","status-publish","format-standard","hentry","category-2018-03-ostern","category-crevoux","category-france","category-nostalgie","category-skifahren-winterskiing-winter","tag-kssl","tag-see","odd"],"_links":{"self":[{"href":"http:\/\/blog.inmontanis.info\/index.php?rest_route=\/wp\/v2\/posts\/4887","targetHints":{"allow":["GET"]}}],"collection":[{"href":"http:\/\/blog.inmontanis.info\/index.php?rest_route=\/wp\/v2\/posts"}],"about":[{"href":"http:\/\/blog.inmontanis.info\/index.php?rest_route=\/wp\/v2\/types\/post"}],"author":[{"embeddable":true,"href":"http:\/\/blog.inmontanis.info\/index.php?rest_route=\/wp\/v2\/users\/1"}],"replies":[{"embeddable":true,"href":"http:\/\/blog.inmontanis.info\/index.php?rest_route=%2Fwp%2Fv2%2Fcomments&post=4887"}],"version-history":[{"count":5,"href":"http:\/\/blog.inmontanis.info\/index.php?rest_route=\/wp\/v2\/posts\/4887\/revisions"}],"predecessor-version":[{"id":4893,"href":"http:\/\/blog.inmontanis.info\/index.php?rest_route=\/wp\/v2\/posts\/4887\/revisions\/4893"}],"wp:attachment":[{"href":"http:\/\/blog.inmontanis.info\/index.php?rest_route=%2Fwp%2Fv2%2Fmedia&parent=4887"}],"wp:term":[{"taxonomy":"category","embeddable":true,"href":"http:\/\/blog.inmontanis.info\/index.php?rest_route=%2Fwp%2Fv2%2Fcategories&post=4887"},{"taxonomy":"post_tag","embeddable":true,"href":"http:\/\/blog.inmontanis.info\/index.php?rest_route=%2Fwp%2Fv2%2Ftags&post=4887"}],"curies":[{"name":"wp","href":"https:\/\/api.w.org\/{rel}","templated":true}]}}