{"id":4855,"date":"2018-03-10T17:36:16","date_gmt":"2018-03-10T16:36:16","guid":{"rendered":"http:\/\/blog.inmontanis.info\/?p=4855"},"modified":"2023-08-05T21:51:23","modified_gmt":"2023-08-05T19:51:23","slug":"nauders10-3-2018","status":"publish","type":"post","link":"http:\/\/blog.inmontanis.info\/?p=4855","title":{"rendered":"Nauders, 10.3.2018"},"content":{"rendered":"<p>Und wieder ein Wochenende mit schlechten Wettervorhersagen in den Gebieten, die ich gerne mal f\u00fcr ein verl\u00e4ngertes WE besuchen wollte :( Sogar im Saisonkartengebiet\/S\u00fcdtirol sah es f\u00fcr beide Tage recht schlecht aus. In den s\u00fcdlicheren und \u00f6stlicheren Teilen \u00d6sterreichs sollte es vielleicht etwas besser werden, aber die Wettervorhersagen waren sich nicht einig, was die Gebiete K\u00e4rnten\/Steiermark f\u00fcr Samstag betraf und f\u00fcr Sonntag schwebte das Damoklesschwert namens Sturm in den Wetterberichten mit. (In die engere Wahl gekommen w\u00e4ren ansonsten Koralpe, Grebenzen, Kasberg, Gai\u00dfau, Postalm und das mir bereits bekannte Uttendorf.)<\/p>\n<p>Da die Vorhersagen f\u00fcr Samstag bei meinen Saisonkartengebieten in Nauders noch am besten schien, wollte ich es eben nochmal dort probieren. Der Grat-Gipfel-Panorama-SL sollte weiterhin in Betrieb sein, somit ich es ein drittes Mal diese Saison probieren wollte. Fr\u00fch war ich dort und zog gleich mal zum Tscheyeck, auch wenn der obere Bereich der 6KSB in Wolken\/Nebel hing. Blind zum SL gefahren &#8211; dort hie\u00df es, dass man aus Sicherheitsgr\u00fcnden nicht \u00f6ffnen w\u00fcrden. Also im Blindflug eine der Abfahrten runter gefahren und nach einer zweiten Fahrt auf einer anderen Abfahrt wieder ins Hauptgebiet getastet.<\/p>\n<p>Am Almlift war zwar auch keine Sonne, aber wenigstens auch kein Nebel und ich fuhr nochmals alle Abfahrten und einige der Routen dort, wobei der Schnee offpiste insb. auf westlicher Seite recht nervig war. Wenig sp\u00e4ter sah ich, dass die Tscheyeck-KSB eingaragiert wurde, anscheinend wg. der schlechten Sicht &#8211; denn windig war&#8217;s nirgends so wirklich. Damit hab ich heuer also 3x probiert, den SL zu fahren und bin gescheitert, zusammen mit einigen anderen negativen Erfahrungen landet Nauders nun also auf meiner &#8220;Anti-\/Sperr-Liste&#8221; f\u00fcr unbestimmte Zeit und werde ich in den n\u00e4chsten Jahren auch trotz eventueller Saisonkarten nicht mehr besuchen.<\/p>\n<p><a href='http:\/\/ski.inmontanis.info\/d\/243822-2\/DSC08121.jpg'><img src=http:\/\/ski.inmontanis.info\/d\/243821-3\/DSC08121.jpg \/><\/a><br \/>\n^ Um 8:40 Uhr war&#8217;s nat\u00fcrlich noch recht leer<\/p>\n<p><a href='http:\/\/ski.inmontanis.info\/d\/243826-2\/DSC08123.jpg'><img src=http:\/\/ski.inmontanis.info\/d\/243825-3\/DSC08123.jpg \/><\/a><br \/>\n^ Es gibt wohl nichts nervigeres, als wenn diese verf* Skidoo-Fahrer diese sch\u00f6n pr\u00e4parierten Pisten zerst\u00f6ren, aber auf Skiwegen kreuz und quer fahren ist f\u00fcr Skifahrer nicht nur l\u00e4stig, sondern auch gef\u00e4rhlich. Ganz schlimm ist das ja bei vielen Skigebieten am letzten Betriebstag..<\/p>\n<p><a href='http:\/\/ski.inmontanis.info\/d\/243830-2\/DSC08126.jpg'><img src=http:\/\/ski.inmontanis.info\/d\/243829-3\/DSC08126.jpg \/><\/a><br \/>\n^ Nebel unten und Wolken oben, so viel dann auch zu den gemeldeten f\u00f6hnigen Auflockerungen n\u00f6rdlich des Reschensees.<\/p>\n<p>Bereits gegen Mittag hatte ich keine Lust mehr und bin noch nach Samnaun zum Tanken raufgefahren und hab meinen neuen 10-Liter-Kanister eingeweiht und bef\u00fcllt, auf dem Weg durch&#8217;s Inntal retour hab ich dann richtung S\u00fcden etliche Staus gesehen, richtung Norden war&#8217;s zu der Zeit relativ problemlos.<\/p>\n<p>Mit dem Benzinkanister muss ich in Zukunft hoffentlich etwas seltener tanken (Stichwort: kleiner 30-Liter-Tank im Ignis) und kann mir die eine oder andere teure F\u00fcllung in Italien sparen. Oftmals tankte ich ja bisher bereits bei einem halbvollen Tank wieder auf, wenn ich z.B. wei\u00df, dass ich mit der Restmenge evtl. nicht mehr ins italienische Skigebiet und retour komme und das Benzin hier in Innsbruck halt mal 30-40 Cent g\u00fcnstiger ist als in Italien; in Zukunft leere ich den Kanister rein (oder schaffe es evtl. auch ohne Kanister) und f\u00fclle ihn dann wieder beim n\u00e4chsten Tanken. Zum Ausleeren in den Tank st\u00f6pselt man einfach den Ausf\u00fcllstutzen an, wobei beim Einf\u00fcllen wohl ein paar Tropfen auf den Boden gehen (wo genau da eine kleine Undichtheit ist, wei\u00df ich noch nicht) und der Kanister auch nicht ganz leer zu werden scheint, da man durch den eher kurzen Ausf\u00fcllstutzen und die Autokarosserie den Kanister nicht so extrem nach oben stellen kann, aber alles in allem geht das recht schnell und problemlos (viel besser als mit dem Trichter!) und wenn man den Kanister bef\u00fcllt und entleert kurz bevor man das Auto f\u00fcr einige Zeit stehen l\u00e4sst (also abends, oder vor&#8217;m Skifahren), h\u00e4lt sich auch die Geruchsbel\u00e4stigung in Grenzen, nach einem halben Tag merkt man nichts mehr.<\/p>\n<p><a href='http:\/\/extra.inmontanis.info\/d\/46853-3\/IMG_4438.jpg'><img src=http:\/\/extra.inmontanis.info\/d\/46852-4\/IMG_4438.jpg \/><\/a><br \/>\n^ Dank des verschiebbaren R\u00fccksitzes und der Mulde zwischendrin steht der Benzinkanister sch\u00f6n fest und kann nicht umfallen.<\/p>\n<p>Allerdings muss man aufpassen, in welche L\u00e4nder man den Kanister (gef\u00fcllt) einf\u00fchren und\/oder mitnehmen darf. Wobei die Informationen, die man im Netz dazu findet, oft widerspr\u00fcchlich sind, da sich die Gesetzeslage nat\u00fcrlich auch immer wieder \u00e4ndert und man auch 10, 15 Jahre alte Webseiten findet und es eben auch 2 verschiedene Dinge sind, ob man einen gef\u00fcllten Kanister \u00fcber die Grenze mitnimmt oder man den Kanister erst im Land bef\u00fcllt ..<\/p>\n","protected":false},"excerpt":{"rendered":"<p>Und wieder ein Wochenende mit schlechten Wettervorhersagen in den Gebieten, die ich gerne mal f\u00fcr ein verl\u00e4ngertes WE besuchen wollte :( Sogar im Saisonkartengebiet\/S\u00fcdtirol sah es f\u00fcr beide Tage recht schlecht aus. In den s\u00fcdlicheren und \u00f6stlicheren Teilen \u00d6sterreichs sollte es vielleicht etwas besser werden, aber die Wettervorhersagen waren sich nicht einig, was die Gebiete <a href=\"http:\/\/blog.inmontanis.info\/?p=4855\">[&#8230;]<\/a><\/p>\n","protected":false},"author":1,"featured_media":0,"comment_status":"closed","ping_status":"closed","sticky":false,"template":"","format":"standard","meta":{"footnotes":""},"categories":[855,25,13,27],"tags":[],"class_list":["post-4855","post","type-post","status-publish","format-standard","hentry","category-nauders","category-noreport","category-austria","category-skifahren-winterskiing-winter","odd"],"_links":{"self":[{"href":"http:\/\/blog.inmontanis.info\/index.php?rest_route=\/wp\/v2\/posts\/4855","targetHints":{"allow":["GET"]}}],"collection":[{"href":"http:\/\/blog.inmontanis.info\/index.php?rest_route=\/wp\/v2\/posts"}],"about":[{"href":"http:\/\/blog.inmontanis.info\/index.php?rest_route=\/wp\/v2\/types\/post"}],"author":[{"embeddable":true,"href":"http:\/\/blog.inmontanis.info\/index.php?rest_route=\/wp\/v2\/users\/1"}],"replies":[{"embeddable":true,"href":"http:\/\/blog.inmontanis.info\/index.php?rest_route=%2Fwp%2Fv2%2Fcomments&post=4855"}],"version-history":[{"count":4,"href":"http:\/\/blog.inmontanis.info\/index.php?rest_route=\/wp\/v2\/posts\/4855\/revisions"}],"predecessor-version":[{"id":4859,"href":"http:\/\/blog.inmontanis.info\/index.php?rest_route=\/wp\/v2\/posts\/4855\/revisions\/4859"}],"wp:attachment":[{"href":"http:\/\/blog.inmontanis.info\/index.php?rest_route=%2Fwp%2Fv2%2Fmedia&parent=4855"}],"wp:term":[{"taxonomy":"category","embeddable":true,"href":"http:\/\/blog.inmontanis.info\/index.php?rest_route=%2Fwp%2Fv2%2Fcategories&post=4855"},{"taxonomy":"post_tag","embeddable":true,"href":"http:\/\/blog.inmontanis.info\/index.php?rest_route=%2Fwp%2Fv2%2Ftags&post=4855"}],"curies":[{"name":"wp","href":"https:\/\/api.w.org\/{rel}","templated":true}]}}