{"id":4849,"date":"2018-03-04T18:35:43","date_gmt":"2018-03-04T17:35:43","guid":{"rendered":"http:\/\/blog.inmontanis.info\/?p=4849"},"modified":"2023-07-31T19:54:20","modified_gmt":"2023-07-31T17:54:20","slug":"trafoi-sulden-4-3-2018","status":"publish","type":"post","link":"http:\/\/blog.inmontanis.info\/?p=4849","title":{"rendered":"Trafoi + Sulden, 4.3.2018"},"content":{"rendered":"<p>Am Sonntag, 4.3., ging&#8217;s dann endlich mal im Winter nach Sulden &#8211; nicht immer nur am Saisonanfang, wo nur eingeschr\u00e4nkter Betrieb ist, sondern endlich mal die anderen beiden Gebietsteile richtig kennenlernen.<\/p>\n<p>.. allerdings musste ich zuvor in Trafoi halten, da ist immer so wenig los und es ist ja auch recht nett &#8211; wenn halt etwas wenig Abwechslung f\u00fcr einen Tag. Also erst mal f\u00fcr knapp 2 Stunden nach Trafoi.<\/p>\n<p>(Fotos anklicken zum Vergr\u00f6\u00dfern.)<\/p>\n<p><a href='http:\/\/ski.inmontanis.info\/d\/243806-2\/DSC08037.jpg'><img src=http:\/\/ski.inmontanis.info\/d\/243805-3\/DSC08037.jpg \/><\/a><br \/>\n^ Abfahrt am SL und Blick zur oberen DSB, leider nach wie vor nur 1,5 Abfahrten rechts pr\u00e4pariert.<\/p>\n<p><a href='http:\/\/ski.inmontanis.info\/d\/243810-2\/DSC08038.jpg'><img src=http:\/\/ski.inmontanis.info\/d\/243809-3\/DSC08038.jpg \/><\/a><br \/>\n^ SL vs. Ortler<\/p>\n<p><a href='http:\/\/ski.inmontanis.info\/d\/243794-2\/DSC08042.jpg'><img src=http:\/\/ski.inmontanis.info\/d\/243793-3\/DSC08042.jpg \/><\/a><br \/>\n^ Zoom Stelvio\/Nagler von Trafoi mit Schneefangspuren<\/p>\n<p><a href='http:\/\/ski.inmontanis.info\/d\/243798-2\/DSC08043.jpg'><img src=http:\/\/ski.inmontanis.info\/d\/243797-3\/DSC08043.jpg \/><\/a><br \/>\n^ Zoom Stelvio\/Livrio von Trafoi<\/p>\n<p><a href='http:\/\/ski.inmontanis.info\/d\/243802-2\/DSC08044.jpg'><img src=http:\/\/ski.inmontanis.info\/d\/243801-3\/DSC08044.jpg \/><\/a><br \/>\n^ Zoom Stelvio\/Geister von Trafoi<\/p>\n<p><a href='http:\/\/ski.inmontanis.info\/d\/243814-2\/DSC08047.jpg'><img src=http:\/\/ski.inmontanis.info\/d\/243813-3\/DSC08047.jpg \/><\/a><br \/>\n^ Zustand der Abfahrt an der oberen DSB um halb 11 ;)<\/p>\n<p><a href='http:\/\/ski.inmontanis.info\/d\/243818-2\/DSC08049.jpg'><img src=http:\/\/ski.inmontanis.info\/d\/243817-3\/DSC08049.jpg \/><\/a><br \/>\n^ Kurz, aber egtl. meine Lieblingsabfahrt in Trafoi &#8211; ich mag solche nat\u00fcrlichen U-f\u00f6rmigen Abfahrten<\/p>\n<p>Danach also nach Sulden und sonnenstandsm\u00e4\u00dfig erst mal auf die Langensteinseite gefahren, die mir doch wesentlich besser gefiel, als erwartet. Auch wenn insb. der linke SL schmerzlich vermisst wird, aber diese kleine Kessellage mit der Mor\u00e4nenlandschaft und der 1.300m &#8211; Steilwand am Ortler hat schon was, auch ist die linke Abfahrt recht nett trassiert. Einmal war an der 4SB ein \u00e4lteres Paar (vmtl.) vor mir, er zu fr\u00fch durch die Schranke auf&#8217;s F\u00f6rderband gefahren und dann zur Seite abgestiegen und gewartet, danach ist die Frau durch die Schranke und er hat versucht, von der Seite auf&#8217;s F\u00f6rderband zu steigen. War mir klar, dass das nicht funktionieren konnte -> er fiel hin, Lift+Band musste gestoppt werden&#8230; <\/p>\n<p>Da ich keine Lust hatte, die Schiebe-Verbindung zwischen den beiden DSBs zwei mal machen zu m\u00fcssen, bin ich, nachdem ich die Langenstein-Seite ausgiebig gefahren bin, mit dem Auto zum Parkplatz an der Kanzel-DSB gefahren. So kurze Strecken kann man auch mit beiden Skischuhen an den F\u00fc\u00dfen fahren. (F\u00fcr Trafoi-Sulden hab ich den linken Skischuh f\u00fcr&#8217;s Kupplungspedal ausgezogen, da fehlt mir sonst die \u00dcbung ..)<\/p>\n<p>Auch auf der Kanzel-Seite wird der obere SL vermisst, der durch den Bau der EUB gekillt wurde&#8230; Es ging aber gleich zur PB, wobei ich auch hier haupts\u00e4chlich bzw. fast ausschlie\u00dflich die Abfahrten fahren wollte, die ich zum Saisonanfang noch nicht fahren konnte, insb. die beiden unpr\u00e4parierten Abfahrten. Auf die Talabfahrt musste ich leider verzichten, die war nachmittags wg. Lawinengefahr gesperrt und leider war dann auch die Zeit schon um, um noch viel fahren zu k\u00f6nnen, denn die Lifte sind nur bis 16 Uhr in Betrieb.<\/p>\n<p>Der PB-Takt ist leider etwas nervig, da man sowohl an der Talstation, wie auch an der Mittelstation, einige Minuten warten muss, bis die n\u00e4chste Bahn wieder f\u00e4hrt.<\/p>\n<p><a href='http:\/\/ski.inmontanis.info\/d\/243630-2\/DSC08052.jpg'><img src=http:\/\/ski.inmontanis.info\/d\/243629-3\/DSC08052.jpg \/><\/a><br \/>\n^ Talabfahrt DSB Langenstein<\/p>\n<p><a href='http:\/\/ski.inmontanis.info\/d\/243634-2\/DSC08053.jpg'><img src=http:\/\/ski.inmontanis.info\/d\/243633-3\/DSC08053.jpg \/><\/a><br \/>\n^ DSB Langenstein<\/p>\n<p><a href='http:\/\/ski.inmontanis.info\/d\/243638-2\/DSC08055.jpg'><img src=http:\/\/ski.inmontanis.info\/d\/243637-3\/DSC08055.jpg \/><\/a><br \/>\n^ DSB Langenstein, Talabfahrt und Blick r\u00fcber zum Skigebiet Kanzel<\/p>\n<p><a href='http:\/\/ski.inmontanis.info\/d\/243642-2\/DSC08056.jpg'><img src=http:\/\/ski.inmontanis.info\/d\/243641-3\/DSC08056.jpg \/><\/a><br \/>\n^ Vom Madritsch-Skigebiet sieht man von der Langensteinseite witzigerweise gar nichts. \u00c4ndert sich, wenn die Verbindung kommt.<\/p>\n<p><a href='http:\/\/ski.inmontanis.info\/d\/243646-2\/DSC08059.jpg'><img src=http:\/\/ski.inmontanis.info\/d\/243645-3\/DSC08059.jpg \/><\/a><br \/>\n^ 4SB Des Alpes erschlie\u00dft 4 nette Abfahrten, aber leider langsam &#8211; mir w\u00e4ren die alten 2-3 SL nat\u00fcrlich lieber gewesen.<\/p>\n<p><a href='http:\/\/ski.inmontanis.info\/d\/243650-2\/DSC08063.jpg'><img src=http:\/\/ski.inmontanis.info\/d\/243649-3\/DSC08063.jpg \/><\/a><br \/>\n^ 4SB Des Alpes vor dem Ortler-Gipfel, der von dieser Seite aus wenig markant ausschaut, aber f\u00fcr die Lage der 4SB schon &#8216;was hermacht.<\/p>\n<p><a href='http:\/\/ski.inmontanis.info\/d\/243654-2\/DSC08065.jpg'><img src=http:\/\/ski.inmontanis.info\/d\/243653-3\/DSC08065.jpg \/><\/a><br \/>\n^ Linke Au\u00dfenrumabfahrt an der 4SB Des Alpes, die sch\u00f6nste hier und erschlie\u00dft somit wenigstens wieder einen Teil des ehemals linken SL.<\/p>\n<p><a href='http:\/\/ski.inmontanis.info\/d\/243658-2\/DSC08066.jpg'><img src=http:\/\/ski.inmontanis.info\/d\/243657-3\/DSC08066.jpg \/><\/a><br \/>\n^ links der Bildmitte auf dem Grat der Mor\u00e4ne war wohl die Bergstation des SL, der mit dem Bau der 4SB stillgelegt wurde. Evtl. gab es ja noch einen 2. SL im Anschluss und Sommerski gab&#8217;s hier einst auch.<\/p>\n<p><a href='http:\/\/ski.inmontanis.info\/d\/243662-2\/DSC08067.jpg'><img src=http:\/\/ski.inmontanis.info\/d\/243661-3\/DSC08067.jpg \/><\/a><br \/>\n^ Sch\u00f6ne Au\u00dfenrumabfahrt an der 4SB Des Alpes<\/p>\n<p><a href='http:\/\/ski.inmontanis.info\/d\/243666-2\/DSC08068.jpg'><img src=http:\/\/ski.inmontanis.info\/d\/243665-3\/DSC08068.jpg \/><\/a><br \/>\n^ Sch\u00f6ne Au\u00dfenrumabfahrt an der 4SB Des Alpes<\/p>\n<p><a href='http:\/\/ski.inmontanis.info\/d\/243670-2\/DSC08069.jpg'><img src=http:\/\/ski.inmontanis.info\/d\/243669-3\/DSC08069.jpg \/><\/a><br \/>\n^ 4SB Des Alpes, dar\u00fcber die K2-H\u00fctte mit der Bergstation der DSB Langenstein<\/p>\n<p><a href='http:\/\/ski.inmontanis.info\/d\/243674-2\/DSC08070.jpg'><img src=http:\/\/ski.inmontanis.info\/d\/243673-3\/DSC08070.jpg \/><\/a><br \/>\n^ K\u00f6nnte die ehemalige SL-Talstation gewesen sein<\/p>\n<p><a href='http:\/\/ski.inmontanis.info\/d\/243678-2\/DSC08072.jpg'><img src=http:\/\/ski.inmontanis.info\/d\/243677-3\/DSC08072.jpg \/><\/a><br \/>\n^ 4SB Des Alpes, direkt unterm Ortler, schon imposant, denn die Bergstation der 4SB liegt auf 2500m und der Ortler geht auf 3880m rauf..<\/p>\n<p><a href='http:\/\/ski.inmontanis.info\/d\/243682-2\/DSC08075.jpg'><img src=http:\/\/ski.inmontanis.info\/d\/243681-3\/DSC08075.jpg \/><\/a><br \/>\n^ Eine der steileren H\u00e4nge an der 4SB Des Alpes; gegen\u00fcber das Kanzel-Gebiet, dessen Abfahrts- und Liftschneisen fast ein Pentagramm bilden ;)<\/p>\n<p><a href='http:\/\/ski.inmontanis.info\/d\/243686-2\/DSC08078.jpg'><img src=http:\/\/ski.inmontanis.info\/d\/243685-3\/DSC08078.jpg \/><\/a><br \/>\n^ Nochmal die linke Au\u00dfenrumabfahrt an der 4SB Des Alpes. Ob hier unter dem ganzen Schutt wohl noch Gletscher ist bzw. wie weit der unter dem Schutt wohl noch runter geht?<\/p>\n<p><a href='http:\/\/ski.inmontanis.info\/d\/243690-2\/DSC08080.jpg'><img src=http:\/\/ski.inmontanis.info\/d\/243689-3\/DSC08080.jpg \/><\/a><br \/>\n^ An der Talabfahrt DSB Langenstein gibt&#8217;s noch so ein kurzes, anscheinend stillgelegtes Vari\u00e4ntchen, wobei fr\u00fcher die Talabfahrt ja anscheinend generell rechts der SB und steiler runter ging, die Trasse scheint lt. Sat-Bild aber mittlerweile schon recht verwachsen. (Bzw. gab es fr\u00fcher ja noch eine weiter rechts befindliche Abfahrt.)<\/p>\n<p><a href='http:\/\/ski.inmontanis.info\/d\/243694-2\/DSC08085.jpg'><img src=http:\/\/ski.inmontanis.info\/d\/243693-3\/DSC08085.jpg \/><\/a><br \/>\n^ 4SB Des Alpes, in Bildmitte soll ja demn\u00e4chst eine neue EUB oder PB gebaut werden, die einerseits eine Hintenrumabfahrt richtung Madritsch PB Mittelstation erschlie\u00dft, aber hoffentlich auch diese netten Steilh\u00e4nge vorne herum, sofern sie nicht zu weit links geht..<\/p>\n<p><a href='http:\/\/ski.inmontanis.info\/d\/243698-2\/DSC08086.jpg'><img src=http:\/\/ski.inmontanis.info\/d\/243697-3\/DSC08086.jpg \/><\/a><br \/>\n^ Talabfahrt Langenstein, doch netter als bef\u00fcrchtet<\/p>\n<p><a href='http:\/\/ski.inmontanis.info\/d\/243702-2\/DSC08087.jpg'><img src=http:\/\/ski.inmontanis.info\/d\/243701-3\/DSC08087.jpg \/><\/a><br \/>\n^ Talabfahrt Langenstein<\/p>\n<p><a href='http:\/\/ski.inmontanis.info\/d\/243706-2\/DSC08088.jpg'><img src=http:\/\/ski.inmontanis.info\/d\/243705-3\/DSC08088.jpg \/><\/a><br \/>\n^ DSB Langenstein; dahinter DSB Kanzel. Sah mir nach zu viel Schieberei aus, also fuhr ich einfach mit dem Auto r\u00fcber. Parkpl\u00e4tze sind ja leer, warum also nicht?!<\/p>\n<p><a href='http:\/\/ski.inmontanis.info\/d\/243710-2\/DSC08089.jpg'><img src=http:\/\/ski.inmontanis.info\/d\/243709-3\/DSC08089.jpg \/><\/a><br \/>\n^ DSB Kanzel. Die Schneise da links in der Bildmitte ist aber nicht die DSB Langenstein; genauer gesagt scheint die Schneise lt. Satbildern recht neu zu sein, denn dort ist keine Schneise zu sehen.<\/p>\n<p><a href='http:\/\/ski.inmontanis.info\/d\/243714-2\/DSC08092.jpg'><img src=http:\/\/ski.inmontanis.info\/d\/243713-3\/DSC08092.jpg \/><\/a><br \/>\n^ Suldental \/ Blick richtung PB. Gibt wohl nicht viel touristisch erschlossene T\u00e4ler in der Skigebiets-Gr\u00f6\u00dfenordnung, die noch so leer ausschauen, als w\u00fcrde man das Vorher-Bild aus den 60ern anschauen ;)<\/p>\n<p><a href='http:\/\/ski.inmontanis.info\/d\/243718-2\/DSC08092-2.jpg'><img src=http:\/\/ski.inmontanis.info\/d\/243717-3\/DSC08092-2.jpg \/><\/a><br \/>\n^ .. wirkt doch recht echt?<\/p>\n<p>Dennoch sind nat\u00fcrlich selbst seit 1976, als ich mit ca. 9 Monten das erste Mal in Sulden war, einige H\u00e4user neu hinzugekommen&#8230;<\/p>\n<p><a href='http:\/\/ski.inmontanis.info\/d\/243722-2\/IMG_4477.jpg'><img src=http:\/\/ski.inmontanis.info\/d\/243721-3\/IMG_4477.jpg \/><\/a><br \/>\n^ M\u00e4rz 1976, zuf\u00e4llig \u00e4hnlicher Standort. Die damals neue PB wurde ja  auch schon wieder vor einigen Jahren ersetzt.<\/p>\n<p><a href='http:\/\/ski.inmontanis.info\/d\/243726-2\/DSC08093.jpg'><img src=http:\/\/ski.inmontanis.info\/d\/243725-3\/DSC08093.jpg \/><\/a><br \/>\n^ DSB Kanzel und Blick r\u00fcber zum Langenstein-Gebiet<\/p>\n<p><a href='http:\/\/ski.inmontanis.info\/d\/243730-2\/DSC03203.jpg'><img src=http:\/\/ski.inmontanis.info\/d\/243729-3\/DSC03203.jpg \/><\/a><br \/>\n^ Alte Panoramakarte, wo es im Langenstein-Gebiet noch Sommer-Skilauf gab<\/p>\n<p><a href='http:\/\/ski.inmontanis.info\/d\/243734-2\/ge20180304c.jpg'><img src=http:\/\/ski.inmontanis.info\/d\/243733-3\/ge20180304c.jpg \/><\/a><br \/>\n^ Mein aktueller GPS-Track des Langenstein-Gebiets, die Trasse des linken SL kann man ja durchaus erahnen und vmtl. hatte er auch eine Abfahrt links herum, die leider verloren ging.<\/p>\n<p>Hier eine alte Ansichtskarte mit der oder den alten Abfahrt(en) rechts des Sessels:<br \/>\n<a href='https:\/\/images-02.delcampe-static.net\/img_large\/auction\/000\/195\/860\/892_001.jpg?v=0'>https:\/\/images-02.delcampe-static.net\/img_large\/auction\/000\/195\/860\/892_001.jpg?v=0<\/a><\/p>\n<p><a href='http:\/\/ski.inmontanis.info\/d\/243738-2\/DSC08095.jpg'><img src=http:\/\/ski.inmontanis.info\/d\/243737-3\/DSC08095.jpg \/><\/a><br \/>\n^ Madritsch \/ die beiden Sch\u00f6ntauf-Sessel. Da schaut&#8217;s auch nicht nach grad so viel Schnee aus..<\/p>\n<p><a href='http:\/\/ski.inmontanis.info\/d\/243742-2\/DSC08096.jpg'><img src=http:\/\/ski.inmontanis.info\/d\/243741-3\/DSC08096.jpg \/><\/a><br \/>\n^ Start der unpr\u00e4parierten Hochleiten-Abfahrt<\/p>\n<p><a href='http:\/\/ski.inmontanis.info\/d\/243746-2\/DSC08098.jpg'><img src=http:\/\/ski.inmontanis.info\/d\/243745-3\/DSC08098.jpg \/><\/a><br \/>\n^ Die unpr\u00e4parierte Hochleiten-Abfahrt, echt nett durch die Felsen, z.T. auch etwas steiler<\/p>\n<p><a href='http:\/\/ski.inmontanis.info\/d\/243750-2\/DSC08100.jpg'><img src=http:\/\/ski.inmontanis.info\/d\/243749-3\/DSC08100.jpg \/><\/a><br \/>\n^ Die unpr\u00e4parierte Hochleiten-Abfahrt; hier oben war der Schnee ja noch ganz gut. Gegen\u00fcber die Mor\u00e4nenlandschaft, dort soll in Zukunft die Verbindungsabfahrt der EUB\/PB von der Langensteinseite aus verlaufen. K\u00f6nnte nett werden, je nachdem wie viel planiert wird und wie sie dann verl\u00e4uft.<\/p>\n<p><a href='http:\/\/ski.inmontanis.info\/d\/243754-2\/DSC08102.jpg'><img src=http:\/\/ski.inmontanis.info\/d\/243753-3\/DSC08102.jpg \/><\/a><br \/>\n^ Die unpr\u00e4parierte Hochleiten-Abfahrt; aber hier unten und weiter unten wurde der Schnee ziemlich nervig.<\/p>\n<p><a href='http:\/\/ski.inmontanis.info\/d\/243758-2\/DSC08104.jpg'><img src=http:\/\/ski.inmontanis.info\/d\/243757-3\/DSC08104.jpg \/><\/a><br \/>\n^ Ende der Hochleitenabfahrt; Blick zur PB Sektion 2<\/p>\n<p><a href='http:\/\/ski.inmontanis.info\/d\/243762-2\/DSC08106.jpg'><img src=http:\/\/ski.inmontanis.info\/d\/243761-3\/DSC08106.jpg \/><\/a><br \/>\n^ Abfahrten zur PB-Mittelstation<\/p>\n<p><a href='http:\/\/ski.inmontanis.info\/d\/243766-2\/DSC08113.jpg'><img src=http:\/\/ski.inmontanis.info\/d\/243765-3\/DSC08113.jpg \/><\/a><br \/>\n^ Hochleiten-Abfahrt im Zoom von der Mittelstationsabfahrt gegen\u00fcber<\/p>\n<p><a href='http:\/\/ski.inmontanis.info\/d\/243770-2\/DSC08109.jpg'><img src=http:\/\/ski.inmontanis.info\/d\/243769-3\/DSC08109.jpg \/><\/a><br \/>\n^ Panorama \u00fcber&#8217;s Madritsch-Gebiet<\/p>\n<p><a href='http:\/\/ski.inmontanis.info\/d\/243774-2\/DSC08116.jpg'><img src=http:\/\/ski.inmontanis.info\/d\/243773-3\/DSC08116.jpg \/><\/a><br \/>\n^ Ganz links ist im Pistenplan auf der Kanzelseite eine Abfahrt eingezeichnet, die aktuell geschlossen ist &#8211; warum auch immer, Schnee l\u00e4nge genug?! Lt. Sat-Bild-Schneisen d\u00fcrfte es hier sogar 2 Abfahrten geben oder gegeben haben ..<\/p>\n<p><a href='http:\/\/ski.inmontanis.info\/d\/243778-2\/DSC08117.jpg'><img src=http:\/\/ski.inmontanis.info\/d\/243777-3\/DSC08117.jpg \/><\/a><br \/>\n^ Geschlossene linke Abfahrt Kanzelseitig<\/p>\n<p><a href='http:\/\/ski.inmontanis.info\/d\/243782-2\/DSC08119.jpg'><img src=http:\/\/ski.inmontanis.info\/d\/243781-3\/DSC08119.jpg \/><\/a><br \/>\n^ Sollte lt. Website in Betrieb sein, war es aber den ganzen Tag nicht &#8211; der leider letzte SL in Sulden (SL Sonnenhang). Das ist dann auch das gr\u00f6\u00dfte Manko des Skigebiets, dass es keinen gescheiten SL hier mehr gibt.<\/p>\n<p><a href='http:\/\/ski.inmontanis.info\/d\/243786-2\/ge20180304b.jpg'><img src=http:\/\/ski.inmontanis.info\/d\/243785-3\/ge20180304b.jpg \/><\/a><br \/>\n^ GPS-Track 4.3.2018 (nach ein paar Stunden in Trafoi am Vormittag) in Gelb und vorherige Besuche diese Saison in Blau. Talabfahrt an der PB war nachmittags leider wg. Lawinengefahr gesperrt.<\/p>\n<p><a href='http:\/\/ski.inmontanis.info\/d\/243790-2\/ge20180304d.jpg'><img src=http:\/\/ski.inmontanis.info\/d\/243789-3\/ge20180304d.jpg \/><\/a><br \/>\n^ GPS-Tracks Sulden, Trafoi und Stilfserjoch im Lage- und Gr\u00f6\u00dfenvergleich<\/p>\n<p>Sulden w\u00fcrd ich ganz gern nochmal her fahren, wenn wieder alle 3 Teilgebiete offen sind &#8211; was ich heuer wohl eher nicht mehr schaffen werde. \u00dcberhaupt w\u00e4ren Sulden und Trafoi, neben dem Rittnerhorn, f\u00fcr mich die wichtigsten Gr\u00fcnde, dass ich mir \u00fcber- oder \u00fcber-\u00fcbern\u00e4chste Saison nochmal die Ortler Saisonkarte kaufen w\u00fcrde. Vielleicht l\u00e4uft bis dahin ja auch die Verbindungs-EUB\/PB an der Langensteinseite. Scheint mir jedenfalls ein wesentlich interessanteres Projekt als die Verbindung Haideralm-Sch\u00f6neben ;)<\/p>\n","protected":false},"excerpt":{"rendered":"<p>Am Sonntag, 4.3., ging&#8217;s dann endlich mal im Winter nach Sulden &#8211; nicht immer nur am Saisonanfang, wo nur eingeschr\u00e4nkter Betrieb ist, sondern endlich mal die anderen beiden Gebietsteile richtig kennenlernen.<\/p>\n<p>.. allerdings musste ich zuvor in Trafoi halten, da ist immer so wenig los und es ist ja auch recht nett &#8211; wenn halt <a href=\"http:\/\/blog.inmontanis.info\/?p=4849\">[&#8230;]<\/a><\/p>\n","protected":false},"author":1,"featured_media":0,"comment_status":"closed","ping_status":"closed","sticky":false,"template":"","format":"standard","meta":{"footnotes":""},"categories":[24,15,27,386,383],"tags":[49,38,52,47],"class_list":["post-4849","post","type-post","status-publish","format-standard","hentry","category-tagestour","category-italienitaly","category-skifahren-winterskiing-winter","category-sulden","category-trafoi","tag-4sb","tag-dsb","tag-pb","tag-sl","odd"],"_links":{"self":[{"href":"http:\/\/blog.inmontanis.info\/index.php?rest_route=\/wp\/v2\/posts\/4849","targetHints":{"allow":["GET"]}}],"collection":[{"href":"http:\/\/blog.inmontanis.info\/index.php?rest_route=\/wp\/v2\/posts"}],"about":[{"href":"http:\/\/blog.inmontanis.info\/index.php?rest_route=\/wp\/v2\/types\/post"}],"author":[{"embeddable":true,"href":"http:\/\/blog.inmontanis.info\/index.php?rest_route=\/wp\/v2\/users\/1"}],"replies":[{"embeddable":true,"href":"http:\/\/blog.inmontanis.info\/index.php?rest_route=%2Fwp%2Fv2%2Fcomments&post=4849"}],"version-history":[{"count":4,"href":"http:\/\/blog.inmontanis.info\/index.php?rest_route=\/wp\/v2\/posts\/4849\/revisions"}],"predecessor-version":[{"id":4853,"href":"http:\/\/blog.inmontanis.info\/index.php?rest_route=\/wp\/v2\/posts\/4849\/revisions\/4853"}],"wp:attachment":[{"href":"http:\/\/blog.inmontanis.info\/index.php?rest_route=%2Fwp%2Fv2%2Fmedia&parent=4849"}],"wp:term":[{"taxonomy":"category","embeddable":true,"href":"http:\/\/blog.inmontanis.info\/index.php?rest_route=%2Fwp%2Fv2%2Fcategories&post=4849"},{"taxonomy":"post_tag","embeddable":true,"href":"http:\/\/blog.inmontanis.info\/index.php?rest_route=%2Fwp%2Fv2%2Ftags&post=4849"}],"curies":[{"name":"wp","href":"https:\/\/api.w.org\/{rel}","templated":true}]}}