{"id":4844,"date":"2018-03-03T20:27:05","date_gmt":"2018-03-03T19:27:05","guid":{"rendered":"http:\/\/blog.inmontanis.info\/?p=4844"},"modified":"2023-07-30T18:36:01","modified_gmt":"2023-07-30T16:36:01","slug":"kampenwand-3-3-2018","status":"publish","type":"post","link":"http:\/\/blog.inmontanis.info\/?p=4844","title":{"rendered":"Kampenwand, 3.3.2018"},"content":{"rendered":"<p>Die Wettervorhersagen waren mir wieder einmal zu schlecht, um f\u00fcr ein verl\u00e4ngertes WE irgendwo hin zu fahren. Immerhin sollte es im Ortler-Saionkartenbereich am Sonntag recht sonnig werden, Samstag so halbwegs. Auf der weiteren Suche bin ich auch \u00fcber die Kampenwand gestolpert, wo es ebenfalls Samstag halbwegs sonnig werden sollte. Ein Check auf der Homepage, die Talabfahrt sollte noch gerade so fahrbar sein. Also ja, warum nicht. Brauch mal wieder etwas nostalgische Abwechslung nach den vielen 4er Sesseln letztes WE in Tschiertschen\/Rosskopf\/Ladurns ;-)<\/p>\n<p>Am Samstag Morgen sah es dann auf der Webcam auch schon recht vielversprechend aus, leider war schon recht fr\u00fch viel Stau auf Google Maps zu erkennen (wg. den bl\u00f6den Grenzkontrollen), weshalb ich bereits nach W\u00f6rgl von der Autobahn runter und durch Kufstein durch gefahren bin &#8211; hier war nirgends Stau. Der Parkplatz an der Kampenwand war dann sehr leer, Wartezeiten gab&#8217;s keine, Sonne gab&#8217;s mehr als gemeldet, der Wind hielt sich auch noch in Grenzen, wobei die 4ZUB aus irgendeinem Grund am fr\u00fchen Nachmittag mal still stand; zuf\u00e4llig wurden die Kabinen gerade dann wieder ausgaragiert, als ich ins Tal gefahren bin und nochmal fahren wollte. Gl\u00fcck gehabt. Schnee war dank des Neuschnees auch etwas besser als bef\u00fcrchtet, auf der Talabfahrt allerdings unterhalb der DSB steinig\/erdig, was nicht zu vielen Wiederholungsfahrten einlud. Daf\u00fcr konnte man oben einiges offpiste mitnehmen und war somit f\u00fcr einige Zeit besch\u00e4ftigt.<\/p>\n<p>Die Kampenwand punktet f\u00fcr mich nat\u00fcrlich wegen den Nostalgieanlagen und den Nostalgiepisten, allen voran der ESL mit seinen unpr\u00e4parierten steilen Varianten, dazu ein paar mal SL zum Zeitvertreib. Was allerdings schade ist, dass alles so eng beieinander ist, es fehlt so ein bisschen ein Lift auf eine andere Hangseite oder auf der R\u00fcckseite oder einfach nur etwas abgeschiedener. Auch der SL w\u00e4re ein St\u00fcck interessanter, ginge links noch eine Abfahrt rum. Dort sah ich heute keinen fahren und nahm an, dass der Schnee dort offpiste nicht sehr gut gehen w\u00fcrde.<\/p>\n<p>(Fotos anklicken zum Vergr\u00f6\u00dfern.)<\/p>\n<p><a href='http:\/\/ski.inmontanis.info\/d\/243530-2\/DSC07977.jpg'><img src=http:\/\/ski.inmontanis.info\/d\/243529-3\/DSC07977.jpg \/><\/a><br \/>\n^ Eine geschlossene Schneedecke im Tal hei\u00dft leider nicht, dass auch die Talabfahrt noch gut geht..<\/p>\n<p><a href='http:\/\/ski.inmontanis.info\/d\/243534-2\/DSC07983.jpg'><img src=http:\/\/ski.inmontanis.info\/d\/243533-3\/DSC07983.jpg \/><\/a><br \/>\n^ 4ZUB und der Chiemsee ist auch etwas zu sehen<\/p>\n<p><a href='http:\/\/ski.inmontanis.info\/d\/243538-2\/DSC07986.jpg'><img src=http:\/\/ski.inmontanis.info\/d\/243537-3\/DSC07986.jpg \/><\/a><br \/>\n^ Was auf der Talabfahrt fehlt, hat&#8217;s wie \u00fcblich an der Bergstation zu viel ;-)<\/p>\n<p><a href='http:\/\/ski.inmontanis.info\/d\/243542-2\/DSC07987.jpg'><img src=http:\/\/ski.inmontanis.info\/d\/243541-3\/DSC07987.jpg \/><\/a><br \/>\n^ Schneemassen am Eingang<\/p>\n<p><a href='http:\/\/ski.inmontanis.info\/d\/243546-2\/DSC07989.jpg'><img src=http:\/\/ski.inmontanis.info\/d\/243545-3\/DSC07989.jpg \/><\/a><br \/>\n^ Schneemassen am Eingang<\/p>\n<p><a href='http:\/\/ski.inmontanis.info\/d\/243550-2\/DSC07992.jpg'><img src=http:\/\/ski.inmontanis.info\/d\/243549-3\/DSC07992.jpg \/><\/a><br \/>\n^ Abfahrt mit See-Blick<\/p>\n<p><a href='http:\/\/ski.inmontanis.info\/d\/243554-2\/DSC07994.jpg'><img src=http:\/\/ski.inmontanis.info\/d\/243553-3\/DSC07994.jpg \/><\/a><br \/>\n^ Dem SL fehlen heuer viele Plastikschutzfolien<\/p>\n<p><a href='http:\/\/ski.inmontanis.info\/d\/243558-2\/DSC07995.jpg'><img src=http:\/\/ski.inmontanis.info\/d\/243557-3\/DSC07995.jpg \/><\/a><br \/>\n^ Der ESL ging etwas versp\u00e4tet in Betrieb<\/p>\n<p><a href='http:\/\/ski.inmontanis.info\/d\/243562-2\/DSC07997.jpg'><img src=http:\/\/ski.inmontanis.info\/d\/243561-3\/DSC07997.jpg \/><\/a><br \/>\n^ ESL und leichtes Halo<\/p>\n<p><a href='http:\/\/ski.inmontanis.info\/d\/243566-2\/DSC07998.jpg'><img src=http:\/\/ski.inmontanis.info\/d\/243565-3\/DSC07998.jpg \/><\/a><br \/>\n^ DSB und leichtes Halo<\/p>\n<p><a href='http:\/\/ski.inmontanis.info\/d\/243570-2\/DSC07999.jpg'><img src=http:\/\/ski.inmontanis.info\/d\/243569-3\/DSC07999.jpg \/><\/a><br \/>\n^ ESL, komplette Strecke &#8211; skifahrerisch f\u00fcr mich der wichtigste Lift im Skigebiet<\/p>\n<p><a href='http:\/\/ski.inmontanis.info\/d\/243574-2\/DSC08000.jpg'><img src=http:\/\/ski.inmontanis.info\/d\/243573-3\/DSC08000.jpg \/><\/a><br \/>\n^ Die steilen, unpr\u00e4parierten Pisten am ESL werden auch von kleinen Kindern befahren<\/p>\n<p><a href='http:\/\/ski.inmontanis.info\/d\/243578-2\/DSC08007.jpg'><img src=http:\/\/ski.inmontanis.info\/d\/243577-3\/DSC08007.jpg \/><\/a><br \/>\n^ On- wie offpiste ging&#8217;s heute gut zu fahren<\/p>\n<p><a href='http:\/\/ski.inmontanis.info\/d\/243582-2\/DSC08008.jpg'><img src=http:\/\/ski.inmontanis.info\/d\/243581-3\/DSC08008.jpg \/><\/a><br \/>\n^ Blick vom ESL zum SL mit seinen Abfahrtsvarianten<\/p>\n<p><a href='http:\/\/ski.inmontanis.info\/d\/243586-2\/DSC08009.jpg'><img src=http:\/\/ski.inmontanis.info\/d\/243585-3\/DSC08009.jpg \/><\/a><br \/>\n^ Bergstation ESL mit Flachland- und Chiemsee-Pano und Start der unpr\u00e4parierten Abfahrt<\/p>\n<p><a href='http:\/\/ski.inmontanis.info\/d\/243590-2\/DSC08011.jpg'><img src=http:\/\/ski.inmontanis.info\/d\/243589-3\/DSC08011.jpg \/><\/a><br \/>\n^ Wird wohl eine Lawinensprengbahn sein?!<\/p>\n<p><a href='http:\/\/ski.inmontanis.info\/d\/243594-2\/DSC08012.jpg'><img src=http:\/\/ski.inmontanis.info\/d\/243593-3\/DSC08012.jpg \/><\/a><br \/>\n^ Zoom r\u00fcber zum SL<\/p>\n<p><a href='http:\/\/ski.inmontanis.info\/d\/243598-2\/DSC08017.jpg'><img src=http:\/\/ski.inmontanis.info\/d\/243597-3\/DSC08017.jpg \/><\/a><br \/>\n^ Da die Talabfahrt schneearm war, fuhr ich auch ein paar mal die DSB, deren Abfahrt ich aber nicht sonderlich mag.<\/p>\n<p><a href='http:\/\/ski.inmontanis.info\/d\/243602-2\/DSC08018.jpg'><img src=http:\/\/ski.inmontanis.info\/d\/243601-3\/DSC08018.jpg \/><\/a><br \/>\n^ Blick r\u00fcber zum ESL und SL<\/p>\n<p><a href='http:\/\/ski.inmontanis.info\/d\/243606-2\/DSC08021.jpg'><img src=http:\/\/ski.inmontanis.info\/d\/243605-3\/DSC08021.jpg \/><\/a><br \/>\n^ Die Variante rechts vom ESL am Grat entlang kannte ich glaub ich noch gar nicht..<\/p>\n<p><a href='http:\/\/ski.inmontanis.info\/d\/243610-2\/DSC08023.jpg'><img src=http:\/\/ski.inmontanis.info\/d\/243609-3\/DSC08023.jpg \/><\/a><br \/>\n^ Nette Grat-Variante am ESL, fuhr ich heute mehrfach<\/p>\n<p><a href='http:\/\/ski.inmontanis.info\/d\/243614-2\/DSC08028.jpg'><img src=http:\/\/ski.inmontanis.info\/d\/243613-3\/DSC08028.jpg \/><\/a><br \/>\n^ Zoom von der Grat-Variante zur Bergstation der 4ZUB<\/p>\n<p><a href='http:\/\/ski.inmontanis.info\/d\/243618-2\/DSC08029.jpg'><img src=http:\/\/ski.inmontanis.info\/d\/243617-3\/DSC08029.jpg \/><\/a><br \/>\n^ Na hoffentlich kullert der Fels da links nicht mal auf einen Skifahrer oder Wanderer..<\/p>\n<p><a href='http:\/\/ski.inmontanis.info\/d\/243622-2\/DSC08030.jpg'><img src=http:\/\/ski.inmontanis.info\/d\/243621-3\/DSC08030.jpg \/><\/a><br \/>\n^ Wohl noch eine Sprengbahn<\/p>\n<p><a href='http:\/\/ski.inmontanis.info\/d\/243626-2\/ge20180303a.jpg'><img src=http:\/\/ski.inmontanis.info\/d\/243625-3\/ge20180303a.jpg \/><\/a><br \/>\n^ GPS-Track 3.3.2018. Mit den vielen Varianten an SL und ESL h\u00e4lt man&#8217;s einige Zeit aus.<\/p>\n<p>Bei der vergleichsweise heuer doch recht langen weil schneereichen Skisaison der bayrischen Nostalgiegebiete hier in der Gegend tat es mir ja schon etwas Leid, diese Saison nicht die entsprechende Saisonkarte zu haben; sollte sich an der 5-Berge&#038;Co-Karte nichts grundlegendes \u00e4ndern, w\u00e4re ich durchaus gewillt, die mir n\u00e4chstes Jahr zu kaufen. Andererseits ist&#8217;s in der Hauptsaison hier ja auch etwas voller und das Theater mit der Autobahn .. naja, mal schauen.<\/p>\n<p>Ich h\u00f6rte etwas fr\u00fcher auf, da ich noch nach Rosenheim zum McDonalds und in den russischen Supermarkt wollte (die MixMarkt-Kette in DE), nachdem ich in Russland ja etwas wenig eingekauft hatte ;) Im Gegensatz zu Russland darf man hier die kleinen Naschsachen \u00fcbrigens auch mischen. Zudem ein paar tiefgek\u00fchlte Piroschki &#038; Co (die schmecken meist recht gut) und aus einer ganzen Tiefk\u00fchltruhenreihe an Pelmeni &#038; Co die Qual der Wahl gehabt <em>(leider find ich alle mitgenommen 3 jetzt nicht so \u00fcberragend)<\/em> und dazu passend nat\u00fcrlich Smetana, sowie ein paar Limonaden. Die haben schon echt ne gro\u00dfe Auswahl und es waren eine Menge Leute zum Einkaufen drin, die meisten davon hab ich tats\u00e4chlich russisch sprechen h\u00f6ren. Wobei viele oder die meisten der russischen\/osteurop\u00e4ischen Speisen dort ja &#8220;leider&#8221; tats\u00e4chlich aus Deutschland kommen, trotz russischer Aufschrift. Anders z.B. die Naschsachen und Limonaden, die sind &#8220;echt&#8221;.<\/p>\n<p>Vor der Ausfahrt ins Zillertal gab&#8217;s wie \u00fcblich etwas Stau, weil wie \u00fcblich ein paar Deppen zu bl\u00f6d zum richtig einordnen sind oder sich vordr\u00e4ngeln wollen. Zugegeben, das h\u00e4tte ich sonntags (morgen) nicht gehabt, aber ich wollte unbedingt in Rosenheim den Supermarkt besuchen, wenn ich schon mal hier in der Gegend bin.<\/p>\n","protected":false},"excerpt":{"rendered":"<p>Die Wettervorhersagen waren mir wieder einmal zu schlecht, um f\u00fcr ein verl\u00e4ngertes WE irgendwo hin zu fahren. Immerhin sollte es im Ortler-Saionkartenbereich am Sonntag recht sonnig werden, Samstag so halbwegs. Auf der weiteren Suche bin ich auch \u00fcber die Kampenwand gestolpert, wo es ebenfalls Samstag halbwegs sonnig werden sollte. Ein Check auf der Homepage, die <a href=\"http:\/\/blog.inmontanis.info\/?p=4844\">[&#8230;]<\/a><\/p>\n","protected":false},"author":1,"featured_media":0,"comment_status":"closed","ping_status":"closed","sticky":false,"template":"","format":"standard","meta":{"footnotes":""},"categories":[12,268,59,27],"tags":[],"class_list":["post-4844","post","type-post","status-publish","format-standard","hentry","category-germany","category-kampenwand","category-nostalgie","category-skifahren-winterskiing-winter","odd"],"_links":{"self":[{"href":"http:\/\/blog.inmontanis.info\/index.php?rest_route=\/wp\/v2\/posts\/4844","targetHints":{"allow":["GET"]}}],"collection":[{"href":"http:\/\/blog.inmontanis.info\/index.php?rest_route=\/wp\/v2\/posts"}],"about":[{"href":"http:\/\/blog.inmontanis.info\/index.php?rest_route=\/wp\/v2\/types\/post"}],"author":[{"embeddable":true,"href":"http:\/\/blog.inmontanis.info\/index.php?rest_route=\/wp\/v2\/users\/1"}],"replies":[{"embeddable":true,"href":"http:\/\/blog.inmontanis.info\/index.php?rest_route=%2Fwp%2Fv2%2Fcomments&post=4844"}],"version-history":[{"count":3,"href":"http:\/\/blog.inmontanis.info\/index.php?rest_route=\/wp\/v2\/posts\/4844\/revisions"}],"predecessor-version":[{"id":4847,"href":"http:\/\/blog.inmontanis.info\/index.php?rest_route=\/wp\/v2\/posts\/4844\/revisions\/4847"}],"wp:attachment":[{"href":"http:\/\/blog.inmontanis.info\/index.php?rest_route=%2Fwp%2Fv2%2Fmedia&parent=4844"}],"wp:term":[{"taxonomy":"category","embeddable":true,"href":"http:\/\/blog.inmontanis.info\/index.php?rest_route=%2Fwp%2Fv2%2Fcategories&post=4844"},{"taxonomy":"post_tag","embeddable":true,"href":"http:\/\/blog.inmontanis.info\/index.php?rest_route=%2Fwp%2Fv2%2Ftags&post=4844"}],"curies":[{"name":"wp","href":"https:\/\/api.w.org\/{rel}","templated":true}]}}