{"id":4833,"date":"2018-02-25T06:54:22","date_gmt":"2018-02-25T05:54:22","guid":{"rendered":"http:\/\/blog.inmontanis.info\/?p=4833"},"modified":"2023-08-03T21:32:21","modified_gmt":"2023-08-03T19:32:21","slug":"rosskopfladurns-25-2-2018","status":"publish","type":"post","link":"http:\/\/blog.inmontanis.info\/?p=4833","title":{"rendered":"Rosskopf+Ladurns, 25.2.2018"},"content":{"rendered":"<p>Da es im Bereich Sterzing am sonnigsten werden sollte, ging es mit der Saisonkarte heute dort hin. Allerdings war es ja wieder mal so extrem eisig kalt + starker Wind, so dass es nicht all zu viel Spa\u00df machte, daher blieb ich nur bis zum fr\u00fchen Nachmittag. Ganz extrem st\u00fcrmisch war es an der Talabfahrt in Ladurns &#8211; oben gab es viel weniger Wind.<\/p>\n<p>(Rosskopf)<\/p>\n<p><a href='http:\/\/extra.inmontanis.info\/d\/46845-2\/DSC07958.jpg'><img src=http:\/\/extra.inmontanis.info\/d\/46844-3\/DSC07958.jpg \/><\/a><br \/>\n^ P\u00fcnktlich ab dem Brenner gab es blauen Himmel und Sonnenschein<\/p>\n<p><a href='http:\/\/ski.inmontanis.info\/d\/243358-2\/DSC07959.jpg'><img src=http:\/\/ski.inmontanis.info\/d\/243357-3\/DSC07959.jpg \/><\/a><br \/>\n^ 6EUB, den Spuren nach sind doch vor geraumer Zeit einige ins Tal abgefahren<\/p>\n<p><a href='http:\/\/ski.inmontanis.info\/d\/243362-2\/DSC07962.jpg'><img src=http:\/\/ski.inmontanis.info\/d\/243361-3\/DSC07962.jpg \/><\/a><br \/>\n^ 3SB und Blick zur Wolkenfront, die am Brenner stecken geblieben ist<\/p>\n<p><a href='http:\/\/ski.inmontanis.info\/d\/243366-2\/DSC07963.jpg'><img src=http:\/\/ski.inmontanis.info\/d\/243365-3\/DSC07963.jpg \/><\/a><br \/>\n^ Au\u00dfenrumabfahrt an der 3SB, rechts die Schlechtwetterfront von S\u00fcden\/Westen<\/p>\n<p><a href='http:\/\/ski.inmontanis.info\/d\/243370-2\/DSC07964.jpg'><img src=http:\/\/ski.inmontanis.info\/d\/243369-3\/DSC07964.jpg \/><\/a><br \/>\n^ Tal-Pano, auch weiter im S\u00fcden war eine dicke Wolkendecke.<\/p>\n<p><a href='http:\/\/ski.inmontanis.info\/d\/243374-2\/DSC07966.jpg'><img src=http:\/\/ski.inmontanis.info\/d\/243373-3\/DSC07966.jpg \/><\/a><br \/>\n^ Komischerweise war die ehemalige Tal-Skiroute bis zu der Stra\u00dfe dort unten pr\u00e4pariert.<\/p>\n<p><a href='http:\/\/ski.inmontanis.info\/d\/243378-2\/DSC07967.jpg'><img src=http:\/\/ski.inmontanis.info\/d\/243377-3\/DSC07967.jpg \/><\/a><br \/>\n^ Hier endete die Pr\u00e4parierung<\/p>\n<p><a href='http:\/\/ski.inmontanis.info\/d\/243382-2\/DSC07969.jpg'><img src=http:\/\/ski.inmontanis.info\/d\/243381-3\/DSC07969.jpg \/><\/a><br \/>\n^ .. aber auch hier in dem Bereich sind bis vor einiger Zeit viele abgefahren. Scheint also trotz offizieller Stilllegung der Talskiroute noch einige zu geben, die hier abfahren.<\/p>\n<p>(Ladurns)<\/p>\n<p><a href='http:\/\/ski.inmontanis.info\/d\/243386-2\/DSC07970.jpg'><img src=http:\/\/ski.inmontanis.info\/d\/243385-3\/DSC07970.jpg \/><\/a><br \/>\n^ 4KSB Sektion 1+2, mittlerweile wenigstens  mehr Sonne in dem Bereich als beim letzten Besuch<\/p>\n<p><a href='http:\/\/ski.inmontanis.info\/d\/243390-2\/DSC07971.jpg'><img src=http:\/\/ski.inmontanis.info\/d\/243389-3\/DSC07971.jpg \/><\/a><br \/>\n^ Eingeschneite Z\u00e4une an der Bergstation Sektion 2 + Blick zu den r\u00fcberschwappenden Wolken vom Schlechtwetter in Nordtirol<\/p>\n<p><a href='http:\/\/ski.inmontanis.info\/d\/243394-2\/DSC07972.jpg'><img src=http:\/\/ski.inmontanis.info\/d\/243393-3\/DSC07972.jpg \/><\/a><br \/>\n^ Pano an der 4KSB Sektion 2<\/p>\n<p><a href='http:\/\/ski.inmontanis.info\/d\/243398-2\/DSC07973.jpg'><img src=http:\/\/ski.inmontanis.info\/d\/243397-3\/DSC07973.jpg \/><\/a><br \/>\n^ Pano + linke Abfahrten an der 4KSB Sektion 2. Wobei mir die steileren rechts besser gefallen. Also in Summe schon interessanter als Watles letztens.<\/p>\n<p><a href='http:\/\/ski.inmontanis.info\/d\/243402-2\/ge20180225a.jpg'><img src=http:\/\/ski.inmontanis.info\/d\/243401-3\/ge20180225a.jpg \/><\/a><br \/>\n^ GPS-Track Rosskopf + Ladurns, 25.2.2018<\/p>\n","protected":false},"excerpt":{"rendered":"<p>Da es im Bereich Sterzing am sonnigsten werden sollte, ging es mit der Saisonkarte heute dort hin. Allerdings war es ja wieder mal so extrem eisig kalt + starker Wind, so dass es nicht all zu viel Spa\u00df machte, daher blieb ich nur bis zum fr\u00fchen Nachmittag. Ganz extrem st\u00fcrmisch war es an der Talabfahrt <a href=\"http:\/\/blog.inmontanis.info\/?p=4833\">[&#8230;]<\/a><\/p>\n","protected":false},"author":1,"featured_media":0,"comment_status":"closed","ping_status":"closed","sticky":false,"template":"","format":"standard","meta":{"footnotes":""},"categories":[15,474,25,27,388],"tags":[55,49,39],"class_list":["post-4833","post","type-post","status-publish","format-standard","hentry","category-italienitaly","category-ladurns","category-noreport","category-skifahren-winterskiing-winter","category-sterzing","tag-3sb","tag-4sb","tag-6eub","odd"],"_links":{"self":[{"href":"http:\/\/blog.inmontanis.info\/index.php?rest_route=\/wp\/v2\/posts\/4833","targetHints":{"allow":["GET"]}}],"collection":[{"href":"http:\/\/blog.inmontanis.info\/index.php?rest_route=\/wp\/v2\/posts"}],"about":[{"href":"http:\/\/blog.inmontanis.info\/index.php?rest_route=\/wp\/v2\/types\/post"}],"author":[{"embeddable":true,"href":"http:\/\/blog.inmontanis.info\/index.php?rest_route=\/wp\/v2\/users\/1"}],"replies":[{"embeddable":true,"href":"http:\/\/blog.inmontanis.info\/index.php?rest_route=%2Fwp%2Fv2%2Fcomments&post=4833"}],"version-history":[{"count":2,"href":"http:\/\/blog.inmontanis.info\/index.php?rest_route=\/wp\/v2\/posts\/4833\/revisions"}],"predecessor-version":[{"id":4835,"href":"http:\/\/blog.inmontanis.info\/index.php?rest_route=\/wp\/v2\/posts\/4833\/revisions\/4835"}],"wp:attachment":[{"href":"http:\/\/blog.inmontanis.info\/index.php?rest_route=%2Fwp%2Fv2%2Fmedia&parent=4833"}],"wp:term":[{"taxonomy":"category","embeddable":true,"href":"http:\/\/blog.inmontanis.info\/index.php?rest_route=%2Fwp%2Fv2%2Fcategories&post=4833"},{"taxonomy":"post_tag","embeddable":true,"href":"http:\/\/blog.inmontanis.info\/index.php?rest_route=%2Fwp%2Fv2%2Ftags&post=4833"}],"curies":[{"name":"wp","href":"https:\/\/api.w.org\/{rel}","templated":true}]}}