{"id":4829,"date":"2018-02-24T21:40:10","date_gmt":"2018-02-24T20:40:10","guid":{"rendered":"http:\/\/blog.inmontanis.info\/?p=4829"},"modified":"2023-08-05T14:33:36","modified_gmt":"2023-08-05T12:33:36","slug":"tschiertschen-24-2-2018-genial","status":"publish","type":"post","link":"http:\/\/blog.inmontanis.info\/?p=4829","title":{"rendered":"Tschiertschen, 24.2.2018 \/ Genial"},"content":{"rendered":"<p>Nachdem Tschiertschen bereits im Laufe des M\u00e4rz Saisonschluss hat und ich ja noch eine im Dezember zum Halbpreis gekaufte Tageskarte hatte, musste ich da langsam mal hin. Gehofft hatte ich ja, dass ich das irgendwie verbinden k\u00f6nnte, mit einer Fahrt nach Italien oder einem anderen der g\u00fcnstigeren Skigebiete in der Gegend. Am Samstag, den 24.2., wurde sehr sonniges Wetter f\u00fcr Tschiertschen gemeldet, aber leider am Sonntag nicht mehr, genauer gesagt wurde Nebel irgendwo im Bereich um die 1800m gemeldet, was f\u00fcr Chur als m\u00f6gliches Gebiet f\u00fcr Sonntag entweder geiles Nebelmeer von der oberen DSB hei\u00dfen k\u00f6nnte, oder wenn der Nebel h\u00f6her w\u00e4re (weil &#8220;ansteigend&#8221; gemeldet), sinnloses Nebelrumstochern hei\u00dft.<\/p>\n<p>Nach langem \u00dcberlegen hab ich mich dagegen entschieden und bin somit nur am Samstag nach Tschiertschen und wieder heim gefahren; den Webcambildern am Sonntag nach eine gute Entscheidung, denn der Nebel war zumindest im Bereich der Webcam an der DSB Talstation und somit h\u00f6her und st\u00f6render. Etwas \u00e4rgerlich, was die Anfahrt betraf, war zudem die Tatsache, dass mein Ignis das Wochenende in Reparatur war (wg. des Parkschadens, der mir ein unbekannter vorletzte Woche tags\u00fcber in Innsbruck zugef\u00fchrt hatte, und den ich erst mind. 1 Tag sp\u00e4ter entdeckt hatte; \u00fcbernimmt aber die Teilkasko), somit ich mit dem Qubo fahren musste &#8211; und ich am Qubo ja keine schweizer Autobahnvignette habe (und sich eine zweite nicht lohnen w\u00fcrde, weil ich ja keine Sommerausfl\u00fcge geplant h\u00e4tte). Folglich musste ich das St\u00fcck von Feldkirch bis Chur auf Landstra\u00dfen fahren. Ist ja auch nicht so weit. Aber bei den Wettervorhersagen musste ich den sonnigen Tag heute n\u00fctzen.<\/p>\n<p>Vor 9:30 kam ich in Tschiertschen an und da ich mich zuvor informiert hatte, wusste ich, dass die Parkpl\u00e4tze vor dem Ort sind, diese gratis sind und es einen gratis Zubringerbus ins Skigebiet gibt. Dieser war nur ein Kleinbus und ob der vielen Autos hier etwas \u00fcberlastet, zum Gl\u00fcck gingen einige zu Fu\u00df und ich kam gerade noch mit. Am Ausstieg weiterhin keinerlei Anzeichen, wo die 4KSB nun sein sollte, aber zum Gl\u00fcck kannten sich genug aus, denen ich folgen konnte. <\/p>\n<p>Um es vorweg zu nehmen &#8211; mir hat das Skigebiet in Tschiertschen sehr gut gefallen. Nette, schmale, kaum\/unmodellierte Abfahrten, dazu der steile Gipfel-SL links und der etwas abgelegene Gipfel-SL rechts, geniales Panorama, etwas w\u00e4rmere Temperaturen wie zuletzt und im oberen, schattigeren Bereich noch guten Pulverschnee. Endlich ein Gl\u00fccksgriff nach den Flopps in Braunwald und Elsigen. Was f\u00fcr ein Gl\u00fcck, dass das Skigebiet (noch) nicht mit Arosa-Lenzerheide verbunden wurde!!!<\/p>\n<p>Allerdings ist die 4KSB etwas zu kurz und r\u00fcber zur 4SB muss man immer das gleiche St\u00fcck Abfahrt nehmen; wie schon ATV sagte, h\u00e4tte man die besser zur Bergstation des Vorg\u00e4ngerlifts (oder gleich zur 4SB Bergstation rauf) gebaut, damit man den linken Gipfel-SL h\u00e4tte direkt erreichen k\u00f6nnen. Und die \u00c4lplermaccaroni-Variante (anscheinend mit Sp\u00e4tzle statt mit Nudeln) war mir mit \u00fcber 20,- CHF (24 oder so, wei\u00df nicht mehr genau) dann doch etwas zu teuer. Hatte allerdings vergessen, dass ich ja ohne Autobahnvignette heute Abend auch nicht an der Rastst\u00e4tte vorbei komme. Naja, n\u00e4chstes Mal wieder. <\/p>\n<p>(Fotos anklicken zum Vergr\u00f6\u00dfern.)<\/p>\n<p><a href='http:\/\/extra.inmontanis.info\/d\/46193-3\/DSC07688.jpg'><img src=http:\/\/extra.inmontanis.info\/d\/46192-4\/DSC07688.jpg \/><\/a><br \/>\n^ Parkschaden am Ignis, weshalb ich heute mit dem Qubo fahren musste<\/p>\n<p><a href='http:\/\/extra.inmontanis.info\/d\/46825-2\/DSC07816.jpg'><img src=http:\/\/extra.inmontanis.info\/d\/46824-3\/DSC07816.jpg \/><\/a><br \/>\n^ Stau auf der Autobahn um 7:40 Uhr, haupts\u00e4chlich richtung Montafon. So fr\u00fch schon.. Abends dann umgekehrt, Stau auf der Autobahn schon vom Arlberg richtung Feldkirch, in meine Richtung war&#8217;s leer.<\/p>\n<p><a href='http:\/\/extra.inmontanis.info\/d\/46829-2\/DSC07818.jpg'><img src=http:\/\/extra.inmontanis.info\/d\/46828-3\/DSC07818.jpg \/><\/a><br \/>\n^ Da ich am Qubo heuer keine Schweizer Autobahnvignette hatte, musste ich eben \u00fcber die Landstra\u00dfe nach Chur fahren. Hier eine interessante Durchfahrt durch milit\u00e4risches Gebiet.<\/p>\n<p><a href='http:\/\/extra.inmontanis.info\/d\/46833-2\/DSC07819.jpg'><img src=http:\/\/extra.inmontanis.info\/d\/46832-3\/DSC07819.jpg \/><\/a><br \/>\n^ Chur<\/p>\n<p><a href='http:\/\/extra.inmontanis.info\/d\/46837-2\/DSC07820.jpg'><img src=http:\/\/extra.inmontanis.info\/d\/46836-3\/DSC07820.jpg \/><\/a><br \/>\n^ Stra\u00dfenbahn in Chur  (Schmalspurbahn nach Arosa)<\/p>\n<p><a href='http:\/\/ski.inmontanis.info\/d\/243162-2\/DSC07821.jpg'><img src=http:\/\/ski.inmontanis.info\/d\/243160-3\/DSC07821.jpg \/><\/a><br \/>\n^ Vom Kleinbus (Parkplatz-Pendel) ausgesetzt und nirgendwo ein Hinweis auf die 4KSB. Also lauf ich halt mal den Leuten nach ..<\/p>\n<p><a href='http:\/\/ski.inmontanis.info\/d\/243166-2\/DSC07935.jpg'><img src=http:\/\/ski.inmontanis.info\/d\/243165-3\/DSC07935.jpg \/><\/a><br \/>\n^ Pistenplan (Die Suzuki-Werbung schneid ich nat\u00fcrlich nicht raus ;) )<\/p>\n<p><a href='http:\/\/ski.inmontanis.info\/d\/243170-2\/ge20180224a.jpg'><img src=http:\/\/ski.inmontanis.info\/d\/243169-3\/ge20180224a.jpg \/><\/a><br \/>\n^ GPS-Track 24.2.2018, ich blieb bis kurz vor 16 Uhr und am Ende des Tages war ich ganz froh, nicht Mittag essen gegangen zu sein, sonst h\u00e4tte ich die eine oder andere Abfahrt nicht nochmal fahren k\u00f6nnen.<\/p>\n<p><a href='http:\/\/ski.inmontanis.info\/d\/243174-2\/DSC07822.jpg'><img src=http:\/\/ski.inmontanis.info\/d\/243173-3\/DSC07822.jpg \/><\/a><br \/>\n^ 4KSB, Sektion 1<\/p>\n<p><a href='http:\/\/ski.inmontanis.info\/d\/243178-2\/DSC07827.jpg'><img src=http:\/\/ski.inmontanis.info\/d\/243177-3\/DSC07827.jpg \/><\/a><br \/>\n^ Bergstation 4KSB; der Vorg\u00e4nger-SL ging bis zu dem \u00fcber der St\u00fctze sichtbaren H\u00e4uschen weiter, was eine Anbindung an den linken SL erm\u00f6glicht h\u00e4tte.<\/p>\n<p><a href='http:\/\/ski.inmontanis.info\/d\/243182-2\/DSC07829.jpg'><img src=http:\/\/ski.inmontanis.info\/d\/243181-3\/DSC07829.jpg \/><\/a><br \/>\n^ Stattdessen muss man ein St\u00fcck abfahren und mit der 4SB hinauf<\/p>\n<p><a href='http:\/\/ski.inmontanis.info\/d\/243186-2\/DSC07831.jpg'><img src=http:\/\/ski.inmontanis.info\/d\/243185-3\/DSC07831.jpg \/><\/a><br \/>\n^ Restaurant und der steile linke SL G\u00fcrgaletsch<\/p>\n<p><a href='http:\/\/ski.inmontanis.info\/d\/243190-2\/DSC07834.jpg'><img src=http:\/\/ski.inmontanis.info\/d\/243189-3\/DSC07834.jpg \/><\/a><br \/>\n^ Eine der netten 4SB-Abfahrten<\/p>\n<p><a href='http:\/\/ski.inmontanis.info\/d\/243194-2\/DSC07840.jpg'><img src=http:\/\/ski.inmontanis.info\/d\/243193-3\/DSC07840.jpg \/><\/a><br \/>\n^ Der steile linke SL G\u00fcrgaletsch erschlie\u00dft links au\u00dfen herum eine pr\u00e4parierte rote Abfahrt und rechts eine schwarze, die netterweise im steilen Mittelteil nicht pr\u00e4pariert und dort verbuckelt ist.<\/p>\n<p><a href='http:\/\/ski.inmontanis.info\/d\/243198-2\/DSC07841.jpg'><img src=http:\/\/ski.inmontanis.info\/d\/243197-3\/DSC07841.jpg \/><\/a><br \/>\n^ Seitenpano vom SL<\/p>\n<p><a href='http:\/\/ski.inmontanis.info\/d\/243202-2\/DSC07843.jpg'><img src=http:\/\/ski.inmontanis.info\/d\/243201-3\/DSC07843.jpg \/><\/a><br \/>\n^ Bergstation des linken SL. Den Weg bin ich nicht rauf, war mir zu viel.<\/p>\n<p><a href='http:\/\/ski.inmontanis.info\/d\/243206-2\/DSC07846.jpg'><img src=http:\/\/ski.inmontanis.info\/d\/243205-3\/DSC07846.jpg \/><\/a><br \/>\n^ Pano am linken SL<\/p>\n<p><a href='http:\/\/ski.inmontanis.info\/d\/243210-2\/DSC07847.jpg'><img src=http:\/\/ski.inmontanis.info\/d\/243209-3\/DSC07847.jpg \/><\/a><br \/>\n^ Die rechte schwarze Abfahrt am linken SL G\u00fcrgaletsch (Abfahrt 7 oder Black Jack oder dazwischen) und Blick zur 4SB<\/p>\n<p><a href='http:\/\/ski.inmontanis.info\/d\/243214-2\/DSC07849.jpg'><img src=http:\/\/ski.inmontanis.info\/d\/243213-3\/DSC07849.jpg \/><\/a><br \/>\n^ Blick richtung Lenzerheide \/ Rothorn<\/p>\n<p><a href='http:\/\/ski.inmontanis.info\/d\/243124-2\/DSC07850.jpg'><img src=http:\/\/ski.inmontanis.info\/d\/243123-3\/DSC07850.jpg \/><\/a><br \/>\n^ Zoom Lenzerheide \/ Rothorn von Tschiertschen<\/p>\n<p><a href='http:\/\/ski.inmontanis.info\/d\/243128-2\/DSC07852.jpg'><img src=http:\/\/ski.inmontanis.info\/d\/243127-3\/DSC07852.jpg \/><\/a><br \/>\n^ Zoom Arosa\/H\u00f6rnli von Tschiertschen (Verbindungsbahn Arosa-Lenzerheide)<\/p>\n<p><a href='http:\/\/ski.inmontanis.info\/d\/243132-2\/DSC07853.jpg'><img src=http:\/\/ski.inmontanis.info\/d\/243131-3\/DSC07853.jpg \/><\/a><br \/>\n^ Zoom Arosa\/Wei\u00dfhorn(?) von Tschiertschen<\/p>\n<p><a href='http:\/\/ski.inmontanis.info\/d\/243116-2\/DSC07854.jpg'><img src=http:\/\/ski.inmontanis.info\/d\/243114-3\/DSC07854.jpg \/><\/a><br \/>\n^ Gegen\u00fcber von Tschiertschen befindet sich das Skigebiet Hochwang<\/p>\n<p><a href='http:\/\/ski.inmontanis.info\/d\/243120-2\/DSC07856.jpg'><img src=http:\/\/ski.inmontanis.info\/d\/243119-3\/DSC07856.jpg \/><\/a><br \/>\n^ Zoom Skigebiet Hochwang von Tschiertschen<\/p>\n<p><a href='http:\/\/ski.inmontanis.info\/d\/243218-2\/DSC07858.jpg'><img src=http:\/\/ski.inmontanis.info\/d\/243217-3\/DSC07858.jpg \/><\/a><br \/>\n^ Linke Au\u00dfenrumabfahrt 6 am linken SL<\/p>\n<p><a href='http:\/\/ski.inmontanis.info\/d\/243222-2\/DSC07860.jpg'><img src=http:\/\/ski.inmontanis.info\/d\/243221-3\/DSC07860.jpg \/><\/a><br \/>\n^ Sch\u00f6n gelegene, linke Au\u00dfenrumabfahrt 6 am linken SL<\/p>\n<p><a href='http:\/\/ski.inmontanis.info\/d\/243226-2\/DSC07861.jpg'><img src=http:\/\/ski.inmontanis.info\/d\/243225-3\/DSC07861.jpg \/><\/a><br \/>\n^ Seitenblick am SL G\u00fcrgaletsch<\/p>\n<p><a href='http:\/\/ski.inmontanis.info\/d\/243230-2\/DSC07863.jpg'><img src=http:\/\/ski.inmontanis.info\/d\/243229-3\/DSC07863.jpg \/><\/a><br \/>\n^ Rechte schwarze Abfahrt am linken SL; der angesprochene unpr\u00e4parierte Buckelpistenabschnitt, Schnee war gut zu fahren.<\/p>\n<p><a href='http:\/\/ski.inmontanis.info\/d\/243234-2\/DSC07864.jpg'><img src=http:\/\/ski.inmontanis.info\/d\/243233-3\/DSC07864.jpg \/><\/a><br \/>\n^ Verbindungsabfahrt und Blick zum rechten SL Jochalp, der nicht weniger wichtig ist als der linke SL, also f\u00fcr mich d\u00fcrfte keiner fehlen.<\/p>\n<p><a href='http:\/\/ski.inmontanis.info\/d\/243238-2\/DSC07865.jpg'><img src=http:\/\/ski.inmontanis.info\/d\/243237-3\/DSC07865.jpg \/><\/a><br \/>\n^ Rechter SL Jochalp &#8211; so leer war&#8217;s leider selten, konnte mich aber zum Gl\u00fcck immer gegen Mitfahrer wehren. Was in der Schweiz echt eine Ecke schlimmer ist als anderswo, selbst wenn man sich eindeutig so hinstellt, dass man alleine fahren will. Aber den halben Tag SL fahren ist schon alleine anstrengend genug, das muss ich mir nicht noch durch eine zweite Person erschweren.<\/p>\n<p><a href='http:\/\/ski.inmontanis.info\/d\/243242-2\/DSC07869.jpg'><img src=http:\/\/ski.inmontanis.info\/d\/243241-3\/DSC07869.jpg \/><\/a><br \/>\n^ Zu den linken Abfahrten am rechten SL Jochalp kommt man leider nur mit etwas schieben. Rechts der Weg f\u00fchrt zum Restaurant und einem besseren Pano, also schob ich da bei der n\u00e4chsten Fahrt r\u00fcber.<\/p>\n<p><a href='http:\/\/ski.inmontanis.info\/d\/243136-2\/DSC07878.jpg'><img src=http:\/\/ski.inmontanis.info\/d\/243135-3\/DSC07878.jpg \/><\/a><br \/>\n^ Blick ins Skigebiet Lenzerheide\/Churwalden von Tschiertschen\/Jochalp<\/p>\n<p><a href='http:\/\/ski.inmontanis.info\/d\/243140-2\/DSC07881.jpg'><img src=http:\/\/ski.inmontanis.info\/d\/243139-3\/DSC07881.jpg \/><\/a><br \/>\n^ Zoom ins Skigebiet Lenzerheide\/Churwalden\/Windegga von Tschiertschen\/Jochalp<\/p>\n<p><a href='http:\/\/ski.inmontanis.info\/d\/243144-2\/DSC07879.jpg'><img src=http:\/\/ski.inmontanis.info\/d\/243143-3\/DSC07879.jpg \/><\/a><br \/>\n^ Blick ins Skigebiet Lenzerheide von Tschiertschen\/Jochalp<\/p>\n<p><a href='http:\/\/ski.inmontanis.info\/d\/243148-2\/DSC07883.jpg'><img src=http:\/\/ski.inmontanis.info\/d\/243147-3\/DSC07883.jpg \/><\/a><br \/>\n^ Zoom ins Skigebiet Lenzerheide \/St\u00e4tzerhorn von Tschiertschen\/Jochalp<\/p>\n<p><a href='http:\/\/ski.inmontanis.info\/d\/243152-2\/DSC07884.jpg'><img src=http:\/\/ski.inmontanis.info\/d\/243151-3\/DSC07884.jpg \/><\/a><br \/>\n^ Zoom ins Skigebiet Lenzerheide \/PizScalottas von Tschiertschen\/Jochalp<\/p>\n<p><a href='http:\/\/ski.inmontanis.info\/d\/243156-2\/DSC07888.jpg'><img src=http:\/\/ski.inmontanis.info\/d\/243155-3\/DSC07888.jpg \/><\/a><br \/>\n^ Zoom ins Skigebiet Lenzerheide \/Rothorn von Tschiertschen\/Jochalp<\/p>\n<p><a href='http:\/\/ski.inmontanis.info\/d\/243098-2\/DSC07890.jpg'><img src=http:\/\/ski.inmontanis.info\/d\/243096-3\/DSC07890.jpg \/><\/a><br \/>\n^ Zoom ins Skigebiet Chur\/Brambr\u00fcesch von Tschiertschen\/Jochalp<\/p>\n<p><a href='http:\/\/ski.inmontanis.info\/d\/243102-2\/DSC07891.jpg'><img src=http:\/\/ski.inmontanis.info\/d\/243101-3\/DSC07891.jpg \/><\/a><br \/>\n^ Zoom ins Skigebiet Chur\/Brambr\u00fcesch von Tschiertschen\/Jochalp<\/p>\n<p><a href='http:\/\/ski.inmontanis.info\/d\/243110-2\/DSC07893.jpg'><img src=http:\/\/ski.inmontanis.info\/d\/243109-3\/DSC07893.jpg \/><\/a><br \/>\n^ Zoom ins Skigebiet Chur\/Brambr\u00fcesch von Tschiertschen\/Jochalp<\/p>\n<p><a href='http:\/\/ski.inmontanis.info\/d\/243106-2\/DSC07894.jpg'><img src=http:\/\/ski.inmontanis.info\/d\/243105-3\/DSC07894.jpg \/><\/a><br \/>\n^ Zoom ins Skigebiet Chur\/Brambr\u00fcesch von Tschiertschen\/Jochalp, dahinter Laax<\/p>\n<p><a href='http:\/\/ski.inmontanis.info\/d\/243092-2\/DSC07906.jpg'><img src=http:\/\/ski.inmontanis.info\/d\/243091-3\/DSC07906.jpg \/><\/a><br \/>\n^ Zoom ins Skigebiet Laax\/Vorab von Tschiertschen\/Jochalp<\/p>\n<p><a href='http:\/\/ski.inmontanis.info\/d\/243246-2\/DSC07896.jpg'><img src=http:\/\/ski.inmontanis.info\/d\/243245-3\/DSC07896.jpg \/><\/a><br \/>\n^ Allerdings bin ich nicht wegen den ganzen Zoomfotos in die umliegenden Skigebiete hier rauf geschoben, sondern wegen der R\u00fcckseitenskiliftleiche<\/p>\n<p><a href='http:\/\/ski.inmontanis.info\/d\/243250-2\/DSC07897.jpg'><img src=http:\/\/ski.inmontanis.info\/d\/243249-3\/DSC07897.jpg \/><\/a><br \/>\n^ Ungew\u00f6hnliche Seilrollen hatte dieser Lift. Scheint wohl schon ein \u00e4lteres Fabrikat gewesen zu sein und ist wohl schon lange au\u00dfer Betrieb ..<\/p>\n<p><a href='http:\/\/ski.inmontanis.info\/d\/243254-2\/DSC07899.jpg'><img src=http:\/\/ski.inmontanis.info\/d\/243253-3\/DSC07899.jpg \/><\/a><br \/>\n^ Ex-R\u00fcckseiten-Lift<\/p>\n<p><a href='http:\/\/ski.inmontanis.info\/d\/243258-2\/DSC07901.jpg'><img src=http:\/\/ski.inmontanis.info\/d\/243257-3\/DSC07901.jpg \/><\/a><br \/>\n^ Ex-R\u00fcckseiten-Lift (warum trifft es egtl. so h\u00e4ufig die R\u00fcckseitenlifte, die stillgelegt werden..)<\/p>\n<p><a href='http:\/\/ski.inmontanis.info\/d\/243262-2\/DSC07902.jpg'><img src=http:\/\/ski.inmontanis.info\/d\/243261-3\/DSC07902.jpg \/><\/a><br \/>\n^ Ex-R\u00fcckseiten-Lift<\/p>\n<p><a href='http:\/\/ski.inmontanis.info\/d\/243266-2\/DSC07908.jpg'><img src=http:\/\/ski.inmontanis.info\/d\/243265-3\/DSC07908.jpg \/><\/a><br \/>\n^ Ex-R\u00fcckseiten-Lift, dahinter mittig links Churwalden\/Windegga, rechts Chur\/Brambr\u00fcesch<\/p>\n<p><a href='http:\/\/ski.inmontanis.info\/d\/243270-2\/DSC07910.jpg'><img src=http:\/\/ski.inmontanis.info\/d\/243269-3\/DSC07910.jpg \/><\/a><br \/>\n^ Pano richtung Lenzerheide<\/p>\n<p><a href='http:\/\/ski.inmontanis.info\/d\/243274-2\/DSC07912.jpg'><img src=http:\/\/ski.inmontanis.info\/d\/243273-3\/DSC07912.jpg \/><\/a><br \/>\n^ Die blaue Abfahrt 5 vom SL Jochalp runter zur 4KSB ist auch sehr nett<\/p>\n<p><a href='http:\/\/ski.inmontanis.info\/d\/243278-2\/DSC07914.jpg'><img src=http:\/\/ski.inmontanis.info\/d\/243277-3\/DSC07914.jpg \/><\/a><br \/>\n^ Abfahrt 5<\/p>\n<p><a href='http:\/\/ski.inmontanis.info\/d\/243282-2\/DSC07917.jpg'><img src=http:\/\/ski.inmontanis.info\/d\/243281-3\/DSC07917.jpg \/><\/a><br \/>\n^ Links ein Seillift, der heute nicht in Betrieb schien; rechts geht die Abfahrt dann urig durchs Dorf zur\u00fcck zur 4KSB<\/p>\n<p><a href='http:\/\/ski.inmontanis.info\/d\/243286-2\/DSC07918.jpg'><img src=http:\/\/ski.inmontanis.info\/d\/243285-3\/DSC07918.jpg \/><\/a><br \/>\n^ Abfahrt eng zwischen die H\u00e4user hindurch, genial.<\/p>\n<p><a href='http:\/\/ski.inmontanis.info\/d\/243290-2\/DSC07919.jpg'><img src=http:\/\/ski.inmontanis.info\/d\/243289-3\/DSC07919.jpg \/><\/a><br \/>\n^ Abfahrt eng zwischen die H\u00e4user hindurch, genial.<\/p>\n<p><a href='http:\/\/ski.inmontanis.info\/d\/243294-2\/DSC07920.jpg'><img src=http:\/\/ski.inmontanis.info\/d\/243293-3\/DSC07920.jpg \/><\/a><br \/>\n^ 4KSB Talstation und Tschiertschen<\/p>\n<p><a href='http:\/\/ski.inmontanis.info\/d\/243298-2\/DSC07922.jpg'><img src=http:\/\/ski.inmontanis.info\/d\/243297-3\/DSC07922.jpg \/><\/a><br \/>\n^ Linker SL G\u00fcrgaletsch in fast gesamter L\u00e4nge<\/p>\n<p><a href='http:\/\/ski.inmontanis.info\/d\/243302-2\/DSC07923.jpg'><img src=http:\/\/ski.inmontanis.info\/d\/243301-3\/DSC07923.jpg \/><\/a><br \/>\n^ Links vom linken SL G\u00fcrgaletsch<\/p>\n<p><a href='http:\/\/ski.inmontanis.info\/d\/243306-2\/DSC07924.jpg'><img src=http:\/\/ski.inmontanis.info\/d\/243305-3\/DSC07924.jpg \/><\/a><br \/>\n^ Die linke Abfahrt 2 zur 4KSB Talstation ist ebenfalls sehr nett trassiert<\/p>\n<p><a href='http:\/\/ski.inmontanis.info\/d\/243310-2\/DSC07925.jpg'><img src=http:\/\/ski.inmontanis.info\/d\/243309-3\/DSC07925.jpg \/><\/a><br \/>\n^ Die linke Abfahrt 2 zur 4KSB Talstation ist ebenfalls sehr nett trassiert<\/p>\n<p><a href='http:\/\/ski.inmontanis.info\/d\/243314-2\/DSC07926.jpg'><img src=http:\/\/ski.inmontanis.info\/d\/243313-3\/DSC07926.jpg \/><\/a><br \/>\n^ Tiefblick nach Chur<\/p>\n<p><a href='http:\/\/ski.inmontanis.info\/d\/243318-2\/DSC07929.jpg'><img src=http:\/\/ski.inmontanis.info\/d\/243317-3\/DSC07929.jpg \/><\/a><br \/>\n^ Links vom SL G\u00fcrgaletsch gibt&#8217;s noch die Freeride 1000 Abfahrt, sp\u00e4rlich mit Skiroutenstecken gekennzeichnet und der Schnee gerade noch so brauchbar; auf der anderen Seite vom SL war die Hangausrichtung und der Schnee pulvriger<\/p>\n<p><a href='http:\/\/ski.inmontanis.info\/d\/243322-2\/DSC07930.jpg'><img src=http:\/\/ski.inmontanis.info\/d\/243321-3\/DSC07930.jpg \/><\/a><br \/>\n^ Landschaft ist schon geil hier.<\/p>\n<p><a href='http:\/\/ski.inmontanis.info\/d\/243326-2\/DSC07931.jpg'><img src=http:\/\/ski.inmontanis.info\/d\/243325-3\/DSC07931.jpg \/><\/a><br \/>\n^ .. wie gesagt, Landschaft ist schon geil hier.<\/p>\n<p><a href='http:\/\/ski.inmontanis.info\/d\/243330-2\/DSC07932.jpg'><img src=http:\/\/ski.inmontanis.info\/d\/243329-3\/DSC07932.jpg \/><\/a><br \/>\n^ Linke Abfahrt 2 zur 4KSB Talstation<\/p>\n<p><a href='http:\/\/ski.inmontanis.info\/d\/243334-2\/DSC07934.jpg'><img src=http:\/\/ski.inmontanis.info\/d\/243333-3\/DSC07934.jpg \/><\/a><br \/>\n^ 4KSB Talstation<\/p>\n<p><a href='http:\/\/ski.inmontanis.info\/d\/243338-2\/DSC07937.jpg'><img src=http:\/\/ski.inmontanis.info\/d\/243337-3\/DSC07937.jpg \/><\/a><br \/>\n^ Zum Gl\u00fcck hinter dem Berg liegt das Skigebiet von Arosa<\/p>\n<p><a href='http:\/\/ski.inmontanis.info\/d\/243342-2\/DSC07942.jpg'><img src=http:\/\/ski.inmontanis.info\/d\/243341-3\/DSC07942.jpg \/><\/a><br \/>\n^ Offpiste am SL G\u00fcrgaletsch, hier war der Schnee noch toll pulvrig<\/p>\n<p><a href='http:\/\/ski.inmontanis.info\/d\/243346-2\/DSC07945.jpg'><img src=http:\/\/ski.inmontanis.info\/d\/243345-3\/DSC07945.jpg \/><\/a><br \/>\n^ Offpiste am SL G\u00fcrgaletsch, ganz sch\u00f6n steil.<\/p>\n<p><a href='http:\/\/ski.inmontanis.info\/d\/243350-2\/DSC07948.jpg'><img src=http:\/\/ski.inmontanis.info\/d\/243349-3\/DSC07948.jpg \/><\/a><br \/>\n^ Offpiste am SL G\u00fcrgaletsch &#8211; und Tiefblick an der Kante nach Chur; links zu sehen der SL Jochalp, dessen Abfahrten auch recht nett, aber erholsamer sind<\/p>\n<p><a href='http:\/\/ski.inmontanis.info\/d\/243354-2\/DSC07950.jpg'><img src=http:\/\/ski.inmontanis.info\/d\/243353-3\/DSC07950.jpg \/><\/a><br \/>\n^ Zum Parkplatz kann man direkt abfahren, allerdings war dieses Abfahrtsst\u00fcck sehr eisig.<\/p>\n<p><a href='http:\/\/extra.inmontanis.info\/d\/46841-2\/DSC07951.jpg'><img src=http:\/\/extra.inmontanis.info\/d\/46840-3\/DSC07951.jpg \/><\/a><br \/>\n^ Chur<\/p>\n<p>Fazit: Gerne mal wieder.<\/p>\n","protected":false},"excerpt":{"rendered":"<p>Nachdem Tschiertschen bereits im Laufe des M\u00e4rz Saisonschluss hat und ich ja noch eine im Dezember zum Halbpreis gekaufte Tageskarte hatte, musste ich da langsam mal hin. Gehofft hatte ich ja, dass ich das irgendwie verbinden k\u00f6nnte, mit einer Fahrt nach Italien oder einem anderen der g\u00fcnstigeren Skigebiete in der Gegend. Am Samstag, den 24.2., <a href=\"http:\/\/blog.inmontanis.info\/?p=4829\">[&#8230;]<\/a><\/p>\n","protected":false},"author":1,"featured_media":0,"comment_status":"closed","ping_status":"closed","sticky":false,"template":"","format":"standard","meta":{"footnotes":""},"categories":[24,14,27,703],"tags":[49,47],"class_list":["post-4829","post","type-post","status-publish","format-standard","hentry","category-tagestour","category-swiss","category-skifahren-winterskiing-winter","category-tschiertschen","tag-4sb","tag-sl","odd"],"_links":{"self":[{"href":"http:\/\/blog.inmontanis.info\/index.php?rest_route=\/wp\/v2\/posts\/4829","targetHints":{"allow":["GET"]}}],"collection":[{"href":"http:\/\/blog.inmontanis.info\/index.php?rest_route=\/wp\/v2\/posts"}],"about":[{"href":"http:\/\/blog.inmontanis.info\/index.php?rest_route=\/wp\/v2\/types\/post"}],"author":[{"embeddable":true,"href":"http:\/\/blog.inmontanis.info\/index.php?rest_route=\/wp\/v2\/users\/1"}],"replies":[{"embeddable":true,"href":"http:\/\/blog.inmontanis.info\/index.php?rest_route=%2Fwp%2Fv2%2Fcomments&post=4829"}],"version-history":[{"count":3,"href":"http:\/\/blog.inmontanis.info\/index.php?rest_route=\/wp\/v2\/posts\/4829\/revisions"}],"predecessor-version":[{"id":9142,"href":"http:\/\/blog.inmontanis.info\/index.php?rest_route=\/wp\/v2\/posts\/4829\/revisions\/9142"}],"wp:attachment":[{"href":"http:\/\/blog.inmontanis.info\/index.php?rest_route=%2Fwp%2Fv2%2Fmedia&parent=4829"}],"wp:term":[{"taxonomy":"category","embeddable":true,"href":"http:\/\/blog.inmontanis.info\/index.php?rest_route=%2Fwp%2Fv2%2Fcategories&post=4829"},{"taxonomy":"post_tag","embeddable":true,"href":"http:\/\/blog.inmontanis.info\/index.php?rest_route=%2Fwp%2Fv2%2Ftags&post=4829"}],"curies":[{"name":"wp","href":"https:\/\/api.w.org\/{rel}","templated":true}]}}