{"id":4824,"date":"2018-02-18T21:05:14","date_gmt":"2018-02-18T20:05:14","guid":{"rendered":"http:\/\/blog.inmontanis.info\/?p=4824"},"modified":"2023-08-05T21:51:33","modified_gmt":"2023-08-05T19:51:33","slug":"watles-haider-alm-nauders-18-2-2018","status":"publish","type":"post","link":"http:\/\/blog.inmontanis.info\/?p=4824","title":{"rendered":"Watles + Haider Alm + Nauders, 18.2.2018"},"content":{"rendered":"<p>Mangels besserer Alternativen ging es auch heute in die Saisonkartengebiete. Als erstes besuchte ich zum ersten Mal das kleine Skigebiet Watles. Von dem erwartete ich nicht viel und wurde trotzdem noch entt\u00e4uscht. 2 geklonte 4KSBs erschlie\u00dfen langweilige, direkte Abfahrten. Nach ein paar Abfahrten war ich so gelangweilt, dass ich trotz des sonnigen Wetters (vmtl. das sonnigste Gebiet im weiten Umkreis) nicht l\u00e4nger bleiben wollte. Es unterbietet damit sogar noch Reinswald. Nervig nebenbei auch, dass man vom Norden her kommend den Reschenpass erst bis fast ganz runter fahren muss, um dann wieder bis auf 1700m rauffahren zu m\u00fcssen.<\/p>\n<p><a href='http:\/\/ski.inmontanis.info\/d\/243088-2\/ge20180218a.jpg'><img src=http:\/\/ski.inmontanis.info\/d\/243087-3\/ge20180218a.jpg \/><\/a><br \/>\n^ GPS-Track 18.2.2018<\/p>\n<p><a href='http:\/\/ski.inmontanis.info\/d\/243032-2\/DSC07748.jpg'><img src=http:\/\/ski.inmontanis.info\/d\/243030-3\/DSC07748.jpg \/><\/a><br \/>\n^ 4KSB Sektion 1<\/p>\n<p><a href='http:\/\/ski.inmontanis.info\/d\/243036-2\/DSC07750.jpg'><img src=http:\/\/ski.inmontanis.info\/d\/243035-3\/DSC07750.jpg \/><\/a><br \/>\n^ Copy Paste: 4KSB Sektion 2<\/p>\n<p><a href='http:\/\/ski.inmontanis.info\/d\/243040-2\/DSC07751.jpg'><img src=http:\/\/ski.inmontanis.info\/d\/243039-3\/DSC07751.jpg \/><\/a><br \/>\n^ 4KSB Sektion 2, oberer Teil<\/p>\n<p><a href='http:\/\/ski.inmontanis.info\/d\/243044-2\/DSC07752.jpg'><img src=http:\/\/ski.inmontanis.info\/d\/243043-3\/DSC07752.jpg \/><\/a><br \/>\n^ 4KSB Sektion 2 \/ Blick nach rechts &#8211; dachte, da h\u00e4tte noch irgendeine nicht im Plan befindliche, aber bei genug Schnee pr\u00e4parierte Au\u00dfenrum-Abfahrtsvariante sein sollen? Ist wohl nicht mehr.<\/p>\n<p><a href='http:\/\/ski.inmontanis.info\/d\/243048-2\/DSC07753.jpg'><img src=http:\/\/ski.inmontanis.info\/d\/243047-3\/DSC07753.jpg \/><\/a><br \/>\n^ Wenn das der Beschneiungs-See ist, wurde er immerhin sch\u00f6n positioniert.<\/p>\n<p><a href='http:\/\/ski.inmontanis.info\/d\/243052-2\/DSC07756.jpg'><img src=http:\/\/ski.inmontanis.info\/d\/243051-3\/DSC07756.jpg \/><\/a><br \/>\n^ 4KSB Sektion 2, hat abschnittsweise eine kleine Variante und in Folge eine Verbindung zum SL<\/p>\n<p><a href='http:\/\/ski.inmontanis.info\/d\/243056-2\/DSC07757.jpg'><img src=http:\/\/ski.inmontanis.info\/d\/243055-3\/DSC07757.jpg \/><\/a><br \/>\n^ \u00dcbungslift<\/p>\n<p><a href='http:\/\/ski.inmontanis.info\/d\/243060-2\/DSC07759.jpg'><img src=http:\/\/ski.inmontanis.info\/d\/243059-3\/DSC07759.jpg \/><\/a><br \/>\n^ \u00dcbungslift<\/p>\n<p><a href='http:\/\/ski.inmontanis.info\/d\/243064-2\/DSC07760.jpg'><img src=http:\/\/ski.inmontanis.info\/d\/243063-3\/DSC07760.jpg \/><\/a><br \/>\n^ Talabfahrt<\/p>\n<p><a href='http:\/\/ski.inmontanis.info\/d\/243068-2\/DSC07761.jpg'><img src=http:\/\/ski.inmontanis.info\/d\/243067-3\/DSC07761.jpg \/><\/a><br \/>\n^ Kurze Variante an der Talabfahrt, vielleicht die alte Talabfahrt vor der modellierten.<\/p>\n<p><a href='http:\/\/ski.inmontanis.info\/d\/243072-2\/DSC07764.jpg'><img src=http:\/\/ski.inmontanis.info\/d\/243071-3\/DSC07764.jpg \/><\/a><br \/>\n^ Es gibt noch eine andere Talabfahrtsvariante, die sehr sch\u00f6n w\u00e4re, aber da sie nicht pr\u00e4pariert wurde &#8211; der angetaute und angefrorene Schnee war unsch\u00f6n<\/p>\n<p><a href='http:\/\/ski.inmontanis.info\/d\/243076-2\/DSC07765.jpg'><img src=http:\/\/ski.inmontanis.info\/d\/243075-3\/DSC07765.jpg \/><\/a><br \/>\n^ Schade, denn das h\u00e4tte die beste Abfahrt im Skigebiet sein k\u00f6nnen.<\/p>\n<p><a href='http:\/\/ski.inmontanis.info\/d\/243080-2\/DSC07768.jpg'><img src=http:\/\/ski.inmontanis.info\/d\/243079-3\/DSC07768.jpg \/><\/a><br \/>\n^ R\u00fcckseitenpano<\/p>\n<p><a href='http:\/\/ski.inmontanis.info\/d\/243084-2\/DSC07767.jpg'><img src=http:\/\/ski.inmontanis.info\/d\/243083-3\/DSC07767.jpg \/><\/a><br \/>\n^ Gipfelpano, h\u00e4tte sich ja gut f\u00fcr einen SL geeignet mit einer Au\u00dfenrumabfahrt ..<\/p>\n<p>Was anfangen mit dem angebrochen Tag &#8211; gut, geht&#8217;s halt nochmal Haideralm, wo ich zwar erst vor 2 Wochen bei schlechterem Wetter war, da k\u00f6nnte es nun auch etwas sonniger geworden sein. Haider Alm gefiel mir fr\u00fcher echt gut, aber seit der Stilllegung des oberen SL hat man einfach noch weniger Abwechslung, auch hier konnten meine Bed\u00fcrfnisse heute nicht erf\u00fcllt werden und ich suchte alsbald das Weite..<\/p>\n<p><a href='http:\/\/ski.inmontanis.info\/d\/242998-2\/DSC07770.jpg'><img src=http:\/\/ski.inmontanis.info\/d\/242997-3\/DSC07770.jpg \/><\/a><br \/>\n^ 3SB Sektion 2, steil, aber nur eine direkte Abfahrt<\/p>\n<p><a href='http:\/\/ski.inmontanis.info\/d\/243002-2\/DSC07771.jpg'><img src=http:\/\/ski.inmontanis.info\/d\/243001-3\/DSC07771.jpg \/><\/a><br \/>\n^ Die Lawinenz\u00e4une sind mal komplett eingeschneit<\/p>\n<p><a href='http:\/\/ski.inmontanis.info\/d\/243006-2\/DSC07773.jpg'><img src=http:\/\/ski.inmontanis.info\/d\/243005-3\/DSC07773.jpg \/><\/a><br \/>\n^ 3SB Sektion 2 und SL Sektion 3, der seit dieser Saison leider stillgelegt wurde. Anscheinend will man die Liebhaber dieses kleinen Skigebiets noch weiter vergraulen.<\/p>\n<p><a href='http:\/\/ski.inmontanis.info\/d\/243010-2\/DSC07774.jpg'><img src=http:\/\/ski.inmontanis.info\/d\/243009-3\/DSC07774.jpg \/><\/a><br \/>\n^ Liegt schon viel Schnee heuer.<\/p>\n<p><a href='http:\/\/ski.inmontanis.info\/d\/243014-2\/DSC07775.jpg'><img src=http:\/\/ski.inmontanis.info\/d\/243013-3\/DSC07775.jpg \/><\/a><br \/>\n^ Abfahrt an der 3SB, darunter die 6EUB und links davon zu sehen der \u00dcbungs-SL<\/p>\n<p><a href='http:\/\/ski.inmontanis.info\/d\/243018-2\/DSC07776.jpg'><img src=http:\/\/ski.inmontanis.info\/d\/243017-3\/DSC07776.jpg \/><\/a><br \/>\n^ Der alte Panorama-SL ist nat\u00fcrlich das Highlight hier, aber der reicht mir mittlerweile auch nicht mehr aus, meine Anforderungen sind gestiegen &#8211; ich brauch eine st\u00e4rkere Dosis f\u00fcr meine Sucht.<\/p>\n<p><a href='http:\/\/ski.inmontanis.info\/d\/243022-2\/DSC07778.jpg'><img src=http:\/\/ski.inmontanis.info\/d\/243021-3\/DSC07778.jpg \/><\/a><br \/>\n^ Coole Trasse, aber nur eine Abfahrt, die auch nicht so \u00fcberragend ist.<\/p>\n<p><a href='http:\/\/ski.inmontanis.info\/d\/243026-2\/ge20180218c.jpg'><img src=http:\/\/ski.inmontanis.info\/d\/243025-3\/ge20180218c.jpg \/><\/a><br \/>\n^ Diverse GPS-Tracks von den 4 Gebieten rund um den Reschensee. Und anstatt dass man Haideralm und Sch\u00f6neben \u00fcber das sch\u00f6ne Tal dahinter zusammenschlie\u00dft, will man jetzt eine Bahn auf See-Seite bauen. K\u00f6nnte man wohl auch ohne Bahn rein mit Skiwegen l\u00f6sen ;)<\/p>\n<p>Als drittes fuhr ich noch Nauders an. Das Wetter war dort leider weiterhin schlechter als gemeldet, aber der Grat\/Gipfel-SL sollte in Betrieb sein. Bevor ich zu dem fahren wollte, wollte ich erst mal die neuen Abfahrten im rechten Bereich abfahren, insb. die am Almlift. Cool, die dort neue Grenzroute. Dann sah ich leider, dass die Tscheyeck-6KSB so gegen 15 Uhr garagiert wurde, somit auch der nette Panorama-SL am Grat nicht mehr befahren werden k\u00f6nnte. Mein 2. Versuch, diesen heuer fahren zu k\u00f6nnen, schlug somit fehl.<\/p>\n<p><a href='http:\/\/ski.inmontanis.info\/d\/242934-2\/DSC07782.jpg'><img src=http:\/\/ski.inmontanis.info\/d\/242933-3\/DSC07782.jpg \/><\/a><br \/>\n^ An der Talstation der 8KSB geht die f\u00fcr mich neue Abfahrt 26 los &#8211; naja, nur ein Skiweg bis zum neuen Restaurant<\/p>\n<p><a href='http:\/\/ski.inmontanis.info\/d\/242938-2\/DSC07784.jpg'><img src=http:\/\/ski.inmontanis.info\/d\/242937-3\/DSC07784.jpg \/><\/a><br \/>\n^ Von dort aus f\u00fchrt die Abfahrt 28 in eine der Talabfahrten weiter<\/p>\n<p><a href='http:\/\/ski.inmontanis.info\/d\/242942-2\/DSC07785.jpg'><img src=http:\/\/ski.inmontanis.info\/d\/242941-3\/DSC07785.jpg \/><\/a><br \/>\n^ Die mittlerweile an allen Sesselliften hier montierten Kindersicherungen sind nicht genug, die 8KSB hat ja auch noch Sitzeinweiser, die genauso nervig sind wie Parkplatzeinweiser &#8211; beide verderben mir den Tag. Aber leider braucht man die 8KSB, um zum Alm-SL zu kommen :-(<\/p>\n<p><a href='http:\/\/ski.inmontanis.info\/d\/242946-2\/DSC07789.jpg'><img src=http:\/\/ski.inmontanis.info\/d\/242945-3\/DSC07789.jpg \/><\/a><br \/>\n^ Zum Gl\u00fcck gibt&#8217;s den Almlift noch.<\/p>\n<p><a href='http:\/\/ski.inmontanis.info\/d\/242950-2\/DSC07791.jpg'><img src=http:\/\/ski.inmontanis.info\/d\/242949-3\/DSC07791.jpg \/><\/a><br \/>\n^ Der Almlift erschlie\u00dft mittlerweile 2,5 schwarze Abfahrten, 1 Rote und 2 Skirouten. Fr\u00fcher gab&#8217;s hier nur 1-2 Abfahrten und ich war froh, wenn \u00fcberhaupt mal genug Schnee war, dass er offen war ;)<\/p>\n<p><a href='http:\/\/ski.inmontanis.info\/d\/242954-2\/DSC07792.jpg'><img src=http:\/\/ski.inmontanis.info\/d\/242953-3\/DSC07792.jpg \/><\/a><br \/>\n^ Die f\u00fcr mich neue Skiroute Grenzroute. Nahe der Grenze zu Italien und auch sonst recht grenzwertig, erstaunlich, dass man in AT heutzutage sowas noch neu aussteckt.<\/p>\n<p><a href='http:\/\/ski.inmontanis.info\/d\/242958-2\/DSC07793.jpg'><img src=http:\/\/ski.inmontanis.info\/d\/242957-3\/DSC07793.jpg \/><\/a><br \/>\n^ Grenzroute<\/p>\n<p><a href='http:\/\/ski.inmontanis.info\/d\/242962-2\/DSC07795.jpg'><img src=http:\/\/ski.inmontanis.info\/d\/242961-3\/DSC07795.jpg \/><\/a><br \/>\n^ Grenzroute<\/p>\n<p><a href='http:\/\/ski.inmontanis.info\/d\/242966-2\/DSC07796.jpg'><img src=http:\/\/ski.inmontanis.info\/d\/242965-3\/DSC07796.jpg \/><\/a><br \/>\n^ Grenzroute<\/p>\n<p><a href='http:\/\/ski.inmontanis.info\/d\/242970-2\/DSC07797.jpg'><img src=http:\/\/ski.inmontanis.info\/d\/242969-3\/DSC07797.jpg \/><\/a><br \/>\n^ Grenzroute<\/p>\n<p><a href='http:\/\/ski.inmontanis.info\/d\/242974-2\/DSC07798.jpg'><img src=http:\/\/ski.inmontanis.info\/d\/242973-3\/DSC07798.jpg \/><\/a><br \/>\n^ Grenzroute<\/p>\n<p><a href='http:\/\/ski.inmontanis.info\/d\/242978-2\/DSC07799.jpg'><img src=http:\/\/ski.inmontanis.info\/d\/242977-3\/DSC07799.jpg \/><\/a><br \/>\n^ Grenzroute &#8211; hier muss man sogar ein St\u00fcck die SL-Trasse runter fahren :)<\/p>\n<p><a href='http:\/\/ski.inmontanis.info\/d\/242982-2\/DSC07800.jpg'><img src=http:\/\/ski.inmontanis.info\/d\/242981-3\/DSC07800.jpg \/><\/a><br \/>\n^ S\u00fcdwestroute am Almlift, f\u00fcr mich ebenfalls neu.<\/p>\n<p><a href='http:\/\/ski.inmontanis.info\/d\/242986-2\/DSC07802.jpg'><img src=http:\/\/ski.inmontanis.info\/d\/242985-3\/DSC07802.jpg \/><\/a><br \/>\n^ S\u00fcdwestroute<\/p>\n<p><a href='http:\/\/ski.inmontanis.info\/d\/242990-2\/DSC07803.jpg'><img src=http:\/\/ski.inmontanis.info\/d\/242989-3\/DSC07803.jpg \/><\/a><br \/>\n^ Die schwarze 25 am Almlift k\u00f6nnte ich evtl. schon mal gefahren sein, das wei\u00df ich nicht mehr.<\/p>\n<p><a href='http:\/\/ski.inmontanis.info\/d\/242994-2\/ge20180218b.jpg'><img src=http:\/\/ski.inmontanis.info\/d\/242993-3\/ge20180218b.jpg \/><\/a><br \/>\n^ GPS-Track 18.2.2018<\/p>\n<p>1. Fazit nach diesem und dem vorherigen WE (Stichwort Arolla\/Evolene): Sch\u00f6nes Wetter reicht mir nicht mehr allein. Lieber ein interessantes Skigebiet bei schlechterem Wetter als ein langweiliges Skigebiet bei sonnigem Wetter. Wobei manche Gebiete auch nur bei Sch\u00f6nwetter interessant sind und nat\u00fcrlich alle interessanten Gebiete bei Sch\u00f6nwetter noch besser sind.<\/p>\n<p>2. Fazit: &#8220;Moderne&#8221; Skigebiete (im Umkreis von AT) gehen mir mehr und mehr auf die Nerven, je mehr ich in altmodischen Skigebieten unterwegs bin. (Italien hat da ja immerhin noch den Vorteil, dass die Lichtschranken an den SB\/KSB-Einstiegen fehlen und die Zutrittsschranken immer aufgehen) &#8211; aber seltenerweise, wie gestern in Pfelders, gibt es doch noch modern ausgebaute Kleingebiete, die mir irgendwie gefallen.<\/p>\n<p>3. Fazit: &#8220;Altmodische Ecken&#8221; wie der Almlift in Nauders machen nicht gl\u00fccklich, wenn mich der Rest des Skigebiets nervt<\/p>\n<p>4. Fazit: Auf die 4 Gebiete um den Reschensee kann ich verzichten<\/p>\n","protected":false},"excerpt":{"rendered":"<p>Mangels besserer Alternativen ging es auch heute in die Saisonkartengebiete. Als erstes besuchte ich zum ersten Mal das kleine Skigebiet Watles. Von dem erwartete ich nicht viel und wurde trotzdem noch entt\u00e4uscht. 2 geklonte 4KSBs erschlie\u00dfen langweilige, direkte Abfahrten. Nach ein paar Abfahrten war ich so gelangweilt, dass ich trotz des sonnigen Wetters (vmtl. das <a href=\"http:\/\/blog.inmontanis.info\/?p=4824\">[&#8230;]<\/a><\/p>\n","protected":false},"author":1,"featured_media":0,"comment_status":"closed","ping_status":"closed","sticky":false,"template":"","format":"standard","meta":{"footnotes":""},"categories":[478,15,855,25,13,27,376],"tags":[55,49,47],"class_list":["post-4824","post","type-post","status-publish","format-standard","hentry","category-haideralm","category-italienitaly","category-nauders","category-noreport","category-austria","category-skifahren-winterskiing-winter","category-watles","tag-3sb","tag-4sb","tag-sl","odd"],"_links":{"self":[{"href":"http:\/\/blog.inmontanis.info\/index.php?rest_route=\/wp\/v2\/posts\/4824","targetHints":{"allow":["GET"]}}],"collection":[{"href":"http:\/\/blog.inmontanis.info\/index.php?rest_route=\/wp\/v2\/posts"}],"about":[{"href":"http:\/\/blog.inmontanis.info\/index.php?rest_route=\/wp\/v2\/types\/post"}],"author":[{"embeddable":true,"href":"http:\/\/blog.inmontanis.info\/index.php?rest_route=\/wp\/v2\/users\/1"}],"replies":[{"embeddable":true,"href":"http:\/\/blog.inmontanis.info\/index.php?rest_route=%2Fwp%2Fv2%2Fcomments&post=4824"}],"version-history":[{"count":4,"href":"http:\/\/blog.inmontanis.info\/index.php?rest_route=\/wp\/v2\/posts\/4824\/revisions"}],"predecessor-version":[{"id":8969,"href":"http:\/\/blog.inmontanis.info\/index.php?rest_route=\/wp\/v2\/posts\/4824\/revisions\/8969"}],"wp:attachment":[{"href":"http:\/\/blog.inmontanis.info\/index.php?rest_route=%2Fwp%2Fv2%2Fmedia&parent=4824"}],"wp:term":[{"taxonomy":"category","embeddable":true,"href":"http:\/\/blog.inmontanis.info\/index.php?rest_route=%2Fwp%2Fv2%2Fcategories&post=4824"},{"taxonomy":"post_tag","embeddable":true,"href":"http:\/\/blog.inmontanis.info\/index.php?rest_route=%2Fwp%2Fv2%2Ftags&post=4824"}],"curies":[{"name":"wp","href":"https:\/\/api.w.org\/{rel}","templated":true}]}}