{"id":482,"date":"2009-01-25T23:59:50","date_gmt":"2009-01-25T21:59:50","guid":{"rendered":"http:\/\/blog.inmontanis.info\/?p=482"},"modified":"2023-08-04T18:34:52","modified_gmt":"2023-08-04T16:34:52","slug":"bobw-2009-tag-2-colere-aviatico-25-1-2009","status":"publish","type":"post","link":"http:\/\/blog.inmontanis.info\/?p=482","title":{"rendered":"BoBW 2009 Tag 2: Colere + Aviatico, 25.1.2009"},"content":{"rendered":"<p><em>[_de]Bilder anklicken zum Vergr\u00f6\u00dfern[\/_de]\u2028[_en]Click photos to enlarge[\/_en]<\/em><\/p>\n<p><strong>Tag 2, Teil 1: Sa, 25.1.2009: Colere<br \/>\n<\/strong><\/p>\n<p>Ich kam heut fr\u00fch p\u00fcnktlich weg und war bereits kurz nach 9 Uhr in Colere &#8211; vor mir aber schon hunderte Italiener. Parkpl\u00e4tze an der Bahn und am Sportplatz im Ort waren bereits komplett voll, die Parkplatzeinweiser wiesen mich gleich am Ortseingang, 1.5 km Luftlinie vom Sessellift entfernt, zu einem Parkplatz vor einer Firma &#8211; die nehmen hier jeden freien Parkplatz an Tagen wie diesen!<\/p>\n<p><a href='http:\/\/ski.inmontanis.info\/d\/91600-1\/P1330859.JPG'><img src=http:\/\/ski.inmontanis.info\/d\/91602-3\/P1330859.JPG \/><\/a><br \/>\n^ Der Parkplatzeinweiser wie\u00df mich glech am Anfang des Ortes an, hier zu parken. Kleinbusse fuhren dann zur Talstation (ganz hinten sieht man die Abfahrt&#8230;)<\/p>\n<p>Der Skibus lie\u00df etwas auf sich warten, es war ein Kleinbus, der au\u00dfer mit 9 Sitzpl\u00e4tzen noch mit 3 Hockpl\u00e4tzen hinter der 3. Sitzreihe gef\u00fcllt wurde :) Gurtpflicht galt hier f\u00fcr keinen &#8230; An der Talstation sah es gar nicht nach so vielen Leuten aus, aber es dauerte doch seine 10-20 Minuten! <\/p>\n<p><a href='http:\/\/ski.inmontanis.info\/d\/91596-1\/g20090125col.jpg'><img src=http:\/\/ski.inmontanis.info\/d\/91598-3\/g20090125col.jpg \/><\/a><br \/>\n^ GPS-Track<\/p>\n<p><a href='http:\/\/ski.inmontanis.info\/d\/91604-1\/P1330863.JPG'><img src=http:\/\/ski.inmontanis.info\/d\/91606-3\/P1330863.JPG \/><\/a><br \/>\n^ Nach einigem Warten endlich Auffahrt mit der DSB<\/p>\n<p>Oben erblickte ich, dass zwei Pisten f\u00fcr Stangerlfahrer gesperrt sind (wie mich das nervt!!). Hoffentlich werden sie mittags ger\u00e4umt&#8230;<\/p>\n<p><a href='http:\/\/ski.inmontanis.info\/d\/91608-1\/P1330864.JPG'><img src=http:\/\/ski.inmontanis.info\/d\/91610-3\/P1330864.JPG \/><\/a><br \/>\n^ Abgesperrte Piste, daher kommt man eigentlich auch nicht zu dem SL hier links&#8230; Oben kann man die Sektionen II und III erkennen<\/p>\n<p>An der DSB Sektion II der Worst-Case: Da standen noch mehr Leute an. Na das kann ja heiter heut werden&#8230;  <\/p>\n<p><a href='http:\/\/ski.inmontanis.info\/d\/91612-1\/P1330866.JPG'><img src=http:\/\/ski.inmontanis.info\/d\/91614-3\/P1330866.JPG \/><\/a><br \/>\n^ Na danke. Unmengen an Leuten an der DSB Sektion II&#8230; da verzicht ich erst mal..<\/p>\n<p>Also erst mal zum \u00dcbungslift, der sich als alter MEB erwies. Nett, 4x gefahren. Danach wollte ich zum anderen SL, das Queren der Rennstrecke wurde mir leider dezidiert untersagt. Aber wo ein Wille ist, ist auch ein Weg &#8230;<\/p>\n<p><a href='http:\/\/ski.inmontanis.info\/d\/91616-1\/P1330869.JPG'><img src=http:\/\/ski.inmontanis.info\/d\/91618-3\/P1330869.JPG \/><\/a><br \/>\n^ .. und fuhr erst ein paar mal den \u00dcbungs-SL, da war n\u00e4mlich nix los :)<\/p>\n<p><a href='http:\/\/ski.inmontanis.info\/d\/91621-1\/P1330871.JPG'><img src=http:\/\/ski.inmontanis.info\/d\/91623-3\/P1330871.JPG \/><\/a><br \/>\n^ Von unten erkennt man auch endlich den Hersteller dieses kuriosen SL: MEB. Uriges Teil!<\/p>\n<p><a href='http:\/\/ski.inmontanis.info\/d\/91625-1\/P1330872.JPG'><img src=http:\/\/ski.inmontanis.info\/d\/91627-3\/P1330872.JPG \/><\/a><br \/>\n^ Wo ein Wille ist, ist ein Weg zum anderen SL, ohne auf die  abgesperrten Abfahrt zu m\u00fcssen&#8230;<\/p>\n<p><a href='http:\/\/ski.inmontanis.info\/d\/91629-1\/P1330873.JPG'><img src=http:\/\/ski.inmontanis.info\/d\/91631-3\/P1330873.JPG \/><\/a><br \/>\n^ Im linken SL Capanno, ein halber Doppel-Graffer<\/p>\n<p><a href='http:\/\/ski.inmontanis.info\/d\/91633-1\/P1330875.JPG'><img src=http:\/\/ski.inmontanis.info\/d\/91635-3\/P1330875.JPG \/><\/a><br \/>\n^ Bergstation SL Capanno, sehr niedrig!<\/p>\n<p>.. und so bin ich die Abahrt links des SL 2x gefahren (unpr\u00e4pariert) und dann ab ins Tal, wo inzwischen keiner mehr anstand.<\/p>\n<p><a href='http:\/\/ski.inmontanis.info\/d\/91637-1\/P1330877.JPG'><img src=http:\/\/ski.inmontanis.info\/d\/91639-3\/P1330877.JPG \/><\/a><br \/>\n^ Linke, schwarze, unpr\u00e4parierte Abfahrt am SL Capanno<\/p>\n<p><a href='http:\/\/ski.inmontanis.info\/d\/91641-1\/P1330879.JPG'><img src=http:\/\/ski.inmontanis.info\/d\/91643-3\/P1330879.JPG \/><\/a><br \/>\n^ Ausstieg SL Capanno. Man beachte wie tief das Seil h\u00e4ngt. Ich hatte hier echt Angst, dass sich das Seil des Tellers mal an einen runterfahrenden Teller verheddert &#8211; was wohl unsch\u00f6ne Folgen haben k\u00f6nnte&#8230;<\/p>\n<p><a href='http:\/\/ski.inmontanis.info\/d\/91645-1\/P1330882.JPG'><img src=http:\/\/ski.inmontanis.info\/d\/91647-3\/P1330882.JPG \/><\/a><br \/>\n^ Talabfahrt<\/p>\n<p><a href='http:\/\/ski.inmontanis.info\/d\/91649-1\/P1330883.JPG'><img src=http:\/\/ski.inmontanis.info\/d\/91651-3\/P1330883.JPG \/><\/a><br \/>\n^ Talabfahrt, mittig-rechts der Zwischeneinstieg der DSB, offiziell nicht offen, aber ein paar Snowboarder sind dennoch eingestiegen (!)<\/p>\n<p><a href='http:\/\/ski.inmontanis.info\/d\/91653-1\/P1330885.JPG'><img src=http:\/\/ski.inmontanis.info\/d\/91655-3\/P1330885.JPG \/><\/a><br \/>\n^ Talabfahrt<\/p>\n<p><a href='http:\/\/ski.inmontanis.info\/d\/91657-1\/P1330887.JPG'><img src=http:\/\/ski.inmontanis.info\/d\/91659-3\/P1330887.JPG \/><\/a><br \/>\n^ Talabfahrt<\/p>\n<p><a href='http:\/\/ski.inmontanis.info\/d\/91662-1\/P1330889.JPG'><img src=http:\/\/ski.inmontanis.info\/d\/91664-3\/P1330889.JPG \/><\/a><br \/>\n^ Talstation DSB Sektion I<\/p>\n<p>An der 2. Sektion war es aber inzwischen kein deut besser, also eben 10-20 Minuten anstellen. Auch oben an der 3SB waren kurze Wartezeiten, aber die waren ertr\u00e4glicher, also 2x die 3SB und wieder unten anstellen, um die anderen Abfahrten noch zu machen. <\/p>\n<p><a href='http:\/\/ski.inmontanis.info\/d\/91666-1\/P1330892.JPG'><img src=http:\/\/ski.inmontanis.info\/d\/91668-3\/P1330892.JPG \/><\/a><br \/>\n^ Irgendwann musste ich mich halt doch mal an der Sektion II anstellen &#8211; \u00fcber 10 Minuten &#8230;<\/p>\n<p><a href='http:\/\/ski.inmontanis.info\/d\/91670-1\/P1330893.JPG'><img src=http:\/\/ski.inmontanis.info\/d\/91672-3\/P1330893.JPG \/><\/a><br \/>\n^ Blick zum SL Capanno und Beschneiungsteich<\/p>\n<p><a href='http:\/\/ski.inmontanis.info\/d\/91674-1\/P1330894.JPG'><img src=http:\/\/ski.inmontanis.info\/d\/91676-3\/P1330894.JPG \/><\/a><br \/>\n^ Abgesperrte Abfahrt links der DSB<\/p>\n<p><a href='http:\/\/ski.inmontanis.info\/d\/91678-1\/P1330896.JPG'><img src=http:\/\/ski.inmontanis.info\/d\/91680-3\/P1330896.JPG \/><\/a><br \/>\n^ In der DSB Sektion II<\/p>\n<p><a href='http:\/\/ski.inmontanis.info\/d\/91682-1\/P1330897.JPG'><img src=http:\/\/ski.inmontanis.info\/d\/91684-3\/P1330897.JPG \/><\/a><br \/>\n^ DSB Sektion II und Talstation 3SB Sektion III, wenigstens hier etwas weniger Wartezeiten&#8230;<\/p>\n<p><a href='http:\/\/ski.inmontanis.info\/d\/91686-1\/P1330898.JPG'><img src=http:\/\/ski.inmontanis.info\/d\/91688-3\/P1330898.JPG \/><\/a><br \/>\n^ Offpiste-H\u00e4nge an der DSB Sektion II. Offiziell wird hier extremst darauf hingewiesen, dass man nicht off-piste fahren darf!!<\/p>\n<p><a href='http:\/\/ski.inmontanis.info\/d\/91690-1\/P1330899.JPG'><img src=http:\/\/ski.inmontanis.info\/d\/91692-3\/P1330899.JPG \/><\/a><br \/>\n^ Pano von der DSB aus<\/p>\n<p><a href='http:\/\/ski.inmontanis.info\/d\/91694-1\/P1330900.JPG'><img src=http:\/\/ski.inmontanis.info\/d\/91696-3\/P1330900.JPG \/><\/a><br \/>\n^ Off-Piste-H\u00e4nge an der DSB\/3SB<\/p>\n<p><a href='http:\/\/ski.inmontanis.info\/d\/91698-1\/P1330901.JPG'><img src=http:\/\/ski.inmontanis.info\/d\/91700-3\/P1330901.JPG \/><\/a><br \/>\n^ Bergstation DSB Sektion II, die 3SB geht noch ein winziges St\u00fcck weiter nach oben<\/p>\n<p><a href='http:\/\/ski.inmontanis.info\/d\/91702-1\/P1330903.JPG'><img src=http:\/\/ski.inmontanis.info\/d\/91704-3\/P1330903.JPG \/><\/a><br \/>\n^ Pano links<\/p>\n<p><a href='http:\/\/ski.inmontanis.info\/d\/91706-1\/P1330904.JPG'><img src=http:\/\/ski.inmontanis.info\/d\/91708-3\/P1330904.JPG \/><\/a><br \/>\n^ Pano Mitte<\/p>\n<p><a href='http:\/\/ski.inmontanis.info\/d\/91710-1\/P1330905.JPG'><img src=http:\/\/ski.inmontanis.info\/d\/91712-3\/P1330905.JPG \/><\/a><br \/>\n^ Pano rechts. Dieses felsig-wellige Gel\u00e4nde kommt schon gut, d\u00fcrfte aber wohl bei weniger Schnee auch recht gef\u00e4hrlich sein?<\/p>\n<p><a href='http:\/\/ski.inmontanis.info\/d\/91714-1\/P1330906.JPG'><img src=http:\/\/ski.inmontanis.info\/d\/91716-3\/P1330906.JPG \/><\/a><br \/>\n^ Abfahrt zur 3SB<\/p>\n<p><a href='http:\/\/ski.inmontanis.info\/d\/91718-1\/P1330907.JPG'><img src=http:\/\/ski.inmontanis.info\/d\/91720-3\/P1330907.JPG \/><\/a><br \/>\n^ R\u00fcckseiten-Pano links<\/p>\n<p><a href='http:\/\/ski.inmontanis.info\/d\/91722-1\/P1330909.JPG'><img src=http:\/\/ski.inmontanis.info\/d\/91724-3\/P1330909.JPG \/><\/a><br \/>\n^ .. und R\u00fcckseiten-Pano rechts<\/p>\n<p><a href='http:\/\/ski.inmontanis.info\/d\/91726-1\/P1330912.JPG'><img src=http:\/\/ski.inmontanis.info\/d\/91728-3\/P1330912.JPG \/><\/a><br \/>\n^ Zoom \u00fcber die Po-Ebene bis zu den n\u00e4chsten Bergen, vermutlich der Appennin<\/p>\n<p><a href='http:\/\/ski.inmontanis.info\/d\/91730-1\/P1330916.JPG'><img src=http:\/\/ski.inmontanis.info\/d\/91732-3\/P1330916.JPG \/><\/a><br \/>\n^ Restaurant an der Bergstation der 3SB<\/p>\n<p><a href='http:\/\/ski.inmontanis.info\/d\/91734-1\/P1330917.JPG'><img src=http:\/\/ski.inmontanis.info\/d\/91736-3\/P1330917.JPG \/><\/a><br \/>\n^ 3SB-Bergstation mit Gipfelblick<\/p>\n<p><a href='http:\/\/ski.inmontanis.info\/d\/91738-1\/P1330920.JPG'><img src=http:\/\/ski.inmontanis.info\/d\/91740-3\/P1330920.JPG \/><\/a><br \/>\n^ Talpano<\/p>\n<p><a href='http:\/\/ski.inmontanis.info\/d\/91742-1\/P1330922.JPG'><img src=http:\/\/ski.inmontanis.info\/d\/91744-3\/P1330922.JPG \/><\/a><br \/>\n^ Die meisten Abfahrten hier sind &#8211; zwangsl\u00e4ufig bei dem Gel\u00e4nde &#8211; stark modelliert.<\/p>\n<p><a href='http:\/\/ski.inmontanis.info\/d\/91746-1\/P1330923.JPG'><img src=http:\/\/ski.inmontanis.info\/d\/91748-3\/P1330923.JPG \/><\/a><br \/>\n^ Leider nicht gefahren, aber diese Rinne schaut einfach nur geil aus!<\/p>\n<p><a href='http:\/\/ski.inmontanis.info\/d\/91750-1\/P1330924.JPG'><img src=http:\/\/ski.inmontanis.info\/d\/91752-3\/P1330924.JPG \/><\/a><br \/>\n^ Abfahrt und Off-Piste-H\u00e4nge im oberen Bereich<\/p>\n<p><a href='http:\/\/ski.inmontanis.info\/d\/91754-1\/P1330926.JPG'><img src=http:\/\/ski.inmontanis.info\/d\/91756-3\/P1330926.JPG \/><\/a><br \/>\n^ Off-Piste-Varianten ohne Ende&#8230;<\/p>\n<p>Eins muss man lassen. Landschaftlich ist das Gebiet hier sehr genial. Dass an den Lift-Talstationen so gro\u00df steht, Offpiste sei verboten, hat auch wenig Leute gest\u00f6rt. Vielleicht unter normalen Schneebedingungen? Nun, ich hatte eh nur Zeit f\u00fcr die Abfahrten, ein St\u00fcck bin ich zum Schluss noch offpiste gewesen, aber landschaftlich h\u00e4tten mich die Varianten hier seeehr gereizt!<\/p>\n<p>Bei der n\u00e4chsten Aufahrt hatte ich einen (mittelalten) Italiener neben mir, der englisch sprach, und so f\u00fchrten wir ein kleines Gespr\u00e4ch im Englisch-Italienisch-Mischmasch. Der fiel wieder fast in Ohnmacht, dass ich aus Innsbruck komm und nicht dort skifahre :) Ja, weil ich die kleinen Skigebiete und die alten Lifte mag. Auf die Frage, ob es hier immer so voll sei, antwortete er mit Samstag+Sonntag schon. War also ein Fehler, hier am WE hinzugehen. Dachte eigentlich nicht, dass Colere so beliebt hier ist, h\u00e4tte eher vermutet, die Mehrheit w\u00fcrde Pora und Campione wegen den 4SBs und der gr\u00f6\u00dferen Gr\u00f6\u00dfe fahren&#8230;<\/p>\n<p><a href='http:\/\/ski.inmontanis.info\/d\/91759-1\/P1330927.JPG'><img src=http:\/\/ski.inmontanis.info\/d\/91761-3\/P1330927.JPG \/><\/a><br \/>\n^ Blick zur Mittelstation und dem \u00dcbungs-SL<\/p>\n<p><a href='http:\/\/ski.inmontanis.info\/d\/91763-1\/P1330929.JPG'><img src=http:\/\/ski.inmontanis.info\/d\/91765-3\/P1330929.JPG \/><\/a><br \/>\n^ Da drin d\u00fcrfte eine steile Rinne sein, sind sogar eine Spuren von hier aus zu sehen. F\u00fcr die Extremen :)<\/p>\n<p><a href='http:\/\/ski.inmontanis.info\/d\/91767-1\/P1330930.JPG'><img src=http:\/\/ski.inmontanis.info\/d\/91769-3\/P1330930.JPG \/><\/a><br \/>\n^ Blick nach Colere (rechts unten)<\/p>\n<p><a href='http:\/\/ski.inmontanis.info\/d\/91771-1\/P1330933.JPG'><img src=http:\/\/ski.inmontanis.info\/d\/91773-3\/P1330933.JPG \/><\/a><br \/>\n^ Die anscheinend neue Abfahrt Vilminore, im oberen Bereich recht nett<\/p>\n<p><a href='http:\/\/ski.inmontanis.info\/d\/91775-1\/P1330934.JPG'><img src=http:\/\/ski.inmontanis.info\/d\/91777-3\/P1330934.JPG \/><\/a><br \/>\n^ .. im mittleren Teil noch halbwegs &#8230;<\/p>\n<p><a href='http:\/\/ski.inmontanis.info\/d\/91779-1\/P1330935.JPG'><img src=http:\/\/ski.inmontanis.info\/d\/91781-3\/P1330935.JPG \/><\/a><br \/>\n^ .. und dann wird&#8217;s doch stark modelliert.<\/p>\n<p><a href='http:\/\/ski.inmontanis.info\/d\/91783-1\/P1330936.JPG'><img src=http:\/\/ski.inmontanis.info\/d\/91785-3\/P1330936.JPG \/><\/a><br \/>\n^ Die linken Abfahrtsvarianten zur Mittelstation<\/p>\n<p><a href='http:\/\/ski.inmontanis.info\/d\/91787-1\/P1330940.JPG'><img src=http:\/\/ski.inmontanis.info\/d\/91789-3\/P1330940.JPG \/><\/a><br \/>\n^ Die komischerweise gesperrte und unpr\u00e4parierte schwarze Talabfahrt. An Schneemangel kanns mal nicht liegen heuer&#8230;<\/p>\n<p><a href='http:\/\/ski.inmontanis.info\/d\/91791-1\/P1330941.JPG'><img src=http:\/\/ski.inmontanis.info\/d\/91793-3\/P1330941.JPG \/><\/a><br \/>\n^ Talstation SL Capanno, links geht die Talabfahrt weiter<\/p>\n<p>Inzwischen wurden die Rennstrecken aufgelassen, wodurch einerseits die Abfahrten fahrbar waren, andererseits die ganzen Kinder mit an den Liften anstanden. Hab ja schon viel erlebt (Kaunertal im Herbst l\u00e4sst gr\u00fc\u00dfen!), aber so gedr\u00e4ngelt wie die hier, hatte ich noch nicht erlebt. H\u00e4tt ihnen am liebsten mit meinem Skistecken den Hintern versohlt. Jedenfalls hatte ich bald die Nase voll vom stressigen anstehen und fuhr ab ins Tal.<\/p>\n<p>Fazit: Gerne irgendwann mal wieder, aber nicht am Wochenende.<\/p>\n<p><strong>Tag 2, Teil 2: Sa, 25.1.2009: Aviatico<br \/>\n<\/strong><\/p>\n<p>N\u00e4chstes Ziel: Selvino-Aviatico, der neue Gondellift auf den Monte Poieto. Ich hab ja bekanntlich vor, in dieser Skisaion s\u00e4mtliche Korblifte mit Skibetrieb in Italien zu fahren. Sind heuer deren 6, wovon ich 2 schon hatte (Prada Costabella und Molveno). Warum also nicht um italienische Gondellifte als Bonus erg\u00e4nzen? Derer es ja seit der Borno-Schlie\u00dfung vor wenigen Jahren keine mehr gab &#8211; erst heuer in Aviatico\/Selvino wieder. Und n\u00e4chstes Jahr in Lurisia. Und wenn man schon mal in der N\u00e4he ist&#8230;<\/p>\n<p>Dank fehlgeleitetem Navi und einigem Verfahren wurde aus den 1:20 mal wieder 2:00 Fahrzeit, war also erst nach 16 Uhr an der Talstation und kaufte mir eine Bergfahrt um 5,-. Hab gar nicht nach einer Tageskarte gefragt, Preis stand keiner da, und der Satz, dass der Lift offiziell nur als Zubringer zum Restaurant gilt (um irgendwie b\u00fcrokratischen Dinge zu vermeiden oder so?) &#8230; <\/p>\n<p>Oben war ich \u00fcberrascht, dass ein F\u00f6rderband aufgestellt war, das wohl heute nicht in Betrieb war. Wehm\u00fctig blickte ich zum aufgelassenen SL und ging zum aufgelassenen ESL. Mann, was war das wohl f\u00fcr ein geiles Gebietchen hier. Korblift als Zubringer und r\u00fcckseitig ESL und SL mit steilen Abfahrten. Menno&#8230;<\/p>\n<p><a href='http:\/\/ski.inmontanis.info\/d\/91795-1\/g20090125avi.jpg'><img src=http:\/\/ski.inmontanis.info\/d\/91797-3\/g20090125avi.jpg \/><\/a><br \/>\n^ GPS-Track, rot vorne der Ex-ESL, rot hinten der Ex-SL<\/p>\n<p><a href='http:\/\/ski.inmontanis.info\/d\/91799-1\/P1330943.JPG'><img src=http:\/\/ski.inmontanis.info\/d\/91801-3\/P1330943.JPG \/><\/a><br \/>\n^ Im Gondellift. Fr\u00fcher fuhren die Dinger sicher viel schneller :-)<\/p>\n<p><a href='http:\/\/ski.inmontanis.info\/d\/91803-1\/P1330946.JPG'><img src=http:\/\/ski.inmontanis.info\/d\/91805-3\/P1330946.JPG \/><\/a><br \/>\n^ Blick zur\u00fcck zur Talstation.<\/p>\n<p><a href='http:\/\/ski.inmontanis.info\/d\/91807-1\/P1330948.JPG'><img src=http:\/\/ski.inmontanis.info\/d\/91809-3\/P1330948.JPG \/><\/a><br \/>\n^ An der Mittelstation wurde seit dem Sommer noch rumgebaut, dank Plattform k\u00f6nnte man hier nun wirklich zusteigen. Wof\u00fcr? Sommer? Winter? Skibetrieb?<\/p>\n<p><a href='http:\/\/ski.inmontanis.info\/d\/91811-1\/P1330949.JPG'><img src=http:\/\/ski.inmontanis.info\/d\/91813-3\/P1330949.JPG \/><\/a><br \/>\n^ Abfahrt zur Mittelstation<\/p>\n<p><a href='http:\/\/ski.inmontanis.info\/d\/91815-1\/P1330953.JPG'><img src=http:\/\/ski.inmontanis.info\/d\/91817-3\/P1330953.JPG \/><\/a><br \/>\n^ Fast komplette L\u00e4nge des Lifts<\/p>\n<p><a href='http:\/\/ski.inmontanis.info\/d\/91819-1\/P1330955.JPG'><img src=http:\/\/ski.inmontanis.info\/d\/91821-3\/P1330955.JPG \/><\/a><br \/>\n^ Der leider stillgelegte SL auf der R\u00fcckseite<\/p>\n<p><a href='http:\/\/ski.inmontanis.info\/d\/91823-1\/P1330956.JPG'><img src=http:\/\/ski.inmontanis.info\/d\/91825-3\/P1330956.JPG \/><\/a><br \/>\n^ Vermutlich ehemalige Abfahrt am ESL<\/p>\n<p><a href='http:\/\/ski.inmontanis.info\/d\/91827-1\/P1330957.JPG'><img src=http:\/\/ski.inmontanis.info\/d\/91829-3\/P1330957.JPG \/><\/a><br \/>\n^ Rifugio und ehemalige SL-Bergstation<\/p>\n<p><a href='http:\/\/ski.inmontanis.info\/d\/91831-1\/P1330958.JPG'><img src=http:\/\/ski.inmontanis.info\/d\/91833-3\/P1330958.JPG \/><\/a><br \/>\n^ Bergstation des stillgelegten ESL. Mann was war das geil hier fr\u00fcher, Korblift, ESL, SL &#8230;<\/p>\n<p><a href='http:\/\/ski.inmontanis.info\/d\/91835-1\/P1330959.JPG'><img src=http:\/\/ski.inmontanis.info\/d\/91837-3\/P1330959.JPG \/><\/a><br \/>\n^ Ex-ESL<\/p>\n<p><a href='http:\/\/ski.inmontanis.info\/d\/91839-1\/P1330962.JPG'><img src=http:\/\/ski.inmontanis.info\/d\/91841-3\/P1330962.JPG \/><\/a><br \/>\n^ Ex-ESL. Schaut eigentlich noch ganz gut in Schuss aus, wann wurde der stillgelegt?<\/p>\n<p><a href='http:\/\/ski.inmontanis.info\/d\/91843-1\/P1330968.JPG'><img src=http:\/\/ski.inmontanis.info\/d\/91845-3\/P1330968.JPG \/><\/a><br \/>\n^ Bergstation Ex-ESL<\/p>\n<p><a href='http:\/\/ski.inmontanis.info\/d\/91847-1\/P1330969.JPG'><img src=http:\/\/ski.inmontanis.info\/d\/91849-3\/P1330969.JPG \/><\/a><br \/>\n^ ..sogar einen Fu\u00dfballplatz hat&#8217;s hier oben &#8230;<\/p>\n<p><a href='http:\/\/ski.inmontanis.info\/d\/91851-1\/P1330970.JPG'><img src=http:\/\/ski.inmontanis.info\/d\/91853-3\/P1330970.JPG \/><\/a><br \/>\n^ Ex-ESL<\/p>\n<p><a href='http:\/\/ski.inmontanis.info\/d\/91855-1\/P1330971.JPG'><img src=http:\/\/ski.inmontanis.info\/d\/91857-3\/P1330971.JPG \/><\/a><br \/>\n^ Ex-ESL, die Schnee-Stein-Kombi links find ich irgendwie cool &#8211; schaut aus wie ein kleines Tier, das seinen Kopf auf den Schnee legt :)<\/p>\n<p><a href='http:\/\/ski.inmontanis.info\/d\/91859-1\/P1330972.JPG'><img src=http:\/\/ski.inmontanis.info\/d\/91861-3\/P1330972.JPG \/><\/a><br \/>\n^ Zoom Ex-SL<\/p>\n<p><a href='http:\/\/ski.inmontanis.info\/d\/91864-1\/P1330981.JPG'><img src=http:\/\/ski.inmontanis.info\/d\/91866-3\/P1330981.JPG \/><\/a><br \/>\n^ Gondellift im Abendrot. F\u00e4hrt nur am Wochenende, aber dann bis ca. 17:00 bzw. 17:30. <\/p>\n<p><a href='http:\/\/ski.inmontanis.info\/d\/91869-1\/P1330983.JPG'><img src=http:\/\/ski.inmontanis.info\/d\/91871-3\/P1330983.JPG \/><\/a><br \/>\n^ Holla, es gibt doch noch offiziell Skibetrieb hier: Ein F\u00f6rderband, wenn anscheinend auch heute nicht in Betrieb gewesen.<\/p>\n<p>Bin noch zum Gipfel aufgestiegen um noch ein paar Panofotos zu machen&#8230;<\/p>\n<p>Hm. Blick auf die Uhr. Was, schon 17 Uhr? Blick aufs GPS. Und in 15 Minuten geht die Sonne unter? Ach, das k\u00f6nnte man doch abwarten, oder?<\/p>\n<p><a href='http:\/\/ski.inmontanis.info\/d\/91873-1\/P1330989.JPG'><img src=http:\/\/ski.inmontanis.info\/d\/91875-3\/P1330989.JPG \/><\/a><br \/>\n^ Die Nebeldecke der Tiefebene wird langsam bestrahlt, diverse St\u00e4dte-Skylines werden sichtbar&#8230;<\/p>\n<p><a href='http:\/\/ski.inmontanis.info\/d\/91877-1\/P1330995.JPG'><img src=http:\/\/ski.inmontanis.info\/d\/91879-3\/P1330995.JPG \/><\/a><br \/>\n^ Auch die Berge vom Appennin sind erstaunlich gut zu sehen, hier im Zoom \u00fcber die Ebene<\/p>\n<p><a href='http:\/\/ski.inmontanis.info\/d\/91881-1\/P1330997.JPG'><img src=http:\/\/ski.inmontanis.info\/d\/91883-3\/P1330997.JPG \/><\/a><br \/>\n^ Zoom irgendwo zwischen Appennin und Ligurien vermutlich, keine Ahnung, auf jeden Fall schauts genial aus, auch mt dem Schlot vorne &#8230;<\/p>\n<p><a href='http:\/\/ski.inmontanis.info\/d\/91885-1\/P1340002.JPG'><img src=http:\/\/ski.inmontanis.info\/d\/91887-3\/P1340002.JPG \/><\/a><br \/>\n^ Gipfelplateau<\/p>\n<p><a href='http:\/\/ski.inmontanis.info\/d\/91889-1\/P1340003.JPG'><img src=http:\/\/ski.inmontanis.info\/d\/91891-3\/P1340003.JPG \/><\/a><br \/>\n^ Gondellift und Start der Abfahrt, der obere Hang hier ist sogar ziemlich steil!<\/p>\n<p><a href='http:\/\/ski.inmontanis.info\/d\/91894-1\/P1340006.JPG'><img src=http:\/\/ski.inmontanis.info\/d\/91896-3\/P1340006.JPG \/><\/a><br \/>\n^ Am Gipfel wartete ich auf den Sonnenuntergang, hier mit Selvino in der Mitte. <\/p>\n<p><a href='http:\/\/ski.inmontanis.info\/d\/91898-1\/P1340016.JPG'><img src=http:\/\/ski.inmontanis.info\/d\/91900-3\/P1340016.JPG \/><\/a><br \/>\n^ Der gro\u00dfteil bedeckte Himmel zauberte einige kuriose Farbspiele auf die leichte Smog-Decke der Ebene, hier und da tauchten Hoch\u00e4user auf&#8230;<\/p>\n<p><a href='http:\/\/ski.inmontanis.info\/d\/91902-1\/P1340017.JPG'><img src=http:\/\/ski.inmontanis.info\/d\/91904-3\/P1340017.JPG \/><\/a><br \/>\n^ Flieger im Zoom<\/p>\n<p><a href='http:\/\/ski.inmontanis.info\/d\/91906-1\/P1340021.JPG'><img src=http:\/\/ski.inmontanis.info\/d\/91908-3\/P1340021.JPG \/><\/a><br \/>\n^ Skyline einer gr\u00f6\u00dferen Stadt im Zoom&#8230;<\/p>\n<p><a href='http:\/\/ski.inmontanis.info\/d\/91910-1\/P1340022.JPG'><img src=http:\/\/ski.inmontanis.info\/d\/91912-3\/P1340022.JPG \/><\/a><br \/>\n^ Inzwischen ist auch der riesige Schlot in knalliges Rot getaucht .. also ich find das Bild genial..<\/p>\n<p><a href='http:\/\/ski.inmontanis.info\/d\/91915-1\/P1340030.JPG'><img src=http:\/\/ski.inmontanis.info\/d\/91917-3\/P1340030.JPG \/><\/a><br \/>\n^ Zoomloses Pano \u00fcber die Ebene, im Appennin scheint die Sonne&#8230;<\/p>\n<p><a href='http:\/\/ski.inmontanis.info\/d\/91919-1\/P1340035.JPG'><img src=http:\/\/ski.inmontanis.info\/d\/91921-3\/P1340035.JPG \/><\/a><br \/>\n^ Zoom in die Berge des Appennins. Erstaunlich gute Fernsicht, Entfernung um die 100-150km<\/p>\n<p><a href='http:\/\/ski.inmontanis.info\/d\/91923-1\/P1340036.JPG'><img src=http:\/\/ski.inmontanis.info\/d\/91925-3\/P1340036.JPG \/><\/a><br \/>\n^ Endlich schaut die Sonne durch das Wolkenfenster &#8230;<\/p>\n<p><a href='http:\/\/ski.inmontanis.info\/d\/91927-1\/P1340039.JPG'><img src=http:\/\/ski.inmontanis.info\/d\/91929-3\/P1340039.JPG \/><\/a><br \/>\n^ Wenig sp\u00e4ter verschwand die Sonne wieder in die Wolkendecke&#8230;<\/p>\n<p><a href='http:\/\/ski.inmontanis.info\/d\/91931-1\/P1340044.JPG'><img src=http:\/\/ski.inmontanis.info\/d\/91933-3\/P1340044.JPG \/><\/a><br \/>\n^ .. und brachte die Nebeldecke zum brennen!<\/p>\n<p><a href='http:\/\/ski.inmontanis.info\/d\/91935-1\/P1340048.JPG'><img src=http:\/\/ski.inmontanis.info\/d\/91937-3\/P1340048.JPG \/><\/a><br \/>\n^ .. und ich brach zur Abfahrt auf, hier der steile Anfang<\/p>\n<p><a href='http:\/\/ski.inmontanis.info\/d\/91940-1\/P1340049.JPG'><img src=http:\/\/ski.inmontanis.info\/d\/91942-3\/P1340049.JPG \/><\/a><br \/>\n^ .. auch ein paar Anf\u00e4nger machten sich nach einigen Stunden am Gipfelplateau auf, zu Tal zu fahren&#8230;<\/p>\n<p><a href='http:\/\/ski.inmontanis.info\/d\/91944-1\/P1340051.JPG'><img src=http:\/\/ski.inmontanis.info\/d\/91946-3\/P1340051.JPG \/><\/a><br \/>\n^ Abfahrt zur Mittelstation, zur Talstation gehts aber weiter oben auf dem Weg nach links weiter.<\/p>\n<p><a href='http:\/\/ski.inmontanis.info\/d\/91948-1\/P1340058.JPG'><img src=http:\/\/ski.inmontanis.info\/d\/91950-3\/P1340058.JPG \/><\/a><br \/>\n^ Ein St\u00fcck f\u00e4hrt man auf einem Skiweg, danach geht&#8217;s nochmal etwas zur Sache<\/p>\n<p><a href='http:\/\/ski.inmontanis.info\/d\/91952-1\/P1340061.JPG'><img src=http:\/\/ski.inmontanis.info\/d\/91954-3\/P1340061.JPG \/><\/a><br \/>\n^ .. und von hier aus hat man nochmal einen sch\u00f6nen Hang bis ruter zur Talstation, wobei man an den B\u00e4umen in der Mitte unten noch eine Variante links oder rechts w\u00e4hlen kann.<\/p>\n<p><a href='http:\/\/ski.inmontanis.info\/d\/91956-1\/P1340063.JPG'><img src=http:\/\/ski.inmontanis.info\/d\/91958-3\/P1340063.JPG \/><\/a><br \/>\n^ Aviatico im Abendlicht<\/p>\n<p><a href='http:\/\/ski.inmontanis.info\/d\/91960-1\/P1330914.JPG'><img src=http:\/\/ski.inmontanis.info\/d\/91962-3\/P1330914.JPG \/><\/a><br \/>\n^ Zoom von Colere, soweit ich das absch\u00e4tze d\u00fcrfte das die R\u00fcckseite sein, man sieht in der mitte die genau vertikale Schneise des ESL, der SL m\u00fcsste dann links im Sonnen-Hang liegen.<\/p>\n<p>Fazit? Geilgeilgeil! Tolles Pano, tolle, abwechslungsreiche Abfahrt (bei der K\u00fcrze!). Man h\u00e4tte auch zur Mittelstation fahren k\u00f6nnen und dann links vom Gondellift runter, waren auch einige Spuren zu sehen. So ein Mist, dass ich nicht fr\u00fcher da war, dann w\u00e4r ich zwei mal oder \u00f6fters gefahren.<\/p>\n<p>Nunja, so kam es, dass ich erst um 18 Uhr wieder im Auto sa\u00df und gen Barzio aufbrach. Dank Navi eine Strecke gefunden, die ich auf der Karte glatt \u00fcbersehen hatte: \u00dcber San Pellegrino, dann nach norden nach Taleggio (sehr geniale Schluchtstrecke, vermutlich eine der schm\u00e4lsten der Alpen mit Stra\u00dfe!!), und \u00fcber Vedeseta nach Cremeno. Och, und dieses Str\u00e4sslein war auch nett: Gr\u00f6\u00dftenteils 1-spurig und ohne Absicherung, steil am Fels entlang! Sollte man beides mal bei Tag fahren&#8230;.<\/p>\n","protected":false},"excerpt":{"rendered":"<p>Geile H\u00e4nge, neuer Gondellift und geiler Sonnenuntergang <a href=\"http:\/\/blog.inmontanis.info\/?p=482\">[&#8230;]<\/a><\/p>\n","protected":false},"author":1,"featured_media":0,"comment_status":"open","ping_status":"closed","sticky":false,"template":"","format":"standard","meta":{"footnotes":""},"categories":[64,527,503,15,59,27,32],"tags":[55,38,35,63,47],"class_list":["post-482","post","type-post","status-publish","format-standard","hentry","category-64","category-aviatico","category-colere","category-italienitaly","category-nostalgie","category-skifahren-winterskiing-winter","category-lostplaces","tag-3sb","tag-dsb","tag-esl","tag-korblift","tag-sl","odd"],"_links":{"self":[{"href":"http:\/\/blog.inmontanis.info\/index.php?rest_route=\/wp\/v2\/posts\/482","targetHints":{"allow":["GET"]}}],"collection":[{"href":"http:\/\/blog.inmontanis.info\/index.php?rest_route=\/wp\/v2\/posts"}],"about":[{"href":"http:\/\/blog.inmontanis.info\/index.php?rest_route=\/wp\/v2\/types\/post"}],"author":[{"embeddable":true,"href":"http:\/\/blog.inmontanis.info\/index.php?rest_route=\/wp\/v2\/users\/1"}],"replies":[{"embeddable":true,"href":"http:\/\/blog.inmontanis.info\/index.php?rest_route=%2Fwp%2Fv2%2Fcomments&post=482"}],"version-history":[{"count":4,"href":"http:\/\/blog.inmontanis.info\/index.php?rest_route=\/wp\/v2\/posts\/482\/revisions"}],"predecessor-version":[{"id":9042,"href":"http:\/\/blog.inmontanis.info\/index.php?rest_route=\/wp\/v2\/posts\/482\/revisions\/9042"}],"wp:attachment":[{"href":"http:\/\/blog.inmontanis.info\/index.php?rest_route=%2Fwp%2Fv2%2Fmedia&parent=482"}],"wp:term":[{"taxonomy":"category","embeddable":true,"href":"http:\/\/blog.inmontanis.info\/index.php?rest_route=%2Fwp%2Fv2%2Fcategories&post=482"},{"taxonomy":"post_tag","embeddable":true,"href":"http:\/\/blog.inmontanis.info\/index.php?rest_route=%2Fwp%2Fv2%2Ftags&post=482"}],"curies":[{"name":"wp","href":"https:\/\/api.w.org\/{rel}","templated":true}]}}