{"id":4818,"date":"2018-02-17T23:00:27","date_gmt":"2018-02-17T22:00:27","guid":{"rendered":"http:\/\/blog.inmontanis.info\/?p=4818"},"modified":"2023-08-02T21:52:03","modified_gmt":"2023-08-02T19:52:03","slug":"meran-pfelders-17-2-2018","status":"publish","type":"post","link":"http:\/\/blog.inmontanis.info\/?p=4818","title":{"rendered":"Meran + Pfelders, 17.2.2018"},"content":{"rendered":"<p>Nach dem Westalpen-Ausflug letztes WE ging&#8217;s dieses WE wieder in die Saisonkartengebiete, wenn es auch wetterm\u00e4\u00dfig nicht ganz so toll werden sollte (aber wo anders auch nicht viel besser). Erstes Ziel am Samstag war Meran 2000 zum Wiederholungsbesuch. Leider wieder zu kalt und in Summe dann nicht so toll wie ich&#8217;s beim ersten Besuch empfunden habe &#8211; vielleicht sollte ich noch auf einen Besuch bei Sonne und Firn hoffen, daher ging&#8217;s noch vor Mittag weiter nach Pfelders, vielleicht das abgelegendste Skigebiet in S\u00fcdtirol.<\/p>\n<p><a href='http:\/\/ski.inmontanis.info\/d\/242772-2\/DSC07651.jpg'><img src=http:\/\/ski.inmontanis.info\/d\/242771-3\/DSC07651.jpg \/><\/a><br \/>\n^ An der Bergstation der PB gibt&#8217;s ein kleines Seilbahnmuseum<\/p>\n<p><a href='http:\/\/ski.inmontanis.info\/d\/242776-2\/DSC07653.jpg'><img src=http:\/\/ski.inmontanis.info\/d\/242775-3\/DSC07653.jpg \/><\/a><br \/>\n^ .. interessant auch die Projekte oberhalb Mittager<\/p>\n<p><a href='http:\/\/ski.inmontanis.info\/d\/242780-2\/DSC07654.jpg'><img src=http:\/\/ski.inmontanis.info\/d\/242779-3\/DSC07654.jpg \/><\/a><br \/>\n^ <\/p>\n<p><a href='http:\/\/ski.inmontanis.info\/d\/242784-2\/DSC07655.jpg'><img src=http:\/\/ski.inmontanis.info\/d\/242783-3\/DSC07655.jpg \/><\/a><br \/>\n^ Gondellift, Mittager-ESL und Hans Trojer<\/p>\n<p><a href='http:\/\/ski.inmontanis.info\/d\/242788-2\/DSC07657.jpg'><img src=http:\/\/ski.inmontanis.info\/d\/242787-3\/DSC07657.jpg \/><\/a><br \/>\n^ Mittager-ESL, nebendran wohl eine Materialseilbahn?!<\/p>\n<p><a href='http:\/\/ski.inmontanis.info\/d\/242792-2\/DSC07658.jpg'><img src=http:\/\/ski.inmontanis.info\/d\/242791-3\/DSC07658.jpg \/><\/a><br \/>\n^ Leider wurde das Hochhaus nie gebaut.<\/p>\n<p><a href='http:\/\/ski.inmontanis.info\/d\/242796-2\/DSC07659.jpg'><img src=http:\/\/ski.inmontanis.info\/d\/242795-3\/DSC07659.jpg \/><\/a><\/p>\n<p><a href='http:\/\/ski.inmontanis.info\/d\/242800-2\/DSC07660.jpg'><img src=http:\/\/ski.inmontanis.info\/d\/242799-3\/DSC07660.jpg \/><\/a><\/p>\n<p><a href='http:\/\/ski.inmontanis.info\/d\/242804-2\/DSC07663.jpg'><img src=http:\/\/ski.inmontanis.info\/d\/242803-3\/DSC07663.jpg \/><\/a><br \/>\n^ Poster von 1936<\/p>\n<p><a href='http:\/\/ski.inmontanis.info\/d\/242808-2\/DSC07667.jpg'><img src=http:\/\/ski.inmontanis.info\/d\/242807-3\/DSC07667.jpg \/><\/a><br \/>\n^ Blick von der Verbindungs-3SB zu Kesselberg (Kesselwandjoch)\/Mittager. Schon schad, dass da rechts vom Mittager auf dem sch\u00f6nen Hang kein Lift ist<\/p>\n<p><a href='http:\/\/ski.inmontanis.info\/d\/242812-2\/DSC07670.jpg'><img src=http:\/\/ski.inmontanis.info\/d\/242811-3\/DSC07670.jpg \/><\/a><br \/>\n^ Da unten sollte wohl einst die Talstation ESL Kuhleiten gewesen sein<\/p>\n<p><a href='http:\/\/ski.inmontanis.info\/d\/242816-2\/DSC07672.jpg'><img src=http:\/\/ski.inmontanis.info\/d\/242815-3\/DSC07672.jpg \/><\/a><br \/>\n^ Und blick hinauf zur Ex-Bergstation ESL Kuhleiten und die damit verlorenen H\u00e4nge<\/p>\n<p><a href='http:\/\/ski.inmontanis.info\/d\/242820-2\/DSC07674.jpg'><img src=http:\/\/ski.inmontanis.info\/d\/242819-3\/DSC07674.jpg \/><\/a><br \/>\n^ Pano in der Verbindungs-3SB<\/p>\n<p><a href='http:\/\/ski.inmontanis.info\/d\/242824-2\/DSC07676.jpg'><img src=http:\/\/ski.inmontanis.info\/d\/242823-3\/DSC07676.jpg \/><\/a><br \/>\n^ Gel\u00e4nde oberhalb der 4KSB, der Weg f\u00fchrt evtl. hinauf zur Ex-ESL-Bergstation Kuhleiten<\/p>\n<p><a href='http:\/\/ski.inmontanis.info\/d\/242828-2\/DSC07679.jpg'><img src=http:\/\/ski.inmontanis.info\/d\/242827-3\/DSC07679.jpg \/><\/a><br \/>\n^ Ex-Bergstation Kesselberg\/Kesselwandjoch<\/p>\n<p>Da hat mich ein alter Mann beobachtet und mich gefragt, ob ich ihm auch ein Foto machen k\u00f6nnte von der alten Station. Er zog dann ein Noitzbuch (nein, kein Notebook ;) ) raus und fragte mich, ob ich damit ein Foto machen k\u00f6nne, was ich verneinte und nach einem Handy fragte &#8211; da hatte er ein antiquiertes Modell, mit dem man aber schon fotografieren konnte. Ob er das Bild dann jemald anschauen konnte, entzieht sich meiner Kenntnis ;)<\/p>\n<p><a href='http:\/\/ski.inmontanis.info\/d\/242832-2\/DSC07681.jpg'><img src=http:\/\/ski.inmontanis.info\/d\/242831-3\/DSC07681.jpg \/><\/a><br \/>\n^ Beschneiungsseen sind oftmals ja sehr nett und fotogen, aber der hier passt mir nicht wirklich in das Bild. (DSB Kesselberg)<\/p>\n<p><a href='http:\/\/ski.inmontanis.info\/d\/242836-2\/DSC07684.jpg'><img src=http:\/\/ski.inmontanis.info\/d\/242835-3\/DSC07684.jpg \/><\/a><br \/>\n^ Lt. Pistenplan sollte hier oben an der DSB Mittager ja noch eine zweite Abfahrtsvariante sein, aber anscheinend wurde die mit dem Restaurant aufgelassen. Schade.<\/p>\n<p><a href='http:\/\/ski.inmontanis.info\/d\/242840-2\/DSC07685.jpg'><img src=http:\/\/ski.inmontanis.info\/d\/242839-3\/DSC07685.jpg \/><\/a><br \/>\n^ Dort dr\u00fcben w\u00fcrde ich mir auch noch einen SL w\u00fcnschen ..<\/p>\n<p><a href='http:\/\/ski.inmontanis.info\/d\/242844-2\/DSC07686.jpg'><img src=http:\/\/ski.inmontanis.info\/d\/242843-3\/DSC07686.jpg \/><\/a><br \/>\n^ 4KSB und dar\u00fcber die Ex-ESL-Bergstation Kuhleiten<\/p>\n<p>&#8212;<\/p>\n<p>Von Pfelders hatte ich wieder einmal nichts erwartet, im Gegensatz zu Reinswald und Watles war ich von Pfelders aber tats\u00e4chlich positiv \u00fcberrascht &#8211; trotz der neuen Lifte und modellierten und beschneiten Pisten. Aber der Schnee war viel besser (kein Wunder, Nordlage, schattig, H\u00f6he), es gibt doch etliche (steilere) Abfahrtsvarianten und durch die beiden Tal-SL kann man auch eine kleine Runde fahren.<\/p>\n<p><a href='http:\/\/extra.inmontanis.info\/d\/46773-2\/DSC07689.jpg'><img src=http:\/\/extra.inmontanis.info\/d\/46772-3\/DSC07689.jpg \/><\/a><br \/>\n^ Schilderwald Richtung Pfelders\/Timmelsjoch<\/p>\n<p><a href='http:\/\/ski.inmontanis.info\/d\/242850-2\/DSC07706.jpg'><img src=http:\/\/ski.inmontanis.info\/d\/242848-3\/DSC07706.jpg \/><\/a><br \/>\n^ Pistenplan, wobei Skiweg 1 und Skiweg 3 wegfallen, ersterer ist wohl nur f\u00fcr Turengeher offen oder so, und letzterer ist eine gestreute Stra\u00dfe.<\/p>\n<p><a href='http:\/\/ski.inmontanis.info\/d\/242854-2\/ge20180217a.jpg'><img src=http:\/\/ski.inmontanis.info\/d\/242853-3\/ge20180217a.jpg \/><\/a><br \/>\n^ GPS-Track, man hat doch ein paar Abfahrtsvarianten hier zu fahren und mit den SL gegen\u00fcber ergibt sich eine kleine Runde.<\/p>\n<p><a href='http:\/\/ski.inmontanis.info\/d\/242858-2\/DSC07697.jpg'><img src=http:\/\/ski.inmontanis.info\/d\/242857-3\/DSC07697.jpg \/><\/a><br \/>\n^ Die Gondeln an der Kombibahn haben leider keine richtigen Fenster, nerv.<\/p>\n<p><a href='http:\/\/ski.inmontanis.info\/d\/242862-2\/DSC07698.jpg'><img src=http:\/\/ski.inmontanis.info\/d\/242861-3\/DSC07698.jpg \/><\/a><br \/>\n^ Parkplatz direkt an der Bahn, so muss das sein<\/p>\n<p><a href='http:\/\/ski.inmontanis.info\/d\/242866-2\/DSC07701.jpg'><img src=http:\/\/ski.inmontanis.info\/d\/242865-3\/DSC07701.jpg \/><\/a><br \/>\n^ Variante unter der Kombibahn, fuhr ich sp\u00e4ter auch noch<\/p>\n<p><a href='http:\/\/ski.inmontanis.info\/d\/242870-2\/DSC07702.jpg'><img src=http:\/\/ski.inmontanis.info\/d\/242869-3\/DSC07702.jpg \/><\/a><br \/>\n^ Kombibahn, nicht sehr lang, aber steil<\/p>\n<p><a href='http:\/\/ski.inmontanis.info\/d\/242874-2\/DSC07704.jpg'><img src=http:\/\/ski.inmontanis.info\/d\/242873-3\/DSC07704.jpg \/><\/a><br \/>\n^ Mittelstation<\/p>\n<p><a href='http:\/\/ski.inmontanis.info\/d\/242878-2\/DSC07708.jpg'><img src=http:\/\/ski.inmontanis.info\/d\/242877-3\/DSC07708.jpg \/><\/a><br \/>\n^ An der Bergstation der 2. Sektion. Krass, das H\u00e4uschen w\u00e4re komplett eingeschneit<\/p>\n<p><a href='http:\/\/ski.inmontanis.info\/d\/242882-2\/DSC07711.jpg'><img src=http:\/\/ski.inmontanis.info\/d\/242881-3\/DSC07711.jpg \/><\/a><br \/>\n^ 4KSB Sektion 2<\/p>\n<p><a href='http:\/\/ski.inmontanis.info\/d\/242886-2\/DSC07713.jpg'><img src=http:\/\/ski.inmontanis.info\/d\/242885-3\/DSC07713.jpg \/><\/a><br \/>\n^ 4KSB Sektion 2, modellierte Pisten, Z\u00e4une, aber einige Variationsm\u00f6glichkeiten und guter Schnee, war egtl. ganz nett hier.<\/p>\n<p><a href='http:\/\/ski.inmontanis.info\/d\/242890-2\/DSC07717.jpg'><img src=http:\/\/ski.inmontanis.info\/d\/242889-3\/DSC07717.jpg \/><\/a><br \/>\n^ Tallift Gampen &#8211; hier gab es leider einige Wartezeiten, daher die direkten Abfahrten links+rechts nicht gefahren.<\/p>\n<p><a href='http:\/\/ski.inmontanis.info\/d\/242894-2\/DSC07720.jpg'><img src=http:\/\/ski.inmontanis.info\/d\/242893-3\/DSC07720.jpg \/><\/a><br \/>\n^ Verbindung r\u00fcber zum SL Zeppichl, dem \u00e4ltesten Lift im Skigebiet, leider hat er nur eine Abfahrt rechts um die H\u00e4user rum und keine steilere, direktere.<\/p>\n<p><a href='http:\/\/ski.inmontanis.info\/d\/242898-2\/DSC07721.jpg'><img src=http:\/\/ski.inmontanis.info\/d\/242897-3\/DSC07721.jpg \/><\/a><br \/>\n^ SL Zeppichl<\/p>\n<p><a href='http:\/\/ski.inmontanis.info\/d\/242902-2\/DSC07723.jpg'><img src=http:\/\/ski.inmontanis.info\/d\/242901-3\/DSC07723.jpg \/><\/a><br \/>\n^ Sparma\u00dfnahmen ;)<\/p>\n<p><a href='http:\/\/ski.inmontanis.info\/d\/242906-2\/DSC07726.jpg'><img src=http:\/\/ski.inmontanis.info\/d\/242905-3\/DSC07726.jpg \/><\/a><br \/>\n^ SL Zeppichl, hier oben stinkt&#8217;s nach Tier-Mist.<\/p>\n<p><a href='http:\/\/ski.inmontanis.info\/d\/242910-2\/DSC07727.jpg'><img src=http:\/\/ski.inmontanis.info\/d\/242909-3\/DSC07727.jpg \/><\/a><br \/>\n^ Blick vom SL Zeppichl r\u00fcber ins Hautpgebiet<\/p>\n<p><a href='http:\/\/ski.inmontanis.info\/d\/242914-2\/DSC07731.jpg'><img src=http:\/\/ski.inmontanis.info\/d\/242913-3\/DSC07731.jpg \/><\/a><br \/>\n^ SL Zeppichl, leider ohne direkte Abfahrt<\/p>\n<p><a href='http:\/\/ski.inmontanis.info\/d\/242918-2\/DSC07734.jpg'><img src=http:\/\/ski.inmontanis.info\/d\/242917-3\/DSC07734.jpg \/><\/a><br \/>\n^ Verbindungsabfahrt vom SL Gampen zur Kombibahn<\/p>\n<p><a href='http:\/\/ski.inmontanis.info\/d\/242922-2\/DSC07735.jpg'><img src=http:\/\/ski.inmontanis.info\/d\/242921-3\/DSC07735.jpg \/><\/a><br \/>\n^ Kombibahn \/ Sektion 1<\/p>\n<p><a href='http:\/\/ski.inmontanis.info\/d\/242926-2\/DSC07741.jpg'><img src=http:\/\/ski.inmontanis.info\/d\/242925-3\/DSC07741.jpg \/><\/a><br \/>\n^ Das soll angeblich Skiweg 3 lt. Plan sein. Ja ne, is klar. W\u00e4r ich mal lieber noch mal zum SL Gampen r\u00fcber.<\/p>\n<p><a href='http:\/\/ski.inmontanis.info\/d\/242930-2\/DSC07744.jpg'><img src=http:\/\/ski.inmontanis.info\/d\/242929-3\/DSC07744.jpg \/><\/a><br \/>\n^ R\u00fcckseitenpano<\/p>\n","protected":false},"excerpt":{"rendered":"<p>Nach dem Westalpen-Ausflug letztes WE ging&#8217;s dieses WE wieder in die Saisonkartengebiete, wenn es auch wetterm\u00e4\u00dfig nicht ganz so toll werden sollte (aber wo anders auch nicht viel besser). Erstes Ziel am Samstag war Meran 2000 zum Wiederholungsbesuch. Leider wieder zu kalt und in Summe dann nicht so toll wie ich&#8217;s beim ersten Besuch empfunden <a href=\"http:\/\/blog.inmontanis.info\/?p=4818\">[&#8230;]<\/a><\/p>\n","protected":false},"author":1,"featured_media":0,"comment_status":"closed","ping_status":"closed","sticky":false,"template":"","format":"standard","meta":{"footnotes":""},"categories":[15,459,25,432,27],"tags":[55,49,56,53,38,35,47],"class_list":["post-4818","post","type-post","status-publish","format-standard","hentry","category-italienitaly","category-meran","category-noreport","category-pfelders","category-skifahren-winterskiing-winter","tag-3sb","tag-4sb","tag-6sb","tag-8eub","tag-dsb","tag-esl","tag-sl","odd"],"_links":{"self":[{"href":"http:\/\/blog.inmontanis.info\/index.php?rest_route=\/wp\/v2\/posts\/4818","targetHints":{"allow":["GET"]}}],"collection":[{"href":"http:\/\/blog.inmontanis.info\/index.php?rest_route=\/wp\/v2\/posts"}],"about":[{"href":"http:\/\/blog.inmontanis.info\/index.php?rest_route=\/wp\/v2\/types\/post"}],"author":[{"embeddable":true,"href":"http:\/\/blog.inmontanis.info\/index.php?rest_route=\/wp\/v2\/users\/1"}],"replies":[{"embeddable":true,"href":"http:\/\/blog.inmontanis.info\/index.php?rest_route=%2Fwp%2Fv2%2Fcomments&post=4818"}],"version-history":[{"count":4,"href":"http:\/\/blog.inmontanis.info\/index.php?rest_route=\/wp\/v2\/posts\/4818\/revisions"}],"predecessor-version":[{"id":4820,"href":"http:\/\/blog.inmontanis.info\/index.php?rest_route=\/wp\/v2\/posts\/4818\/revisions\/4820"}],"wp:attachment":[{"href":"http:\/\/blog.inmontanis.info\/index.php?rest_route=%2Fwp%2Fv2%2Fmedia&parent=4818"}],"wp:term":[{"taxonomy":"category","embeddable":true,"href":"http:\/\/blog.inmontanis.info\/index.php?rest_route=%2Fwp%2Fv2%2Fcategories&post=4818"},{"taxonomy":"post_tag","embeddable":true,"href":"http:\/\/blog.inmontanis.info\/index.php?rest_route=%2Fwp%2Fv2%2Ftags&post=4818"}],"curies":[{"name":"wp","href":"https:\/\/api.w.org\/{rel}","templated":true}]}}