{"id":4779,"date":"2018-02-10T19:11:58","date_gmt":"2018-02-10T18:11:58","guid":{"rendered":"http:\/\/blog.inmontanis.info\/?p=4779"},"modified":"2023-08-05T15:46:06","modified_gmt":"2023-08-05T13:46:06","slug":"evolene-arolla-10-2-2018","status":"publish","type":"post","link":"http:\/\/blog.inmontanis.info\/?p=4779","title":{"rendered":"Evol\u00e8ne &#038; Arolla, 10.2.2018"},"content":{"rendered":"<p><strong>Faschingswochenende Tag 2: Sa, 10.2.2018 &#8211; Evol\u00e8ne &#038; Arolla (&#8220;Espace Dent Blanche&#8221;)<\/strong><\/p>\n<p>2007 war ich bisher das einzige Mal in diesen beiden Skigebieten, die nach wie vor mit einem gemeinsamen Skipass verbunden sind, der noch dazu f\u00fcr schweizer Verh\u00e4ltnisse auf der sehr g\u00fcnstigen Seite ist: Die Tageskarte f\u00fcr die 3 Gebiete kostet nur 40,- CHF. Wobei ich f\u00fcr das ditte Gebiet, La Forclaz, heute leider wieder keine Zeit hatte. Aber dann fix das n\u00e4chste Mal, wenn ich wieder nach Evol\u00e8ne zur\u00fcck kehre, da ich Arolla nun auf meine Boyk.. ich meine, &#8220;Anti-Liste&#8221; gesetzt habe.<\/p>\n<p>Leider war das Wetter in Evolene doch noch schlechter als gemeldet, weil die Wolken niedrig waren (dar\u00fcber sehr sonnig), aus denen es sp\u00e4ter sogar noch schneite. Eine Entt\u00e4uschung war, dass der linke Lift stillgelegt wurde &#8211; obwohl er nach wie vor in den Pistenpl\u00e4nen im Netz und an denen im Skigebiet, mit Ausnahme von dem an der Talstation, als existent gef\u00fchrt wird. Wobei ich im Laufe des Vormittags meinte, mich zu erinnern, dass das im Alpinforum vor einiger Zeit sogar angesprochen wurde&#8230;  <\/p>\n<p>Das ist zwar schade, aber so weltbewegende Abfahrten hatte der glaub ich nicht. Trotz des schlechteren Wetters gefiel es mir hier heute wesentlich besser als gestern in Elsigen, die Abfahrten sind hier viel sch\u00f6ner und interessanter, schm\u00e4ler und steiler, insb. die Talabfahrt an der langen DSB mit ihren schwarzen Zwischenh\u00e4ngen zwischen dem blauen Skiweg hatte es mir angetan &#8211; und nat\u00fcrlich die rechten schwarzen Abfahrten an den SL, f\u00fcr die man mit beiden SL fahren muss. Parkpl\u00e4tze sind \u00fcbrigens gratis und liegen direkt an der Piste und am unteren SL gab es auch kurze Wartezeiten.<\/p>\n<p>(Fotos anklicken zum Vergr\u00f6\u00dfern)<br \/>\n<a href='http:\/\/extra.inmontanis.info\/d\/46413-2\/ge20180209-11_001.jpg'><img src=http:\/\/extra.inmontanis.info\/d\/46412-3\/ge20180209-11_001.jpg \/><\/a><br \/>\n^ Strecke und POI 9.-11.2.2018<br \/>\nA) Elsigen<br \/>\nB) Evol\u00e8ne<br \/>\nC) Arolla<br \/>\nD) Macugnaga<\/p>\n<p><a href='http:\/\/ski.inmontanis.info\/d\/241806-2\/DSC07157.jpg'><img src=http:\/\/ski.inmontanis.info\/d\/241805-3\/DSC07157.jpg \/><\/a><br \/>\n^ Pistenplan, der linke SL ist leider \u00fcberklebt und wohl stillgelegt &#8211; auf den Pistenpl\u00e4nen im Netz ist das nicht der Fall. Au\u00dferdem: LWS 1 nur? Wie, was, h\u00e4? Konnte ich gar nicht glauben, wo doch vor kurzem erst im ganzen Wallis ein 5er war und es so viel Schnee hier gibt, wie soll das denn gehen? Abends guckte ich ins Internet, tats\u00e4chlich, das ganze Wallis auf LWS 1. LWS 1 bei 1,5-2,5m Schnee Anfang Februar, so was hab ich ja noch nie gesehen. Na, dann muss man sich nicht wundern, wie kacke der Schnee offpiste war. <\/p>\n<p><a href='http:\/\/ski.inmontanis.info\/d\/241810-2\/ge20180210a.jpg'><img src=http:\/\/ski.inmontanis.info\/d\/241809-3\/ge20180210a.jpg \/><\/a><br \/>\n^ GPS-Track 10.2.2018 in Gelb und vorheriger Besuch 2007 in Blau<\/p>\n<p><a href='http:\/\/ski.inmontanis.info\/d\/241814-2\/DSC07158.jpg'><img src=http:\/\/ski.inmontanis.info\/d\/241813-3\/DSC07158.jpg \/><\/a><br \/>\n^ Talstation der langen und h\u00f6henmeterintensiven DSB Sektion 1 (ca. 730hm \/ 1.800m), die beiden anschlie\u00dfenden SL f\u00fchren noch ca. 500hm weiter hinauf, was also eine ordentliche Abfahrt in Summe ergibt.<\/p>\n<p><a href='http:\/\/ski.inmontanis.info\/d\/241818-2\/DSC07162.jpg'><img src=http:\/\/ski.inmontanis.info\/d\/241817-3\/DSC07162.jpg \/><\/a><br \/>\n^ DSB Talstation<\/p>\n<p><a href='http:\/\/ski.inmontanis.info\/d\/241822-2\/DSC07165.jpg'><img src=http:\/\/ski.inmontanis.info\/d\/241821-3\/DSC07165.jpg \/><\/a><br \/>\n^ Die Talabfahrt ist zwar meist nur ein Skiweg, kann aber auf vielen Stellen entweder auf pr\u00e4parierten oder unpr\u00e4parierten, steilen St\u00fccken abek\u00fcrzt werden &#8211; sehr nett<\/p>\n<p><a href='http:\/\/ski.inmontanis.info\/d\/241826-2\/DSC07174.jpg'><img src=http:\/\/ski.inmontanis.info\/d\/241825-3\/DSC07174.jpg \/><\/a><br \/>\n^ Am obersten SL kam man noch etwas aus dem Nebel hinaus<\/p>\n<p><a href='http:\/\/ski.inmontanis.info\/d\/241830-2\/DSC07178.jpg'><img src=http:\/\/ski.inmontanis.info\/d\/241829-3\/DSC07178.jpg \/><\/a><br \/>\n^ SL Sektion 3 mit Nebelmeer<\/p>\n<p><a href='http:\/\/ski.inmontanis.info\/d\/241834-2\/DSC07180.jpg'><img src=http:\/\/ski.inmontanis.info\/d\/241833-3\/DSC07180.jpg \/><\/a><br \/>\n^ SL Sektion 3 mit Nebelmeer, den Skiweg links zur dran folgenden Gratabfahrt muss man in Schuss fahren, was sp\u00e4ter bei Nebel somit zu Schieben f\u00fchrte. Inwieweit man das dann bei Sicht schneller und mit weniger Schieben fahren kann, wei\u00df ich nicht &#8211; l\u00e4uft somit heute nicht als negatives Kriterium in die Bewertung ein. Zudem ist die Abfahrt danach so genial, dass ich daf\u00fcr auch bereit bin, zu schieben ;-)<\/p>\n<p><a href='http:\/\/ski.inmontanis.info\/d\/241838-2\/DSC07182.jpg'><img src=http:\/\/ski.inmontanis.info\/d\/241837-3\/DSC07182.jpg \/><\/a><br \/>\n^ SL Sektion 3<\/p>\n<p><a href='http:\/\/ski.inmontanis.info\/d\/241842-2\/DSC07186.jpg'><img src=http:\/\/ski.inmontanis.info\/d\/241841-3\/DSC07186.jpg \/><\/a><br \/>\n^ Linke Abfahrt am SL Sektion 3<\/p>\n<p><a href='http:\/\/ski.inmontanis.info\/d\/241846-2\/DSC07188.jpg'><img src=http:\/\/ski.inmontanis.info\/d\/241845-3\/DSC07188.jpg \/><\/a><br \/>\n^ Talabfahrt, die unterste Pistenalternative zum Skiweg war das sch\u00f6nste St\u00fcck.<\/p>\n<p><a href='http:\/\/ski.inmontanis.info\/d\/241850-2\/DSC07190.jpg'><img src=http:\/\/ski.inmontanis.info\/d\/241849-3\/DSC07190.jpg \/><\/a><br \/>\n^ Gratis Parkpl\u00e4tze direkt an der Piste<\/p>\n<p><a href='http:\/\/ski.inmontanis.info\/d\/241854-2\/DSC07194.jpg'><img src=http:\/\/ski.inmontanis.info\/d\/241853-3\/DSC07194.jpg \/><\/a><br \/>\n^ Wehm\u00fctiger Blick zum stillgelegten, linken SL. Hat zwar nicht so besondere Abfahrten erschlossen, war aber halt noch eine gute Erg\u00e4nzung und sehr abgelegen.<\/p>\n<p><a href='http:\/\/ski.inmontanis.info\/d\/241858-2\/DSC07195.jpg'><img src=http:\/\/ski.inmontanis.info\/d\/241857-3\/DSC07195.jpg \/><\/a><br \/>\n^ SL Sektion 2 \/ dar\u00fcber ein paar Offpisteh\u00e4nge vom 3. SL, aber der Schnee war heute wohl eher nichts (aber bei der Sicht auch nicht probiert)<\/p>\n<p><a href='http:\/\/ski.inmontanis.info\/d\/241862-2\/DSC07197.jpg'><img src=http:\/\/ski.inmontanis.info\/d\/241861-3\/DSC07197.jpg \/><\/a><br \/>\n^ Die rechte Schwarze Abfahrt macht auch einen kleinen Au\u00dfenrumschlenker, nice.<\/p>\n<p><a href='http:\/\/ski.inmontanis.info\/d\/241866-2\/DSC07201.jpg'><img src=http:\/\/ski.inmontanis.info\/d\/241865-3\/DSC07201.jpg \/><\/a><br \/>\n^ Gratabfahrt an den beiden rechten schwarzen Abfahrten, musste man zuvor im Nebel etwas vorsichtiger fahren, da man teils nicht wusste, auf welcher Seite die Stecken sind und ob man links oder rechts daran vorbei fahren sollte ;)<\/p>\n<p><a href='http:\/\/ski.inmontanis.info\/d\/241870-2\/DSC07202.jpg'><img src=http:\/\/ski.inmontanis.info\/d\/241869-3\/DSC07202.jpg \/><\/a><br \/>\n^ Eine der unpr\u00e4parierten schwarzen Varianten an der Talabfahrt<\/p>\n<p>Fazit: Hier k\u00f6nnte ich&#8217;s wohl auch einen ganzen Tag aushalten und ich war heute nicht wirklich &#8220;satt&#8221; von dem Gebiet &#8211; m\u00f6chte n\u00e4chstes Jahr nochmal her, dann mind. einen 3\/4 Tag und maximal 1\/4 Tag in La Forclaz, wo ich&#8217;s heute ja wieder nicht hinschaffte und wo auch der Skipass gilt.<\/p>\n<p>Kurz nach 12 Uhr h\u00f6rte ich auf, weil der Wetterbericht f\u00fcr Arolla ja mehr Sonne meldete und ich ja auch noch ein bisschen KSSL fahren wollte. In Arolla dann tats\u00e4chlich strahlender Sonnenschein, wobei die Parkpl\u00e4tze etwas suboptimaler liegen und mehr Fu\u00dfweg hinauf zu den KSSL bedeuten. Landschaftlich ja wirklich sch\u00f6n gelegen, im Gegensatz zu 2007 wei\u00df ich so ein enges Kesselchen mittlerweile auch zu sch\u00e4tzen, weil ich ja oft genug Skigebiete mit Flachlandpano anfahre, aber schweiz-typisch (sorry) diese ganze unsinnige Lauferei und Schieberei zwischen den Liften und Abfahrten mal wieder, das nervt.<\/p>\n<p>Dazu der stillgelegte KSSL &#8220;rechts unten&#8221;, der mittlere KSSL hatte ein techn. problem und war erst sp\u00e4ter ge\u00f6ffnet, die Abfahrt rechts davon aber oben abgesperrt, die links lt. Plan gab&#8217;s gar nicht und somit war nur ein sehr schiebelastiger Weg zum oberen KSSL offen, somit war der mittlere KSSL komplett sinnlos. Der Hauptgrund, warum ich Arolla nun auf meine Anti-Liste setze, ist aber ein anderer: Die Hintenrumabfahrten. Das w\u00e4re vmtl. das beste an Arolla, leider mangels zus\u00e4tzlicher KSSL-Kurve nur mit Fu\u00dfweg zu erreichen und von den Skigebietsbetreibern wohl v\u00f6llig ignoriert. Von den 3 nach wie vor im Plan eingezeichneten war gerade einmal eine ausgesteckt, die k\u00fcrzeste, womit man gleich wieder auf die andere KSSL-Abfahrt kommt, und diese Abfahrt war nicht mal frisch pr\u00e4pariert (mit den Allmountains grausig zu fahren gewesen). Und das bei den momentanen Schneemassen hier (158-229cm lt. Schneebericht) und Lawienengefahr 1. Das ist kompletter Bl\u00f6dsinn und muss damit bestraft werden, dass man so ein Verhalten nicht unterst\u00fctzt und wo anders hinf\u00e4hrt. <\/p>\n<p>Die gro\u00dfe L\u00fcge, auch Pistenplan genannt:<br \/>\n<a href='https:\/\/www.evolene-region.ch\/data\/images\/Sortir_divertir\/Activites_hiver\/Evolene\/planpistesarolla.jpg'>https:\/\/www.evolene-region.ch\/data\/images\/Sortir_divertir\/Activites_hiver\/Evolene\/planpistesarolla.jpg<\/a><\/p>\n<p><a href='http:\/\/ski.inmontanis.info\/d\/241874-2\/ge20180210b.jpg'><img src=http:\/\/ski.inmontanis.info\/d\/241873-3\/ge20180210b.jpg \/><\/a><br \/>\n^ GPS-Track 10.2.2018 in Gelb und vorheriger Besuch 2007 in Blau<\/p>\n<p><a href='http:\/\/ski.inmontanis.info\/d\/241878-2\/DSC07209.jpg'><img src=http:\/\/ski.inmontanis.info\/d\/241877-3\/DSC07209.jpg \/><\/a><br \/>\n^ Der untere lange Doppelkurven-KSSL<\/p>\n<p><a href='http:\/\/ski.inmontanis.info\/d\/241882-2\/DSC07211.jpg'><img src=http:\/\/ski.inmontanis.info\/d\/241881-3\/DSC07211.jpg \/><\/a><br \/>\n^ Der rechte, mittlere KSSL hatte gerade ein technisches Problem, sollte aber einige Zeit sp\u00e4ter noch aufmachen.<\/p>\n<p><a href='http:\/\/ski.inmontanis.info\/d\/241886-2\/DSC07214.jpg'><img src=http:\/\/ski.inmontanis.info\/d\/241885-3\/DSC07214.jpg \/><\/a><br \/>\n^ Vom unteren zum oberen KSSL geht&#8217;s wieder einmal nur mit ein bisschen Schieben, h\u00e4tte man ja nicht ein paar Meter weiter runter setzen k\u00f6nnen.<\/p>\n<p><a href='http:\/\/ski.inmontanis.info\/d\/241890-2\/DSC07216.jpg'><img src=http:\/\/ski.inmontanis.info\/d\/241889-3\/DSC07216.jpg \/><\/a><br \/>\n^ Oberer KSSL<\/p>\n<p><a href='http:\/\/ski.inmontanis.info\/d\/241894-2\/DSC07218.jpg'><img src=http:\/\/ski.inmontanis.info\/d\/241893-3\/DSC07218.jpg \/><\/a><br \/>\n^ Landschaftlich ist es ja nett hier<\/p>\n<p><a href='http:\/\/ski.inmontanis.info\/d\/241898-2\/DSC07224.jpg'><img src=http:\/\/ski.inmontanis.info\/d\/241897-3\/DSC07224.jpg \/><\/a><br \/>\n^ Kurve am oberen KSSL<\/p>\n<p><a href='http:\/\/ski.inmontanis.info\/d\/241902-2\/DSC07226.jpg'><img src=http:\/\/ski.inmontanis.info\/d\/241901-3\/DSC07226.jpg \/><\/a><br \/>\n^ Oberes St\u00fcck am oberen KSSL<\/p>\n<p><a href='http:\/\/ski.inmontanis.info\/d\/241906-2\/DSC07228.jpg'><img src=http:\/\/ski.inmontanis.info\/d\/241905-3\/DSC07228.jpg \/><\/a><br \/>\n^ Diese St\u00fctze wird momentan wohl nicht ben\u00f6tigt<\/p>\n<p><a href='http:\/\/ski.inmontanis.info\/d\/241910-2\/DSC07229.jpg'><img src=http:\/\/ski.inmontanis.info\/d\/241909-3\/DSC07229.jpg \/><\/a><br \/>\n^ Die Bergstation des KSSL h\u00e4tte man mittels einer weiteren Kurve (und zuvor ggf. etwas anderer Trassierung) auch dort oben rauflegen k\u00f6nnen, damit man leichter zu den Au\u00dfenrumabfahrten k\u00e4me<\/p>\n<p><a href='http:\/\/ski.inmontanis.info\/d\/241914-2\/DSC07231.jpg'><img src=http:\/\/ski.inmontanis.info\/d\/241913-3\/DSC07231.jpg \/><\/a><br \/>\n^ Leider war wieder einmal nur eine Au\u00dfenrumabfahrt ausgesteckt + pr\u00e4pariert, obwohl nach wie vor 3 im Plan eingezeichnet sind. Das ist doch nervig.<\/p>\n<p><a href='http:\/\/ski.inmontanis.info\/d\/241918-2\/DSC07232.jpg'><img src=http:\/\/ski.inmontanis.info\/d\/241917-3\/DSC07232.jpg \/><\/a><br \/>\n^ Irgendwo da sollten die beiden anderen Hintenrumabfahrten rumgehen. Aber wo genau keine Ahnung und bei dem heutigen Schnee ist das offpiste auch zu vergessen<\/p>\n<p><a href='http:\/\/ski.inmontanis.info\/d\/241922-2\/DSC07237.jpg'><img src=http:\/\/ski.inmontanis.info\/d\/241921-3\/DSC07237.jpg \/><\/a><br \/>\n^ Man landet dann recht schnell auf der Piste, die egtl. auch vom mittleren KSSL erschlossen werden w\u00fcrde, w\u00e4re sie nicht gesperrt<\/p>\n<p><a href='http:\/\/ski.inmontanis.info\/d\/241926-2\/DSC07240.jpg'><img src=http:\/\/ski.inmontanis.info\/d\/241925-3\/DSC07240.jpg \/><\/a><br \/>\n^ Die Piste am oberen KSSL ist recht flach, die im Plan eingezeichnete Abfahrt rechts vom KSSL im unteren Bereich war weder ausgesteckt, noch pr\u00e4pariert.<\/p>\n<p><a href='http:\/\/ski.inmontanis.info\/d\/241930-2\/DSC07244.jpg'><img src=http:\/\/ski.inmontanis.info\/d\/241929-3\/DSC07244.jpg \/><\/a><br \/>\n^ Offpiste gab&#8217;s nervigen Bruchharsch, aber zumindest auch etwas Glitzerschnee<\/p>\n<p><a href='http:\/\/ski.inmontanis.info\/d\/241934-2\/DSC07248.jpg'><img src=http:\/\/ski.inmontanis.info\/d\/241933-3\/DSC07248.jpg \/><\/a><br \/>\n^ .. farbigen Glitzerschnee.<\/p>\n<p><a href='http:\/\/ski.inmontanis.info\/d\/241938-2\/DSC07254.jpg'><img src=http:\/\/ski.inmontanis.info\/d\/241937-3\/DSC07254.jpg \/><\/a><br \/>\n^ Farbiger Glitzerschnee<\/p>\n<p><a href='http:\/\/ski.inmontanis.info\/d\/241942-2\/DSC07263.jpg'><img src=http:\/\/ski.inmontanis.info\/d\/241941-3\/DSC07263.jpg \/><\/a><br \/>\n^ Farbiger Glitzerschnee<\/p>\n<p><a href='http:\/\/ski.inmontanis.info\/d\/241946-2\/DSC07269.jpg'><img src=http:\/\/ski.inmontanis.info\/d\/241945-3\/DSC07269.jpg \/><\/a><br \/>\n^ Aber es gab noch ein nettes Schauspiel aufgrund der starken K\u00e4lte<\/p>\n<p><a href='http:\/\/ski.inmontanis.info\/d\/241950-2\/DSC07273.jpg'><img src=http:\/\/ski.inmontanis.info\/d\/241949-3\/DSC07273.jpg \/><\/a><br \/>\n^ Nein, es schneit nicht &#8211; nur die &#8220;Luft gefriert&#8221;. Ja, es war eisig kalt heute.<\/p>\n<p><a href='http:\/\/ski.inmontanis.info\/d\/241954-2\/DSC07277.jpg'><img src=http:\/\/ski.inmontanis.info\/d\/241953-3\/DSC07277.jpg \/><\/a><\/p>\n<p><a href='http:\/\/ski.inmontanis.info\/d\/241958-2\/DSC07281.jpg'><img src=http:\/\/ski.inmontanis.info\/d\/241957-3\/DSC07281.jpg \/><\/a><\/p>\n<p><a href='http:\/\/ski.inmontanis.info\/d\/241962-2\/DSC07284.jpg'><img src=http:\/\/ski.inmontanis.info\/d\/241961-3\/DSC07284.jpg \/><\/a><\/p>\n<p><a href='http:\/\/ski.inmontanis.info\/d\/241966-2\/DSC07285.jpg'><img src=http:\/\/ski.inmontanis.info\/d\/241965-3\/DSC07285.jpg \/><\/a><br \/>\n^ Der untere KSSL<\/p>\n<p><a href='http:\/\/ski.inmontanis.info\/d\/241970-2\/DSC07287.jpg'><img src=http:\/\/ski.inmontanis.info\/d\/241969-3\/DSC07287.jpg \/><\/a><br \/>\n^ Am unteren KSSL gibt&#8217;s leider diese unsch\u00f6ne Piste<\/p>\n<p><a href='http:\/\/ski.inmontanis.info\/d\/241974-2\/DSC07288.jpg'><img src=http:\/\/ski.inmontanis.info\/d\/241973-3\/DSC07288.jpg \/><\/a><br \/>\n^ Unten gibt&#8217;s auch noch diesen Kurven-KSSL, dessen (nett schmale) Abfahrt man aber auch vom langen KSSL erreichen w\u00fcrde.<\/p>\n<p><a href='http:\/\/ski.inmontanis.info\/d\/241978-2\/DSC07289.jpg'><img src=http:\/\/ski.inmontanis.info\/d\/241977-3\/DSC07289.jpg \/><\/a><br \/>\n^ Der mittlere KSSL war nun in Betrieb, aber welche Entt\u00e4uschung. Die Abfahrt rechts war gesperrt (kurzes St\u00fcck, bevor sie in die Au\u00dfenrumabfahrt vom oberen KSSL einm\u00fcndet) ..<\/p>\n<p><a href='http:\/\/ski.inmontanis.info\/d\/241982-2\/DSC07290.jpg'><img src=http:\/\/ski.inmontanis.info\/d\/241981-3\/DSC07290.jpg \/><\/a><br \/>\n^ .. die Abfahrt links vom KSSL gibt&#8217;s wieder einmal nur im Plan, bleibt nur dieser nervige Schiebe-Weg zum obersten KSSL, den man wahrlich auch mit mehr Steigung h\u00e4tte anlegen k\u00f6nnen. Wozu l\u00e4sst man diesen KSSL dann \u00fcberhaupt offen?! So ein Krampf.<\/p>\n<p>Kurz vor 16 Uhr h\u00f6rte ich auf, da es schattiger und somit noch k\u00e4lter wurde. \u00dcberhaupt ist das schon wieder so ein kaltes Wochenende, von denen ich diesen Winter schon so viele hatte. Allerdings war&#8217;s dazwischen immer mal wieder warm oder hat geregnet, daher auch meist schlechter Schnee.<\/p>\n<p><a href='http:\/\/extra.inmontanis.info\/d\/46365-3\/DSC07294.jpg'><img src=http:\/\/extra.inmontanis.info\/d\/46364-3\/DSC07294.jpg \/><\/a><br \/>\n^ Krasser Tunnel auf der Fahrt nach Arolla<\/p>\n<p><a href='http:\/\/extra.inmontanis.info\/d\/46369-3\/DSC07295.jpg'><img src=http:\/\/extra.inmontanis.info\/d\/46368-3\/DSC07295.jpg \/><\/a><br \/>\n^ Krasser Tunnel auf der Fahrt nach Arolla<\/p>\n<p><a href='http:\/\/extra.inmontanis.info\/d\/46373-3\/DSC07299.jpg'><img src=http:\/\/extra.inmontanis.info\/d\/46372-3\/DSC07299.jpg \/><\/a><br \/>\n^ Solche tiefen L\u00f6cher findet man selbst in Russland nicht so h\u00e4ufig ;-)<\/p>\n<p><a href='http:\/\/extra.inmontanis.info\/d\/46377-3\/DSC07300.jpg'><img src=http:\/\/extra.inmontanis.info\/d\/46376-3\/DSC07300.jpg \/><\/a><br \/>\n^ Talausw\u00e4rts ..<\/p>\n<p><a href='http:\/\/extra.inmontanis.info\/d\/46381-3\/DSC07301.jpg'><img src=http:\/\/extra.inmontanis.info\/d\/46380-3\/DSC07301.jpg \/><\/a><br \/>\n^ .. f\u00e4hrt man noch durch die netten Erdpyramiden hindurch.<\/p>\n<p>Weiter ging es \u00fcber den Simplon bis zur Abzweigung nach Macugnaga, wo ich wieder einmal im Motel nahe der gro\u00dfen Sempione-Stra\u00dfe \u00fcbernachtete &#8211; die Gr\u00fcnde nannte ich ja im gestrigen Bericht. Nun, es hat sich wohl nix ge\u00e4ndert, trotz Bitten um ein Nichtraucherzimmer bekam ich wie schon fr\u00fcher eines, das nach altem Rauch riecht -> trockener Hals, Nase schwillt zu, etc. Mit 50,- \u20ac inkl. Fr\u00fchst\u00fcck ist das hier sogar noch teurer als das gestrige in der Schweiz (Zimmer ist gr\u00f6\u00dfer, ohne Stuhl am Schreibtisch, kleinerer TV &#8211; was mir ja egal ist), daf\u00fcr war nat\u00fcrlich die Pizza unten im Restaurant wesentlich g\u00fcnstiger. Trotzdem werd ich&#8217;s mir nun wohl kein weiteres Mal mehr geben. Der einzige Vorteil hier ist, dass die Bar ab 6 Uhr offen ist und man somit ab dann Fr\u00fchst\u00fccken kann. Und die 24h-Rezeption, so dass man also auch mal sp\u00e4t ankommen kann. Wlan ist auch halbwegs brauchbar.<\/p>\n<p><a href='http:\/\/extra.inmontanis.info\/d\/46385-3\/DSC07305.jpg'><img src=http:\/\/extra.inmontanis.info\/d\/46384-3\/DSC07305.jpg \/><\/a><br \/>\n^ Ein St\u00fcck neues Autobahn im Wallis<\/p>\n<p><a href='http:\/\/extra.inmontanis.info\/d\/46389-3\/DSC07312.jpg'><img src=http:\/\/extra.inmontanis.info\/d\/46388-3\/DSC07312.jpg \/><\/a><br \/>\n^ .. ist dann aber bald wieder zu Ende, der Anschluss samt den  Tunneln zur Umfahrung Visp werden aber ja auch gerade gebaut.<\/p>\n<p><a href='http:\/\/extra.inmontanis.info\/d\/46393-3\/DSC07322.jpg'><img src=http:\/\/extra.inmontanis.info\/d\/46392-3\/DSC07322.jpg \/><\/a><br \/>\n^ Simplon<\/p>\n<p><a href='http:\/\/extra.inmontanis.info\/d\/46397-3\/DSC07327.jpg'><img src=http:\/\/extra.inmontanis.info\/d\/46396-3\/DSC07327.jpg \/><\/a><br \/>\n^ Motelzimmer, leider wie \u00fcblich mit altem Zigarettengestank belastet<\/p>\n<p><a href='http:\/\/extra.inmontanis.info\/d\/46401-2\/DSC07328.jpg'><img src=http:\/\/extra.inmontanis.info\/d\/46400-3\/DSC07328.jpg \/><\/a><br \/>\n^ .. und da der Stuhl am Schreibtisch fehlt, hab ich mir halt das Bett hingeschoben.<\/p>\n<p><a href='http:\/\/extra.inmontanis.info\/d\/46405-2\/IMG_4406.jpg'><img src=http:\/\/extra.inmontanis.info\/d\/46404-3\/IMG_4406.jpg \/><\/a><br \/>\n^ Pizza mit W\u00fcrstel, Pommes, Schinken und Salsiccia. Ist auch eher selten, normalerweise ist die Pommes-W\u00fcrstel-Pizza in Italien ohne weitere Zutaten, dass da auch noch Salsiccia drauf ist, hab ich noch nicht gesehen. Dass es hier auch ein Tagesmen\u00fc gegeben h\u00e4tte, hab ich leider auch erst an der Kasse gesehen. Aber so hab ich nat\u00fcrlich wieder einen Teil der Pizza f\u00fcr morgen untertags eingepackt.<\/p>\n<p>(Der Webcam nach war es auch in Macu wieder nicht ganz ungest\u00f6rt sonnig heute, nachmittags hingen abermals ein paar Wolken auf der Moro-Seite.)<\/p>\n<p>Zum Fr\u00fchst\u00fcck bekam ich dann am n\u00e4chsten Tag einen eigenen Gutschein mit &#8220;booking&#8221; &#8211; Text. Keine Ahnung, ob man damit mehr oder weniger bekommt, vmtl. mehr als &#8220;normale&#8221; G\u00e4ste. Der kleine Neben-Fr\u00fchst\u00fccksraum, den ich mit kleinem Buffet in Erinnerung hatte, ist mittlerweile ein Schnapsladen, also wird das Fr\u00fchst\u00fcck direkt in der Bar bedient, Hei\u00dfgetr\u00e4nk, Orangensaft, 2 Packungen Zwieback, 1 Butter, 2 Marmeladen, 1 Croissant, ein paar aufgeschnittene Baguettescheiben und je 3 Scheiben Salami und K\u00e4se. Also etwas \u00fcber dem italienischen Minimum und somit OK.<\/p>\n<p>(Fortsetzung folgt.)<\/p>\n","protected":false},"excerpt":{"rendered":"<p>Faschingswochenende Tag 2: Sa, 10.2.2018 &#8211; Evol\u00e8ne &#038; Arolla (&#8220;Espace Dent Blanche&#8221;)<\/p>\n<p>2007 war ich bisher das einzige Mal in diesen beiden Skigebieten, die nach wie vor mit einem gemeinsamen Skipass verbunden sind, der noch dazu f\u00fcr schweizer Verh\u00e4ltnisse auf der sehr g\u00fcnstigen Seite ist: Die Tageskarte f\u00fcr die 3 Gebiete kostet nur 40,- CHF. <a href=\"http:\/\/blog.inmontanis.info\/?p=4779\">[&#8230;]<\/a><\/p>\n","protected":false},"author":1,"featured_media":0,"comment_status":"closed","ping_status":"closed","sticky":false,"template":"","format":"standard","meta":{"footnotes":""},"categories":[757,742,15,59,14,27],"tags":[38,48,77,47],"class_list":["post-4779","post","type-post","status-publish","format-standard","hentry","category-arolla","category-evolene","category-italienitaly","category-nostalgie","category-swiss","category-skifahren-winterskiing-winter","tag-dsb","tag-kssl","tag-nebelmeer","tag-sl","odd"],"_links":{"self":[{"href":"http:\/\/blog.inmontanis.info\/index.php?rest_route=\/wp\/v2\/posts\/4779","targetHints":{"allow":["GET"]}}],"collection":[{"href":"http:\/\/blog.inmontanis.info\/index.php?rest_route=\/wp\/v2\/posts"}],"about":[{"href":"http:\/\/blog.inmontanis.info\/index.php?rest_route=\/wp\/v2\/types\/post"}],"author":[{"embeddable":true,"href":"http:\/\/blog.inmontanis.info\/index.php?rest_route=\/wp\/v2\/users\/1"}],"replies":[{"embeddable":true,"href":"http:\/\/blog.inmontanis.info\/index.php?rest_route=%2Fwp%2Fv2%2Fcomments&post=4779"}],"version-history":[{"count":3,"href":"http:\/\/blog.inmontanis.info\/index.php?rest_route=\/wp\/v2\/posts\/4779\/revisions"}],"predecessor-version":[{"id":4782,"href":"http:\/\/blog.inmontanis.info\/index.php?rest_route=\/wp\/v2\/posts\/4779\/revisions\/4782"}],"wp:attachment":[{"href":"http:\/\/blog.inmontanis.info\/index.php?rest_route=%2Fwp%2Fv2%2Fmedia&parent=4779"}],"wp:term":[{"taxonomy":"category","embeddable":true,"href":"http:\/\/blog.inmontanis.info\/index.php?rest_route=%2Fwp%2Fv2%2Fcategories&post=4779"},{"taxonomy":"post_tag","embeddable":true,"href":"http:\/\/blog.inmontanis.info\/index.php?rest_route=%2Fwp%2Fv2%2Ftags&post=4779"}],"curies":[{"name":"wp","href":"https:\/\/api.w.org\/{rel}","templated":true}]}}