{"id":4761,"date":"2018-02-09T18:36:30","date_gmt":"2018-02-09T17:36:30","guid":{"rendered":"http:\/\/blog.inmontanis.info\/?p=4761"},"modified":"2023-08-05T15:39:34","modified_gmt":"2023-08-05T13:39:34","slug":"elsigen-metsch-9-2-2018-eher-langweilig","status":"publish","type":"post","link":"http:\/\/blog.inmontanis.info\/?p=4761","title":{"rendered":"Elsigen-Metsch, 9.2.2018 \/ Eher langweilig"},"content":{"rendered":"<p><strong>Faschingswochenende Tag 1: Fr, 9.2.2018 &#8211; Elsigen-Metsch<\/strong><\/p>\n<p>Erst mal zur langen Story der Skigebietsauswahl..<\/p>\n<p>Dass ich \u00fcber Fasching gerne 1-2 Tage oder die Woche frei nehmen will, liegt insbesondere daran begr\u00fcndet, dass hier manch italienische Skigebiete, die sonst nur am WE offen haben, auch mal den einen oder anderen Tag unter der Woche offen haben. Dann war da noch die Tatsache, dass Macugnaga heuer mal wieder beide Mittelstationsabfahrten an der PB \u00f6ffnen konnte, was man ja ausn\u00fctzen sollte. Der Skipass am WE ist in Macu mit 27,- \u20ac auch nicht so teuer, aber unter der Woche (und die PB f\u00e4hrt momentan auch unter der Woche) kostet&#8217;s nur 22,- \u20ac (jeweils plus Parkgeb\u00fchren). Also wollte ich entweder am Freitag oder am Montag nach Macu fahren, sollte dann ja auch leerer sein. Die Wettervorhersagen waren leider wieder einmal alles andere als eindeutig, am Donnerstag fr\u00fch meldeten noch 3 sehr sonnig, 1 so halbwegs gut und 1 Schneefall f\u00fcr Freitag und f\u00fcr Montag meldeten mehrere etwas schlechteres Wetter. Also nahm ich mir den Freitag frei.<\/p>\n<p>Am Donnerstag (also gestern) Abend wendete sich das Blatt insofern, dass nur noch 2 sehr sonnig f\u00fcr heute meldeten, die Mehrheit also so lala bis leichter Schneefall und am Montag sollte es nun pl\u00f6tzlich sonniger werden. Hmpf. Auf der Suche nach weiteren Skigebieten f\u00fcr dieses verl\u00e4ngerte WE kam ich nat\u00fcrlich auch zwangsl\u00e4ufig zu den bereits gekauften Halbpreis-Tageskarten in der Schweiz, die ich ja nun auch langsam mal einl\u00f6sen m\u00fcsste, insb. eine der beiden s\u00fcdlicheren (Elsigen-Metsch oder Jungfrau), da ich wohl bis und mit Ostern keine 2x nach Frankreich im \u00d6ffnungszeitraum kommen werde (das war egtl. der Hintergedanke beim Kauf). Also wollte ich heute Elsigen-Metsch mitnehmen, da hier f\u00fcr heute sonnig gemeldet wurde und es SO+MO schlecht werden soll. <\/p>\n<p>Nachdem ich das also entschieden hatte, folgte die Hotelsuche gestern Abend auf booking, wieder einmal stundenlang. Ein noch im Preisrahmen befindliches in Macu w\u00fcrde ich zeitm\u00e4\u00dfig nicht schaffen, ein anderes vor Macu lediglich, wenn ich den L\u00f6tschberg-Tunnel n\u00e4hme und da kein Verkehr w\u00e4re, andere waren mir entweder zu teuer, sagten mir von der Bewertung nicht zu oder waren von der angegebenen Anreise-Zeit unm\u00f6glich anzufahren. Ergo erweiterte ich die Suche auf die Schweiz und arbeitete mich so langsam vom Simplon das Wallis entlang vor, ich fand so einige bezahlbare, teils auch mit Fr\u00fchst\u00fcck, das ich aber nicht auskosten k\u00f6nnte, wollte ich dann noch bis Macu fahren, also suchte ich auch die Skigebiete in der Umgebug ab, bis ich dann erstmal \u00fcber Eischoll &#038; Co stolperte, wo ich ja auch schon lange mal hin wollte. Die Homepages der beiden Gebiete erw\u00e4hnten aber nicht, ob die Tageskarte nun in beiden Gebieten gelten w\u00fcrde &#8211; das wird lediglich bei der Punktekarte explizit erw\u00e4hnt. Au\u00dferdem sei der Tarif von 44,- nur mit G\u00e4stekarte und ohne dann 20% Aufschlag, na danke. Schnell sprang mir St.-Luc-Chandolin ins Bild, das mir preism\u00e4\u00dfig seit einigen Jahren zu teuer geworden ist, aber da h\u00e4tte ich ja immerhin KSSL zu fahren. \u00c4hm. KSSL. Moment, da war doch noch was &#8211; Arolla und Evolene mit ihrem gemeinsamen und nicht zu teuren Skipass hatte ich mir doch letztes Jahr f\u00fcr die heurige Saison auch mal wieder vorgenommen. Und dann kann man auch gleich in Martigny ein Zimmer nehmen, da ist&#8217;s normalerweise g\u00fcnstiger. Netterweise fand ich ein Motel um 49,- CHF mit Bad\/WC im Zimmer und Fr\u00fchst\u00fcck, absolutes Schn\u00e4ppchen in der Schweiz! Wenn ich schon mal hier in Martigny bin, \u00fcberlegte ich nat\u00fcrlich auch einen kleinen Abstecher nach Frankreich, aber zum Einkaufen und Essen w\u00fcrde mir die Zeit nicht reichen, da ich um 21 Uhr im Motel sein sollte. Und wieviel verlangt mein sonst \u00fcbliches Ibis Budget in Thonon f\u00fcr heute Nacht? Was? 62,- \u20ac? N\u00f6, danke. Da krieg ich in der Schweiz was g\u00fcnstigeres ;) Das Zimmer in Martigny somit gebucht.<\/p>\n<p>Um kurz vor 4 Uhr stand ich auf (d.h. um 22 Uhr ins Bett gehen) und kam dann um 4:30 weg, die Fahrt ins Skigebiet Elsigenalp sollte so ca. 5 Stunden dauern, ich fuhr \u00fcber Luzern\/Br\u00fcnig, weil mir die Strecke besser gef\u00e4llt und man hier evtl. weniger Staugefahr als \u00fcber Z\u00fcrich+Bern h\u00e4tte. Lief dann auch alles problemlos, Parkpl\u00e4tze sind auch optimal an der Talabfahrt gelegen (Ski-in&#038;out zum Auto) und noch dazu gratis. An der Kasse war eine lange Schlange, aber ich hatte ja schon meinen 50%-Skipass. Genervter war ich dann oben, weil man Schweiz-typisch mal wieder \u00fcberall schieben muss (also, auf den Verbindungen). Und weil es schweiz-typisch trotz eines reinem SL-Gebiet mit umliegend haufenweise moderneren Skigebieten sehr voll war und es Wartezeiten gab. Die 2 gro\u00dfen Restaurants klapperte ich ab, aber \u00c4lplermakkaroni hatten sie leider nicht &#8211; also auch nichts gegessen.<\/p>\n<p>(Fotos anklicken zum Vergr\u00f6\u00dfern)<\/p>\n<p><a href='http:\/\/ski.inmontanis.info\/d\/241650-2\/DSC07062.jpg'><img src=http:\/\/ski.inmontanis.info\/d\/241648-3\/DSC07062.jpg \/><\/a><br \/>\n^ Schmale Zufahrt<\/p>\n<p><a href='http:\/\/ski.inmontanis.info\/d\/241654-2\/DSC07066.jpg'><img src=http:\/\/ski.inmontanis.info\/d\/241653-3\/DSC07066.jpg \/><\/a><br \/>\n^ Kostenlose Parkpl\u00e4tze direkt an der Skipiste, so dass man direkt vom Auto mit den Skiern los fahren kann und auf Skiern bis zum Auto kommt. Das ist f\u00fcr schweizer Verh\u00e4ltnisse alles recht ungew\u00f6hnlich ;-)<\/p>\n<p><a href='http:\/\/ski.inmontanis.info\/d\/241658-2\/DSC07143.jpg'><img src=http:\/\/ski.inmontanis.info\/d\/241657-3\/DSC07143.jpg \/><\/a><br \/>\n^ Pistenplan<\/p>\n<p><a href='http:\/\/ski.inmontanis.info\/d\/241662-2\/ge20180209a.jpg'><img src=http:\/\/ski.inmontanis.info\/d\/241661-3\/ge20180209a.jpg \/><\/a><br \/>\n^ GPS-Track 9.2.2018<\/p>\n<p><a href='http:\/\/ski.inmontanis.info\/d\/241666-2\/DSC07075.jpg'><img src=http:\/\/ski.inmontanis.info\/d\/241665-3\/DSC07075.jpg \/><\/a><br \/>\n^ Bergstation PB<\/p>\n<p><a href='http:\/\/ski.inmontanis.info\/d\/241670-2\/DSC07077.jpg'><img src=http:\/\/ski.inmontanis.info\/d\/241669-3\/DSC07077.jpg \/><\/a><br \/>\n^ Das dagegen ist weniger ungew\u00f6hnlich f\u00fcr die Schweiz .. man muss erst mal schieben, um zu den Liften zu kommen. Und zum zweiten Lift, egal wie und wohin, geht&#8217;s auch nicht ohne.<\/p>\n<p><a href='http:\/\/ski.inmontanis.info\/d\/241674-2\/DSC07082.jpg'><img src=http:\/\/ski.inmontanis.info\/d\/241673-3\/DSC07082.jpg \/><\/a><br \/>\n^ Seitenblick vom \u00dcbungslift<\/p>\n<p><a href='http:\/\/ski.inmontanis.info\/d\/241678-2\/DSC07084.jpg'><img src=http:\/\/ski.inmontanis.info\/d\/241677-3\/DSC07084.jpg \/><\/a><br \/>\n^ Der Doppel-SL, den man vom \u00dcbungslift hier auch nur in Schuss und anschlie\u00dfendem kurzem Schieben erreicht; links davon der Gipfel-SL<\/p>\n<p><a href='http:\/\/ski.inmontanis.info\/d\/241682-2\/DSC07085.jpg'><img src=http:\/\/ski.inmontanis.info\/d\/241681-3\/DSC07085.jpg \/><\/a><br \/>\n^ Im Doppel-SL. Der linke fuhr etwas langsamer, aber nicht so langsam, dass sich die f\u00fcr gew\u00f6hnlich viel l\u00e4ngere Schlange rechts ausgezahlt h\u00e4tte.<\/p>\n<p><a href='http:\/\/ski.inmontanis.info\/d\/241686-2\/DSC07086.jpg'><img src=http:\/\/ski.inmontanis.info\/d\/241685-3\/DSC07086.jpg \/><\/a><br \/>\n^ Gipfel-SL, blieb leider hinter den Erwartungen. Links eine breite Piste geradlinig runter, rechts nicht viel anders. G\u00e4hn. Offpiste war der Schnee leider zu vergessen, die Pisten waren zumindest morgens hier noch recht griffig.<\/p>\n<p>Nat\u00fcrlich musste ich von der Bergstation des SL etwas aufsteigen, da ich das Pano richtung See und\/oder Flachland wissen wolte, daf\u00fcr hatte ich auch meine IR-Cam dabei.<\/p>\n<p><a href='http:\/\/ski.inmontanis.info\/d\/241690-2\/DSC07090.jpg'><img src=http:\/\/ski.inmontanis.info\/d\/241689-3\/DSC07090.jpg \/><\/a><br \/>\n^ Gipfel-Pano<\/p>\n<p><a href='http:\/\/ski.inmontanis.info\/d\/241694-2\/DSC07092.jpg'><img src=http:\/\/ski.inmontanis.info\/d\/241693-3\/DSC07092.jpg \/><\/a><br \/>\n^ Gipfel-Pano<\/p>\n<p><a href='http:\/\/ski.inmontanis.info\/d\/241698-2\/DSC07089.jpg'><img src=http:\/\/ski.inmontanis.info\/d\/241697-3\/DSC07089.jpg \/><\/a><br \/>\n^ Nach Aufstieg vom Gipfel-SL kann man richtung Spiez\/Thun bzw. ins Flachland blicken.<\/p>\n<p><a href='http:\/\/ski.inmontanis.info\/d\/241702-2\/DSC07093.jpg'><img src=http:\/\/ski.inmontanis.info\/d\/241701-3\/DSC07093.jpg \/><\/a><br \/>\n^ Gipfel-\/See-Pano<\/p>\n<p><a href='http:\/\/ski.inmontanis.info\/d\/241706-2\/DSC03410.jpg'><img src=http:\/\/ski.inmontanis.info\/d\/241705-3\/DSC03410.jpg \/><\/a><br \/>\n^ IR-Pano<\/p>\n<p><a href='http:\/\/ski.inmontanis.info\/d\/241710-2\/DSC03420.jpg'><img src=http:\/\/ski.inmontanis.info\/d\/241709-3\/DSC03420.jpg \/><\/a><br \/>\n^ IR-Pano<\/p>\n<p><a href='http:\/\/ski.inmontanis.info\/d\/241714-2\/DSC03418.jpg'><img src=http:\/\/ski.inmontanis.info\/d\/241713-3\/DSC03418.jpg \/><\/a><br \/>\n^ IR-Pano<\/p>\n<p><a href='http:\/\/ski.inmontanis.info\/d\/241718-2\/DSC07098.jpg'><img src=http:\/\/ski.inmontanis.info\/d\/241717-3\/DSC07098.jpg \/><\/a><\/p>\n<p><a href='http:\/\/ski.inmontanis.info\/d\/241722-2\/DSC03413.jpg'><img src=http:\/\/ski.inmontanis.info\/d\/241721-3\/DSC03413.jpg \/><\/a><br \/>\n^ IR-Pano<\/p>\n<p><a href='http:\/\/ski.inmontanis.info\/d\/241726-2\/DSC07101.jpg'><img src=http:\/\/ski.inmontanis.info\/d\/241725-3\/DSC07101.jpg \/><\/a><\/p>\n<p><a href='http:\/\/ski.inmontanis.info\/d\/241730-2\/DSC07102.jpg'><img src=http:\/\/ski.inmontanis.info\/d\/241729-3\/DSC07102.jpg \/><\/a><\/p>\n<p><a href='http:\/\/ski.inmontanis.info\/d\/241734-2\/DSC07103.jpg'><img src=http:\/\/ski.inmontanis.info\/d\/241733-3\/DSC07103.jpg \/><\/a><\/p>\n<p><a href='http:\/\/ski.inmontanis.info\/d\/241738-2\/DSC07104.jpg'><img src=http:\/\/ski.inmontanis.info\/d\/241737-3\/DSC07104.jpg \/><\/a><br \/>\n^ Das da hinten kommt mir bekannt vor &#8211; wird wohl der Glacier 3000 \/ Diablerets sein<\/p>\n<p><a href='http:\/\/ski.inmontanis.info\/d\/241742-2\/DSC07107.jpg'><img src=http:\/\/ski.inmontanis.info\/d\/241741-3\/DSC07107.jpg \/><\/a><br \/>\n^ Rechts von der Bergstation des Doppel-SL befindet sich noch ein kleiner Tellerlift, der ein paar weitere Abfahrten erschlie\u00dft<\/p>\n<p><a href='http:\/\/ski.inmontanis.info\/d\/241746-2\/DSC07108.jpg'><img src=http:\/\/ski.inmontanis.info\/d\/241745-3\/DSC07108.jpg \/><\/a><\/p>\n<p><a href='http:\/\/ski.inmontanis.info\/d\/241750-2\/DSC07110.jpg'><img src=http:\/\/ski.inmontanis.info\/d\/241749-3\/DSC07110.jpg \/><\/a><br \/>\n^ Talabfahrt an der PB<\/p>\n<p><a href='http:\/\/ski.inmontanis.info\/d\/241754-2\/DSC07111.jpg'><img src=http:\/\/ski.inmontanis.info\/d\/241753-3\/DSC07111.jpg \/><\/a><br \/>\n^ Talabfahrt, meist zwar nur ein Skiweg, aber zwischendrin kann man auch mal abk\u00fcrzen, fand ich recht nett, diese Abfahrt fuhr ich dann auch noch ein zweites Mal. Die erste Abfahrt fuhr ich, weil ich die Skier wechseln wollte &#8211; da im Gel\u00e4nde nichts zu gewinnen war, tauschte ich die Allmountains mit den Racecarvern.<\/p>\n<p><a href='http:\/\/ski.inmontanis.info\/d\/241758-2\/DSC07115.jpg'><img src=http:\/\/ski.inmontanis.info\/d\/241757-3\/DSC07115.jpg \/><\/a><br \/>\n^ PB<\/p>\n<p><a href='http:\/\/ski.inmontanis.info\/d\/241762-2\/DSC07118.jpg'><img src=http:\/\/ski.inmontanis.info\/d\/241761-3\/DSC07118.jpg \/><\/a><br \/>\n^ Kurzb\u00fcgel-SL, 1. Sektion im rechten Teilgebiet  H\u00f6chst\/Metsch<\/p>\n<p><a href='http:\/\/ski.inmontanis.info\/d\/241766-2\/DSC07120.jpg'><img src=http:\/\/ski.inmontanis.info\/d\/241765-3\/DSC07120.jpg \/><\/a><br \/>\n^ Beide Lifte im rechten Teilgebiet H\u00f6chst\/Metsch. Die im Plan eingezeichnete Abfahrt links vom oberen SL war jedoch nicht  ausgesteckt oder pr\u00e4pariert<\/p>\n<p><a href='http:\/\/ski.inmontanis.info\/d\/241770-2\/DSC07122.jpg'><img src=http:\/\/ski.inmontanis.info\/d\/241769-3\/DSC07122.jpg \/><\/a><br \/>\n^ Talblick<\/p>\n<p><a href='http:\/\/ski.inmontanis.info\/d\/241774-2\/DSC07123.jpg'><img src=http:\/\/ski.inmontanis.info\/d\/241773-3\/DSC07123.jpg \/><\/a><br \/>\n^ Leider waren die Abfahrten am unteren SL weiter unten dann eher eisig hart<\/p>\n<p><a href='http:\/\/ski.inmontanis.info\/d\/241778-2\/DSC07124.jpg'><img src=http:\/\/ski.inmontanis.info\/d\/241777-3\/DSC07124.jpg \/><\/a><br \/>\n^ Oberer SL<\/p>\n<p><a href='http:\/\/ski.inmontanis.info\/d\/241782-2\/DSC07128.jpg'><img src=http:\/\/ski.inmontanis.info\/d\/241781-3\/DSC07128.jpg \/><\/a><br \/>\n^ Hier kann man auch ein bisschen durch die H\u00e4user durchfahren &#8211; immer wieder nett, so etwas.<\/p>\n<p><a href='http:\/\/ski.inmontanis.info\/d\/241786-2\/DSC07129.jpg'><img src=http:\/\/ski.inmontanis.info\/d\/241785-3\/DSC07129.jpg \/><\/a><br \/>\n^ Rechts die Bergstationen der beiden SL im rechten Teilgebiet<\/p>\n<p><a href='http:\/\/ski.inmontanis.info\/d\/241790-2\/DSC07131.jpg'><img src=http:\/\/ski.inmontanis.info\/d\/241789-3\/DSC07131.jpg \/><\/a><br \/>\n^ .. und Blick r\u00fcber zum Doppel-SL und seinen Satelliten-SL<\/p>\n<p><a href='http:\/\/ski.inmontanis.info\/d\/241794-2\/DSC07132.jpg'><img src=http:\/\/ski.inmontanis.info\/d\/241793-3\/DSC07132.jpg \/><\/a><br \/>\n^ Der kurze Tellerlift rechts vom Doppel-SL<\/p>\n<p><a href='http:\/\/ski.inmontanis.info\/d\/241798-2\/DSC07135.jpg'><img src=http:\/\/ski.inmontanis.info\/d\/241797-3\/DSC07135.jpg \/><\/a><br \/>\n^ .. und von einer seiner Abfahrten<\/p>\n<p><a href='http:\/\/ski.inmontanis.info\/d\/241802-2\/DSC07136.jpg'><img src=http:\/\/ski.inmontanis.info\/d\/241801-3\/DSC07136.jpg \/><\/a><br \/>\n^ Wartezeiten am Doppel-SL, wobei die fast alle nur am rechten Lift anstanden &#8211; zum linken Lift konnte man problemlos links vorbei ziehen und fast sofort einsteigen. Kapier ich nicht, aber soll mir recht sein.<\/p>\n<p>Fazit: Tja, was soll ich sagen, Pano ist nett, Skigebiet ist auch nett, aber eben nur nett und f\u00fcr mich wieder einmal leider nichts besonderes, ein zweiter Besuch meinerseits darf also wie in Braunwald ausgeschlossen werden, was nat\u00fcrlich auch positiv ist, weil ich ja genug Skigebiete habe, die ich regelm\u00e4\u00dfig anfahren m\u00f6chte. Es gab auch keine Piste (au\u00dfer der Talabfahrt), die ich heute unbedingt ein zweites Mal h\u00e4tte fahren wollen. <\/p>\n<p>So lie\u00df ich es um 15 Uhr bleiben, da ich mehr davon h\u00e4tte, die Stunde dazu zu n\u00fctzen, in Frankreich noch schnell Einkaufen zu gehen, wenn schon die Zeit nicht reicht um auch dort zu essen. Leider hatte ich keine K\u00fchlboxen dabei und im Hypermarkt gibt&#8217;s die im Winter wohl auch nicht zu kaufen &#8211; nur K\u00fchltaschen, die dann auch kleiner war als gedacht, aber ich bekam dort und in eine kleine K\u00fchlt\u00fcte, die ich dabei hatte, gerade noch alles rein. Paar Naschsachen dazu und knapp \u00fcber 100,- \u20ac los geworden. Ha, die ungek\u00fchlten Fertiggerichte hatte ich ja ganz vergessen. Egal, komm sicher den Winter nochmal nach Frankreich. Da mein Navi meinte, ich w\u00e4re gegen 20:25 im Hotel, wollte ich vorsichtshalber auch keine Pizza mehr irgendwo mitnehmen, falls noch irgendwo ein Stau kommen sollte.<\/p>\n<p>Im Motel am Sportplatz in Martigny angekommen, mir den Schl\u00fcssel besorgt und paar hundert Meter zur\u00fcck gefahren, wo gerade zuvor noch ein Imbisswagen offen war &#8211; mist, der hatte gerade geschlossen. Also wieder ins Motel gefahren und zur Fu\u00df zur n\u00e4chsten Pizzeria gegangen und um 25,- CHF mir so eine perverse Pizza mitgenommen, deren Reste ich dann morgen Mittag essen kann.<\/p>\n<p>&#8220;Pervers&#8221;, weil das f\u00fcr mich so ziemlich die abgefahrendste Pizzabelagskombination ist (ja, noch krasser als die in Italien \u00fcbliche W\u00fcrstel&#038;Pommes-Pizza), die ich in Tignes schon mal so oder zumindest so \u00e4hnlich gegessen hatte: Tomatensauce, K\u00e4se, Ziegenk\u00e4se (in Frankreich auf Pizzen eh beliebt, soweit normal), Waln\u00fcsse und Honig. Und hier zus\u00e4tzlich noch Rucola (darauf k\u00f6nnt ich verzichten, aber mit Honig ist er wenigstens nicht so bl\u00f6d). Nach einer halben Pizza war ich nat\u00fcrlich satt und viel mehr kann ich von so einer zuckers\u00fc\u00dfen Pizza auch nicht essen, aber hin und wieder schmeckt das. Zumal mir ja der s\u00fc\u00dfliche, karamelisierte Ziegenk\u00e4se in Norgwegen auch schmeckt. (Den Rest a\u00df ich dann morgen beim Skifahren, war auch gut.)<\/p>\n<p><a href='http:\/\/extra.inmontanis.info\/d\/46253-2\/IMG_4401.jpg'><img src=http:\/\/extra.inmontanis.info\/d\/46252-3\/IMG_4401.jpg \/><\/a><br \/>\n^ Pizza mit Tomatensauce, K\u00e4se, Ziegenk\u00e4se, Waln\u00fcssen, Honig, Rucola.<\/p>\n<p>Das Zimmer an sich w\u00e4re ganz nett, hat aber einen kleinen Nachteil: Es riecht wohl etwas schimmlig, wie ich meine. Daf\u00fcr hab ich in Norwegen zwar auch schonmal das doppelte ausgegeben und es macht mir die Nase nicht so zu wie ein Raucherzimmer, aber angenehm ist es nat\u00fcrlich auch nicht. Die Tapeten l\u00f6sen sich teilweise von den W\u00e4nden, eine regelrechte Staubw\u00fcste an den Ecken unterm Schreibtisch (wobei mich das daheim auch nicht sonderlich st\u00f6rt ;) ), die Duschtasse ist an mehreren Stellen schmutzig (ein klebriger Dreck, wie ich mit einem WC-Papier bemerkte, ich verzichtete auf die Ben\u00fctzung) .. nichts, was man unbedingt ein zweites Mal br\u00e4uchte, aber bei so einem Preis (49,- CHF inkl. Fr\u00fchst\u00fcck) und je nachdem, was es wo anders kostet, vielleicht doch irgendwann mal wieder.<\/p>\n<p><a href='http:\/\/extra.inmontanis.info\/d\/46245-3\/DSC07138.jpg'><img src=http:\/\/extra.inmontanis.info\/d\/46244-3\/DSC07138.jpg \/><\/a><br \/>\n^ Motelzimmer in Martigny, egtl. nett und g\u00fcnstig, stank aber etwas nach Schimmel ..<\/p>\n<p><a href='http:\/\/extra.inmontanis.info\/d\/46249-3\/DSC07140.jpg'><img src=http:\/\/extra.inmontanis.info\/d\/46248-3\/DSC07140.jpg \/><\/a><br \/>\n^ .. und l\u00f6ste sich hier und da auf. Und wirklich sauber war&#8217;s auch nicht. Aber immerhin warm. Den gro\u00dfen TV brauchte ich nat\u00fcrlich nicht, steht aber immerhin nicht am Schreibtisch rum.<\/p>\n<p><a href='http:\/\/extra.inmontanis.info\/d\/46257-2\/IMG_4404.jpg'><img src=http:\/\/extra.inmontanis.info\/d\/46256-3\/IMG_4404.jpg \/><\/a><br \/>\n^ Eklig verdreckte Duschtasse<\/p>\n<p>Das Wlan funktioniert tadellos und z\u00fcgig, die Wettervorhersagen f\u00fcr morgen f\u00fcr Arolla&#038;Evolene sind nun leider auch wieder schlechter geworden &#8211; nur noch Bergfex meldet recht sonnig (die machen das doch absichtlich, werden die von den Skigebieten bestochen, immer die entweder sonnigere oder alternative die schneereichere Vorhersage zu verwenden, gibt&#8217;s doch sonst nicht, dass Bergfex immer so h\u00e4ufig sonnig meldet und es dann kaum ist?!). A propos, Webcam-History auf Bergfex: Macu heute Vormittag wolkenlos, aber ab Mittag tiefe Wolken im Skigebiet. Also, wohl nix verpasst. Morgen sollte es in Macu ja sehr sonnig werden (alle einig), am Sonntag dagegen nicht mehr ganz st\u00f6rungsfrei. Also k\u00f6nnte ich auch morgen fr\u00fch um 6 Uhr los und nach Macu, aber einerseits will ich nicht auf das inkludierte Fr\u00fchst\u00fcck verzichten und KSSL-fahren h\u00e4tte ja auch mal wieder was. Im restlichen Wallis soll&#8217;s jedenfalls morgen auch nicht besser werden.<\/p>\n<p>Nat\u00fcrlich musste ich somit auch f\u00fcr morgen Abend ein Zimmer suchen und die Sache in\/vor Macu verbessert sich an einem Samstag klarerweise auch nicht und viel fr\u00fcher dort w\u00e4r ich wohl auch kaum. Auf&#8217;s Fr\u00fchst\u00fcck sollte ich \u00fcbermorgen egtl. auch verzichten, wenn ich dann zeitig in Macu sein will :)  Nach langem \u00fcberlegen hab ich mich doch f\u00fcr das altbekannte Motel neben der Superstrada am Taleingang vor Macu entschieden &#8211; auch auf die Gefahr hin, wieder ein Raucherzimmer zu bekommen. Letzes Mal gab&#8217;s das Fr\u00fchst\u00fcck glaub ich schon recht fr\u00fch, was ja positiv ist. Au\u00dferdem, falls das Wetter morgen fr\u00fch f\u00fcr CH (Arolla\/Evolene) doch noch schlechter werden sollte und ich doch schon morgen fr\u00fch nach IT fahren w\u00fcrde, ginge das nicht, wenn ich mir f\u00fcr morgen Nacht noch vor dem Simplon ein Zimmer nehmen w\u00fcrde&#8230;<\/p>\n<p>Somit ist der heutige Abend auch gelaufen und nix mehr mit irgendwelchen Bildern oder Dashcamvideos bearbeiten .. <\/p>\n<p>Das Fr\u00fchst\u00fcck hier im Motel gibt&#8217;s ab 7 Uhr und war franz\u00f6sisches &#8220;Basic&#8221;, d.h. Croissants, Baguette, Marmeladen, M\u00fcsli\/Cornflakes, Joghurt, also durchaus ausreichend zum satt werden.<\/p>\n<p>(Fortsetzung folgt. Und die Skigebiete wurden besser und die Berichtstexte k\u00fcrzer ;-) )<\/p>\n","protected":false},"excerpt":{"rendered":"<p>Faschingswochenende Tag 1: Fr, 9.2.2018 &#8211; Elsigen-Metsch<\/p>\n<p>Erst mal zur langen Story der Skigebietsauswahl..<\/p>\n<p>Dass ich \u00fcber Fasching gerne 1-2 Tage oder die Woche frei nehmen will, liegt insbesondere daran begr\u00fcndet, dass hier manch italienische Skigebiete, die sonst nur am WE offen haben, auch mal den einen oder anderen Tag unter der Woche offen haben. <a href=\"http:\/\/blog.inmontanis.info\/?p=4761\">[&#8230;]<\/a><\/p>\n","protected":false},"author":1,"featured_media":0,"comment_status":"closed","ping_status":"closed","sticky":false,"template":"","format":"standard","meta":{"footnotes":""},"categories":[745,14,27,81],"tags":[90,52,45,47],"class_list":["post-4761","post","type-post","status-publish","format-standard","hentry","category-elsigenalp","category-swiss","category-skifahren-winterskiing-winter","category-kurztrips","tag-infrarot","tag-pb","tag-see","tag-sl","odd"],"_links":{"self":[{"href":"http:\/\/blog.inmontanis.info\/index.php?rest_route=\/wp\/v2\/posts\/4761","targetHints":{"allow":["GET"]}}],"collection":[{"href":"http:\/\/blog.inmontanis.info\/index.php?rest_route=\/wp\/v2\/posts"}],"about":[{"href":"http:\/\/blog.inmontanis.info\/index.php?rest_route=\/wp\/v2\/types\/post"}],"author":[{"embeddable":true,"href":"http:\/\/blog.inmontanis.info\/index.php?rest_route=\/wp\/v2\/users\/1"}],"replies":[{"embeddable":true,"href":"http:\/\/blog.inmontanis.info\/index.php?rest_route=%2Fwp%2Fv2%2Fcomments&post=4761"}],"version-history":[{"count":5,"href":"http:\/\/blog.inmontanis.info\/index.php?rest_route=\/wp\/v2\/posts\/4761\/revisions"}],"predecessor-version":[{"id":4767,"href":"http:\/\/blog.inmontanis.info\/index.php?rest_route=\/wp\/v2\/posts\/4761\/revisions\/4767"}],"wp:attachment":[{"href":"http:\/\/blog.inmontanis.info\/index.php?rest_route=%2Fwp%2Fv2%2Fmedia&parent=4761"}],"wp:term":[{"taxonomy":"category","embeddable":true,"href":"http:\/\/blog.inmontanis.info\/index.php?rest_route=%2Fwp%2Fv2%2Fcategories&post=4761"},{"taxonomy":"post_tag","embeddable":true,"href":"http:\/\/blog.inmontanis.info\/index.php?rest_route=%2Fwp%2Fv2%2Ftags&post=4761"}],"curies":[{"name":"wp","href":"https:\/\/api.w.org\/{rel}","templated":true}]}}