{"id":4750,"date":"2018-02-04T20:50:47","date_gmt":"2018-02-04T19:50:47","guid":{"rendered":"http:\/\/blog.inmontanis.info\/?p=4750"},"modified":"2023-08-01T21:23:15","modified_gmt":"2023-08-01T19:23:15","slug":"rittner-horn-4-2-2018","status":"publish","type":"post","link":"http:\/\/blog.inmontanis.info\/?p=4750","title":{"rendered":"Rittner Horn, 4.2.2018"},"content":{"rendered":"<p>Am Monte Baldo h\u00e4tte es mal wieder Vollbetrieb gegeben &#8211; was ein Grund gewesen w\u00e4re, mal wieder dort vorbei zufahren. Aber die Wettervorhersagen waren etwas unsicher (sehr sonnig oder doch die Gipfel und damit das Skigebiet die ganze Zeit in Wolken), daher \u00fcbernachtete ich daheim und fuhr am heutigen 4.2. dorthin, wo es sonniger werden sollte: Auf&#8217;s Rittnerhorn. <\/p>\n<p>Auch der 2. Besuch diese Saison war wieder arg frisch hier oben, aber immerhin sonniger, zumindest mal bis Mittag, danach war mal wieder so eine bl\u00f6de Wolke vor der Sonne, die nicht weg wollte (und wodurch es somit nochmals k\u00e4lter war). Jedenfalls war ich auch heute wieder begeistert (zig mal besser als der gestrige Tag auf der Heideralm und in Sch\u00f6neben) und das Skigebiet w\u00e4re wohl der gr\u00f6\u00dfte Pluspunkt, wenn ich mir in ein paar Jahren nochmal die Ortler Saisonkarte kaufen sollte. Sofern beide SL nach wie vor in Betrieb sind dann. Am Gipfellift gab es \u00fcbrigens durchaus leichte Wartezeiten heute (ab dem sp\u00e4ten Vormittag), auch an der Talstation der 8EUB musste man meist ein paar Kabinen abwarten. <\/p>\n<p>(Fotos anklicken zum Vergr\u00f6\u00dfern.)<\/p>\n<p><a href='http:\/\/ski.inmontanis.info\/d\/241216-2\/DSC07022.jpg'><img src=http:\/\/ski.inmontanis.info\/d\/241215-3\/DSC07022.jpg \/><\/a><br \/>\n^ Die Schieberei zu und von den oberen SL ist schon recht nervig, aber .. das Gebiet da hinten ist&#8217;s mir wert. Wobei ein kurzer R\u00fcckbringer-SL zur EUB-Bergstation (oder ein F\u00f6rderband) schon hilfreich w\u00e4ren.<\/p>\n<p><a href='http:\/\/ski.inmontanis.info\/d\/241220-2\/DSC07023.jpg'><img src=http:\/\/ski.inmontanis.info\/d\/241219-3\/DSC07023.jpg \/><\/a><br \/>\n^ Gipfellift mit Gletscher\/Stelvio-Feeling<\/p>\n<p><a href='http:\/\/ski.inmontanis.info\/d\/241224-2\/DSC07025.jpg'><img src=http:\/\/ski.inmontanis.info\/d\/241223-3\/DSC07025.jpg \/><\/a><br \/>\n^ SL Rittnerhorn<\/p>\n<p><a href='http:\/\/ski.inmontanis.info\/d\/241228-2\/DSC07026.jpg'><img src=http:\/\/ski.inmontanis.info\/d\/241227-3\/DSC07026.jpg \/><\/a><br \/>\n^ Panorama-Abfahrt SL Rittnerhorn<\/p>\n<p><a href='http:\/\/ski.inmontanis.info\/d\/241232-2\/DSC07028.jpg'><img src=http:\/\/ski.inmontanis.info\/d\/241231-3\/DSC07028.jpg \/><\/a><br \/>\n^ Die steile, diagonale Verbindungsabfahrt vom SL Rittnerhorn zum SL Pennleger, ohne dem f\u00e4nd ich&#8217;s hier viel langweiliger.<\/p>\n<p><a href='http:\/\/ski.inmontanis.info\/d\/241236-2\/DSC07029.jpg'><img src=http:\/\/ski.inmontanis.info\/d\/241235-3\/DSC07029.jpg \/><\/a><br \/>\n^ SL Pennleger (St\u00fctze ist durch Objektiv verzerrt)<\/p>\n<p><a href='http:\/\/ski.inmontanis.info\/d\/241240-2\/DSC07034.jpg'><img src=http:\/\/ski.inmontanis.info\/d\/241239-3\/DSC07034.jpg \/><\/a><br \/>\n^ SL Pennleger<\/p>\n<p><a href='http:\/\/ski.inmontanis.info\/d\/241244-2\/DSC07035.jpg'><img src=http:\/\/ski.inmontanis.info\/d\/241243-3\/DSC07035.jpg \/><\/a><br \/>\n^ Unpr\u00e4parierter Steilhang am SL Pennleger<\/p>\n<p><a href='http:\/\/ski.inmontanis.info\/d\/241248-2\/DSC07037.jpg'><img src=http:\/\/ski.inmontanis.info\/d\/241247-3\/DSC07037.jpg \/><\/a><br \/>\n^ Variante links vom SL Pennleger<\/p>\n<p><a href='http:\/\/ski.inmontanis.info\/d\/241252-2\/DSC07038.jpg'><img src=http:\/\/ski.inmontanis.info\/d\/241251-3\/DSC07038.jpg \/><\/a><br \/>\n^ Variante links vom SL Pennleger, war toller Pulverschnee<\/p>\n<p><a href='http:\/\/ski.inmontanis.info\/d\/241256-2\/DSC07039.jpg'><img src=http:\/\/ski.inmontanis.info\/d\/241255-3\/DSC07039.jpg \/><\/a><br \/>\n^ Am Gipfel-SL war naturgem\u00e4\u00df der Schnee offpiste sehr windgepresst, nur hier direkt neben dem Wanderweg gab es Pulver.<\/p>\n<p><a href='http:\/\/ski.inmontanis.info\/d\/241260-2\/DSC07040.jpg'><img src=http:\/\/ski.inmontanis.info\/d\/241259-3\/DSC07040.jpg \/><\/a><br \/>\n^ Variante links vom SL Pennleger<\/p>\n<p><a href='http:\/\/ski.inmontanis.info\/d\/241264-2\/DSC07048.jpg'><img src=http:\/\/ski.inmontanis.info\/d\/241263-3\/DSC07048.jpg \/><\/a><br \/>\n^ Variante links vom SL Pennleger, gab hier sogar Glitzerschnee.<\/p>\n<p><a href='http:\/\/ski.inmontanis.info\/d\/241268-2\/DSC07050.jpg'><img src=http:\/\/ski.inmontanis.info\/d\/241267-3\/DSC07050.jpg \/><\/a><br \/>\n^ Sogar an der Talabfahrt gibt&#8217;s unten eine kleine Variante zu fahren ;-)<\/p>\n<p><a href='http:\/\/ski.inmontanis.info\/d\/241272-2\/ge20180204a.jpg'><img src=http:\/\/ski.inmontanis.info\/d\/241271-3\/ge20180204a.jpg \/><\/a><br \/>\n^ GPS-Track 4.2.2018 (Gelb)<\/p>\n","protected":false},"excerpt":{"rendered":"<p>Am Monte Baldo h\u00e4tte es mal wieder Vollbetrieb gegeben &#8211; was ein Grund gewesen w\u00e4re, mal wieder dort vorbei zufahren. Aber die Wettervorhersagen waren etwas unsicher (sehr sonnig oder doch die Gipfel und damit das Skigebiet die ganze Zeit in Wolken), daher \u00fcbernachtete ich daheim und fuhr am heutigen 4.2. dorthin, wo es sonniger werden <a href=\"http:\/\/blog.inmontanis.info\/?p=4750\">[&#8230;]<\/a><\/p>\n","protected":false},"author":1,"featured_media":0,"comment_status":"closed","ping_status":"closed","sticky":false,"template":"","format":"standard","meta":{"footnotes":""},"categories":[15,59,25,411,27],"tags":[47],"class_list":["post-4750","post","type-post","status-publish","format-standard","hentry","category-italienitaly","category-nostalgie","category-noreport","category-rittnerhorn","category-skifahren-winterskiing-winter","tag-sl","odd"],"_links":{"self":[{"href":"http:\/\/blog.inmontanis.info\/index.php?rest_route=\/wp\/v2\/posts\/4750","targetHints":{"allow":["GET"]}}],"collection":[{"href":"http:\/\/blog.inmontanis.info\/index.php?rest_route=\/wp\/v2\/posts"}],"about":[{"href":"http:\/\/blog.inmontanis.info\/index.php?rest_route=\/wp\/v2\/types\/post"}],"author":[{"embeddable":true,"href":"http:\/\/blog.inmontanis.info\/index.php?rest_route=\/wp\/v2\/users\/1"}],"replies":[{"embeddable":true,"href":"http:\/\/blog.inmontanis.info\/index.php?rest_route=%2Fwp%2Fv2%2Fcomments&post=4750"}],"version-history":[{"count":2,"href":"http:\/\/blog.inmontanis.info\/index.php?rest_route=\/wp\/v2\/posts\/4750\/revisions"}],"predecessor-version":[{"id":4753,"href":"http:\/\/blog.inmontanis.info\/index.php?rest_route=\/wp\/v2\/posts\/4750\/revisions\/4753"}],"wp:attachment":[{"href":"http:\/\/blog.inmontanis.info\/index.php?rest_route=%2Fwp%2Fv2%2Fmedia&parent=4750"}],"wp:term":[{"taxonomy":"category","embeddable":true,"href":"http:\/\/blog.inmontanis.info\/index.php?rest_route=%2Fwp%2Fv2%2Fcategories&post=4750"},{"taxonomy":"post_tag","embeddable":true,"href":"http:\/\/blog.inmontanis.info\/index.php?rest_route=%2Fwp%2Fv2%2Ftags&post=4750"}],"curies":[{"name":"wp","href":"https:\/\/api.w.org\/{rel}","templated":true}]}}