{"id":4745,"date":"2018-02-03T18:45:15","date_gmt":"2018-02-03T17:45:15","guid":{"rendered":"http:\/\/blog.inmontanis.info\/?p=4745"},"modified":"2023-08-03T21:36:34","modified_gmt":"2023-08-03T19:36:34","slug":"haideralm-schoneben-3-2-2018","status":"publish","type":"post","link":"http:\/\/blog.inmontanis.info\/?p=4745","title":{"rendered":"Haideralm + Sch\u00f6neben, 3.2.2018"},"content":{"rendered":"<p>Am 3.2. ging&#8217;s mit der Saisonkarte zum Reschensee, genauer gesagt erst mal auf die Haideralm. Der obere SL ist dort ja leider seit heuer(?) stillgelegt, obwohl er im aktuellen Pistenplan noch eingezeichnet ist und lt. Schneebericht auf nauders.com sogar in Betrieb sein sollte. Hat aber nicht mal B\u00fcgel montiert. Das schr\u00e4nkt das eh schon kleine Skigebiet leider nochmals ein, wobei mir der alte Panorama-SL vom Lift her besser gefallen hat, aber von den Abfahrten hatte man mit dem stillgelegten Seeboden-SL nat\u00fcrlich noch etwas mehr Abwechslung. So blieb Haideralm leider weit hinter den Erwartungen, die ich beim Kauf der Ortler Saisonkarte zu Beginn der Saison hatte.<\/p>\n<p>(Fotos anklicken zum Vergr\u00f6\u00dfern.)<\/p>\n<p><a href='http:\/\/ski.inmontanis.info\/d\/241116-2\/ge20180203-18-b.jpg'><img src=http:\/\/ski.inmontanis.info\/d\/241115-3\/ge20180203-18-b.jpg \/><\/a><br \/>\n^ GPS-Track 3.2. und 18.2.2018 in Gelb und Orange, sowie in Blau anno 2011 &#8211; der obere SL ist ja leider mittlerweile stillgelegt :-(<\/p>\n<p><a href='http:\/\/ski.inmontanis.info\/d\/241120-2\/DSC06957.jpg'><img src=http:\/\/ski.inmontanis.info\/d\/241119-3\/DSC06957.jpg \/><\/a><br \/>\n^ Die 6EUB mit ihrer langen Abfahrt, immerhin wesentlich sch\u00f6ner als in Sch\u00f6neben, aber naja.<\/p>\n<p><a href='http:\/\/ski.inmontanis.info\/d\/241124-2\/DSC06968.jpg'><img src=http:\/\/ski.inmontanis.info\/d\/241123-3\/DSC06968.jpg \/><\/a><br \/>\n^ Abfahrt und Seeblick am Panorama-SL<\/p>\n<p><a href='http:\/\/ski.inmontanis.info\/d\/241128-2\/DSC06969.jpg'><img src=http:\/\/ski.inmontanis.info\/d\/241127-3\/DSC06969.jpg \/><\/a><br \/>\n^ SL Panorama, die linke H\u00e4lfte der Piste wird wohl gerade vereist, mit braunem Wasser<\/p>\n<p>Nach ein paar Abfahrten wollte ich nach Nauders fahren, denn es sollte der Gipfel-SL samt seiner Skirouten in Betrieb sein. Als ich am Parkplatz ankam, war aber gerade dieser rot markiert. Also Skier wieder eingepackt und \u00fcbern Reschen nach Sch\u00f6neben zur\u00fcck gefahren. Als ich dann sp\u00e4ter wieder \u00fcber die Grenze fuhr, hat mich der Z\u00f6llner befragt, warum ich denn heute 2x \u00fcber die Grenze gefahren sei &#8211; er hat meine Begr\u00fcndung mit dem stillgelegten Gipfel-SL aber eingesehen. (Ja, es wurde in und nur richtung \u00d6sterreich kontrolliert)<\/p>\n<p><a href='http:\/\/ski.inmontanis.info\/d\/241132-2\/ge20180203c.jpg'><img src=http:\/\/ski.inmontanis.info\/d\/241131-3\/ge20180203c.jpg \/><\/a><br \/>\n^ GPS-Track 3.2.2018 in Gelb, sowie in Blau anno 2011<\/p>\n<p><a href='http:\/\/ski.inmontanis.info\/d\/241136-2\/DSC06974.jpg'><img src=http:\/\/ski.inmontanis.info\/d\/241135-3\/DSC06974.jpg \/><\/a><br \/>\n^ 6EUB<\/p>\n<p><a href='http:\/\/ski.inmontanis.info\/d\/241140-2\/DSC06975.jpg'><img src=http:\/\/ski.inmontanis.info\/d\/241139-3\/DSC06975.jpg \/><\/a><br \/>\n^ An der Bergstation der EUB &#8211; es scheint wohl viel Schnee zu liegen :) Dahinter das \u00dcbungsgel\u00e4nde mit den 3 Sektionen F\u00f6rderband.<\/p>\n<p><a href='http:\/\/ski.inmontanis.info\/d\/241144-2\/DSC06976.jpg'><img src=http:\/\/ski.inmontanis.info\/d\/241143-3\/DSC06976.jpg \/><\/a><br \/>\n^ \u00dcbungsgel\u00e4nde F\u00f6rderband Sektion 1<\/p>\n<p><a href='http:\/\/ski.inmontanis.info\/d\/241148-2\/DSC06977.jpg'><img src=http:\/\/ski.inmontanis.info\/d\/241147-3\/DSC06977.jpg \/><\/a><br \/>\n^ \u00dcbungsgel\u00e4nde F\u00f6rderband Sektion 2<\/p>\n<p><a href='http:\/\/ski.inmontanis.info\/d\/241152-2\/DSC06978.jpg'><img src=http:\/\/ski.inmontanis.info\/d\/241151-3\/DSC06978.jpg \/><\/a><br \/>\n^ \u00dcbungsgel\u00e4nde F\u00f6rderband Sektion 3. Oben kann man dann rausqueren um zu der rechten KSB zu kommen.<\/p>\n<p><a href='http:\/\/ski.inmontanis.info\/d\/241156-2\/DSC06980.jpg'><img src=http:\/\/ski.inmontanis.info\/d\/241155-3\/DSC06980.jpg \/><\/a><br \/>\n^ Schilderwald im \u00dcbungsgel\u00e4nde.<\/p>\n<p><a href='http:\/\/ski.inmontanis.info\/d\/241160-2\/DSC06983.jpg'><img src=http:\/\/ski.inmontanis.info\/d\/241159-3\/DSC06983.jpg \/><\/a><br \/>\n^ Die linke 6KSB Joch hat leider nervige automatische Schlie\u00dfb\u00fcgel und diese nervigen Kid Stopper. Das beengt selbst ohne Rucksack, aber f\u00fcr den Rucksack brauch ich mal wieder einen freien Platz neben mir zum Schlie\u00dfen des B\u00fcgels. Warum tu ich mir diesen Schei\u00df an ..<\/p>\n<p><a href='http:\/\/ski.inmontanis.info\/d\/241164-2\/DSC06988.jpg'><img src=http:\/\/ski.inmontanis.info\/d\/241163-3\/DSC06988.jpg \/><\/a><br \/>\n^ 4KSB Rojen von der 3SB Zw\u00f6lferkopf, in Bildmitte die sch\u00f6ne Abfahrt H\u00fctteltal<\/p>\n<p><a href='http:\/\/ski.inmontanis.info\/d\/241168-2\/DSC06990.jpg'><img src=http:\/\/ski.inmontanis.info\/d\/241167-3\/DSC06990.jpg \/><\/a><br \/>\n^ 3SB Zw\u00f6lferkopf, leider nach wie vor nur eine parallele Abfahrt dem Lift hinunter. Langweilig&#8230;<\/p>\n<p><a href='http:\/\/ski.inmontanis.info\/d\/241172-2\/DSC06999.jpg'><img src=http:\/\/ski.inmontanis.info\/d\/241171-3\/DSC06999.jpg \/><\/a><br \/>\n^ Lt. Plan sollte es mittlerweile 2 Abfahrten an der 3SB Zw\u00f6lferkopf geben. Fehlanzeige, leider. Da k\u00f6nnte man sooo viel machen, mehrere Abfahrten von einem Panoramaskiweg nach rechts ins Tal hinter z.B.<\/p>\n<p><a href='http:\/\/ski.inmontanis.info\/d\/241176-2\/DSC07001.jpg'><img src=http:\/\/ski.inmontanis.info\/d\/241175-3\/DSC07001.jpg \/><\/a><br \/>\n^ 6KSB Fraiten mit Minifu\u00dfraster, aber nervig ist hier was anderes: Diese komischen, scharfkantigen Plastikteile unterm Sessel, die sich mir bei der ersten Fahrt beim Einsteigen und beim Aussteigen in  die Beine gerammt haben &#8211; danach hab ich mich halt nicht mehr in die Mitte gesetzt.<\/p>\n<p><a href='http:\/\/ski.inmontanis.info\/d\/241180-2\/DSC07005.jpg'><img src=http:\/\/ski.inmontanis.info\/d\/241179-3\/DSC07005.jpg \/><\/a><br \/>\n^ H\u00fctteltalabfahrt, die ist wirklich sehr nett.<\/p>\n<p><a href='http:\/\/ski.inmontanis.info\/d\/241184-2\/DSC07006.jpg'><img src=http:\/\/ski.inmontanis.info\/d\/241183-3\/DSC07006.jpg \/><\/a><br \/>\n^ 6KSB Fraiten und 4KSB Rojen<\/p>\n<p><a href='http:\/\/ski.inmontanis.info\/d\/241188-2\/DSC07009.jpg'><img src=http:\/\/ski.inmontanis.info\/d\/241187-3\/DSC07009.jpg \/><\/a><\/p>\n<p><a href='http:\/\/ski.inmontanis.info\/d\/241192-2\/DSC07010.jpg'><img src=http:\/\/ski.inmontanis.info\/d\/241191-3\/DSC07010.jpg \/><\/a><br \/>\n^ 3SB Zw\u00f6lferkopf. Da w\u00e4r noch Platz nach oben.<\/p>\n<p><a href='http:\/\/ski.inmontanis.info\/d\/241196-2\/DSC07012.jpg'><img src=http:\/\/ski.inmontanis.info\/d\/241195-3\/DSC07012.jpg \/><\/a><br \/>\n^ Blick von der Bergstation 4KSB Rojen zu den beiden 6KSBs und richtung Nauders<\/p>\n<p><a href='http:\/\/ski.inmontanis.info\/d\/241200-2\/DSC07013.jpg'><img src=http:\/\/ski.inmontanis.info\/d\/241199-3\/DSC07013.jpg \/><\/a><br \/>\n^ 4KSB Rojen<\/p>\n<p><a href='http:\/\/ski.inmontanis.info\/d\/241204-2\/DSC07014.jpg'><img src=http:\/\/ski.inmontanis.info\/d\/241203-3\/DSC07014.jpg \/><\/a><br \/>\n^ Talstationen 4KSB Rojen und 3SB Zw\u00f6lferkopf<\/p>\n<p><a href='http:\/\/ski.inmontanis.info\/d\/241208-2\/DSC07015.jpg'><img src=http:\/\/ski.inmontanis.info\/d\/241207-3\/DSC07015.jpg \/><\/a><br \/>\n^ Rojen<\/p>\n<p><a href='http:\/\/ski.inmontanis.info\/d\/241212-2\/DSC07017.jpg'><img src=http:\/\/ski.inmontanis.info\/d\/241211-3\/DSC07017.jpg \/><\/a><br \/>\n^ Blick zum Reschensee von einer leichten Au\u00dfenrum-Abfahrt an der nervigen 6KSB Joch<\/p>\n<p>Sch\u00f6neben h\u00e4tte ich ja nicht unbedingt besuchen wollen heuer, aber ich wollte irgendwie auch gerne den Vergleich haben. Nat\u00fcrlich hat mich hier einiges genervt, aber diese eine H\u00fctteltalabfahrt hat mir wirklich gut gefallen und in Summe fand ich es hier doch etwas besser als in Reinswald letztens. Und durch die Kastration der Haideralm ist diese auch etwas weniger empfehlenswert als bisher.<\/p>\n","protected":false},"excerpt":{"rendered":"<p>Am 3.2. ging&#8217;s mit der Saisonkarte zum Reschensee, genauer gesagt erst mal auf die Haideralm. Der obere SL ist dort ja leider seit heuer(?) stillgelegt, obwohl er im aktuellen Pistenplan noch eingezeichnet ist und lt. Schneebericht auf nauders.com sogar in Betrieb sein sollte. Hat aber nicht mal B\u00fcgel montiert. Das schr\u00e4nkt das eh schon kleine <a href=\"http:\/\/blog.inmontanis.info\/?p=4745\">[&#8230;]<\/a><\/p>\n","protected":false},"author":1,"featured_media":0,"comment_status":"closed","ping_status":"closed","sticky":false,"template":"","format":"standard","meta":{"footnotes":""},"categories":[478,15,25,396,27],"tags":[55,49,39,47],"class_list":["post-4745","post","type-post","status-publish","format-standard","hentry","category-haideralm","category-italienitaly","category-noreport","category-schoneben","category-skifahren-winterskiing-winter","tag-3sb","tag-4sb","tag-6eub","tag-sl","odd"],"_links":{"self":[{"href":"http:\/\/blog.inmontanis.info\/index.php?rest_route=\/wp\/v2\/posts\/4745","targetHints":{"allow":["GET"]}}],"collection":[{"href":"http:\/\/blog.inmontanis.info\/index.php?rest_route=\/wp\/v2\/posts"}],"about":[{"href":"http:\/\/blog.inmontanis.info\/index.php?rest_route=\/wp\/v2\/types\/post"}],"author":[{"embeddable":true,"href":"http:\/\/blog.inmontanis.info\/index.php?rest_route=\/wp\/v2\/users\/1"}],"replies":[{"embeddable":true,"href":"http:\/\/blog.inmontanis.info\/index.php?rest_route=%2Fwp%2Fv2%2Fcomments&post=4745"}],"version-history":[{"count":3,"href":"http:\/\/blog.inmontanis.info\/index.php?rest_route=\/wp\/v2\/posts\/4745\/revisions"}],"predecessor-version":[{"id":4748,"href":"http:\/\/blog.inmontanis.info\/index.php?rest_route=\/wp\/v2\/posts\/4745\/revisions\/4748"}],"wp:attachment":[{"href":"http:\/\/blog.inmontanis.info\/index.php?rest_route=%2Fwp%2Fv2%2Fmedia&parent=4745"}],"wp:term":[{"taxonomy":"category","embeddable":true,"href":"http:\/\/blog.inmontanis.info\/index.php?rest_route=%2Fwp%2Fv2%2Fcategories&post=4745"},{"taxonomy":"post_tag","embeddable":true,"href":"http:\/\/blog.inmontanis.info\/index.php?rest_route=%2Fwp%2Fv2%2Ftags&post=4745"}],"curies":[{"name":"wp","href":"https:\/\/api.w.org\/{rel}","templated":true}]}}