{"id":4711,"date":"2018-01-27T20:20:11","date_gmt":"2018-01-27T19:20:11","guid":{"rendered":"http:\/\/blog.inmontanis.info\/?p=4711"},"modified":"2023-08-05T14:55:32","modified_gmt":"2023-08-05T12:55:32","slug":"trafoi-minschuns-27-1-2018","status":"publish","type":"post","link":"http:\/\/blog.inmontanis.info\/?p=4711","title":{"rendered":"Trafoi &#038; Minschuns, 27.1.2018"},"content":{"rendered":"<p>Tag 1 von 3: Trafoi + Minschuns, 27.1.2018<\/p>\n<p>Sowohl in Trafoi, wie auch in Minschuns, war ich jeweils nur einmal, wollte aber zmindest nach Minschuns schon lange mal wieder. Gut, dass sich heuer mit der Saisonkarte die Gelegenheit bot. In Trafoi wurde ich bei meinem ersten Besuch ja etwas verarscht, da lt. Schneebericht beide SL h\u00e4tten laufen sollen, aber es nur einer tat (am anderen lag gar nicht mehr genut Schnee). Der, der damals nicht lief, wurde 2010 dann mit einer DSB ersetzt, die tiefer startet und ein bisschen weiter hinauf geht.<\/p>\n<p>Leider war die Beschilderung nicht ganz klar und ich nahm an, es g\u00e4be keine Parkpl\u00e4tze direkt am Lift, also nahm ich den oberen Parkplatz, weil zum unteren auch kein Weg von der Talabfahrt abzweigte und der Fu\u00dfweg steiler aussah. Die Pisten waren au\u00dfer am SL nicht frisch pr\u00e4pariert, somit waren die Pisten am SL die besten. Offpiste war&#8217;s auch nur am SL gut, sind ansonsten halt S\u00fcdh\u00e4nge. Aber trotzdem gefiel es mir heute recht gut hier, ich muss zwar nicht unbedingt l\u00e4nger als einen halben Tag hier bleiben, m\u00f6chte aber nochmal her &#8211; und es gefiel mir auch wesentlich besser als z.b. in Reinswald vor einer Woche.<\/p>\n<p>(Fotos anklicken zum Vergr\u00f6\u00dfern)<\/p>\n<p><a href='http:\/\/extra.inmontanis.info\/d\/46029-3\/ge20180127-29b.jpg'><img src=http:\/\/extra.inmontanis.info\/d\/46028-4\/ge20180127-29b.jpg \/><\/a><br \/>\n^ Fahrstrecke des verl\u00e4ngerten WE 27.-29.1.2018<br \/>\nA) Trafoi<br \/>\nB) Minschuns<\/p>\n<p><a href='http:\/\/extra.inmontanis.info\/d\/46033-3\/DSC06506.jpg'><img src=http:\/\/extra.inmontanis.info\/d\/46032-4\/DSC06506.jpg \/><\/a><br \/>\n^ In Nauders und am Reschen liegt heuer recht viel Schnee. Die Wolken da hinten am Ortler gingen zum Gl\u00fcck bald weg..<\/p>\n<p><a href='http:\/\/ski.inmontanis.info\/d\/239632-2\/ge20180127a.jpg'><img src=http:\/\/ski.inmontanis.info\/d\/239631-3\/ge20180127a.jpg \/><\/a><br \/>\n^ GPS-Track 27.1.2018 (Gelb) und vorheriger Besuch (2007) in Blau<\/p>\n<p><a href='http:\/\/ski.inmontanis.info\/d\/239636-2\/DSC06509.jpg'><img src=http:\/\/ski.inmontanis.info\/d\/239635-3\/DSC06509.jpg \/><\/a><br \/>\n^ Direkt an der Talstation gibt&#8217;s mittlerweile einen Parkplatz, das war von den Schildern her aber nicht so eindeutig zu erkennen (aber immerhin konnte ich zu meinem Parkplatz dann sp\u00e4ter auch querfeldein abfahren. Zum (neuen?) unteren gibt&#8217;s wohl leider keinen Skiweg.)<\/p>\n<p><a href='http:\/\/ski.inmontanis.info\/d\/239640-2\/DSC06510.jpg'><img src=http:\/\/ski.inmontanis.info\/d\/239639-3\/DSC06510.jpg \/><\/a><br \/>\n^ Talabfahrt<\/p>\n<p><a href='http:\/\/ski.inmontanis.info\/d\/239644-2\/DSC06513.jpg'><img src=http:\/\/ski.inmontanis.info\/d\/239643-3\/DSC06513.jpg \/><\/a><br \/>\n^ Die Sessel der sehr langen DSB Sektion 1 wurden zwischenzeitlich auch mal ausgetauscht.<\/p>\n<p><a href='http:\/\/ski.inmontanis.info\/d\/239648-2\/DSC06522.jpg'><img src=http:\/\/ski.inmontanis.info\/d\/239647-3\/DSC06522.jpg \/><\/a><br \/>\n^ Bergstation Sektion 1<\/p>\n<p><a href='http:\/\/ski.inmontanis.info\/d\/239652-2\/DSC06525.jpg'><img src=http:\/\/ski.inmontanis.info\/d\/239651-3\/DSC06525.jpg \/><\/a><br \/>\n^ SL Sch\u00f6lmental<\/p>\n<p><a href='http:\/\/ski.inmontanis.info\/d\/239656-2\/DSC06528.jpg'><img src=http:\/\/ski.inmontanis.info\/d\/239655-3\/DSC06528.jpg \/><\/a><br \/>\n^ SL Sch\u00f6lmental, schon wirklich sch\u00f6n gelegen<\/p>\n<p><a href='http:\/\/ski.inmontanis.info\/d\/239660-2\/DSC06529.jpg'><img src=http:\/\/ski.inmontanis.info\/d\/239659-3\/DSC06529.jpg \/><\/a><br \/>\n^ SL Sch\u00f6lmental vs. Ortler<\/p>\n<p><a href='http:\/\/ski.inmontanis.info\/d\/239664-2\/DSC06530.jpg'><img src=http:\/\/ski.inmontanis.info\/d\/239663-3\/DSC06530.jpg \/><\/a><br \/>\n^ Die Abfahrten am SL Sch\u00f6lmental waren leider die einzigen, die frisch pr\u00e4pariert waren. Gegen\u00fcber die f\u00fcr mich neue DSB Sch\u00f6nblick, die leider auch nur ca. 2 Abfahrten hat, da h\u00e4tte man auch mehr machen k\u00f6nnen, z.B. noch eine links von der DSB.<\/p>\n<p><a href='http:\/\/ski.inmontanis.info\/d\/239668-2\/DSC06533.jpg'><img src=http:\/\/ski.inmontanis.info\/d\/239667-3\/DSC06533.jpg \/><\/a><br \/>\n^ Die Talstation DSB Sch\u00f6nblick liegt ein St\u00fcck unter der  Bergstation der 1. Sektion &#8211; somit f\u00fcr einen Sommerbetrieb nicht sehr geeignet<\/p>\n<p><a href='http:\/\/ski.inmontanis.info\/d\/239672-2\/DSC06535.jpg'><img src=http:\/\/ski.inmontanis.info\/d\/239671-3\/DSC06535.jpg \/><\/a><br \/>\n^ Der Weg links vom SL (zur Talabfahrt) ist jetzt kein Skiweg\/Abfahrt mehr.<\/p>\n<p><a href='http:\/\/ski.inmontanis.info\/d\/239676-2\/DSC06540.jpg'><img src=http:\/\/ski.inmontanis.info\/d\/239675-3\/DSC06540.jpg \/><\/a><br \/>\n^ R\u00fcckseitenpano von der oberen DSB<\/p>\n<p><a href='http:\/\/ski.inmontanis.info\/d\/239680-2\/DSC06542.jpg'><img src=http:\/\/ski.inmontanis.info\/d\/239679-3\/DSC06542.jpg \/><\/a><br \/>\n^ DSB Sch\u00f6nblick (und SL ist auch zu sehen dahinter)<\/p>\n<p><a href='http:\/\/ski.inmontanis.info\/d\/239684-2\/DSC06543.jpg'><img src=http:\/\/ski.inmontanis.info\/d\/239683-3\/DSC06543.jpg \/><\/a><br \/>\n^ Blick zum Ortler und zum Stilfserjoch<\/p>\n<p><a href='http:\/\/ski.inmontanis.info\/d\/239688-2\/DSC06550.jpg'><img src=http:\/\/ski.inmontanis.info\/d\/239687-3\/DSC06550.jpg \/><\/a><br \/>\n^ Die rechte Abfahrt an der oberen DSB geht immerhin ein wenig au\u00dfenrum, was die Sache etwas interessanter macht<\/p>\n<p><a href='http:\/\/ski.inmontanis.info\/d\/239692-2\/DSC06551.jpg'><img src=http:\/\/ski.inmontanis.info\/d\/239691-3\/DSC06551.jpg \/><\/a><br \/>\n^ DSB Sch\u00f6nblick von der rechten Abfahrt<\/p>\n<p><a href='http:\/\/ski.inmontanis.info\/d\/239612-2\/DSC06544.jpg'><img src=http:\/\/ski.inmontanis.info\/d\/239611-3\/DSC06544.jpg \/><\/a><br \/>\n^ Zoom Stilfserjoch-Skigebiet von Trafoi<\/p>\n<p><a href='http:\/\/ski.inmontanis.info\/d\/239616-2\/DSC06546.jpg'><img src=http:\/\/ski.inmontanis.info\/d\/239615-3\/DSC06546.jpg \/><\/a><br \/>\n^ Zoom Livrio von Trafoi<\/p>\n<p><a href='http:\/\/ski.inmontanis.info\/d\/239620-2\/DSC06548.jpg'><img src=http:\/\/ski.inmontanis.info\/d\/239619-3\/DSC06548.jpg \/><\/a><br \/>\n^ Zoom Geister-SL von Trafoi<\/p>\n<p><a href='http:\/\/ski.inmontanis.info\/d\/239624-2\/DSC06554.jpg'><img src=http:\/\/ski.inmontanis.info\/d\/239623-3\/DSC06554.jpg \/><\/a><br \/>\n^ Zoom Trincerone von Trafoi<\/p>\n<p><a href='http:\/\/ski.inmontanis.info\/d\/239696-2\/DSC06555.jpg'><img src=http:\/\/ski.inmontanis.info\/d\/239695-3\/DSC06555.jpg \/><\/a><br \/>\n^ SL Sch\u00f6lmental<\/p>\n<p><a href='http:\/\/ski.inmontanis.info\/d\/239700-2\/DSC06558.jpg'><img src=http:\/\/ski.inmontanis.info\/d\/239699-3\/DSC06558.jpg \/><\/a><br \/>\n^ DSB Sektion 1<\/p>\n<p><a href='http:\/\/ski.inmontanis.info\/d\/239704-2\/DSC06561.jpg'><img src=http:\/\/ski.inmontanis.info\/d\/239703-3\/DSC06561.jpg \/><\/a><br \/>\n^ SL Sch\u00f6lmental, ganz klar das Highlight hier ;)<\/p>\n<p><a href='http:\/\/ski.inmontanis.info\/d\/239708-2\/DSC06562.jpg'><img src=http:\/\/ski.inmontanis.info\/d\/239707-3\/DSC06562.jpg \/><\/a><br \/>\n^ Die Talabfahrt ist dann weniger spannend, weder zur Mittelstation noch ganz runter.<\/p>\n<p><a href='http:\/\/ski.inmontanis.info\/d\/239712-2\/DSC06571.jpg'><img src=http:\/\/ski.inmontanis.info\/d\/239711-3\/DSC06571.jpg \/><\/a><br \/>\n^ Mittelstation DSB Sektion 1, gef\u00fchlt ziemlich weit, aber die DSB ist ca. 2km lang und somit ist die Mittelstation sogar fast in der Mitte.<\/p>\n<p><a href='http:\/\/ski.inmontanis.info\/d\/239716-2\/IMG_4382.jpg'><img src=http:\/\/ski.inmontanis.info\/d\/239715-3\/IMG_4382.jpg \/><\/a><br \/>\n^ Wenn sich das bl\u00f6de WC-Licht nach gestoppten 35sec immer wieder ausschaltet und man keinen Skistecken mitgenommen hat .. ist&#8217;s gut, wenn man eine Tin-Whistle einstecken hat ;-)<\/p>\n<p><a href='http:\/\/ski.inmontanis.info\/d\/239720-2\/DSC06574.jpg'><img src=http:\/\/ski.inmontanis.info\/d\/239719-3\/DSC06574.jpg \/><\/a><br \/>\n^ SL Sch\u00f6lmental vs. Ortler, idyllisch<\/p>\n<p><a href='http:\/\/ski.inmontanis.info\/d\/239724-2\/DSC06579.jpg'><img src=http:\/\/ski.inmontanis.info\/d\/239723-3\/DSC06579.jpg \/><\/a><br \/>\n^ SL Sch\u00f6lmental<\/p>\n<p><a href='http:\/\/ski.inmontanis.info\/d\/239728-2\/DSC06580.jpg'><img src=http:\/\/ski.inmontanis.info\/d\/239727-3\/DSC06580.jpg \/><\/a><br \/>\n^ SL Sch\u00f6lmental vs. Ortler, ein letztes Mal.<\/p>\n<p><a href='http:\/\/ski.inmontanis.info\/d\/239732-2\/DSC06583.jpg'><img src=http:\/\/ski.inmontanis.info\/d\/239731-3\/DSC06583.jpg \/><\/a><br \/>\n^ DSB Sch\u00f6nblick\/Belvedere<\/p>\n<p><a href='http:\/\/ski.inmontanis.info\/d\/239736-2\/DSC06584.jpg'><img src=http:\/\/ski.inmontanis.info\/d\/239735-3\/DSC06584.jpg \/><\/a><br \/>\n^ Talabfahrt. Die Trasse der DSB am schr\u00e4gen Hang und die leichte Abfahrt erinnerten mich glatt ein wenig an Kramsach.<\/p>\n<p><a href='http:\/\/ski.inmontanis.info\/d\/239740-2\/DSC06586.jpg'><img src=http:\/\/ski.inmontanis.info\/d\/239739-3\/DSC06586.jpg \/><\/a><br \/>\n^ Trafoi<\/p>\n<p>Zu Mittag ging&#8217;s noch nach Minschuns in der Schweiz am Ofenpass, wo ich mit der Ortler-Saisonkarte dann einen lokalen Digitix &#8211; Skipass erhielt. Am mittleren SL war einiges los und die Lauferei zum oberen SL und die dort recht flachen Pisten &#8211; naja, blieb leider doch etwas hinter den Erwartungen. Also Bivio als ebenfalls 3-SL-Gebiet fand ich da letztes Jahr doch viel interessanter. Und Trafoi gefiel mir von der Lage her auch besser, wobei Minschuns nat\u00fcrlich wesentlich mehr Pistenauswahl hat.<\/p>\n<p><a href='http:\/\/ski.inmontanis.info\/d\/239744-2\/DSC06588.jpg'><img src=http:\/\/ski.inmontanis.info\/d\/239743-3\/DSC06588.jpg \/><\/a><br \/>\n^ Die Zufahrt ins Skigebiet Minschuns ist weiterhin unger\u00e4umt<\/p>\n<p><a href='http:\/\/ski.inmontanis.info\/d\/239748-2\/DSC06592.jpg'><img src=http:\/\/ski.inmontanis.info\/d\/239747-3\/DSC06592.jpg \/><\/a><br \/>\n^ Um 13 Uhr war der erste\/obere Parkplatz noch leer; der am Lift auch nicht wirklich voll. Parkpl\u00e4tze sind hier gratis, was man bekanntlich in der Schweiz extra erw\u00e4hnen muss.<\/p>\n<p><a href='http:\/\/ski.inmontanis.info\/d\/239752-2\/DSC06593.jpg'><img src=http:\/\/ski.inmontanis.info\/d\/239751-3\/DSC06593.jpg \/><\/a><br \/>\n^ Pistenplan. Das SB-Projekt von Alp Champatsch wurde ausradiert, die Skiroute dort hinten rum wohl nur noch ein Wanderweg bzw. im aktuellen Pistenplan verschwunden, scheint aber oben ausgesteckt (war aber heute gesperrt).<\/p>\n<p><a href='http:\/\/ski.inmontanis.info\/d\/239756-2\/ge20180127b.jpg'><img src=http:\/\/ski.inmontanis.info\/d\/239755-3\/ge20180127b.jpg \/><\/a><br \/>\n^ GPS-Track 27.1.2018 (Gelb) und vorheriger Besuch (2007) in Blau<\/p>\n<p><a href='http:\/\/ski.inmontanis.info\/d\/239760-2\/DSC06594.jpg'><img src=http:\/\/ski.inmontanis.info\/d\/239759-3\/DSC06594.jpg \/><\/a><br \/>\n^ Digitix-Zutrittsleser, immer wieder sch\u00f6n, wenn man au\u00dfer Skidata mal was anderes sieht.<\/p>\n<p><a href='http:\/\/ski.inmontanis.info\/d\/239764-2\/DSC06651.jpg'><img src=http:\/\/ski.inmontanis.info\/d\/239763-3\/DSC06651.jpg \/><\/a><br \/>\n^ Da wohl die Ortlerarena-Skidata-Karte vom Leser nicht gelesen werden kann (obwohl es hier wohl durchaus auch Handsfree-Karten gibt), erh\u00e4lt man eben einen gratis Skipass.<\/p>\n<p><a href='http:\/\/ski.inmontanis.info\/d\/239768-2\/DSC06595.jpg'><img src=http:\/\/ski.inmontanis.info\/d\/239767-3\/DSC06595.jpg \/><\/a><br \/>\n^ SL Sektion 1 und 2<\/p>\n<p><a href='http:\/\/ski.inmontanis.info\/d\/239772-2\/DSC06596.jpg'><img src=http:\/\/ski.inmontanis.info\/d\/239771-3\/DSC06596.jpg \/><\/a><br \/>\n^ Die diagonale schwarze Abfahrt (wo auch immer die schwarz sein soll :) ) konnte ich letztes Mal ja nicht fahren, heute also Premiere<\/p>\n<p><a href='http:\/\/ski.inmontanis.info\/d\/239776-2\/DSC06597.jpg'><img src=http:\/\/ski.inmontanis.info\/d\/239775-3\/DSC06597.jpg \/><\/a><br \/>\n^ SL Sektion 2, leider immer wieder Wartezeiten, weil die bl\u00f6den Kids f\u00fcr den \u00dcbungshang nicht den Ponylift genommen hatten, sondern immer den SL nehmen wollten.<\/p>\n<p><a href='http:\/\/ski.inmontanis.info\/d\/239780-2\/DSC06599.jpg'><img src=http:\/\/ski.inmontanis.info\/d\/239779-3\/DSC06599.jpg \/><\/a><br \/>\n^ Blick vom 2. SL zum 3. SL und einigen Abfahrten<\/p>\n<p><a href='http:\/\/ski.inmontanis.info\/d\/239784-2\/DSC06604.jpg'><img src=http:\/\/ski.inmontanis.info\/d\/239783-3\/DSC06604.jpg \/><\/a><br \/>\n^ R\u00fcckseitenpano<\/p>\n<p><a href='http:\/\/ski.inmontanis.info\/d\/239788-2\/DSC06605.jpg'><img src=http:\/\/ski.inmontanis.info\/d\/239787-3\/DSC06605.jpg \/><\/a><br \/>\n^ R\u00fcckseitenpano \/ Variante Alp Champatsch (dzt. gesperrt) \/ Ortler<\/p>\n<p><a href='http:\/\/ski.inmontanis.info\/d\/239792-2\/DSC06606.jpg'><img src=http:\/\/ski.inmontanis.info\/d\/239791-3\/DSC06606.jpg \/><\/a><br \/>\n^ SL Sektion 3, leider nur mit Schieben und etwas Bergaufgehen zu erreichen. Und die Abfahrten parallel zum Lift sind zumeist auch sehr flach<\/p>\n<p><a href='http:\/\/ski.inmontanis.info\/d\/239796-2\/DSC06608.jpg'><img src=http:\/\/ski.inmontanis.info\/d\/239795-3\/DSC06608.jpg \/><\/a><br \/>\n^ SL Sektion 3 mit Kurve<\/p>\n<p><a href='http:\/\/ski.inmontanis.info\/d\/239800-2\/DSC06609.jpg'><img src=http:\/\/ski.inmontanis.info\/d\/239799-3\/DSC06609.jpg \/><\/a><br \/>\n^ SL Sektion 3, schaut irgendwie steiler aus, als es sich anf\u00fchlt.<\/p>\n<p><a href='http:\/\/ski.inmontanis.info\/d\/239804-2\/DSC06610.jpg'><img src=http:\/\/ski.inmontanis.info\/d\/239803-3\/DSC06610.jpg \/><\/a><br \/>\n^ SL Sektion 3<\/p>\n<p><a href='http:\/\/ski.inmontanis.info\/d\/239808-2\/DSC06614.jpg'><img src=http:\/\/ski.inmontanis.info\/d\/239807-3\/DSC06614.jpg \/><\/a><br \/>\n^ Schwarze Diagonal-Abfahrt vom 3. SL zum 1. SL<\/p>\n<p><a href='http:\/\/ski.inmontanis.info\/d\/239812-2\/DSC06615.jpg'><img src=http:\/\/ski.inmontanis.info\/d\/239811-3\/DSC06615.jpg \/><\/a><br \/>\n^ Schwarze Diagonal-Abfahrt vom 3. SL zum 1. SL, ist aber nicht wirklich schwarz, da gibt&#8217;s anderswo rote, die sind viel steiler. Aber trotzdem die sch\u00f6nste Abfahrt im Skigebiet.<\/p>\n<p><a href='http:\/\/ski.inmontanis.info\/d\/239816-2\/DSC06617.jpg'><img src=http:\/\/ski.inmontanis.info\/d\/239815-3\/DSC06617.jpg \/><\/a><br \/>\n^ SL Sektion 2, dahinter der 3. SL<\/p>\n<p><a href='http:\/\/ski.inmontanis.info\/d\/239820-2\/DSC06618.jpg'><img src=http:\/\/ski.inmontanis.info\/d\/239819-3\/DSC06618.jpg \/><\/a><br \/>\n^ Abfahrt SL Sektion 2<\/p>\n<p><a href='http:\/\/ski.inmontanis.info\/d\/239628-2\/DSC06620.jpg'><img src=http:\/\/ski.inmontanis.info\/d\/239627-3\/DSC06620.jpg \/><\/a><br \/>\n^ Zoom Stilfserjoch-Skigebiet (Livrio \/ Geister-SL) von Minschuns<\/p>\n<p><a href='http:\/\/ski.inmontanis.info\/d\/239824-2\/DSC06623.jpg'><img src=http:\/\/ski.inmontanis.info\/d\/239823-3\/DSC06623.jpg \/><\/a><br \/>\n^ SL Sektion 3 und Verbindung r\u00fcber vom 2. SL. Ja, auch wenn man da in Schuss f\u00e4hrt, war es nicht zu schaffen.<\/p>\n<p><a href='http:\/\/ski.inmontanis.info\/d\/239828-2\/DSC06626.jpg'><img src=http:\/\/ski.inmontanis.info\/d\/239827-3\/DSC06626.jpg \/><\/a><br \/>\n^ SL Sektion 3, f\u00fchlt sich irgendwie als Verbindungslift an. Vielleicht h\u00e4tte man da mal noch was erschlie\u00dfen wollen? Die H\u00e4nge rechts?<\/p>\n<p><a href='http:\/\/ski.inmontanis.info\/d\/239832-3\/DSC06628.jpg'><img src=http:\/\/ski.inmontanis.info\/d\/239831-4\/DSC06628.jpg \/><\/a><br \/>\n^ SL Sektion 3, dahinter w\u00e4re jedenfalls auch ein sch\u00f6nes Becken f\u00fcr einen zus\u00e4tzlichen Lift ..<\/p>\n<p><a href='http:\/\/ski.inmontanis.info\/d\/239836-3\/DSC06629.jpg'><img src=http:\/\/ski.inmontanis.info\/d\/239835-4\/DSC06629.jpg \/><\/a><br \/>\n^ Hinterm 3. SL.<br \/>\n.. Ob hier wohl mal noch eine Erweiterung geplant war?<\/p>\n<p><a href='http:\/\/ski.inmontanis.info\/d\/239840-3\/DSC06633.jpg'><img src=http:\/\/ski.inmontanis.info\/d\/239839-4\/DSC06633.jpg \/><\/a><br \/>\n^ Farbigen Glitzerschnee gab&#8217;s heute auch mal wieder<\/p>\n<p><a href='http:\/\/ski.inmontanis.info\/d\/239844-3\/DSC06639.jpg'><img src=http:\/\/ski.inmontanis.info\/d\/239843-4\/DSC06639.jpg \/><\/a><br \/>\n^ Kunst im Schnee ;-)<\/p>\n<p>Kleines Dashcam-Video, haupts\u00e4chlich von der Zufahrt in Minschuns:<br \/>\n<object style=\"height: 500px; width: 900px\"><param name=\"movie\" value=\"http:\/\/www.youtube.com\/v\/gWkuCYrUsfU\"><\/param><param name=\"wmode\" value=\"transparent\"><\/param><embed src=\"http:\/\/www.youtube.com\/v\/gWkuCYrUsfU\" type=\"application\/x-shockwave-flash\" wmode=\"transparent\"  width=\"900\" height=\"480\"><\/embed><\/object><\/p>\n<p>Da ich morgen nach Braunwald will, hatte ich auf der Suche nach einem halbwegs g\u00fcnstigen Hotel eines am Walensee gebucht &#8211; knapp 60,- \u20ac inkl. Fr\u00fchst\u00fcck und Du\/WC am Zimmer war dann doch besser als 35,- \u20ac ohne Fr\u00fchst\u00fcck und mit Gemeinschafts-DU\/WC. <\/p>\n<p>Dass ich zum Abendessen in meinem Hotel keine \u00c4lplermakkaroni bekommen werde, wusste ich (Speisekarte im Internet gelesen), aber auf dem Weg hab ich nach dem Tanken bis zur Autobahn dann auch nichts mehr mit freiem Parkplatz gehabt &#8211; also hab ich eines der tamilischen Speisen hier im Hotel gekostet &#8211; war sehr lecker.<\/p>\n<p>WLan im Restaurant mit schlechtem Empfang, aber ab 2 Balken recht schnell; im Zimmer dann bei vollen Balken ging leider gar nix &#8211; weder am iPhone noch am PC, erst am n\u00e4chsten Morgen. Aber egal, das morgige Zimmer hab ich ja bereits gebucht und ich hab eh entweder an den Fotos von letzter Woche und\/oder an Dashcam- und Skivideos aus Kirgisistan zu arbeiten.. <\/p>\n<p><a href='http:\/\/extra.inmontanis.info\/d\/46037-3\/IMG_4385.jpg'><img src=http:\/\/extra.inmontanis.info\/d\/46036-4\/IMG_4385.jpg \/><\/a><br \/>\n^ Mittlerweile hab ich&#8217;s mit den R\u00fccksitzen im Ignis so, dass ich nur den linken montiert hab. Rechts unter den Skiern und 2 Handt\u00fcchern liegt jetzt, festgezurrt, mein Ersatz-Rad (Winterrad).<\/p>\n<p><a href='http:\/\/extra.inmontanis.info\/d\/46041-3\/IMG_4386.jpg'><img src=http:\/\/extra.inmontanis.info\/d\/46040-4\/IMG_4386.jpg \/><\/a><br \/>\n^ Tamilisches Essen im Schweizer Hotel (die Inhaber\/P\u00e4chter kommen wohl daher). War sehr lecker.<\/p>\n<p><a href='http:\/\/extra.inmontanis.info\/d\/46045-3\/DSC06650.jpg'><img src=http:\/\/extra.inmontanis.info\/d\/46044-4\/DSC06650.jpg \/><\/a><br \/>\n^ Das Zimmer einfach und ohne TV (st\u00f6rt mich nicht, brauch ich nicht) und leider auch ohne Schreibtisch<\/p>\n<p>Fr\u00fchst\u00fcck ab 8 Uhr, 1 TK-Aufback-Semmel (evtl. weil Sonntag), 1 Croissant, 3 Scheiben Brot, Schinken, K\u00e4se, Salami, 2 Marmeladen, Kakao, Saft. Zum satt werden hat&#8217;s gereicht.<\/p>\n<p>(Fortsetzung folgt.)<\/p>\n","protected":false},"excerpt":{"rendered":"<p>Tag 1 von 3: Trafoi + Minschuns, 27.1.2018<\/p>\n<p>Sowohl in Trafoi, wie auch in Minschuns, war ich jeweils nur einmal, wollte aber zmindest nach Minschuns schon lange mal wieder. Gut, dass sich heuer mit der Saisonkarte die Gelegenheit bot. In Trafoi wurde ich bei meinem ersten Besuch ja etwas verarscht, da lt. Schneebericht beide SL <a href=\"http:\/\/blog.inmontanis.info\/?p=4711\">[&#8230;]<\/a><\/p>\n","protected":false},"author":1,"featured_media":0,"comment_status":"closed","ping_status":"closed","sticky":false,"template":"","format":"standard","meta":{"footnotes":""},"categories":[15,722,59,14,27,383,81],"tags":[],"class_list":["post-4711","post","type-post","status-publish","format-standard","hentry","category-italienitaly","category-minschuns","category-nostalgie","category-swiss","category-skifahren-winterskiing-winter","category-trafoi","category-kurztrips","odd"],"_links":{"self":[{"href":"http:\/\/blog.inmontanis.info\/index.php?rest_route=\/wp\/v2\/posts\/4711","targetHints":{"allow":["GET"]}}],"collection":[{"href":"http:\/\/blog.inmontanis.info\/index.php?rest_route=\/wp\/v2\/posts"}],"about":[{"href":"http:\/\/blog.inmontanis.info\/index.php?rest_route=\/wp\/v2\/types\/post"}],"author":[{"embeddable":true,"href":"http:\/\/blog.inmontanis.info\/index.php?rest_route=\/wp\/v2\/users\/1"}],"replies":[{"embeddable":true,"href":"http:\/\/blog.inmontanis.info\/index.php?rest_route=%2Fwp%2Fv2%2Fcomments&post=4711"}],"version-history":[{"count":3,"href":"http:\/\/blog.inmontanis.info\/index.php?rest_route=\/wp\/v2\/posts\/4711\/revisions"}],"predecessor-version":[{"id":4714,"href":"http:\/\/blog.inmontanis.info\/index.php?rest_route=\/wp\/v2\/posts\/4711\/revisions\/4714"}],"wp:attachment":[{"href":"http:\/\/blog.inmontanis.info\/index.php?rest_route=%2Fwp%2Fv2%2Fmedia&parent=4711"}],"wp:term":[{"taxonomy":"category","embeddable":true,"href":"http:\/\/blog.inmontanis.info\/index.php?rest_route=%2Fwp%2Fv2%2Fcategories&post=4711"},{"taxonomy":"post_tag","embeddable":true,"href":"http:\/\/blog.inmontanis.info\/index.php?rest_route=%2Fwp%2Fv2%2Ftags&post=4711"}],"curies":[{"name":"wp","href":"https:\/\/api.w.org\/{rel}","templated":true}]}}