{"id":4701,"date":"2018-01-21T23:00:57","date_gmt":"2018-01-21T22:00:57","guid":{"rendered":"http:\/\/blog.inmontanis.info\/?p=4701"},"modified":"2023-08-02T21:52:01","modified_gmt":"2023-08-02T19:52:01","slug":"meran-21-1-2018","status":"publish","type":"post","link":"http:\/\/blog.inmontanis.info\/?p=4701","title":{"rendered":"Meran, 21.1.2018"},"content":{"rendered":"<p>Am 21.1.2018 sollte es endlich so weit sein: Mein erster Skitag in Meran 2000. Dass es hier ein Skigebiet gibt, wusste ich schon seit ca. den 1980ern. Und sp\u00e4testens irgendwann seit dem Alpinforum wollte ich hier auch immer mal zum Skifahren her &#8211; aber immer, wenn ich mal daran dachte und geschaut hatte, war entweder nicht genug Schnee, oder sie hatten schon geschlossen (weil Saisonschluss bereits im M\u00e4rz ist). Dank Ortler Saisonkarte heuer war die Sache geritzt.<\/p>\n<p>Fr\u00fchst\u00fcck gab&#8217;s im Hotel im Sarntal erst ab 8 Uhr &#8211; das wusste ich aber, somit w\u00fcrde ich erst um\/nach 10 Uhr in Meran sein. Aber wetterm\u00e4\u00dfig soll&#8217;s morgens eh noch schlechter sein und Meran ist ja jetzt auch nicht so riesig. \u00dcber Nacht gab es ca. 15cm Neuschnee und das Fr\u00fchst\u00fccksbuffet war durchaus gro\u00df. Leider blieb das Wetter fast den ganzen Tag \u00fcber stark bew\u00f6lkt ohne viel Sonne, zudem war es kalt und einen starken Wind gab&#8217;s auch noch (und ich hatte die falsche Kleidung dabei und z.B. die heizbaren Handschuhe daheim vergessen).<\/p>\n<p>F\u00fcr so eine eher kleine Saisonkarte wie die Ortler Arena gibt es erstaunlich viele Skigebiete mit (Zubringer-) Pendelbahnen: Sulden, Schnalstaler Gletscher, Vigiljoch (gestern) und eben auch Meran 2000. Wobei man ja auch zur 8EUB Talstation fahren k\u00f6nnte, was ich erst vor hatte, aber davon wurde in diversen Berichten im Alpinforum abgeraten. Gut so, denn die PB f\u00fchrt durch\/\u00fcber eine recht nette Schlucht und f\u00e4hrt nebenbei im 15-Minuten-Takt.<\/p>\n<p>Im vorderen Teil gibt es zum Skifahren die 8EUB, deren Abfahrt unten leider arg flach ist, und eine ab der H\u00e4lfte parallele DSB, wo man stattdessen auch eine Mittelstation an der 8EUB h\u00e4tte einbauen k\u00f6nnen (was heute w\u00e4rmer gewesen w\u00e4re). Da das Wetter in diesem Bereich (nicht nur) morgens besser war, fuhr ich erst mal hier ein paar mal, bevor ich die lange 3SB zum hinteren Skigebietsteil auf mich nahm.<\/p>\n<p>Der hintere Sektor gefiel mir dann nat\u00fcrlich viel besser, eine gro\u00dfe, heute etwas einsamere Schneesch\u00fcssel mit 3 Sesselliften in diversen Richtungen, allerdings noch ausbauf\u00e4hig (zumindest mal an den DSBs k\u00f6nnte man noch 1-2 zus\u00e4tzliche Abfahrten machen). Wenn es nur nicht so kalt gewesen w\u00e4re. Bin mittags sogar zum Essen eingekehrt, um mich aufzuw\u00e4rmen. Immerhin hatte die 4KSB Hauben.<\/p>\n<p>(Fotos anklicken zum Vergr\u00f6\u00dfern.)<\/p>\n<p><a href='http:\/\/extra.inmontanis.info\/d\/46009-2\/IMG_4354.jpg'><img src=http:\/\/extra.inmontanis.info\/d\/46008-3\/IMG_4354.jpg \/><\/a><br \/>\n^ Ordentliche Packung Neuschnee \u00fcber Nacht im Sarntal gegeben. Ahja, die Radzierblenden muss ich auch mal wieder montieren ..<\/p>\n<p><a href='http:\/\/extra.inmontanis.info\/d\/46013-2\/DSC06386.jpg'><img src=http:\/\/extra.inmontanis.info\/d\/46012-3\/DSC06386.jpg \/><\/a><br \/>\n^ Auf der MeBo, oder eher BoMe, weil ich ja von Bozen nach Meran unterwegs war ;) Ja, weiter im S\u00fcden h\u00e4tte es mehr Sonne gegeben, aber vmtl. auch mehr Wind ..<\/p>\n<p><a href='http:\/\/ski.inmontanis.info\/d\/238885-2\/DSC06392.jpg'><img src=http:\/\/ski.inmontanis.info\/d\/238884-3\/DSC06392.jpg \/><\/a><br \/>\n^ PB Parkplatz (keine Talabfahrt)<\/p>\n<p><a href='http:\/\/ski.inmontanis.info\/d\/238889-2\/DSC06393.jpg'><img src=http:\/\/ski.inmontanis.info\/d\/238888-3\/DSC06393.jpg \/><\/a><br \/>\n^ Talstation PB<\/p>\n<p><a href='http:\/\/ski.inmontanis.info\/d\/238893-2\/DSC06395.jpg'><img src=http:\/\/ski.inmontanis.info\/d\/238892-3\/DSC06395.jpg \/><\/a><br \/>\n^ Talstation PB, trotz des Neubaus mit Schiebeperron<\/p>\n<p><a href='http:\/\/ski.inmontanis.info\/d\/238897-2\/DSC06400.jpg'><img src=http:\/\/ski.inmontanis.info\/d\/238896-3\/DSC06400.jpg \/><\/a><br \/>\n^ PB Talblick<\/p>\n<p><a href='http:\/\/ski.inmontanis.info\/d\/238901-2\/DSC06403.jpg'><img src=http:\/\/ski.inmontanis.info\/d\/238900-3\/DSC06403.jpg \/><\/a><br \/>\n^ PB Zwischenstation (einseitig)<\/p>\n<p><a href='http:\/\/ski.inmontanis.info\/d\/238905-2\/DSC06405.jpg'><img src=http:\/\/ski.inmontanis.info\/d\/238904-3\/DSC06405.jpg \/><\/a><br \/>\n^ PB Talblick<\/p>\n<p><a href='http:\/\/ski.inmontanis.info\/d\/238909-2\/DSC06409.jpg'><img src=http:\/\/ski.inmontanis.info\/d\/238908-3\/DSC06409.jpg \/><\/a><br \/>\n^ Rote Abfahrt an der vorderen DSB Wallpach<\/p>\n<p><a href='http:\/\/ski.inmontanis.info\/d\/238913-2\/DSC06411.jpg'><img src=http:\/\/ski.inmontanis.info\/d\/238912-3\/DSC06411.jpg \/><\/a><br \/>\n^ Talstation DSB Wallpach, leider hat die 8EUB hier keine Mittelstation<\/p>\n<p><a href='http:\/\/ski.inmontanis.info\/d\/238917-2\/DSC06417.jpg'><img src=http:\/\/ski.inmontanis.info\/d\/238916-3\/DSC06417.jpg \/><\/a><br \/>\n^ Schwarze Abfahrt DSB \/ 8EUB<\/p>\n<p><a href='http:\/\/ski.inmontanis.info\/d\/238921-2\/DSC06419.jpg'><img src=http:\/\/ski.inmontanis.info\/d\/238920-3\/DSC06419.jpg \/><\/a><br \/>\n^ Sehr flache Talabfahrt nach Falzeben zur 8EUB Talstation<\/p>\n<p><a href='http:\/\/ski.inmontanis.info\/d\/238925-2\/DSC06421.jpg'><img src=http:\/\/ski.inmontanis.info\/d\/238924-3\/DSC06421.jpg \/><\/a><br \/>\n^ 8EUB Talstation<\/p>\n<p><a href='http:\/\/ski.inmontanis.info\/d\/238929-2\/DSC06426.jpg'><img src=http:\/\/ski.inmontanis.info\/d\/238928-3\/DSC06426.jpg \/><\/a><br \/>\n^ 8EUB\/DSB<\/p>\n<p><a href='http:\/\/ski.inmontanis.info\/d\/238933-2\/DSC06428.jpg'><img src=http:\/\/ski.inmontanis.info\/d\/238932-3\/DSC06428.jpg \/><\/a><br \/>\n^ Die Sommerrodelbahn ist wohl auch im Winter ge\u00f6ffnet und muss h\u00e4ndisch (!) vom Schnee freigeschaufelt werden. So ein Doppel-Schmarrn. <\/p>\n<p><a href='http:\/\/ski.inmontanis.info\/d\/238937-2\/DSC06432.jpg'><img src=http:\/\/ski.inmontanis.info\/d\/238936-3\/DSC06432.jpg \/><\/a><br \/>\n^ 3SB Pfifferling .. oder Piffing, die Verbindung zum hinteren Skigebietsteil (DSB Mittager rechts hinten zu sehen)<\/p>\n<p><a href='http:\/\/ski.inmontanis.info\/d\/238941-2\/DSC06435.jpg'><img src=http:\/\/ski.inmontanis.info\/d\/238940-3\/DSC06435.jpg \/><\/a><br \/>\n^ 3SB Piffing und Blick zu den DSBs Kesselberg und Mittager<\/p>\n<p><a href='http:\/\/ski.inmontanis.info\/d\/238945-2\/DSC06437.jpg'><img src=http:\/\/ski.inmontanis.info\/d\/238944-3\/DSC06437.jpg \/><\/a><br \/>\n^ 3SB Piffing und Blick zu den DSBs Kesselberg und Mittager. Joh, schon bissl zeitraubend, die Verbindung, aber daf\u00fcr macht&#8217;s das Skigebiet gr\u00f6\u00dfer.<\/p>\n<p><a href='http:\/\/ski.inmontanis.info\/d\/238949-2\/DSC06439.jpg'><img src=http:\/\/ski.inmontanis.info\/d\/238948-3\/DSC06439.jpg \/><\/a><br \/>\n^ DSB Kesselberg und DSB Mittager. Links h\u00e4tte man ja egtl. auch noch was raufbauen k\u00f6nnen.<\/p>\n<p><a href='http:\/\/ski.inmontanis.info\/d\/238953-2\/DSC06441.jpg'><img src=http:\/\/ski.inmontanis.info\/d\/238952-3\/DSC06441.jpg \/><\/a><br \/>\n^ DSB Mittager, m.E. die interessanteste Ecke im Skigebiet<\/p>\n<p><a href='http:\/\/ski.inmontanis.info\/d\/238957-2\/DSC06443.jpg'><img src=http:\/\/ski.inmontanis.info\/d\/238956-3\/DSC06443.jpg \/><\/a><br \/>\n^ DSB Mittager<\/p>\n<p><a href='http:\/\/ski.inmontanis.info\/d\/238961-2\/DSC06445.jpg'><img src=http:\/\/ski.inmontanis.info\/d\/238960-3\/DSC06445.jpg \/><\/a><br \/>\n^ DSB Mittager und die anderen Sessellifte im hinteren Gebiet<\/p>\n<p><a href='http:\/\/ski.inmontanis.info\/d\/238965-2\/DSC06449.jpg'><img src=http:\/\/ski.inmontanis.info\/d\/238964-3\/DSC06449.jpg \/><\/a><br \/>\n^ Links die 3SB Piffing und zentral die 4KSB St. Oswald. Dar\u00fcber die Bergstation des ehemaligen ESL, dessen Abfahrten leider verloren sind<\/p>\n<p><a href='http:\/\/ski.inmontanis.info\/d\/238969-2\/DSC06451.jpg'><img src=http:\/\/ski.inmontanis.info\/d\/238968-3\/DSC06451.jpg \/><\/a><br \/>\n^ Die DSB Kesselberg hat 3er Sessel?! Kommod, aber kurios :)<\/p>\n<p><a href='http:\/\/ski.inmontanis.info\/d\/238973-2\/DSC06455.jpg'><img src=http:\/\/ski.inmontanis.info\/d\/238972-3\/DSC06455.jpg \/><\/a><br \/>\n^ Ehemalige Bergstation der Vorg\u00e4ngeranlage<\/p>\n<p><a href='http:\/\/ski.inmontanis.info\/d\/238977-2\/IMG_4358.jpg'><img src=http:\/\/ski.inmontanis.info\/d\/238976-3\/IMG_4358.jpg \/><\/a><br \/>\n^ Bis auf den unn\u00fctzen Schnittlauch sehr leckere Hirtenmaccaroni. (Hirtenmaccaroni findet man auf S\u00fcdtirols Skih\u00fctten noch h\u00e4ufiger als \u00c4lplermagronen in zentralschweizer Skih\u00fctten, und zwar auf so gut wie jeder.)<\/p>\n<p><a href='http:\/\/ski.inmontanis.info\/d\/238981-2\/DSC06461.jpg'><img src=http:\/\/ski.inmontanis.info\/d\/238980-3\/DSC06461.jpg \/><\/a><br \/>\n^ Die 4KSB endet zu tief, aber wer wei\u00df, ob die weiter oben bei dem Wind heute in Betrieb gewesen w\u00e4re &#8211; und man ben\u00f6tigt sie ja, um retour zu kommen.<\/p>\n<p><a href='http:\/\/ski.inmontanis.info\/d\/238985-2\/DSC06459.jpg'><img src=http:\/\/ski.inmontanis.info\/d\/238984-3\/DSC06459.jpg \/><\/a><br \/>\n^ Bergstation 4KSB. Hier fehlte mir eine 2. Sektion, sp\u00e4ter erfuhr ich, dass da oben das Haus am Gipfel die ehemalige ESL-Bergstation war. Na nerv.<\/p>\n<p><a href='http:\/\/ski.inmontanis.info\/d\/238989-2\/DSC06462.jpg'><img src=http:\/\/ski.inmontanis.info\/d\/238988-3\/DSC06462.jpg \/><\/a><br \/>\n^ 4KSB und ihre Abfahrten, links hinten die toll trassierte DSB Mittager, die aber leider nur 1 Abfahret hat.<\/p>\n<p><a href='http:\/\/ski.inmontanis.info\/d\/238993-2\/DSC06463.jpg'><img src=http:\/\/ski.inmontanis.info\/d\/238992-3\/DSC06463.jpg \/><\/a><br \/>\n^ Retourweg an der 3SB Piffing. Fand ich weder sonderlich lang, noch sonderlich schiebelastig &#8211; da bin ich schlimmeres gewohnt.<\/p>\n<p><a href='http:\/\/ski.inmontanis.info\/d\/238997-2\/DSC06465.jpg'><img src=http:\/\/ski.inmontanis.info\/d\/238996-3\/DSC06465.jpg \/><\/a><br \/>\n^ Am Ende vom Skiweg, bevor die Schieberei angeht, gibt&#8217;s netterweise ein F\u00f6rderband ..<\/p>\n<p><a href='http:\/\/ski.inmontanis.info\/d\/239001-2\/DSC06466.jpg'><img src=http:\/\/ski.inmontanis.info\/d\/239000-3\/DSC06466.jpg \/><\/a><br \/>\n^ .. das einem h\u00f6her bringt als die DSB und 8EUB und PB, ist also auch lohnenswert, das zu fahren &#8211; nicht nur, um die Schieberei einzusparen.<\/p>\n<p><a href='http:\/\/ski.inmontanis.info\/d\/239005-2\/DSC06468.jpg'><img src=http:\/\/ski.inmontanis.info\/d\/239004-3\/DSC06468.jpg \/><\/a><br \/>\n^ Abfahrt DSB Wallpach<\/p>\n<p><a href='http:\/\/ski.inmontanis.info\/d\/239009-2\/DSC06470.jpg'><img src=http:\/\/ski.inmontanis.info\/d\/239008-3\/DSC06470.jpg \/><\/a><br \/>\n^ DSB Wallpach<\/p>\n<p><a href='http:\/\/ski.inmontanis.info\/d\/239013-2\/DSC06471.jpg'><img src=http:\/\/ski.inmontanis.info\/d\/239012-3\/DSC06471.jpg \/><\/a><br \/>\n^ DSB-8EUB<\/p>\n<p><a href='http:\/\/ski.inmontanis.info\/d\/239017-2\/DSC06472.jpg'><img src=http:\/\/ski.inmontanis.info\/d\/239016-3\/DSC06472.jpg \/><\/a><br \/>\n^ Schwarze Abfahrt DSB\/8EUB und Talblick<\/p>\n<p><a href='http:\/\/ski.inmontanis.info\/d\/239021-2\/DSC06474.jpg'><img src=http:\/\/ski.inmontanis.info\/d\/239020-3\/DSC06474.jpg \/><\/a><br \/>\n^ In einem wohl recht alten Diorama an der PB-Bergstation sind die damals bestehenden und geplanten Lifte eingezeichnet<\/p>\n<p><a href='http:\/\/ski.inmontanis.info\/d\/239025-2\/DSC06476.jpg'><img src=http:\/\/ski.inmontanis.info\/d\/239024-3\/DSC06476.jpg \/><\/a><br \/>\n^ Damals war wohl geplant, von der Bergstation (DSB) Mittager eine Peak2Peak-Bahn zu bauen und das Skigebiet auch vom Sarntal her zu erschlie\u00dfen<\/p>\n<p><a href='http:\/\/ski.inmontanis.info\/d\/239029-2\/DSC06478.jpg'><img src=http:\/\/ski.inmontanis.info\/d\/239028-3\/DSC06478.jpg \/><\/a><br \/>\n^ .. wobei es vom Sarntal her wohl nur an der unteren Sektion Abfahrten gegeben h\u00e4tte. Und komisch, warum man von dort mit 2 Sektionen zur Mittager-Sesselbahn anstatt mit 1 Sektion zur Kesselberg-Sesselbahn\/Skilift wollte?!<\/p>\n<p><a href='http:\/\/ski.inmontanis.info\/d\/239033-2\/DSC06482.jpg'><img src=http:\/\/ski.inmontanis.info\/d\/239032-3\/DSC06482.jpg \/><\/a><br \/>\n^ PB Bergstation, auch mit Schiebeperron trotz Neubau.<\/p>\n<p><a href='http:\/\/ski.inmontanis.info\/d\/239037-2\/DSC06484.jpg'><img src=http:\/\/ski.inmontanis.info\/d\/239036-3\/DSC06484.jpg \/><\/a><br \/>\n^ PB Talblick<\/p>\n<p><a href='http:\/\/ski.inmontanis.info\/d\/239041-2\/DSC06486.jpg'><img src=http:\/\/ski.inmontanis.info\/d\/239040-3\/DSC06486.jpg \/><\/a><br \/>\n^ PB Bergstation<\/p>\n<p><a href='http:\/\/ski.inmontanis.info\/d\/239045-2\/DSC06488.jpg'><img src=http:\/\/ski.inmontanis.info\/d\/239044-3\/DSC06488.jpg \/><\/a><br \/>\n^ PB Strecke oberer Teil<\/p>\n<p><a href='http:\/\/ski.inmontanis.info\/d\/239049-2\/DSC06491.jpg'><img src=http:\/\/ski.inmontanis.info\/d\/239048-3\/DSC06491.jpg \/><\/a><br \/>\n^ PB St\u00fctze<\/p>\n<p><a href='http:\/\/ski.inmontanis.info\/d\/239053-2\/DSC06492.jpg'><img src=http:\/\/ski.inmontanis.info\/d\/239052-3\/DSC06492.jpg \/><\/a><br \/>\n^ PB Strecke mittlerer Teil. Schon eine nette Trasse<\/p>\n<p><a href='http:\/\/ski.inmontanis.info\/d\/239057-2\/DSC06494.jpg'><img src=http:\/\/ski.inmontanis.info\/d\/239056-3\/DSC06494.jpg \/><\/a><br \/>\n^ PB Mittelstation<\/p>\n<p><a href='http:\/\/ski.inmontanis.info\/d\/239061-2\/DSC06497.jpg'><img src=http:\/\/ski.inmontanis.info\/d\/239060-3\/DSC06497.jpg \/><\/a><br \/>\n^ PB unterer Teil<\/p>\n<p><a href='http:\/\/ski.inmontanis.info\/d\/239065-2\/DSC06499.jpg'><img src=http:\/\/ski.inmontanis.info\/d\/239064-3\/DSC06499.jpg \/><\/a><br \/>\n^ abgesehen von der langen Schlage an irgendeinem Lift h\u00e4tte ich Meran 2000 lieber so kennengelernt.<\/p>\n<p><a href='http:\/\/ski.inmontanis.info\/d\/238881-2\/ge20180121b.jpg'><img src=http:\/\/ski.inmontanis.info\/d\/238880-3\/ge20180121b.jpg \/><\/a><br \/>\n^ GPS-Track 21.1.2018, rot die ehemaligen Lifte lt. Diorama, somit ohne Anspruch auf Korrektheit\/Vollst\u00e4ndigkeit.<\/p>\n<p>Fazit: Meran gefiel mir sehr gut. Die nette PB-Trasse, die Weite des Skigebiets, die Schneesch\u00fcssel hinten, die etwas kuriose Verbindung, die nett trassierte hintere DSB, die DSB mit den 3er Sesseln, &#8230; Hier werde ich heuer hoffentlich noch 2x herkommen. Sp\u00e4ter erfuhr ich von Trincerone noch, was genau hier alles verloren ging, der Verlust des ESL samt dessen Abfahrten ist nat\u00fcrlich tragisch, tragischer als der Verlust des Gondellifts oder anderer Modernisierungen hier.<\/p>\n<p><a href='http:\/\/extra.inmontanis.info\/d\/46017-2\/IMG_4359.jpg'><img src=http:\/\/extra.inmontanis.info\/d\/46016-3\/IMG_4359.jpg \/><\/a><br \/>\n^ W\u00e4hrend ich am Sonntag in Meran halbwegs brauchbares Wetter hatte, fiel in Innsbruck nicht nur am Sonntag, sondern auch in der Nacht auf Montag ordentlich Schnee. Also, die Saisonkarte in S\u00fcdtirol macht schon Sinn, wenn man lieber bei besserem Wetter Ski fahren will ;)<\/p>\n","protected":false},"excerpt":{"rendered":"<p>Am 21.1.2018 sollte es endlich so weit sein: Mein erster Skitag in Meran 2000. Dass es hier ein Skigebiet gibt, wusste ich schon seit ca. den 1980ern. Und sp\u00e4testens irgendwann seit dem Alpinforum wollte ich hier auch immer mal zum Skifahren her &#8211; aber immer, wenn ich mal daran dachte und geschaut hatte, war entweder <a href=\"http:\/\/blog.inmontanis.info\/?p=4701\">[&#8230;]<\/a><\/p>\n","protected":false},"author":1,"featured_media":0,"comment_status":"closed","ping_status":"closed","sticky":false,"template":"","format":"standard","meta":{"footnotes":""},"categories":[24,15,459,27],"tags":[55,49,53,51,38,52],"class_list":["post-4701","post","type-post","status-publish","format-standard","hentry","category-tagestour","category-italienitaly","category-meran","category-skifahren-winterskiing-winter","tag-3sb","tag-4sb","tag-8eub","tag-architektur","tag-dsb","tag-pb","odd"],"_links":{"self":[{"href":"http:\/\/blog.inmontanis.info\/index.php?rest_route=\/wp\/v2\/posts\/4701","targetHints":{"allow":["GET"]}}],"collection":[{"href":"http:\/\/blog.inmontanis.info\/index.php?rest_route=\/wp\/v2\/posts"}],"about":[{"href":"http:\/\/blog.inmontanis.info\/index.php?rest_route=\/wp\/v2\/types\/post"}],"author":[{"embeddable":true,"href":"http:\/\/blog.inmontanis.info\/index.php?rest_route=\/wp\/v2\/users\/1"}],"replies":[{"embeddable":true,"href":"http:\/\/blog.inmontanis.info\/index.php?rest_route=%2Fwp%2Fv2%2Fcomments&post=4701"}],"version-history":[{"count":3,"href":"http:\/\/blog.inmontanis.info\/index.php?rest_route=\/wp\/v2\/posts\/4701\/revisions"}],"predecessor-version":[{"id":4704,"href":"http:\/\/blog.inmontanis.info\/index.php?rest_route=\/wp\/v2\/posts\/4701\/revisions\/4704"}],"wp:attachment":[{"href":"http:\/\/blog.inmontanis.info\/index.php?rest_route=%2Fwp%2Fv2%2Fmedia&parent=4701"}],"wp:term":[{"taxonomy":"category","embeddable":true,"href":"http:\/\/blog.inmontanis.info\/index.php?rest_route=%2Fwp%2Fv2%2Fcategories&post=4701"},{"taxonomy":"post_tag","embeddable":true,"href":"http:\/\/blog.inmontanis.info\/index.php?rest_route=%2Fwp%2Fv2%2Ftags&post=4701"}],"curies":[{"name":"wp","href":"https:\/\/api.w.org\/{rel}","templated":true}]}}