{"id":4696,"date":"2018-01-20T19:03:59","date_gmt":"2018-01-20T18:03:59","guid":{"rendered":"http:\/\/blog.inmontanis.info\/?p=4696"},"modified":"2023-08-01T21:24:35","modified_gmt":"2023-08-01T19:24:35","slug":"vigiljoch-reinswald-20-1-2018","status":"publish","type":"post","link":"http:\/\/blog.inmontanis.info\/?p=4696","title":{"rendered":"Vigiljoch + Reinswald, 20.1.2018"},"content":{"rendered":"<p><strong>Vigiljoch + Reinswald, 20.1.2018<\/strong><\/p>\n<p>1.000 km h\u00e4tte ich mit dem Ignis vor dem Servicetermin n\u00e4chste Woche noch machen k\u00f6nnen. Die Schweiz fiel wetterbedingt aus, Italien (Lombardei-S\u00fcdtirol-Trentino) war innerhalb des Radius, Slowenien schon eher knapp. Da es dort, wo es sonnig werden soll, auch recht st\u00fcrmisch werden soll, beschr\u00e4nkte ich mich dieses WE eben auf die heurigen Saisonkartengebiete im Ortlergebiet. Bei denen wiederum sollten die \u00f6stlichen besseres Wetter haben. <\/p>\n<p>Da ich bef\u00fcrchtete, es keinen ganzen Tag in Reinswald auszuhalten, ging ich erst mal ins Skigebiet Vigiljoch f\u00fcr ca. 2h. War ich ja schon \u00f6fters, Abfahrten sind ja eher langweilig flach, die Lifte sinds, die hier interessanter sind. Und leer ist&#8217;s. Ich fahr halt, weil ich es  toll finde, dass dieses Skigebiet immer noch so altmodisch \u00fcberlebt hat, aber im Grunde ist es schon arg langweilig hier. Hoffe, ich hab bis zu meinem n\u00e4chsten Besuch meine neuen Carpani, die k\u00f6nnten dank der kurzen Radien hier etwas mehr Spa\u00df bringen. Nervig bleibt nat\u00fcrlich die viele Schieberei und Lauferei: Von der PB zum ESL, vom ESL zu seiner Abfahrt, vom ESL zu den SL, oben zwischen den beiden SL und von den SL zum ESL.<\/p>\n<p>(Fotos anklicken zum Vergr\u00f6\u00dfern)<\/p>\n<p><a href='http:\/\/ski.inmontanis.info\/d\/238731-2\/DSC06315.jpg'><img src=http:\/\/ski.inmontanis.info\/d\/238730-3\/DSC06315.jpg \/><\/a><br \/>\n^ Talstation PB<\/p>\n<p><a href='http:\/\/ski.inmontanis.info\/d\/238735-2\/ge20180120a.jpg'><img src=http:\/\/ski.inmontanis.info\/d\/238734-3\/ge20180120a.jpg \/><\/a><br \/>\n^ GPS-Track 20.1.2018 in Gelb und (nur) vorheriger Besuch in Blau. Ich hatte die Racecarver dabei und somit auf Offpiste-Varianten verzichtet, wobei die zumindest s\u00fcdseitig eh giftig (Bruchharsch) zu sein schienen..<\/p>\n<p><a href='http:\/\/ski.inmontanis.info\/d\/238739-2\/DSC06318.jpg'><img src=http:\/\/ski.inmontanis.info\/d\/238738-3\/DSC06318.jpg \/><\/a><br \/>\n^ Der ESL mit seinen teils kuriosen St\u00fctzen. Komischerweise f\u00e4llt mir dieser ESL, wenn ich eine Aufz\u00e4hlung \u00fcber die noch ge\u00f6ffneten ESL machen soll, fast nie oder nur sehr sp\u00e4t ein. <\/p>\n<p><a href='http:\/\/ski.inmontanis.info\/d\/238743-2\/DSC06319.jpg'><img src=http:\/\/ski.inmontanis.info\/d\/238742-3\/DSC06319.jpg \/><\/a><br \/>\n^ ESL Talstation<\/p>\n<p><a href='http:\/\/ski.inmontanis.info\/d\/238747-2\/DSC06321.jpg'><img src=http:\/\/ski.inmontanis.info\/d\/238746-3\/DSC06321.jpg \/><\/a><br \/>\n^ ESL Strecke, lang flach, dann etwas steiler &#8211; die Abfahrt dann genau umgekehrt.<\/p>\n<p><a href='http:\/\/ski.inmontanis.info\/d\/238751-2\/DSC06324.jpg'><img src=http:\/\/ski.inmontanis.info\/d\/238750-3\/DSC06324.jpg \/><\/a><br \/>\n^ Die ESL-Abfahrt hat ein paar nette Ecken und der Schnee war auch sehr gut.<\/p>\n<p><a href='http:\/\/ski.inmontanis.info\/d\/238755-2\/DSC06325.jpg'><img src=http:\/\/ski.inmontanis.info\/d\/238754-3\/DSC06325.jpg \/><\/a><br \/>\n^ SL Jocher, sch\u00f6n in der Sonne und alte Portalst\u00fctzen<\/p>\n<p><a href='http:\/\/ski.inmontanis.info\/d\/238759-2\/DSC06328.jpg'><img src=http:\/\/ski.inmontanis.info\/d\/238758-3\/DSC06328.jpg \/><\/a><br \/>\n^ SL Jocher und Talpano<\/p>\n<p><a href='http:\/\/ski.inmontanis.info\/d\/238763-2\/DSC06330.jpg'><img src=http:\/\/ski.inmontanis.info\/d\/238762-3\/DSC06330.jpg \/><\/a><br \/>\n^ Abfahrt SL Jocher<\/p>\n<p><a href='http:\/\/ski.inmontanis.info\/d\/238767-2\/DSC06333.jpg'><img src=http:\/\/ski.inmontanis.info\/d\/238766-3\/DSC06333.jpg \/><\/a><br \/>\n^ Abfahrt SL Seehof<\/p>\n<p><a href='http:\/\/ski.inmontanis.info\/d\/238771-2\/DSC06335.jpg'><img src=http:\/\/ski.inmontanis.info\/d\/238770-3\/DSC06335.jpg \/><\/a><br \/>\n^ Talstationsbereich SL Seehof (rechts hinterm Seehof)<\/p>\n<p><a href='http:\/\/ski.inmontanis.info\/d\/238775-2\/DSC06336.jpg'><img src=http:\/\/ski.inmontanis.info\/d\/238774-3\/DSC06336.jpg \/><\/a><br \/>\n^ Kirchlein<\/p>\n<p><a href='http:\/\/ski.inmontanis.info\/d\/238779-2\/DSC06338.jpg'><img src=http:\/\/ski.inmontanis.info\/d\/238778-3\/DSC06338.jpg \/><\/a><br \/>\n^ ESL<\/p>\n<p><a href='http:\/\/ski.inmontanis.info\/d\/238783-2\/DSC06339.jpg'><img src=http:\/\/ski.inmontanis.info\/d\/238782-3\/DSC06339.jpg \/><\/a><br \/>\n^ ESL Talstation und alte Kabine<\/p>\n<p><a href='http:\/\/ski.inmontanis.info\/d\/238787-2\/DSC06340.jpg'><img src=http:\/\/ski.inmontanis.info\/d\/238786-3\/DSC06340.jpg \/><\/a><br \/>\n^ Talw\u00e4rts mit der PB<\/p>\n<p><a href='http:\/\/ski.inmontanis.info\/d\/238791-2\/DSC06342.jpg'><img src=http:\/\/ski.inmontanis.info\/d\/238790-3\/DSC06342.jpg \/><\/a><br \/>\n^ Meran<\/p>\n<p><a href='http:\/\/ski.inmontanis.info\/d\/238795-2\/DSC06345.jpg'><img src=http:\/\/ski.inmontanis.info\/d\/238794-3\/DSC06345.jpg \/><\/a><br \/>\n^ PB<\/p>\n<p>Fazit: Evtl. schau ich heuer nochmal f\u00fcr 1-2h vorbei in Kombination mit Schwemmalm oder Rittnerhorn.<\/p>\n<p>Nach etwas \u00fcber 2 Stunden ging&#8217;s wieder talw\u00e4rts, zur\u00fcck nach und durch Bozen ins Sarntal (muss einst eine sch\u00f6ne Schluchtstra\u00dfe gewesen sein, jetzt ja nur noch Tunnels) und dort nach Reinswald, wo ich bisher noch nie war. Die Parkpl\u00e4tze waren ziemlich voll, Wartezeiten gab&#8217;s dann aber doch nur 1-3 FBM. Im Prinzip ist das Skigebiet OK, aber f\u00fcr mich doch eher langweilig. Weder f\u00fcr mich interessante Lifte, noch interessante Abfahrten &#8211; recht durchschnittlich alles. Zwar nicht sonderlich modelliert, aber breite Pisten, die im Prinzip alle am gleichen Berg sind und sich kaum unterscheiden. Ok, die 4KSB hat noch eine Au\u00dfenrumabfahrt, die ist ein bisschen netter.<\/p>\n<p><a href='http:\/\/ski.inmontanis.info\/d\/238801-2\/DSC06348.jpg'><img src=http:\/\/ski.inmontanis.info\/d\/238799-3\/DSC06348.jpg \/><\/a><br \/>\n^ Zufahrt ins Skigebiet (in Bildmitte), wobei man \u00e4hnlich wie am Hochzeiger noch recht weit den Berg hinauf fahren muss<\/p>\n<p><a href='http:\/\/ski.inmontanis.info\/d\/238805-2\/DSC06350.jpg'><img src=http:\/\/ski.inmontanis.info\/d\/238804-3\/DSC06350.jpg \/><\/a><br \/>\n^ Talstation 6EUB, ziemlich viel los hier, warum auch immer.<\/p>\n<p><a href='http:\/\/ski.inmontanis.info\/d\/238809-2\/DSC06351.jpg'><img src=http:\/\/ski.inmontanis.info\/d\/238808-3\/DSC06351.jpg \/><\/a><br \/>\n^ Solchen Rost hatte ich auch noch nie auf meinen Skiern. Kommt dabei raus, wenn man die Skier im Skisack am Skitr\u00e4ger auf dem Autodach transportiert, den Skitr\u00e4ger dann abmontieren will und sich denkt, es w\u00e4re sinnvoll, Ski, Skis\u00e4cke und Skitr\u00e4ger in der Waschbox zu reinigen, dann die Ski ins Auto legt, bl\u00f6derweise aber nicht aus dem Skisack rausnimmt, sondern im Skisack liegen l\u00e4sst.. Selbst nach dem Skifahren war der Rost nicht ganz weg von den Kanten, auch mit dem Handtuch ging das nicht mehr weg. Sollte wohl besser bald ein Service machen lassen, bevor die Kanten irgendwann weg sind ;)<\/p>\n<p><a href='http:\/\/ski.inmontanis.info\/d\/238813-2\/ge20180120b.jpg'><img src=http:\/\/ski.inmontanis.info\/d\/238812-3\/ge20180120b.jpg \/><\/a><br \/>\n^ GPS-Track 20.1.2018 Nachmittag<\/p>\n<p><a href='http:\/\/ski.inmontanis.info\/d\/238817-2\/DSC06352.jpg'><img src=http:\/\/ski.inmontanis.info\/d\/238816-3\/DSC06352.jpg \/><\/a><br \/>\n^ Verbindungsweg von der 6EUB Bergstation r\u00fcber zu 4KSB und SL, die linke Abfahrt unterer Teil am SL war sp\u00e4ter f\u00fcr Kinderrenntraining gesperrt, zum Gl\u00fcck bin ich sie gleich gefahren<\/p>\n<p><a href='http:\/\/ski.inmontanis.info\/d\/238821-2\/DSC06356.jpg'><img src=http:\/\/ski.inmontanis.info\/d\/238820-3\/DSC06356.jpg \/><\/a><br \/>\n^ 4KSB<\/p>\n<p><a href='http:\/\/ski.inmontanis.info\/d\/238825-2\/DSC06357.jpg'><img src=http:\/\/ski.inmontanis.info\/d\/238824-3\/DSC06357.jpg \/><\/a><br \/>\n^ SL, leider redundant, da die Abfahrten auch von der 4KSB erschlossen werden<\/p>\n<p><a href='http:\/\/ski.inmontanis.info\/d\/238829-2\/DSC06359.jpg'><img src=http:\/\/ski.inmontanis.info\/d\/238828-3\/DSC06359.jpg \/><\/a><br \/>\n^ SL-4KSB<\/p>\n<p><a href='http:\/\/ski.inmontanis.info\/d\/238833-2\/DSC06362.jpg'><img src=http:\/\/ski.inmontanis.info\/d\/238832-3\/DSC06362.jpg \/><\/a><br \/>\n^ SL-4KSB<\/p>\n<p><a href='http:\/\/ski.inmontanis.info\/d\/238837-2\/DSC06365.jpg'><img src=http:\/\/ski.inmontanis.info\/d\/238836-3\/DSC06365.jpg \/><\/a><br \/>\n^ Gegenpano zu vorhin, Blick von der 4KSB Bergstation richtung SL<\/p>\n<p><a href='http:\/\/ski.inmontanis.info\/d\/238841-2\/DSC06366.jpg'><img src=http:\/\/ski.inmontanis.info\/d\/238840-3\/DSC06366.jpg \/><\/a><br \/>\n^ R\u00fcckseitenpano<\/p>\n<p><a href='http:\/\/ski.inmontanis.info\/d\/238845-2\/DSC06368.jpg'><img src=http:\/\/ski.inmontanis.info\/d\/238844-3\/DSC06368.jpg \/><\/a><br \/>\n^ R\u00fcckseitenpano<\/p>\n<p><a href='http:\/\/ski.inmontanis.info\/d\/238849-2\/DSC06373.jpg'><img src=http:\/\/ski.inmontanis.info\/d\/238848-3\/DSC06373.jpg \/><\/a><br \/>\n^ 6EUB Bergstation<\/p>\n<p><a href='http:\/\/ski.inmontanis.info\/d\/238853-2\/DSC06374.jpg'><img src=http:\/\/ski.inmontanis.info\/d\/238852-3\/DSC06374.jpg \/><\/a><br \/>\n^ 6EUB Talstation und Parkpl\u00e4tze. Wenigstens kann man von hier aus r\u00fcberqueren zum Ende des Parkplatzes, ich stand n\u00e4mlich ganz hinten<\/p>\n<p><a href='http:\/\/ski.inmontanis.info\/d\/238857-2\/DSC06376.jpg'><img src=http:\/\/ski.inmontanis.info\/d\/238856-3\/DSC06376.jpg \/><\/a><br \/>\n^ Nettes Vari\u00e4ntchen am SL<\/p>\n<p><a href='http:\/\/ski.inmontanis.info\/d\/238861-2\/DSC06378.jpg'><img src=http:\/\/ski.inmontanis.info\/d\/238860-3\/DSC06378.jpg \/><\/a><br \/>\n^ Nettes Vari\u00e4ntchen am SL, unterer Teil<\/p>\n<p><a href='http:\/\/ski.inmontanis.info\/d\/238865-2\/DSC06380.jpg'><img src=http:\/\/ski.inmontanis.info\/d\/238864-3\/DSC06380.jpg \/><\/a><br \/>\n^ Linke Abfahrt an der EUB mit Materialseilbahn<\/p>\n<p><a href='http:\/\/ski.inmontanis.info\/d\/238869-2\/DSC06381.jpg'><img src=http:\/\/ski.inmontanis.info\/d\/238868-3\/DSC06381.jpg \/><\/a><br \/>\n^ Materialseilbahn<\/p>\n<p>Fazit: Selbst mit Saisonkarte werde ich hier wohl kein zweites Mal mehr herkommen, f\u00fcr solch durchschnittliche Skigebiete ist mir meine Zeit einfach zu schade. Dann lieber Meran, Rittnerhorn oder Rosskopf, um die Skigebiete hier in der Gegend aufzuz\u00e4hlen, die mir besser gefallen.<\/p>\n<p>Mit ein Grund f\u00fcr die Reihenfolge Vigiljoch -> Reinswald war, dass es hier hinten 2 g\u00fcnstige Hotels auf booking.com gab &#8211; jeweils um ca. 38-40,- \u20ac \u00dcF. Da lohnt es sich dann kaum, die 2h wieder heim und morgen wieder her zu fahren. Die Entscheidung fiel mir nicht leicht, das eine h\u00e4tte eine Pizzeria, das andere lt. Beschreibung einen Schreibtisch im Zimmer &#8211; das war mir heute tats\u00e4chlich wichtiger, da ich mit der gesparten Zeit etwas Dashcam-Videoschneiden wollte. Leider sollte sich noch herausstellen, dass das Restaurant im Hotel hier nicht \u00e0 la card ist &#8211; und das Men\u00fc w\u00fcrde 25,- \u20ac kosten. So gern ich auch ein sch\u00f6nes Men\u00fc heute gegessen h\u00e4tte, aber 25,- \u20ac sind mir dann doch zu viel. In der N\u00e4he g\u00e4be es auch eine Pizzeria, wurde mir gesagt. Muss ich halt nochmal hinfahren. Ist dann nicht die, wo ich alternativ h\u00e4tte \u00fcbernachten wollen, aber das w\u00e4r dann wohl doch sinnvoller gewesen. Die Pizza war dann fix und gut (nach bereits 40 min war ich wieder im Hotel), Pizza Texas mit &#8220;Geselchtem&#8221; und Kaminwurz (plus Zwiebeln und Knoblauch, mit Knoblauch schmeckt auch fast jede Pizza\/Nudelgericht\/R\u00f6stkartoffelgericht besser) &#8211; sieht man ja auch nicht alle Tage. Waren dann inkl. Trinkgeld (weil kein Coperto verrechnet) 12,- \u20ac. Mittlerweile gew\u00f6hne ich mich auch wieder daran, dass ich in diesem Teil Italiens deutsch sprechen kann, das war in den ersten Tagen meiner Saisonkarte echt ungewohnt ;)<\/p>\n<p><a href='http:\/\/ski.inmontanis.info\/d\/238873-2\/DSC06383.jpg'><img src=http:\/\/ski.inmontanis.info\/d\/238872-3\/DSC06383.jpg \/><\/a><br \/>\n^ Hotelzimmer im unteren Ortsteil<\/p>\n<p><a href='http:\/\/ski.inmontanis.info\/d\/238877-2\/IMG_4353.jpg'><img src=http:\/\/ski.inmontanis.info\/d\/238876-3\/IMG_4353.jpg \/><\/a><br \/>\n^ Pizza<\/p>\n<p>(Fortsetzung mit dem Skitag in Meran folgt.)<\/p>\n","protected":false},"excerpt":{"rendered":"<p>Vigiljoch + Reinswald, 20.1.2018<\/p>\n<p>1.000 km h\u00e4tte ich mit dem Ignis vor dem Servicetermin n\u00e4chste Woche noch machen k\u00f6nnen. Die Schweiz fiel wetterbedingt aus, Italien (Lombardei-S\u00fcdtirol-Trentino) war innerhalb des Radius, Slowenien schon eher knapp. Da es dort, wo es sonnig werden soll, auch recht st\u00fcrmisch werden soll, beschr\u00e4nkte ich mich dieses WE eben auf die <a href=\"http:\/\/blog.inmontanis.info\/?p=4696\">[&#8230;]<\/a><\/p>\n","protected":false},"author":1,"featured_media":0,"comment_status":"closed","ping_status":"closed","sticky":false,"template":"","format":"standard","meta":{"footnotes":""},"categories":[24,15,59,413,27,378],"tags":[],"class_list":["post-4696","post","type-post","status-publish","format-standard","hentry","category-tagestour","category-italienitaly","category-nostalgie","category-reinswald","category-skifahren-winterskiing-winter","category-vigiljoch","odd"],"_links":{"self":[{"href":"http:\/\/blog.inmontanis.info\/index.php?rest_route=\/wp\/v2\/posts\/4696","targetHints":{"allow":["GET"]}}],"collection":[{"href":"http:\/\/blog.inmontanis.info\/index.php?rest_route=\/wp\/v2\/posts"}],"about":[{"href":"http:\/\/blog.inmontanis.info\/index.php?rest_route=\/wp\/v2\/types\/post"}],"author":[{"embeddable":true,"href":"http:\/\/blog.inmontanis.info\/index.php?rest_route=\/wp\/v2\/users\/1"}],"replies":[{"embeddable":true,"href":"http:\/\/blog.inmontanis.info\/index.php?rest_route=%2Fwp%2Fv2%2Fcomments&post=4696"}],"version-history":[{"count":3,"href":"http:\/\/blog.inmontanis.info\/index.php?rest_route=\/wp\/v2\/posts\/4696\/revisions"}],"predecessor-version":[{"id":4699,"href":"http:\/\/blog.inmontanis.info\/index.php?rest_route=\/wp\/v2\/posts\/4696\/revisions\/4699"}],"wp:attachment":[{"href":"http:\/\/blog.inmontanis.info\/index.php?rest_route=%2Fwp%2Fv2%2Fmedia&parent=4696"}],"wp:term":[{"taxonomy":"category","embeddable":true,"href":"http:\/\/blog.inmontanis.info\/index.php?rest_route=%2Fwp%2Fv2%2Fcategories&post=4696"},{"taxonomy":"post_tag","embeddable":true,"href":"http:\/\/blog.inmontanis.info\/index.php?rest_route=%2Fwp%2Fv2%2Ftags&post=4696"}],"curies":[{"name":"wp","href":"https:\/\/api.w.org\/{rel}","templated":true}]}}