{"id":4651,"date":"2017-12-24T20:49:28","date_gmt":"2017-12-24T19:49:28","guid":{"rendered":"http:\/\/blog.inmontanis.info\/?p=4651"},"modified":"2023-08-06T09:48:16","modified_gmt":"2023-08-06T07:48:16","slug":"alberschwende-24-12-2017","status":"publish","type":"post","link":"http:\/\/blog.inmontanis.info\/?p=4651","title":{"rendered":"Alberschwende, 24.12.2017"},"content":{"rendered":"<p><strong>Zentralasien Tag 2: So, 24.12.2017 &#8211; Alberschwende (AT)<\/strong> (km 801,8 \/ Diff. 552,4 km) <\/p>\n<p>Heute gings nach Alberschwende &#8211; weil der ESL in einem knappen Monat stirbt, muss man ihn nochmal fahren. Tageskarte kostete 29,70, los war nix, Schnee war aber auch nix. Gestern Abend wohl weich gewesen, pr\u00e4pariert und somit komplett eisig gefroren. Also so wie im Sommer am Gletscher, nur dass es dort normalerweise sp\u00e4testens ab Mittag weich wird. Hier und heute blieb es eisig hart, au\u00dfer die kurzen Pistenst\u00fccke, die in der Sonne liegen. Der Gro\u00dfteil hier ist aber ja doch recht schattig momentan. <\/p>\n<p>Skifahrerisch h\u00e4tte ich auf die beiden Tage gestern+heute verzichten k\u00f6nnen. Mittagessen war ich auch, wobei die Auswahl hier recht eingeschr\u00e4nkt ist &#8211; egtl. gabs nur an der Talstation des ESL was und die Auswahl war gering. Aber heute Abend (Weihnachten!) werd ich wohl nirgends was bekommen. Also Cheesburger mit Pommes gegessen. Ketchup gabs keins (unten au\u00dfen vielleicht, aber wohl nicht oben drinnen), hatte aber noch eines dabei. 10,30 mit Mineralwasser ist aber auch nicht gerade g\u00fcnstig. <\/p>\n<p>(Fotos anklicken zum Vergr\u00f6\u00dfern)<\/p>\n<p><a href='http:\/\/extra.inmontanis.info\/d\/45361-2\/20171223-24b.jpg'><img src=http:\/\/extra.inmontanis.info\/d\/45360-3\/20171223-24b.jpg \/><\/a><br \/>\n^ T\u00fcrkis: Fahrstrecke 24.12.2017<br \/>\nB) Alberschwende<\/p>\n<p><a href='http:\/\/extra.inmontanis.info\/d\/45377-2\/DSC03925.jpg'><img src=http:\/\/extra.inmontanis.info\/d\/45376-3\/DSC03925.jpg \/><\/a><br \/>\n^ Skitr\u00e4ger montiert, die Radkappen hab ich daheim lassen &#8211; vereinfacht das R\u00e4derwechseln sp\u00e4ter. Und ja, mit den Skispitzen vorne, weil man sonst den Kofferraum nicht richtig aufbekommt und es im Netz nirgends einen richtigen Grund zu finden gab, der dagegen sprach. Wir hatten das sp\u00e4ter im Verlauf der Reise mal probiert, umzudrehen, brachte aber weder Ger\u00e4usch- noch spritm\u00e4\u00dfig einen sp\u00fcrbaren Unterschied. Das mit den Ger\u00e4uschen (Pfeifen und tw. Flattern der Skis\u00e4cke) ist recht unterschiedlich, mal schon ab 70, mal erst ab 100 oder 110, tendenziell wird&#8217;s ab ca. 115 km\/h dann sehr laut und lt. Trincerone mit Skis\u00e4cken generell ruhiger. Teilweise beruhigt sich das auch w\u00e4hrend der Fahrt etwas. Jedenfalls, wenn ich alleine fahre, werde ich weiterhin die Skier im Auto transportieren &#8211; ruhiger und spritsparender und auch f\u00fcr die Skier besser und sauberer ;) Aber den Platz h\u00e4tten wir nicht gehabt, der Ignis ist mit seinen 3,7m ja doch recht kurz &#8211; und Trincerone wollte es auch aufgrund sicherheitstechnischer Aspekte nicht.<\/p>\n<p><a href='http:\/\/ski.inmontanis.info\/d\/238420-2\/ge20171224a.jpg'><img src=http:\/\/ski.inmontanis.info\/d\/238419-3\/ge20171224a.jpg \/><\/a><br \/>\n^ GPS-Track 24.12.2017, alle Lifte und Abfahrten waren offen.<\/p>\n<p><a href='http:\/\/ski.inmontanis.info\/d\/238424-2\/DSC03927.jpg'><img src=http:\/\/ski.inmontanis.info\/d\/238423-3\/DSC03927.jpg \/><\/a><br \/>\n^ Talstation ESL<\/p>\n<p><a href='http:\/\/ski.inmontanis.info\/d\/238428-2\/DSC03928.jpg'><img src=http:\/\/ski.inmontanis.info\/d\/238427-3\/DSC03928.jpg \/><\/a><br \/>\n^ ESL + SL Sohmsberg<\/p>\n<p><a href='http:\/\/ski.inmontanis.info\/d\/238432-2\/DSC03929.jpg'><img src=http:\/\/ski.inmontanis.info\/d\/238431-3\/DSC03929.jpg \/><\/a><br \/>\n^ ESL + SL Sohmsberg<\/p>\n<p><a href='http:\/\/ski.inmontanis.info\/d\/238436-2\/DSC03931.jpg'><img src=http:\/\/ski.inmontanis.info\/d\/238435-3\/DSC03931.jpg \/><\/a><br \/>\n^ ESL oberer Streckenteil<\/p>\n<p><a href='http:\/\/ski.inmontanis.info\/d\/238440-2\/DSC03932.jpg'><img src=http:\/\/ski.inmontanis.info\/d\/238439-3\/DSC03932.jpg \/><\/a><br \/>\n^ ESL kurz vor der Bergstation<\/p>\n<p><a href='http:\/\/ski.inmontanis.info\/d\/238444-2\/DSC03935.jpg'><img src=http:\/\/ski.inmontanis.info\/d\/238443-3\/DSC03935.jpg \/><\/a><br \/>\n^ ESL kurz vor der Bergstation<\/p>\n<p><a href='http:\/\/ski.inmontanis.info\/d\/238448-2\/DSC03936.jpg'><img src=http:\/\/ski.inmontanis.info\/d\/238447-3\/DSC03936.jpg \/><\/a><br \/>\n^ Abfahrt ESL und SL H\u00f6henlift, der die rechte Au\u00dfenrumabfahrt am ESL erschlie\u00dft und selbst eine nette und sonnige, aber kurze Piste<\/p>\n<p><a href='http:\/\/ski.inmontanis.info\/d\/238452-2\/DSC03938.jpg'><img src=http:\/\/ski.inmontanis.info\/d\/238451-3\/DSC03938.jpg \/><\/a><br \/>\n^ ESL und Bodensee bzw. heute Nebelmeer<\/p>\n<p><a href='http:\/\/ski.inmontanis.info\/d\/238456-2\/DSC03942.jpg'><img src=http:\/\/ski.inmontanis.info\/d\/238455-3\/DSC03942.jpg \/><\/a><br \/>\n^ ESL-Abfahrt Ende<\/p>\n<p><a href='http:\/\/ski.inmontanis.info\/d\/238460-2\/DSC03947.jpg'><img src=http:\/\/ski.inmontanis.info\/d\/238459-3\/DSC03947.jpg \/><\/a><br \/>\n^ ESL 4er St\u00fctzen-Kombi<\/p>\n<p><a href='http:\/\/ski.inmontanis.info\/d\/238464-2\/DSC03949.jpg'><img src=http:\/\/ski.inmontanis.info\/d\/238463-3\/DSC03949.jpg \/><\/a><br \/>\n^ ESL Bergstation<\/p>\n<p><a href='http:\/\/ski.inmontanis.info\/d\/238468-2\/DSC03951.jpg'><img src=http:\/\/ski.inmontanis.info\/d\/238467-3\/DSC03951.jpg \/><\/a><br \/>\n^ Nette R\u00fcckseiten-Abfahrten vom ESL zu den linken SL<\/p>\n<p><a href='http:\/\/ski.inmontanis.info\/d\/238472-2\/DSC03954.jpg'><img src=http:\/\/ski.inmontanis.info\/d\/238471-3\/DSC03954.jpg \/><\/a><br \/>\n^ .. naja, der Rest ist dann ein eher schwierig zu fahrener Weg.<\/p>\n<p><a href='http:\/\/ski.inmontanis.info\/d\/238476-2\/DSC03957.jpg'><img src=http:\/\/ski.inmontanis.info\/d\/238475-3\/DSC03957.jpg \/><\/a><br \/>\n^ SL Tannerberg, eisig hart alles und kaum Sonne hier<\/p>\n<p><a href='http:\/\/ski.inmontanis.info\/d\/238480-2\/DSC03959.jpg'><img src=http:\/\/ski.inmontanis.info\/d\/238479-3\/DSC03959.jpg \/><\/a><br \/>\n^ SL Dresslerberg, ging teils etwas besser (u.a. weil frische Raupenspur)<\/p>\n<p><a href='http:\/\/ski.inmontanis.info\/d\/238484-2\/DSC03962.jpg'><img src=http:\/\/ski.inmontanis.info\/d\/238483-3\/DSC03962.jpg \/><\/a><br \/>\n^ Rechte Au\u00dfenrumabfahrt am ESL, auch recht nett<\/p>\n<p><a href='http:\/\/ski.inmontanis.info\/d\/238488-2\/DSC03963.jpg'><img src=http:\/\/ski.inmontanis.info\/d\/238487-3\/DSC03963.jpg \/><\/a><br \/>\n^ Rechte Au\u00dfenrumabfahrt am ESL<\/p>\n<p><a href='http:\/\/ski.inmontanis.info\/d\/238492-2\/DSC03965.jpg'><img src=http:\/\/ski.inmontanis.info\/d\/238491-3\/DSC03965.jpg \/><\/a><br \/>\n^ Gr\u00f6\u00dfere H\u00fctten\/Restaurants gibt&#8217;s im Skigebiet wohl nicht, also dann den Imbiss an der ESL-Talstation getestet &#8211; naja.<\/p>\n<p><a href='http:\/\/ski.inmontanis.info\/d\/238496-2\/DSC03966.jpg'><img src=http:\/\/ski.inmontanis.info\/d\/238495-3\/DSC03966.jpg \/><\/a><br \/>\n^ ESL Bergstation<\/p>\n<p><a href='http:\/\/ski.inmontanis.info\/d\/238500-2\/DSC03977.jpg'><img src=http:\/\/ski.inmontanis.info\/d\/238499-3\/DSC03977.jpg \/><\/a><br \/>\n^ ESL Bergstation<\/p>\n<p><a href='http:\/\/ski.inmontanis.info\/d\/238504-2\/DSC03979.jpg'><img src=http:\/\/ski.inmontanis.info\/d\/238503-3\/DSC03979.jpg \/><\/a><br \/>\n^ ESL Bergstation und Nebelmeer<\/p>\n<p><a href='http:\/\/ski.inmontanis.info\/d\/238508-2\/DSC03982.jpg'><img src=http:\/\/ski.inmontanis.info\/d\/238507-3\/DSC03982.jpg \/><\/a><br \/>\n^ ESL und SL Sohmsberg<\/p>\n<p>Kurzer Film vom ESL:<br \/>\n<object style=\"height: 500px; width: 900px\"><param name=\"movie\" value=\"http:\/\/www.youtube.com\/v\/NwWXAjrQorw\"><\/param><param name=\"wmode\" value=\"transparent\"><\/param><embed src=\"http:\/\/www.youtube.com\/v\/NwWXAjrQorw\" type=\"application\/x-shockwave-flash\" wmode=\"transparent\"  width=\"900\" height=\"480\"><\/embed><\/object><\/p>\n<p>Um 15:30 bin ich gefahren, bis zum Ibis Budget bei Kassel (glaub mein erstes Ibis Budget au\u00dferhalb Frankreichs?), das ich mir f\u00fcr heute Nacht reservierte und mangels offener Rezeption am Online-Schalter zahlen musste, um die Schl\u00fcsselnummer f\u00fcr das Zimmer zu bekommen. Ging aber zum Gl\u00fcck (das Kartenterminal im Hotel heute morgen hatte n\u00e4mlich gesponnen). Ohne funktionierende Internetverbindung (wohl via Handynetz) h\u00e4tte man da ein Problem .. \u00dcbrigens h\u00e4tte ich erwartet, dass die Autobahn heute Abend noch leerer gewesen w\u00e4re. Also man konnte kaum das Fernlicht f\u00fcr mehr als ein paar Sekuden eingeschaltet lassen. Und nebenbei bin ich stur 100-105 km\/h gefahren, der Skitr\u00e4ger scheint tats\u00e4chlich ca. 1 l Mehrverbrauch zu haben. Aber der Sprit kostet in RU ja dann nur noch die H\u00e4lfte.<\/p>\n<p>Da ich morgen Abend Trincerone abhole und wir dann eine Nachtfahrt vorhaben und ich die erste Schicht \u00fcbernehmen soll, werde ich heute Abend sp\u00e4t ins Bett gehen, hoffentlich m\u00f6glichst ungest\u00f6rt lang schlafen k\u00f6nnen und morgen erst gegen 10\/11 Uhr aufstehen (Zimmer muss man erst bis 12 Uhr r\u00e4umen). <\/p>\n<p>Wetterm\u00e4\u00dfig schaut&#8217;s jedenfalls mal ganz gut aus. In den n\u00e4chsten 2 Tagen hoffentlich ausreichend Schneefall in Usbekistan (sonst geht da wohl nix), auch Schneefall in KG (Kyrgystan), wobei da die wichtigsten Sachen schon offen haben sollten, danach solls recht sonnig werden. Auf der Strecke durch KZ (Kazachstan) sind f\u00fcr unsere Fahrt derzeit weder Schneefall noch besonders tiefe Tempraturen gemeldet. Das klingt alles etwas zu gut um wahr zu sein &#8230; aber vielleicht haben wir diesmal ja wirklich Gl\u00fcck.<\/p>\n<p>(Fortsetzung folgt.)<\/p>\n","protected":false},"excerpt":{"rendered":"<p>Zentralasien Tag 2: So, 24.12.2017 &#8211; Alberschwende (AT) (km 801,8 \/ Diff. 552,4 km) <\/p>\n<p>Heute gings nach Alberschwende &#8211; weil der ESL in einem knappen Monat stirbt, muss man ihn nochmal fahren. Tageskarte kostete 29,70, los war nix, Schnee war aber auch nix. Gestern Abend wohl weich gewesen, pr\u00e4pariert und somit komplett eisig gefroren. <a href=\"http:\/\/blog.inmontanis.info\/?p=4651\">[&#8230;]<\/a><\/p>\n","protected":false},"author":1,"featured_media":0,"comment_status":"closed","ping_status":"closed","sticky":false,"template":"","format":"standard","meta":{"footnotes":""},"categories":[165,889,59,13,27],"tags":[35,77,47],"class_list":["post-4651","post","type-post","status-publish","format-standard","hentry","category-2018-01-zentralasien","category-alberschwende","category-nostalgie","category-austria","category-skifahren-winterskiing-winter","tag-esl","tag-nebelmeer","tag-sl","odd"],"_links":{"self":[{"href":"http:\/\/blog.inmontanis.info\/index.php?rest_route=\/wp\/v2\/posts\/4651","targetHints":{"allow":["GET"]}}],"collection":[{"href":"http:\/\/blog.inmontanis.info\/index.php?rest_route=\/wp\/v2\/posts"}],"about":[{"href":"http:\/\/blog.inmontanis.info\/index.php?rest_route=\/wp\/v2\/types\/post"}],"author":[{"embeddable":true,"href":"http:\/\/blog.inmontanis.info\/index.php?rest_route=\/wp\/v2\/users\/1"}],"replies":[{"embeddable":true,"href":"http:\/\/blog.inmontanis.info\/index.php?rest_route=%2Fwp%2Fv2%2Fcomments&post=4651"}],"version-history":[{"count":3,"href":"http:\/\/blog.inmontanis.info\/index.php?rest_route=\/wp\/v2\/posts\/4651\/revisions"}],"predecessor-version":[{"id":4654,"href":"http:\/\/blog.inmontanis.info\/index.php?rest_route=\/wp\/v2\/posts\/4651\/revisions\/4654"}],"wp:attachment":[{"href":"http:\/\/blog.inmontanis.info\/index.php?rest_route=%2Fwp%2Fv2%2Fmedia&parent=4651"}],"wp:term":[{"taxonomy":"category","embeddable":true,"href":"http:\/\/blog.inmontanis.info\/index.php?rest_route=%2Fwp%2Fv2%2Fcategories&post=4651"},{"taxonomy":"post_tag","embeddable":true,"href":"http:\/\/blog.inmontanis.info\/index.php?rest_route=%2Fwp%2Fv2%2Ftags&post=4651"}],"curies":[{"name":"wp","href":"https:\/\/api.w.org\/{rel}","templated":true}]}}